{"id":5729,"date":"2026-01-09T11:19:09","date_gmt":"2026-01-09T09:19:09","guid":{"rendered":"https:\/\/clm-inclusiva.org\/?p=5729"},"modified":"2026-01-09T11:19:09","modified_gmt":"2026-01-09T09:19:09","slug":"clm-inclusiva-cocemfe-impulsa-conecta-con-tu-futuro-un-proyecto-para-mejorar-la-empleabilidad-de-colectivos-vulnerables-en-castilla-la-mancha","status":"publish","type":"post","link":"https:\/\/clm-inclusiva.org\/?p=5729","title":{"rendered":"CLM INCLUSIVA COCEMFE impulsa \u201cConecta con tu Futuro\u201d, un proyecto para mejorar la empleabilidad de colectivos vulnerables en Castilla-La Mancha"},"content":{"rendered":"<p><img decoding=\"async\" loading=\"lazy\" class=\"alignnone size-medium wp-image-5730\" src=\"http:\/\/clm-inclusiva.org\/wp-content\/uploads\/2026\/01\/Imagen-de-WhatsApp-2025-10-16-a-las-08.40.03_0f47327d-300x300.jpg\" alt=\"\" width=\"300\" height=\"300\" \/><img decoding=\"async\" loading=\"lazy\" class=\"alignnone size-medium wp-image-5731\" src=\"http:\/\/clm-inclusiva.org\/wp-content\/uploads\/2026\/01\/FOTO-PARA-REDES-SOCIALES-1-240x300.png\" alt=\"\" width=\"240\" height=\"300\" \/><\/p>\n<blockquote>\n<h3><strong>CLM INCLUSIVA COCEMFE impulsa \u201cConecta con tu Futuro\u201d, un proyecto para mejorar la empleabilidad de colectivos vulnerables en Castilla-La Mancha<\/strong><\/h3>\n<\/blockquote>\n<ul>\n<li><strong>La entidad desarrollar\u00e1 acciones de orientaci\u00f3n, intermediaci\u00f3n y mejora de la empleabilidad dirigidas a 92 personas de colectivos prioritarios, reforzando su compromiso con la inclusi\u00f3n laboral en la regi\u00f3n.<\/strong><\/li>\n<li><strong>El proyecto se enmarca en la convocatoria de la Viceconsejer\u00eda de Empleo, Di\u00e1logo Social y Seguridad y Salud Laboral para la realizaci\u00f3n de actuaciones destinadas a la mejora de la empleabilidad y la inserci\u00f3n laboral.<\/strong><\/li>\n<\/ul>\n<p>Toledo, 9 de enero de 2026<\/p>\n<p>CLM INCLUSIVA COCEMFE, a trav\u00e9s de su Agencia de Colocaci\u00f3n, acreditada desde 2019 y con presencia en Albacete, Puertollano, Ciudad Real, Cuenca, Toledo y Talavera de la Reina, pone en marcha Conecta con tu Futuro, un nuevo proyecto <strong>destinado a potenciar la empleabilidad y la inserci\u00f3n laboral<\/strong> de 92 personas pertenecientes a <strong>colectivos en situaci\u00f3n de especial vulnerabilidad<\/strong> entre 2025 y 2027.<\/p>\n<p>La iniciativa, financiada por la Junta de Comunidades de Castilla-La Mancha en el marco de la convocatoria de acciones para la mejora de la empleabilidad y la inserci\u00f3n, <strong>se desarrollar\u00e1 desde las sedes de Albacete, Ciudad Real, Cuenca y Toledo<\/strong>. El objetivo es lograr la inserci\u00f3n laboral de al menos un 10 % de las personas participantes y promover el empoderamiento laboral de todas ellas.<\/p>\n<p>El proyecto <strong>est\u00e1 dirigido a personas desempleadas o trabajadoras en b\u00fasqueda de empleo<\/strong> que afrontan especiales dificultades para acceder o mantenerse en el mercado laboral: j\u00f3venes con baja cualificaci\u00f3n, personas en desempleo de larga duraci\u00f3n, personas con discapacidad, personas migrantes, mujeres v\u00edctimas de violencia de g\u00e9nero, personas LGTBI, solicitantes de protecci\u00f3n internacional y otros colectivos en riesgo de exclusi\u00f3n.<\/p>\n<p>La metodolog\u00eda se basa en <strong>itinerarios personalizados de inserci\u00f3n<\/strong>, que incluyen tutor\u00edas individuales, <strong>formaci\u00f3n en competencias digitales<\/strong>, <strong>talleres de habilidades personales y profesionales<\/strong>, <strong>t\u00e9cnicas de b\u00fasqueda activa de empleo y orientaci\u00f3n para la mejora de la cualificaci\u00f3n<\/strong>. Adem\u00e1s, se llevar\u00e1 a cabo un trabajo de <strong>intermediaci\u00f3n con el tejido empresarial<\/strong> para identificar oportunidades laborales ajustadas al perfil de cada participante y facilitar su contrataci\u00f3n.<\/p>\n<p>El programa se desarrolla en coordinaci\u00f3n con los Servicios de Intermediaci\u00f3n Laboral de la Junta de Comunidades y con las Oficinas Emplea de los distintos territorios.<\/p>\n<p>Enrique Alarc\u00f3n, presidente de CLM INCLUSIVA, ha se\u00f1alado que \u201ceste proyecto refuerza nuestro compromiso con la inclusi\u00f3n sociolaboral, ofreciendo apoyos personalizados para que las personas en situaci\u00f3n de mayor vulnerabilidad puedan acceder a oportunidades reales de empleo en Castilla-La Mancha\u201d.<\/p>\n<p>Esta iniciativa se suma a la trayectoria consolidada de la Agencia de Colocaci\u00f3n de CLM INCLUSIVA COCEMFE, que desde 2019 <strong>ha atendido a m\u00e1s de 6.500 personas<\/strong>, <strong>colaborado con 2.700 empresas<\/strong>, <strong>gestionado 4.000 ofertas de empleo<\/strong>, que <strong>suman 7.500 puestos de trabajo<\/strong>, y <strong>facilitado 2.520 contrataciones<\/strong>. Con Conecta con tu Futuro, CLM INCLUSIVA COCEMFE reafirma su compromiso con la inclusi\u00f3n sociolaboral y contin\u00faa trabajando para generar oportunidades reales para quienes m\u00e1s lo necesitan en Castilla-La Mancha.<\/p>\n<p>Para m\u00e1s informaci\u00f3n:<\/p>\n<p><img decoding=\"async\" loading=\"lazy\" class=\"wp-image-5716 alignnone\" src=\"http:\/\/clm-inclusiva.org\/wp-content\/uploads\/2025\/12\/Firma-de-Email-Personal-Educacion-Garabatos-Verde-y-Amarillo-600-\u00d7-300-px-4-300x129.png\" alt=\"\" width=\"532\" height=\"229\" srcset=\"https:\/\/clm-inclusiva.org\/wp-content\/uploads\/2025\/12\/Firma-de-Email-Personal-Educacion-Garabatos-Verde-y-Amarillo-600-\u00d7-300-px-4-300x129.png 300w, https:\/\/clm-inclusiva.org\/wp-content\/uploads\/2025\/12\/Firma-de-Email-Personal-Educacion-Garabatos-Verde-y-Amarillo-600-\u00d7-300-px-4-1024x439.png 1024w, https:\/\/clm-inclusiva.org\/wp-content\/uploads\/2025\/12\/Firma-de-Email-Personal-Educacion-Garabatos-Verde-y-Amarillo-600-\u00d7-300-px-4-768x329.png 768w, https:\/\/clm-inclusiva.org\/wp-content\/uploads\/2025\/12\/Firma-de-Email-Personal-Educacion-Garabatos-Verde-y-Amarillo-600-\u00d7-300-px-4-1536x658.png 1536w, https:\/\/clm-inclusiva.org\/wp-content\/uploads\/2025\/12\/Firma-de-Email-Personal-Educacion-Garabatos-Verde-y-Amarillo-600-\u00d7-300-px-4-2048x878.png 2048w, https:\/\/clm-inclusiva.org\/wp-content\/uploads\/2025\/12\/Firma-de-Email-Personal-Educacion-Garabatos-Verde-y-Amarillo-600-\u00d7-300-px-4-1080x463.png 1080w, https:\/\/clm-inclusiva.org\/wp-content\/uploads\/2025\/12\/Firma-de-Email-Personal-Educacion-Garabatos-Verde-y-Amarillo-600-\u00d7-300-px-4-1280x549.png 1280w, https:\/\/clm-inclusiva.org\/wp-content\/uploads\/2025\/12\/Firma-de-Email-Personal-Educacion-Garabatos-Verde-y-Amarillo-600-\u00d7-300-px-4-980x420.png 980w, https:\/\/clm-inclusiva.org\/wp-content\/uploads\/2025\/12\/Firma-de-Email-Personal-Educacion-Garabatos-Verde-y-Amarillo-600-\u00d7-300-px-4-480x206.png 480w\" sizes=\"(max-width: 532px) 100vw, 532px\" \/><\/p>\n<p>&nbsp;<\/p>\n","protected":false},"excerpt":{"rendered":"<p>CLM INCLUSIVA COCEMFE impulsa \u201cConecta con tu Futuro\u201d, un proyecto para mejorar la empleabilidad de colectivos vulnerables en Castilla-La Mancha La entidad desarrollar\u00e1 acciones de orientaci\u00f3n, intermediaci\u00f3n y mejora de la empleabilidad dirigidas a 92 personas de colectivos prioritarios, reforzando su compromiso con la inclusi\u00f3n laboral en la regi\u00f3n. El proyecto se enmarca en la [&hellip;]<\/p>\n","protected":false},"author":10,"featured_media":5730,"comment_status":"open","ping_status":"open","sticky":false,"template":"","format":"standard","meta":{"_et_pb_use_builder":"","_et_pb_old_content":"","_et_gb_content_width":"","footnotes":""},"categories":[39,4,47,5,6,8],"tags":[11,87,128,129,130,131],"yoast_head":"<!-- This site is optimized with the Yoast SEO plugin v21.3 - https:\/\/yoast.com\/wordpress\/plugins\/seo\/ -->\n<title>CLM INCLUSIVA COCEMFE impulsa \u201cConecta con tu Futuro\u201d, un proyecto para mejorar la empleabilidad de colectivos vulnerables en Castilla-La Mancha - Clm-Inclusiva<\/title>\n<meta name=\"robots\" content=\"index, follow, max-snippet:-1, max-image-preview:large, max-video-preview:-1\" \/>\n<link rel=\"canonical\" href=\"https:\/\/clm-inclusiva.org\/?p=5729\" \/>\n<meta property=\"og:locale\" content=\"es_ES\" \/>\n<meta property=\"og:type\" content=\"article\" \/>\n<meta property=\"og:title\" content=\"CLM INCLUSIVA COCEMFE impulsa \u201cConecta con tu Futuro\u201d, un proyecto para mejorar la empleabilidad de colectivos vulnerables en Castilla-La Mancha - Clm-Inclusiva\" \/>\n<meta property=\"og:description\" content=\"CLM INCLUSIVA COCEMFE impulsa \u201cConecta con tu Futuro\u201d, un proyecto para mejorar la empleabilidad de colectivos vulnerables en Castilla-La Mancha La entidad desarrollar\u00e1 acciones de orientaci\u00f3n, intermediaci\u00f3n y mejora de la empleabilidad dirigidas a 92 personas de colectivos prioritarios, reforzando su compromiso con la inclusi\u00f3n laboral en la regi\u00f3n. El proyecto se enmarca en la [&hellip;]\" \/>\n<meta property=\"og:url\" content=\"https:\/\/clm-inclusiva.org\/?p=5729\" \/>\n<meta property=\"og:site_name\" content=\"Clm-Inclusiva\" \/>\n<meta property=\"article:publisher\" content=\"https:\/\/www.facebook.com\/castillalamancha.inclusiva\/\" \/>\n<meta property=\"article:published_time\" content=\"2026-01-09T09:19:09+00:00\" \/>\n<meta property=\"og:image\" content=\"http:\/\/clm-inclusiva.org\/wp-content\/uploads\/2026\/01\/Imagen-de-WhatsApp-2025-10-16-a-las-08.40.03_0f47327d.jpg\" \/>\n\t<meta property=\"og:image:width\" content=\"2048\" \/>\n\t<meta property=\"og:image:height\" content=\"2048\" \/>\n\t<meta property=\"og:image:type\" content=\"image\/jpeg\" \/>\n<meta name=\"author\" content=\"Ana Viller\" \/>\n<meta name=\"twitter:card\" content=\"summary_large_image\" \/>\n<meta name=\"twitter:creator\" content=\"@ClmInclusiva\" \/>\n<meta name=\"twitter:site\" content=\"@ClmInclusiva\" \/>\n<meta name=\"twitter:label1\" content=\"Escrito por\" \/>\n\t<meta name=\"twitter:data1\" content=\"Ana Viller\" \/>\n\t<meta name=\"twitter:label2\" content=\"Tiempo de lectura\" \/>\n\t<meta name=\"twitter:data2\" content=\"3 minutos\" \/>\n<script type=\"application\/ld+json\" class=\"yoast-schema-graph\">{\"@context\":\"https:\/\/schema.org\",\"@graph\":[{\"@type\":\"Article\",\"@id\":\"https:\/\/clm-inclusiva.org\/?p=5729#article\",\"isPartOf\":{\"@id\":\"https:\/\/clm-inclusiva.org\/?p=5729\"},\"author\":{\"name\":\"Ana Viller\",\"@id\":\"https:\/\/clm-inclusiva.org\/#\/schema\/person\/5fa4d3f0c2e665bc0585991f70262537\"},\"headline\":\"CLM INCLUSIVA COCEMFE impulsa \u201cConecta con tu Futuro\u201d, un proyecto para mejorar la empleabilidad de colectivos vulnerables en Castilla-La Mancha\",\"datePublished\":\"2026-01-09T09:19:09+00:00\",\"dateModified\":\"2026-01-09T09:19:09+00:00\",\"mainEntityOfPage\":{\"@id\":\"https:\/\/clm-inclusiva.org\/?p=5729\"},\"wordCount\":537,\"commentCount\":0,\"publisher\":{\"@id\":\"https:\/\/clm-inclusiva.org\/#organization\"},\"keywords\":[\"clm inclusiva\",\"Empleo\",\"inserci\u00f3n\",\"laboral\",\"ofertas\",\"programas\"],\"articleSection\":[\"Bienestar social\",\"Clm inclusiva\",\"cocemfe\",\"Discapacidad\",\"Empleo\",\"Sociedad\"],\"inLanguage\":\"es\",\"potentialAction\":[{\"@type\":\"CommentAction\",\"name\":\"Comment\",\"target\":[\"https:\/\/clm-inclusiva.org\/?p=5729#respond\"]}]},{\"@type\":\"WebPage\",\"@id\":\"https:\/\/clm-inclusiva.org\/?p=5729\",\"url\":\"https:\/\/clm-inclusiva.org\/?p=5729\",\"name\":\"CLM INCLUSIVA COCEMFE impulsa \u201cConecta con tu Futuro\u201d, un proyecto para mejorar la empleabilidad de colectivos vulnerables en Castilla-La Mancha - Clm-Inclusiva\",\"isPartOf\":{\"@id\":\"https:\/\/clm-inclusiva.org\/#website\"},\"datePublished\":\"2026-01-09T09:19:09+00:00\",\"dateModified\":\"2026-01-09T09:19:09+00:00\",\"breadcrumb\":{\"@id\":\"https:\/\/clm-inclusiva.org\/?p=5729#breadcrumb\"},\"inLanguage\":\"es\",\"potentialAction\":[{\"@type\":\"ReadAction\",\"target\":[\"https:\/\/clm-inclusiva.org\/?p=5729\"]}]},{\"@type\":\"BreadcrumbList\",\"@id\":\"https:\/\/clm-inclusiva.org\/?p=5729#breadcrumb\",\"itemListElement\":[{\"@type\":\"ListItem\",\"position\":1,\"name\":\"Portada\",\"item\":\"https:\/\/clm-inclusiva.org\/\"},{\"@type\":\"ListItem\",\"position\":2,\"name\":\"CLM INCLUSIVA COCEMFE impulsa \u201cConecta con tu Futuro\u201d, un proyecto para mejorar la empleabilidad de colectivos vulnerables en Castilla-La Mancha\"}]},{\"@type\":\"WebSite\",\"@id\":\"https:\/\/clm-inclusiva.org\/#website\",\"url\":\"https:\/\/clm-inclusiva.org\/\",\"name\":\"Clm-Inclusiva\",\"description\":\"Confederaci\u00f3n de entidades de personas con discapacidad f\u00edsica y org\u00e1nica CLM\",\"publisher\":{\"@id\":\"https:\/\/clm-inclusiva.org\/#organization\"},\"potentialAction\":[{\"@type\":\"SearchAction\",\"target\":{\"@type\":\"EntryPoint\",\"urlTemplate\":\"https:\/\/clm-inclusiva.org\/?s={search_term_string}\"},\"query-input\":\"required name=search_term_string\"}],\"inLanguage\":\"es\"},{\"@type\":\"Organization\",\"@id\":\"https:\/\/clm-inclusiva.org\/#organization\",\"name\":\"Clm-Inclusiva\",\"url\":\"https:\/\/clm-inclusiva.org\/\",\"logo\":{\"@type\":\"ImageObject\",\"inLanguage\":\"es\",\"@id\":\"https:\/\/clm-inclusiva.org\/#\/schema\/logo\/image\/\",\"url\":\"http:\/\/clm-inclusiva.org\/wp-content\/uploads\/2019\/04\/banner-e1533720812836.jpg\",\"contentUrl\":\"http:\/\/clm-inclusiva.org\/wp-content\/uploads\/2019\/04\/banner-e1533720812836.jpg\",\"width\":600,\"height\":332,\"caption\":\"Clm-Inclusiva\"},\"image\":{\"@id\":\"https:\/\/clm-inclusiva.org\/#\/schema\/logo\/image\/\"},\"sameAs\":[\"https:\/\/www.facebook.com\/castillalamancha.inclusiva\/\",\"https:\/\/twitter.com\/ClmInclusiva\"]},{\"@type\":\"Person\",\"@id\":\"https:\/\/clm-inclusiva.org\/#\/schema\/person\/5fa4d3f0c2e665bc0585991f70262537\",\"name\":\"Ana Viller\",\"image\":{\"@type\":\"ImageObject\",\"inLanguage\":\"es\",\"@id\":\"https:\/\/clm-inclusiva.org\/#\/schema\/person\/image\/\",\"url\":\"https:\/\/secure.gravatar.com\/avatar\/914232fded40810feda5a1ac3a2fe405?s=96&d=blank&r=g\",\"contentUrl\":\"https:\/\/secure.gravatar.com\/avatar\/914232fded40810feda5a1ac3a2fe405?s=96&d=blank&r=g\",\"caption\":\"Ana Viller\"},\"url\":\"https:\/\/clm-inclusiva.org\/?author=10\"}]}<\/script>\n<!-- \/ Yoast SEO plugin. -->","yoast_head_json":{"title":"CLM INCLUSIVA COCEMFE impulsa \u201cConecta con tu Futuro\u201d, un proyecto para mejorar la empleabilidad de colectivos vulnerables en Castilla-La Mancha - Clm-Inclusiva","robots":{"index":"index","follow":"follow","max-snippet":"max-snippet:-1","max-image-preview":"max-image-preview:large","max-video-preview":"max-video-preview:-1"},"canonical":"https:\/\/clm-inclusiva.org\/?p=5729","og_locale":"es_ES","og_type":"article","og_title":"CLM INCLUSIVA COCEMFE impulsa \u201cConecta con tu Futuro\u201d, un proyecto para mejorar la empleabilidad de colectivos vulnerables en Castilla-La Mancha - Clm-Inclusiva","og_description":"CLM INCLUSIVA COCEMFE impulsa \u201cConecta con tu Futuro\u201d, un proyecto para mejorar la empleabilidad de colectivos vulnerables en Castilla-La Mancha La entidad desarrollar\u00e1 acciones de orientaci\u00f3n, intermediaci\u00f3n y mejora de la empleabilidad dirigidas a 92 personas de colectivos prioritarios, reforzando su compromiso con la inclusi\u00f3n laboral en la regi\u00f3n. El proyecto se enmarca en la [&hellip;]","og_url":"https:\/\/clm-inclusiva.org\/?p=5729","og_site_name":"Clm-Inclusiva","article_publisher":"https:\/\/www.facebook.com\/castillalamancha.inclusiva\/","article_published_time":"2026-01-09T09:19:09+00:00","og_image":[{"width":2048,"height":2048,"url":"http:\/\/clm-inclusiva.org\/wp-content\/uploads\/2026\/01\/Imagen-de-WhatsApp-2025-10-16-a-las-08.40.03_0f47327d.jpg","type":"image\/jpeg"}],"author":"Ana Viller","twitter_card":"summary_large_image","twitter_creator":"@ClmInclusiva","twitter_site":"@ClmInclusiva","twitter_misc":{"Escrito por":"Ana Viller","Tiempo de lectura":"3 minutos"},"schema":{"@context":"https:\/\/schema.org","@graph":[{"@type":"Article","@id":"https:\/\/clm-inclusiva.org\/?p=5729#article","isPartOf":{"@id":"https:\/\/clm-inclusiva.org\/?p=5729"},"author":{"name":"Ana Viller","@id":"https:\/\/clm-inclusiva.org\/#\/schema\/person\/5fa4d3f0c2e665bc0585991f70262537"},"headline":"CLM INCLUSIVA COCEMFE impulsa \u201cConecta con tu Futuro\u201d, un proyecto para mejorar la empleabilidad de colectivos vulnerables en Castilla-La Mancha","datePublished":"2026-01-09T09:19:09+00:00","dateModified":"2026-01-09T09:19:09+00:00","mainEntityOfPage":{"@id":"https:\/\/clm-inclusiva.org\/?p=5729"},"wordCount":537,"commentCount":0,"publisher":{"@id":"https:\/\/clm-inclusiva.org\/#organization"},"keywords":["clm inclusiva","Empleo","inserci\u00f3n","laboral","ofertas","programas"],"articleSection":["Bienestar social","Clm inclusiva","cocemfe","Discapacidad","Empleo","Sociedad"],"inLanguage":"es","potentialAction":[{"@type":"CommentAction","name":"Comment","target":["https:\/\/clm-inclusiva.org\/?p=5729#respond"]}]},{"@type":"WebPage","@id":"https:\/\/clm-inclusiva.org\/?p=5729","url":"https:\/\/clm-inclusiva.org\/?p=5729","name":"CLM INCLUSIVA COCEMFE impulsa \u201cConecta con tu Futuro\u201d, un proyecto para mejorar la empleabilidad de colectivos vulnerables en Castilla-La Mancha - Clm-Inclusiva","isPartOf":{"@id":"https:\/\/clm-inclusiva.org\/#website"},"datePublished":"2026-01-09T09:19:09+00:00","dateModified":"2026-01-09T09:19:09+00:00","breadcrumb":{"@id":"https:\/\/clm-inclusiva.org\/?p=5729#breadcrumb"},"inLanguage":"es","potentialAction":[{"@type":"ReadAction","target":["https:\/\/clm-inclusiva.org\/?p=5729"]}]},{"@type":"BreadcrumbList","@id":"https:\/\/clm-inclusiva.org\/?p=5729#breadcrumb","itemListElement":[{"@type":"ListItem","position":1,"name":"Portada","item":"https:\/\/clm-inclusiva.org\/"},{"@type":"ListItem","position":2,"name":"CLM INCLUSIVA COCEMFE impulsa \u201cConecta con tu Futuro\u201d, un proyecto para mejorar la empleabilidad de colectivos vulnerables en Castilla-La Mancha"}]},{"@type":"WebSite","@id":"https:\/\/clm-inclusiva.org\/#website","url":"https:\/\/clm-inclusiva.org\/","name":"Clm-Inclusiva","description":"Confederaci\u00f3n de entidades de personas con discapacidad f\u00edsica y org\u00e1nica CLM","publisher":{"@id":"https:\/\/clm-inclusiva.org\/#organization"},"potentialAction":[{"@type":"SearchAction","target":{"@type":"EntryPoint","urlTemplate":"https:\/\/clm-inclusiva.org\/?s={search_term_string}"},"query-input":"required name=search_term_string"}],"inLanguage":"es"},{"@type":"Organization","@id":"https:\/\/clm-inclusiva.org\/#organization","name":"Clm-Inclusiva","url":"https:\/\/clm-inclusiva.org\/","logo":{"@type":"ImageObject","inLanguage":"es","@id":"https:\/\/clm-inclusiva.org\/#\/schema\/logo\/image\/","url":"http:\/\/clm-inclusiva.org\/wp-content\/uploads\/2019\/04\/banner-e1533720812836.jpg","contentUrl":"http:\/\/clm-inclusiva.org\/wp-content\/uploads\/2019\/04\/banner-e1533720812836.jpg","width":600,"height":332,"caption":"Clm-Inclusiva"},"image":{"@id":"https:\/\/clm-inclusiva.org\/#\/schema\/logo\/image\/"},"sameAs":["https:\/\/www.facebook.com\/castillalamancha.inclusiva\/","https:\/\/twitter.com\/ClmInclusiva"]},{"@type":"Person","@id":"https:\/\/clm-inclusiva.org\/#\/schema\/person\/5fa4d3f0c2e665bc0585991f70262537","name":"Ana Viller","image":{"@type":"ImageObject","inLanguage":"es","@id":"https:\/\/clm-inclusiva.org\/#\/schema\/person\/image\/","url":"https:\/\/secure.gravatar.com\/avatar\/914232fded40810feda5a1ac3a2fe405?s=96&d=blank&r=g","contentUrl":"https:\/\/secure.gravatar.com\/avatar\/914232fded40810feda5a1ac3a2fe405?s=96&d=blank&r=g","caption":"Ana Viller"},"url":"https:\/\/clm-inclusiva.org\/?author=10"}]}},"_links":{"self":[{"href":"https:\/\/clm-inclusiva.org\/index.php?rest_route=\/wp\/v2\/posts\/5729"}],"collection":[{"href":"https:\/\/clm-inclusiva.org\/index.php?rest_route=\/wp\/v2\/posts"}],"about":[{"href":"https:\/\/clm-inclusiva.org\/index.php?rest_route=\/wp\/v2\/types\/post"}],"author":[{"embeddable":true,"href":"https:\/\/clm-inclusiva.org\/index.php?rest_route=\/wp\/v2\/users\/10"}],"replies":[{"embeddable":true,"href":"https:\/\/clm-inclusiva.org\/index.php?rest_route=%2Fwp%2Fv2%2Fcomments&post=5729"}],"version-history":[{"count":1,"href":"https:\/\/clm-inclusiva.org\/index.php?rest_route=\/wp\/v2\/posts\/5729\/revisions"}],"predecessor-version":[{"id":5732,"href":"https:\/\/clm-inclusiva.org\/index.php?rest_route=\/wp\/v2\/posts\/5729\/revisions\/5732"}],"wp:featuredmedia":[{"embeddable":true,"href":"https:\/\/clm-inclusiva.org\/index.php?rest_route=\/wp\/v2\/media\/5730"}],"wp:attachment":[{"href":"https:\/\/clm-inclusiva.org\/index.php?rest_route=%2Fwp%2Fv2%2Fmedia&parent=5729"}],"wp:term":[{"taxonomy":"category","embeddable":true,"href":"https:\/\/clm-inclusiva.org\/index.php?rest_route=%2Fwp%2Fv2%2Fcategories&post=5729"},{"taxonomy":"post_tag","embeddable":true,"href":"https:\/\/clm-inclusiva.org\/index.php?rest_route=%2Fwp%2Fv2%2Ftags&post=5729"}],"curies":[{"name":"wp","href":"https:\/\/api.w.org\/{rel}","templated":true}]}}