{"id":5702,"date":"2025-10-24T10:12:56","date_gmt":"2025-10-24T08:12:56","guid":{"rendered":"https:\/\/clm-inclusiva.org\/?p=5702"},"modified":"2025-10-24T10:13:37","modified_gmt":"2025-10-24T08:13:37","slug":"cinco-personas-con-discapacidad-psicosocial-finalizan-en-tarancon-la-formacion-en-auxiliar-administrativo-con-opciones-reales-de-empleo-2","status":"publish","type":"post","link":"https:\/\/clm-inclusiva.org\/?p=5702","title":{"rendered":"CLM Inclusiva COCEMFE presenta en Ciudad Real un programa de colaboraci\u00f3n con centros educativos para impulsar la empleabilidad juvenil"},"content":{"rendered":"<p><img decoding=\"async\" loading=\"lazy\" class=\"alignnone size-medium wp-image-5703\" src=\"http:\/\/clm-inclusiva.org\/wp-content\/uploads\/2025\/10\/Imagen-de-WhatsApp-2025-10-23-a-las-10.21.56_7b966693-225x300.jpg\" alt=\"\" width=\"225\" height=\"300\" \/> <img decoding=\"async\" loading=\"lazy\" class=\"alignnone size-medium wp-image-5704\" src=\"http:\/\/clm-inclusiva.org\/wp-content\/uploads\/2025\/10\/Imagen-de-WhatsApp-2025-10-23-a-las-10.21.56_e0614a13-225x300.jpg\" alt=\"\" width=\"225\" height=\"300\" \/><\/p>\n<blockquote>\n<h3 style=\"text-align: left;\"><strong>CLM Inclusiva COCEMFE presenta en Ciudad Real un programa de colaboraci\u00f3n con centros educativos para impulsar la empleabilidad juvenil. <\/strong><\/h3>\n<\/blockquote>\n<p><strong>\u2022 El objetivo es favorecer la inserci\u00f3n laboral del alumnado con discapacidad, especialmente de aquellos que est\u00e1n pr\u00f3ximos a promocionar o que han finalizado su etapa educativa.<br \/>\n\u2022 A trav\u00e9s de un canal de derivaci\u00f3n online, los centros podr\u00e1n remitir a los estudiantes a los servicios de intermediaci\u00f3n laboral de la entidad, que ofrecer\u00e1n un acompa\u00f1amiento individualizado en la b\u00fasqueda de empleo.<br \/>\n<\/strong><\/p>\n<p>Toledo, 23 de octubre de 2025<\/p>\n<p>La Confederaci\u00f3n de entidades de personas con discapacidad f\u00edsica y org\u00e1nica de Castilla-La Mancha, CLM INCLUSIVA COCEMFE, ha presentado en el auditorio \u2018Manuel de Falla\u2019 de Ciudad Real un nuevo servicio de colaboraci\u00f3n con los centros educativos para apoyar al alumnado en su transici\u00f3n al mercado laboral.<\/p>\n<p>El servicio permite continuar el trabajo iniciado durante la etapa formativa de cada estudiante, adaptando el acompa\u00f1amiento a sus necesidades y objetivos individuales. Adem\u00e1s, el proyecto se inicia en la provincia de Ciudad Real, con el objetivo de ampliarse progresivamente al resto de provincias de la regi\u00f3n.<\/p>\n<p><strong>Celia Escobar, coordinadora del \u00e1rea de empleo y formaci\u00f3n<\/strong> ha se\u00f1alado que \u201cel objetivo es que cada persona con discapacidad pueda desarrollar un proyecto laboral propio, basado en sus habilidades y en los avances conseguidos durante su formaci\u00f3n\u201d.<\/p>\n<p>As\u00ed mismo, <strong>Lara Fern\u00e1ndez, t\u00e9cnica de empleo y programas<\/strong>, ha destacado que \u201ccontamos con un equipo especializado que realiza entrevistas, coordina con las empresas y acompa\u00f1a al participante en la b\u00fasqueda activa de empleo, asegurando un proceso de inserci\u00f3n laboral efectivo y adaptado a sus capacidades\u201d.<\/p>\n<p>El canal de derivaci\u00f3n online, disponible en la p\u00e1gina web de CLM Inclusiva COCEMFE, permite a los centros educativos establecer un contacto directo con los servicios de intermediaci\u00f3n laboral. Tras una primera reuni\u00f3n de coordinaci\u00f3n, se inicia un seguimiento individualizado que incluye la orientaci\u00f3n profesional, la b\u00fasqueda de ofertas de empleo y el acercamiento a posibles empresas interesadas en contratar.<\/p>\n<p>CLM Inclusiva COCEMFE reafirma con este proyecto su compromiso con la inclusi\u00f3n laboral y la promoci\u00f3n de la autonom\u00eda de las personas con discapacidad, consolidando un modelo de intervenci\u00f3n integral que articula formaci\u00f3n, orientaci\u00f3n y empleo.<\/p>\n<p>Para m\u00e1s informaci\u00f3n<\/p>\n<p><img decoding=\"async\" loading=\"lazy\" class=\"alignnone wp-image-5656\" src=\"http:\/\/clm-inclusiva.org\/wp-content\/uploads\/2025\/09\/Captura-de-pantalla-2025-09-10-111200-300x127.jpg\" alt=\"\" width=\"307\" height=\"130\" \/><\/p>\n","protected":false},"excerpt":{"rendered":"<p>CLM Inclusiva COCEMFE presenta en Ciudad Real un programa de colaboraci\u00f3n con centros educativos para impulsar la empleabilidad juvenil. \u2022 El objetivo es favorecer la inserci\u00f3n laboral del alumnado con discapacidad, especialmente de aquellos que est\u00e1n pr\u00f3ximos a promocionar o que han finalizado su etapa educativa. \u2022 A trav\u00e9s de un canal de derivaci\u00f3n online, [&hellip;]<\/p>\n","protected":false},"author":10,"featured_media":5704,"comment_status":"open","ping_status":"open","sticky":false,"template":"","format":"standard","meta":{"_et_pb_use_builder":"","_et_pb_old_content":"","_et_gb_content_width":"","footnotes":""},"categories":[39,4,47,5,8],"tags":[],"yoast_head":"<!-- This site is optimized with the Yoast SEO plugin v21.3 - https:\/\/yoast.com\/wordpress\/plugins\/seo\/ -->\n<title>CLM Inclusiva COCEMFE presenta en Ciudad Real un programa de colaboraci\u00f3n con centros educativos para impulsar la empleabilidad juvenil - Clm-Inclusiva<\/title>\n<meta name=\"robots\" content=\"index, follow, max-snippet:-1, max-image-preview:large, max-video-preview:-1\" \/>\n<link rel=\"canonical\" href=\"https:\/\/clm-inclusiva.org\/?p=5702\" \/>\n<meta property=\"og:locale\" content=\"es_ES\" \/>\n<meta property=\"og:type\" content=\"article\" \/>\n<meta property=\"og:title\" content=\"CLM Inclusiva COCEMFE presenta en Ciudad Real un programa de colaboraci\u00f3n con centros educativos para impulsar la empleabilidad juvenil - Clm-Inclusiva\" \/>\n<meta property=\"og:description\" content=\"CLM Inclusiva COCEMFE presenta en Ciudad Real un programa de colaboraci\u00f3n con centros educativos para impulsar la empleabilidad juvenil. \u2022 El objetivo es favorecer la inserci\u00f3n laboral del alumnado con discapacidad, especialmente de aquellos que est\u00e1n pr\u00f3ximos a promocionar o que han finalizado su etapa educativa. \u2022 A trav\u00e9s de un canal de derivaci\u00f3n online, [&hellip;]\" \/>\n<meta property=\"og:url\" content=\"https:\/\/clm-inclusiva.org\/?p=5702\" \/>\n<meta property=\"og:site_name\" content=\"Clm-Inclusiva\" \/>\n<meta property=\"article:publisher\" content=\"https:\/\/www.facebook.com\/castillalamancha.inclusiva\/\" \/>\n<meta property=\"article:published_time\" content=\"2025-10-24T08:12:56+00:00\" \/>\n<meta property=\"article:modified_time\" content=\"2025-10-24T08:13:37+00:00\" \/>\n<meta property=\"og:image\" content=\"http:\/\/clm-inclusiva.org\/wp-content\/uploads\/2025\/10\/Imagen-de-WhatsApp-2025-10-23-a-las-10.21.56_e0614a13.jpg\" \/>\n\t<meta property=\"og:image:width\" content=\"1200\" \/>\n\t<meta property=\"og:image:height\" content=\"1600\" \/>\n\t<meta property=\"og:image:type\" content=\"image\/jpeg\" \/>\n<meta name=\"author\" content=\"Ana Viller\" \/>\n<meta name=\"twitter:card\" content=\"summary_large_image\" \/>\n<meta name=\"twitter:creator\" content=\"@ClmInclusiva\" \/>\n<meta name=\"twitter:site\" content=\"@ClmInclusiva\" \/>\n<meta name=\"twitter:label1\" content=\"Escrito por\" \/>\n\t<meta name=\"twitter:data1\" content=\"Ana Viller\" \/>\n\t<meta name=\"twitter:label2\" content=\"Tiempo de lectura\" \/>\n\t<meta name=\"twitter:data2\" content=\"3 minutos\" \/>\n<script type=\"application\/ld+json\" class=\"yoast-schema-graph\">{\"@context\":\"https:\/\/schema.org\",\"@graph\":[{\"@type\":\"Article\",\"@id\":\"https:\/\/clm-inclusiva.org\/?p=5702#article\",\"isPartOf\":{\"@id\":\"https:\/\/clm-inclusiva.org\/?p=5702\"},\"author\":{\"name\":\"Ana Viller\",\"@id\":\"https:\/\/clm-inclusiva.org\/#\/schema\/person\/5fa4d3f0c2e665bc0585991f70262537\"},\"headline\":\"CLM Inclusiva COCEMFE presenta en Ciudad Real un programa de colaboraci\u00f3n con centros educativos para impulsar la empleabilidad juvenil\",\"datePublished\":\"2025-10-24T08:12:56+00:00\",\"dateModified\":\"2025-10-24T08:13:37+00:00\",\"mainEntityOfPage\":{\"@id\":\"https:\/\/clm-inclusiva.org\/?p=5702\"},\"wordCount\":422,\"commentCount\":0,\"publisher\":{\"@id\":\"https:\/\/clm-inclusiva.org\/#organization\"},\"articleSection\":[\"Bienestar social\",\"Clm inclusiva\",\"cocemfe\",\"Discapacidad\",\"Sociedad\"],\"inLanguage\":\"es\",\"potentialAction\":[{\"@type\":\"CommentAction\",\"name\":\"Comment\",\"target\":[\"https:\/\/clm-inclusiva.org\/?p=5702#respond\"]}]},{\"@type\":\"WebPage\",\"@id\":\"https:\/\/clm-inclusiva.org\/?p=5702\",\"url\":\"https:\/\/clm-inclusiva.org\/?p=5702\",\"name\":\"CLM Inclusiva COCEMFE presenta en Ciudad Real un programa de colaboraci\u00f3n con centros educativos para impulsar la empleabilidad juvenil - Clm-Inclusiva\",\"isPartOf\":{\"@id\":\"https:\/\/clm-inclusiva.org\/#website\"},\"datePublished\":\"2025-10-24T08:12:56+00:00\",\"dateModified\":\"2025-10-24T08:13:37+00:00\",\"breadcrumb\":{\"@id\":\"https:\/\/clm-inclusiva.org\/?p=5702#breadcrumb\"},\"inLanguage\":\"es\",\"potentialAction\":[{\"@type\":\"ReadAction\",\"target\":[\"https:\/\/clm-inclusiva.org\/?p=5702\"]}]},{\"@type\":\"BreadcrumbList\",\"@id\":\"https:\/\/clm-inclusiva.org\/?p=5702#breadcrumb\",\"itemListElement\":[{\"@type\":\"ListItem\",\"position\":1,\"name\":\"Portada\",\"item\":\"https:\/\/clm-inclusiva.org\/\"},{\"@type\":\"ListItem\",\"position\":2,\"name\":\"CLM Inclusiva COCEMFE presenta en Ciudad Real un programa de colaboraci\u00f3n con centros educativos para impulsar la empleabilidad juvenil\"}]},{\"@type\":\"WebSite\",\"@id\":\"https:\/\/clm-inclusiva.org\/#website\",\"url\":\"https:\/\/clm-inclusiva.org\/\",\"name\":\"Clm-Inclusiva\",\"description\":\"Confederaci\u00f3n de entidades de personas con discapacidad f\u00edsica y org\u00e1nica CLM\",\"publisher\":{\"@id\":\"https:\/\/clm-inclusiva.org\/#organization\"},\"potentialAction\":[{\"@type\":\"SearchAction\",\"target\":{\"@type\":\"EntryPoint\",\"urlTemplate\":\"https:\/\/clm-inclusiva.org\/?s={search_term_string}\"},\"query-input\":\"required name=search_term_string\"}],\"inLanguage\":\"es\"},{\"@type\":\"Organization\",\"@id\":\"https:\/\/clm-inclusiva.org\/#organization\",\"name\":\"Clm-Inclusiva\",\"url\":\"https:\/\/clm-inclusiva.org\/\",\"logo\":{\"@type\":\"ImageObject\",\"inLanguage\":\"es\",\"@id\":\"https:\/\/clm-inclusiva.org\/#\/schema\/logo\/image\/\",\"url\":\"http:\/\/clm-inclusiva.org\/wp-content\/uploads\/2019\/04\/banner-e1533720812836.jpg\",\"contentUrl\":\"http:\/\/clm-inclusiva.org\/wp-content\/uploads\/2019\/04\/banner-e1533720812836.jpg\",\"width\":600,\"height\":332,\"caption\":\"Clm-Inclusiva\"},\"image\":{\"@id\":\"https:\/\/clm-inclusiva.org\/#\/schema\/logo\/image\/\"},\"sameAs\":[\"https:\/\/www.facebook.com\/castillalamancha.inclusiva\/\",\"https:\/\/twitter.com\/ClmInclusiva\"]},{\"@type\":\"Person\",\"@id\":\"https:\/\/clm-inclusiva.org\/#\/schema\/person\/5fa4d3f0c2e665bc0585991f70262537\",\"name\":\"Ana Viller\",\"image\":{\"@type\":\"ImageObject\",\"inLanguage\":\"es\",\"@id\":\"https:\/\/clm-inclusiva.org\/#\/schema\/person\/image\/\",\"url\":\"https:\/\/secure.gravatar.com\/avatar\/914232fded40810feda5a1ac3a2fe405?s=96&d=blank&r=g\",\"contentUrl\":\"https:\/\/secure.gravatar.com\/avatar\/914232fded40810feda5a1ac3a2fe405?s=96&d=blank&r=g\",\"caption\":\"Ana Viller\"},\"url\":\"https:\/\/clm-inclusiva.org\/?author=10\"}]}<\/script>\n<!-- \/ Yoast SEO plugin. -->","yoast_head_json":{"title":"CLM Inclusiva COCEMFE presenta en Ciudad Real un programa de colaboraci\u00f3n con centros educativos para impulsar la empleabilidad juvenil - Clm-Inclusiva","robots":{"index":"index","follow":"follow","max-snippet":"max-snippet:-1","max-image-preview":"max-image-preview:large","max-video-preview":"max-video-preview:-1"},"canonical":"https:\/\/clm-inclusiva.org\/?p=5702","og_locale":"es_ES","og_type":"article","og_title":"CLM Inclusiva COCEMFE presenta en Ciudad Real un programa de colaboraci\u00f3n con centros educativos para impulsar la empleabilidad juvenil - Clm-Inclusiva","og_description":"CLM Inclusiva COCEMFE presenta en Ciudad Real un programa de colaboraci\u00f3n con centros educativos para impulsar la empleabilidad juvenil. \u2022 El objetivo es favorecer la inserci\u00f3n laboral del alumnado con discapacidad, especialmente de aquellos que est\u00e1n pr\u00f3ximos a promocionar o que han finalizado su etapa educativa. \u2022 A trav\u00e9s de un canal de derivaci\u00f3n online, [&hellip;]","og_url":"https:\/\/clm-inclusiva.org\/?p=5702","og_site_name":"Clm-Inclusiva","article_publisher":"https:\/\/www.facebook.com\/castillalamancha.inclusiva\/","article_published_time":"2025-10-24T08:12:56+00:00","article_modified_time":"2025-10-24T08:13:37+00:00","og_image":[{"width":1200,"height":1600,"url":"http:\/\/clm-inclusiva.org\/wp-content\/uploads\/2025\/10\/Imagen-de-WhatsApp-2025-10-23-a-las-10.21.56_e0614a13.jpg","type":"image\/jpeg"}],"author":"Ana Viller","twitter_card":"summary_large_image","twitter_creator":"@ClmInclusiva","twitter_site":"@ClmInclusiva","twitter_misc":{"Escrito por":"Ana Viller","Tiempo de lectura":"3 minutos"},"schema":{"@context":"https:\/\/schema.org","@graph":[{"@type":"Article","@id":"https:\/\/clm-inclusiva.org\/?p=5702#article","isPartOf":{"@id":"https:\/\/clm-inclusiva.org\/?p=5702"},"author":{"name":"Ana Viller","@id":"https:\/\/clm-inclusiva.org\/#\/schema\/person\/5fa4d3f0c2e665bc0585991f70262537"},"headline":"CLM Inclusiva COCEMFE presenta en Ciudad Real un programa de colaboraci\u00f3n con centros educativos para impulsar la empleabilidad juvenil","datePublished":"2025-10-24T08:12:56+00:00","dateModified":"2025-10-24T08:13:37+00:00","mainEntityOfPage":{"@id":"https:\/\/clm-inclusiva.org\/?p=5702"},"wordCount":422,"commentCount":0,"publisher":{"@id":"https:\/\/clm-inclusiva.org\/#organization"},"articleSection":["Bienestar social","Clm inclusiva","cocemfe","Discapacidad","Sociedad"],"inLanguage":"es","potentialAction":[{"@type":"CommentAction","name":"Comment","target":["https:\/\/clm-inclusiva.org\/?p=5702#respond"]}]},{"@type":"WebPage","@id":"https:\/\/clm-inclusiva.org\/?p=5702","url":"https:\/\/clm-inclusiva.org\/?p=5702","name":"CLM Inclusiva COCEMFE presenta en Ciudad Real un programa de colaboraci\u00f3n con centros educativos para impulsar la empleabilidad juvenil - Clm-Inclusiva","isPartOf":{"@id":"https:\/\/clm-inclusiva.org\/#website"},"datePublished":"2025-10-24T08:12:56+00:00","dateModified":"2025-10-24T08:13:37+00:00","breadcrumb":{"@id":"https:\/\/clm-inclusiva.org\/?p=5702#breadcrumb"},"inLanguage":"es","potentialAction":[{"@type":"ReadAction","target":["https:\/\/clm-inclusiva.org\/?p=5702"]}]},{"@type":"BreadcrumbList","@id":"https:\/\/clm-inclusiva.org\/?p=5702#breadcrumb","itemListElement":[{"@type":"ListItem","position":1,"name":"Portada","item":"https:\/\/clm-inclusiva.org\/"},{"@type":"ListItem","position":2,"name":"CLM Inclusiva COCEMFE presenta en Ciudad Real un programa de colaboraci\u00f3n con centros educativos para impulsar la empleabilidad juvenil"}]},{"@type":"WebSite","@id":"https:\/\/clm-inclusiva.org\/#website","url":"https:\/\/clm-inclusiva.org\/","name":"Clm-Inclusiva","description":"Confederaci\u00f3n de entidades de personas con discapacidad f\u00edsica y org\u00e1nica CLM","publisher":{"@id":"https:\/\/clm-inclusiva.org\/#organization"},"potentialAction":[{"@type":"SearchAction","target":{"@type":"EntryPoint","urlTemplate":"https:\/\/clm-inclusiva.org\/?s={search_term_string}"},"query-input":"required name=search_term_string"}],"inLanguage":"es"},{"@type":"Organization","@id":"https:\/\/clm-inclusiva.org\/#organization","name":"Clm-Inclusiva","url":"https:\/\/clm-inclusiva.org\/","logo":{"@type":"ImageObject","inLanguage":"es","@id":"https:\/\/clm-inclusiva.org\/#\/schema\/logo\/image\/","url":"http:\/\/clm-inclusiva.org\/wp-content\/uploads\/2019\/04\/banner-e1533720812836.jpg","contentUrl":"http:\/\/clm-inclusiva.org\/wp-content\/uploads\/2019\/04\/banner-e1533720812836.jpg","width":600,"height":332,"caption":"Clm-Inclusiva"},"image":{"@id":"https:\/\/clm-inclusiva.org\/#\/schema\/logo\/image\/"},"sameAs":["https:\/\/www.facebook.com\/castillalamancha.inclusiva\/","https:\/\/twitter.com\/ClmInclusiva"]},{"@type":"Person","@id":"https:\/\/clm-inclusiva.org\/#\/schema\/person\/5fa4d3f0c2e665bc0585991f70262537","name":"Ana Viller","image":{"@type":"ImageObject","inLanguage":"es","@id":"https:\/\/clm-inclusiva.org\/#\/schema\/person\/image\/","url":"https:\/\/secure.gravatar.com\/avatar\/914232fded40810feda5a1ac3a2fe405?s=96&d=blank&r=g","contentUrl":"https:\/\/secure.gravatar.com\/avatar\/914232fded40810feda5a1ac3a2fe405?s=96&d=blank&r=g","caption":"Ana Viller"},"url":"https:\/\/clm-inclusiva.org\/?author=10"}]}},"_links":{"self":[{"href":"https:\/\/clm-inclusiva.org\/index.php?rest_route=\/wp\/v2\/posts\/5702"}],"collection":[{"href":"https:\/\/clm-inclusiva.org\/index.php?rest_route=\/wp\/v2\/posts"}],"about":[{"href":"https:\/\/clm-inclusiva.org\/index.php?rest_route=\/wp\/v2\/types\/post"}],"author":[{"embeddable":true,"href":"https:\/\/clm-inclusiva.org\/index.php?rest_route=\/wp\/v2\/users\/10"}],"replies":[{"embeddable":true,"href":"https:\/\/clm-inclusiva.org\/index.php?rest_route=%2Fwp%2Fv2%2Fcomments&post=5702"}],"version-history":[{"count":2,"href":"https:\/\/clm-inclusiva.org\/index.php?rest_route=\/wp\/v2\/posts\/5702\/revisions"}],"predecessor-version":[{"id":5706,"href":"https:\/\/clm-inclusiva.org\/index.php?rest_route=\/wp\/v2\/posts\/5702\/revisions\/5706"}],"wp:featuredmedia":[{"embeddable":true,"href":"https:\/\/clm-inclusiva.org\/index.php?rest_route=\/wp\/v2\/media\/5704"}],"wp:attachment":[{"href":"https:\/\/clm-inclusiva.org\/index.php?rest_route=%2Fwp%2Fv2%2Fmedia&parent=5702"}],"wp:term":[{"taxonomy":"category","embeddable":true,"href":"https:\/\/clm-inclusiva.org\/index.php?rest_route=%2Fwp%2Fv2%2Fcategories&post=5702"},{"taxonomy":"post_tag","embeddable":true,"href":"https:\/\/clm-inclusiva.org\/index.php?rest_route=%2Fwp%2Fv2%2Ftags&post=5702"}],"curies":[{"name":"wp","href":"https:\/\/api.w.org\/{rel}","templated":true}]}}