{"id":5675,"date":"2025-10-01T11:16:24","date_gmt":"2025-10-01T09:16:24","guid":{"rendered":"https:\/\/clm-inclusiva.org\/?p=5675"},"modified":"2025-10-01T11:16:24","modified_gmt":"2025-10-01T09:16:24","slug":"cinco-personas-con-discapacidad-psicosocial-finalizan-en-tarancon-la-formacion-en-auxiliar-administrativo-con-opciones-reales-de-empleo","status":"publish","type":"post","link":"https:\/\/clm-inclusiva.org\/?p=5675","title":{"rendered":"Cinco personas con discapacidad psicosocial finalizan en Taranc\u00f3n la formaci\u00f3n en auxiliar administrativo con opciones reales de empleo"},"content":{"rendered":"<p><img decoding=\"async\" loading=\"lazy\" class=\"alignnone size-medium wp-image-5676\" src=\"http:\/\/clm-inclusiva.org\/wp-content\/uploads\/2025\/10\/Imagen-de-WhatsApp-2025-09-30-a-las-13.51.00_4daa19b8-225x300.jpg\" alt=\"\" width=\"225\" height=\"300\" \/> <img decoding=\"async\" loading=\"lazy\" class=\"alignnone size-medium wp-image-5677\" src=\"http:\/\/clm-inclusiva.org\/wp-content\/uploads\/2025\/10\/Imagen-de-WhatsApp-2025-09-30-a-las-13.51.13_b7f99f0e-225x300.jpg\" alt=\"\" width=\"225\" height=\"300\" \/> <img decoding=\"async\" loading=\"lazy\" class=\"alignnone size-medium wp-image-5678\" src=\"http:\/\/clm-inclusiva.org\/wp-content\/uploads\/2025\/10\/Imagen-de-WhatsApp-2025-09-30-a-las-13.51.32_cc289970-225x300.jpg\" alt=\"\" width=\"225\" height=\"300\" \/><\/p>\n<blockquote>\n<h3 style=\"text-align: left;\"><strong>Cinco personas con discapacidad psicosocial finalizan en Taranc\u00f3n la formaci\u00f3n en auxiliar administrativo con opciones reales de empleo. <\/strong><\/h3>\n<\/blockquote>\n<ul>\n<li><strong>CLM Inclusiva COCEMFE clausura en Taranc\u00f3n la acci\u00f3n formativa \u201cauxiliar administrativo y ofim\u00e1tica b\u00e1sica\u201d, que se enmarca dentro de la operaci\u00f3n UNO A UNO \u201cConecta con tu Futuro: Taranc\u00f3n\u201d. <\/strong><\/li>\n<li><strong>CLM INCLUSIVA COCEMFE forma a 5 personas con discapacidad psicosocial en la especialidad de auxiliar administrativo y ofim\u00e1tica b\u00e1sica.<\/strong><\/li>\n<\/ul>\n<p>&nbsp;<\/p>\n<p>Toledo, 30 de septiembre de 2025<\/p>\n<p><strong>La Confederaci\u00f3n de entidades de personas con discapacidad f\u00edsica y org\u00e1nica de Castilla-La Mancha, CLM INCLUSIVA COCEMFE<\/strong>, ha clausurado en <strong>Taranc\u00f3n<\/strong>, la operaci\u00f3n para la formaci\u00f3n dirigida a personas con discapacidad bajo el t\u00edtulo de <strong>\u201cauxiliar administrativo y ofim\u00e1tica b\u00e1sica<\/strong>\u201d que se enmarca dentro de la operaci\u00f3n <strong>UNO A UNO<\/strong> <strong>\u201cConecta con tu futuro: Taranc\u00f3n<\/strong>\u201d.<\/p>\n<p>Con una duraci\u00f3n total de <strong>350 horas,<\/strong> se ha formado a <strong>5 personas que con discapacidad psicosocial<\/strong>. La acci\u00f3n formativa \u201cauxiliar administrativa y ofim\u00e1tica b\u00e1sica\u201d, <strong>se ha repartido en 180 horas, dividida en dos m\u00f3dulos de 90 horas cada uno.<\/strong> Trat\u00e1ndose el primero de tareas b\u00e1sicas de oficina; introducci\u00f3n a las TIC, comunicaci\u00f3n, gesti\u00f3n de documentos, atenci\u00f3n al cliente y al p\u00fablico. Y el segundo de ofim\u00e1tica; uno de programas de procesamiento de textos, hojas de c\u00e1lculo y presentaciones.<\/p>\n<p>Adem\u00e1s, <strong>se han repartido 65 horas en sesiones grupales <\/strong>para el empoderamiento, entrenamiento y puesta en valor de las habilidades personales y sociales, desarrollo de la autonom\u00eda y autoestima, mejora de las competencias para el trabajo en equipo o comunicaci\u00f3n y acercamiento a los recursos de educaci\u00f3n, empleo, formaci\u00f3n u ocio.<\/p>\n<p>As\u00ed como <strong>105 horas de trabajo individual<\/strong> a trav\u00e9s de tutor\u00edas y entrevistas personalizadas que han recibido los alumnos.<strong>\u00a0<\/strong><\/p>\n<p>Durante los meses en los que se ha desarrollado la formaci\u00f3n, se han cumplido los <strong>objetivos pautados.<\/strong> El alumnado ha mejorado la condici\u00f3n y posici\u00f3n ante el empleo y su inclusi\u00f3n plena a trav\u00e9s del desarrollo de itinerarios con activaci\u00f3n-orientaci\u00f3n-intervenci\u00f3n y entrenamiento en habilidades laborales.<\/p>\n<p>Dos de los alumnos participantes han activado su proceso de b\u00fasqueda de empleo participando en diferentes procesos de selecci\u00f3n y realizando diferentes entrevistas. Cuatro de las alumnas contin\u00faan form\u00e1ndose en el \u00e1rea por diferentes v\u00edas formales.<\/p>\n<p><strong>Carlos Mora, coordinar regional de la Confederaci\u00f3n<\/strong> ha destacado que \u201cal finalizar el curso, ya tenemos usuarios que se han incorporado a trabajar. Es una buena din\u00e1mica la que estamos consiguiendo, as\u00ed que os animo a que no desist\u00e1is en la b\u00fasqueda de empleo\u201d.<\/p>\n<p>Por parte de <strong>Raquel Benavente, concejala de Servicios Sociales, Educaci\u00f3n y Pol\u00edticas Inclusivas de Taranc\u00f3n, <\/strong>ha agradecido a la Confederaci\u00f3n por \u201ceste tipo de cursos, poder formar a alumnos y hacer que el camino sea m\u00e1s f\u00e1cil. Enhorabuena tambi\u00e9n a los alumnos por el curso que hab\u00e9is hecho, animo a que sig\u00e1is form\u00e1ndoos y a no tener miedo a pedir un puesto de trabajo\u201d.<\/p>\n<p>As\u00ed mismo, <strong>Marta Montero, miembro de la junta directiva de CLM Inclusiva y presidenta de COCEMFE Cuenca, <\/strong>ha se\u00f1alado que \u201cseguimos peleando por vosotros porque realmente lo que queremos es que consig\u00e1is una inserci\u00f3n laboral, que esos conocimientos os enriquezcan personalmente y, despu\u00e9s conseguir esa inserci\u00f3n que dese\u00e1is tanto vosotros como nosotros\u201d.<\/p>\n<p>Al acto han asistido Carlos Mora, el coordinador regional, Raquel Benavente, concejala de Servicios Sociales, Educaci\u00f3n y Pol\u00edticas Inclusivas del Ayuntamiento de Taranc\u00f3n, Marta Montero miembro de la junta directiva de CLM Inclusiva y presidenta de COCEMFE Cuenca, alumnos y alumnas que han participado en la acci\u00f3n formativa.<\/p>\n<p>Desde nuestra entidad agradecemos a todos ellos su colaboraci\u00f3n y su compromiso con la inclusi\u00f3n laboral de las personas con discapacidad.<\/p>\n<p>Actualmente desde el servicio de intermediaci\u00f3n laboral de Castilla La Mancha Inclusiva, se presta apoyo a 76 personas colaborando con 23 empresas. Adem\u00e1s, se ha logrado un total de 21 inserciones. Se trabaja por afianzar las l\u00edneas de colaboraci\u00f3n emprendidas y ampliarlas para establecer canales de cooperaci\u00f3n que beneficien la inclusi\u00f3n de las personas con discapacidad.<\/p>\n<p>Convocatoria de ayudas econ\u00f3micas para la selecci\u00f3n de operaciones para el refuerzo de la empleabilidad para personas con discapacidad \u201cpsicosocial\u201d \u2013 a\u00f1o 2024- 2025.\u00a0 Programa estatal FSE + de inclusi\u00f3n social, garant\u00eda infantil y lucha contra la pobreza 2021-2027.<\/p>\n<p><em>La Confederaci\u00f3n de entidades de personas con discapacidad f\u00edsica y org\u00e1nica Castilla-La Mancha INCLUSIVA COCEMFE se constituy\u00f3 en el a\u00f1o 2017. Agrupa a casi un centenar de entidades que representan casi a 10.000 personas con discapacidad. Se encuentra compuesta por las federaciones provinciales, COCEMFE Albacete, COCEMFE Guadalajara, COCEMFE Toledo, COCEMFE Cuenca y Ciudad Real INCLUSIVA, as\u00ed como las entidades de car\u00e1cter regional AFANION, LUNA, AIDISCAM CLM y la asociaci\u00f3n nacional AMIAB. El objetivo fundamental de la confederaci\u00f3n es articular y vertebrar en nuestra regi\u00f3n el asociacionismo de la discapacidad f\u00edsica y org\u00e1nica, desde la unidad y respeto al pluralismo, para desarrollar una acci\u00f3n representativa efectiva en defensas de los derechos e intereses de las personas con discapacidad y sus familias.<\/em><\/p>\n<p>Para m\u00e1s informaci\u00f3n<\/p>\n<p><img decoding=\"async\" loading=\"lazy\" class=\"alignnone wp-image-5656\" src=\"http:\/\/clm-inclusiva.org\/wp-content\/uploads\/2025\/09\/Captura-de-pantalla-2025-09-10-111200-300x127.jpg\" alt=\"\" width=\"307\" height=\"130\" \/><\/p>\n","protected":false},"excerpt":{"rendered":"<p>Cinco personas con discapacidad psicosocial finalizan en Taranc\u00f3n la formaci\u00f3n en auxiliar administrativo con opciones reales de empleo. CLM Inclusiva COCEMFE clausura en Taranc\u00f3n la acci\u00f3n formativa \u201cauxiliar administrativo y ofim\u00e1tica b\u00e1sica\u201d, que se enmarca dentro de la operaci\u00f3n UNO A UNO \u201cConecta con tu Futuro: Taranc\u00f3n\u201d. CLM INCLUSIVA COCEMFE forma a 5 personas con [&hellip;]<\/p>\n","protected":false},"author":1,"featured_media":5678,"comment_status":"open","ping_status":"open","sticky":false,"template":"","format":"standard","meta":{"_et_pb_use_builder":"","_et_pb_old_content":"","_et_gb_content_width":"","footnotes":""},"categories":[39,4,47,5,8],"tags":[],"yoast_head":"<!-- This site is optimized with the Yoast SEO plugin v21.3 - https:\/\/yoast.com\/wordpress\/plugins\/seo\/ -->\n<title>Cinco personas con discapacidad psicosocial finalizan en Taranc\u00f3n la formaci\u00f3n en auxiliar administrativo con opciones reales de empleo - Clm-Inclusiva<\/title>\n<meta name=\"robots\" content=\"index, follow, max-snippet:-1, max-image-preview:large, max-video-preview:-1\" \/>\n<link rel=\"canonical\" href=\"https:\/\/clm-inclusiva.org\/?p=5675\" \/>\n<meta property=\"og:locale\" content=\"es_ES\" \/>\n<meta property=\"og:type\" content=\"article\" \/>\n<meta property=\"og:title\" content=\"Cinco personas con discapacidad psicosocial finalizan en Taranc\u00f3n la formaci\u00f3n en auxiliar administrativo con opciones reales de empleo - Clm-Inclusiva\" \/>\n<meta property=\"og:description\" content=\"Cinco personas con discapacidad psicosocial finalizan en Taranc\u00f3n la formaci\u00f3n en auxiliar administrativo con opciones reales de empleo. CLM Inclusiva COCEMFE clausura en Taranc\u00f3n la acci\u00f3n formativa \u201cauxiliar administrativo y ofim\u00e1tica b\u00e1sica\u201d, que se enmarca dentro de la operaci\u00f3n UNO A UNO \u201cConecta con tu Futuro: Taranc\u00f3n\u201d. CLM INCLUSIVA COCEMFE forma a 5 personas con [&hellip;]\" \/>\n<meta property=\"og:url\" content=\"https:\/\/clm-inclusiva.org\/?p=5675\" \/>\n<meta property=\"og:site_name\" content=\"Clm-Inclusiva\" \/>\n<meta property=\"article:publisher\" content=\"https:\/\/www.facebook.com\/castillalamancha.inclusiva\/\" \/>\n<meta property=\"article:published_time\" content=\"2025-10-01T09:16:24+00:00\" \/>\n<meta property=\"og:image\" content=\"http:\/\/clm-inclusiva.org\/wp-content\/uploads\/2025\/10\/Imagen-de-WhatsApp-2025-09-30-a-las-13.51.32_cc289970.jpg\" \/>\n\t<meta property=\"og:image:width\" content=\"1200\" \/>\n\t<meta property=\"og:image:height\" content=\"1600\" \/>\n\t<meta property=\"og:image:type\" content=\"image\/jpeg\" \/>\n<meta name=\"author\" content=\"clm-inclusiva\" \/>\n<meta name=\"twitter:card\" content=\"summary_large_image\" \/>\n<meta name=\"twitter:creator\" content=\"@ClmInclusiva\" \/>\n<meta name=\"twitter:site\" content=\"@ClmInclusiva\" \/>\n<meta name=\"twitter:label1\" content=\"Escrito por\" \/>\n\t<meta name=\"twitter:data1\" content=\"clm-inclusiva\" \/>\n\t<meta name=\"twitter:label2\" content=\"Tiempo de lectura\" \/>\n\t<meta name=\"twitter:data2\" content=\"5 minutos\" \/>\n<script type=\"application\/ld+json\" class=\"yoast-schema-graph\">{\"@context\":\"https:\/\/schema.org\",\"@graph\":[{\"@type\":\"Article\",\"@id\":\"https:\/\/clm-inclusiva.org\/?p=5675#article\",\"isPartOf\":{\"@id\":\"https:\/\/clm-inclusiva.org\/?p=5675\"},\"author\":{\"name\":\"clm-inclusiva\",\"@id\":\"https:\/\/clm-inclusiva.org\/#\/schema\/person\/0cff84aaa5bb8fd3521c55d1578d902b\"},\"headline\":\"Cinco personas con discapacidad psicosocial finalizan en Taranc\u00f3n la formaci\u00f3n en auxiliar administrativo con opciones reales de empleo\",\"datePublished\":\"2025-10-01T09:16:24+00:00\",\"dateModified\":\"2025-10-01T09:16:24+00:00\",\"mainEntityOfPage\":{\"@id\":\"https:\/\/clm-inclusiva.org\/?p=5675\"},\"wordCount\":913,\"commentCount\":0,\"publisher\":{\"@id\":\"https:\/\/clm-inclusiva.org\/#organization\"},\"articleSection\":[\"Bienestar social\",\"Clm inclusiva\",\"cocemfe\",\"Discapacidad\",\"Sociedad\"],\"inLanguage\":\"es\",\"potentialAction\":[{\"@type\":\"CommentAction\",\"name\":\"Comment\",\"target\":[\"https:\/\/clm-inclusiva.org\/?p=5675#respond\"]}]},{\"@type\":\"WebPage\",\"@id\":\"https:\/\/clm-inclusiva.org\/?p=5675\",\"url\":\"https:\/\/clm-inclusiva.org\/?p=5675\",\"name\":\"Cinco personas con discapacidad psicosocial finalizan en Taranc\u00f3n la formaci\u00f3n en auxiliar administrativo con opciones reales de empleo - Clm-Inclusiva\",\"isPartOf\":{\"@id\":\"https:\/\/clm-inclusiva.org\/#website\"},\"datePublished\":\"2025-10-01T09:16:24+00:00\",\"dateModified\":\"2025-10-01T09:16:24+00:00\",\"breadcrumb\":{\"@id\":\"https:\/\/clm-inclusiva.org\/?p=5675#breadcrumb\"},\"inLanguage\":\"es\",\"potentialAction\":[{\"@type\":\"ReadAction\",\"target\":[\"https:\/\/clm-inclusiva.org\/?p=5675\"]}]},{\"@type\":\"BreadcrumbList\",\"@id\":\"https:\/\/clm-inclusiva.org\/?p=5675#breadcrumb\",\"itemListElement\":[{\"@type\":\"ListItem\",\"position\":1,\"name\":\"Portada\",\"item\":\"https:\/\/clm-inclusiva.org\/\"},{\"@type\":\"ListItem\",\"position\":2,\"name\":\"Cinco personas con discapacidad psicosocial finalizan en Taranc\u00f3n la formaci\u00f3n en auxiliar administrativo con opciones reales de empleo\"}]},{\"@type\":\"WebSite\",\"@id\":\"https:\/\/clm-inclusiva.org\/#website\",\"url\":\"https:\/\/clm-inclusiva.org\/\",\"name\":\"Clm-Inclusiva\",\"description\":\"Confederaci\u00f3n de entidades de personas con discapacidad f\u00edsica y org\u00e1nica CLM\",\"publisher\":{\"@id\":\"https:\/\/clm-inclusiva.org\/#organization\"},\"potentialAction\":[{\"@type\":\"SearchAction\",\"target\":{\"@type\":\"EntryPoint\",\"urlTemplate\":\"https:\/\/clm-inclusiva.org\/?s={search_term_string}\"},\"query-input\":\"required name=search_term_string\"}],\"inLanguage\":\"es\"},{\"@type\":\"Organization\",\"@id\":\"https:\/\/clm-inclusiva.org\/#organization\",\"name\":\"Clm-Inclusiva\",\"url\":\"https:\/\/clm-inclusiva.org\/\",\"logo\":{\"@type\":\"ImageObject\",\"inLanguage\":\"es\",\"@id\":\"https:\/\/clm-inclusiva.org\/#\/schema\/logo\/image\/\",\"url\":\"http:\/\/clm-inclusiva.org\/wp-content\/uploads\/2019\/04\/banner-e1533720812836.jpg\",\"contentUrl\":\"http:\/\/clm-inclusiva.org\/wp-content\/uploads\/2019\/04\/banner-e1533720812836.jpg\",\"width\":600,\"height\":332,\"caption\":\"Clm-Inclusiva\"},\"image\":{\"@id\":\"https:\/\/clm-inclusiva.org\/#\/schema\/logo\/image\/\"},\"sameAs\":[\"https:\/\/www.facebook.com\/castillalamancha.inclusiva\/\",\"https:\/\/twitter.com\/ClmInclusiva\"]},{\"@type\":\"Person\",\"@id\":\"https:\/\/clm-inclusiva.org\/#\/schema\/person\/0cff84aaa5bb8fd3521c55d1578d902b\",\"name\":\"clm-inclusiva\",\"image\":{\"@type\":\"ImageObject\",\"inLanguage\":\"es\",\"@id\":\"https:\/\/clm-inclusiva.org\/#\/schema\/person\/image\/\",\"url\":\"https:\/\/secure.gravatar.com\/avatar\/88948567af770dc9cd5597b329011884?s=96&d=blank&r=g\",\"contentUrl\":\"https:\/\/secure.gravatar.com\/avatar\/88948567af770dc9cd5597b329011884?s=96&d=blank&r=g\",\"caption\":\"clm-inclusiva\"},\"sameAs\":[\"http:\/\/clm-inclusiva.org\"],\"url\":\"https:\/\/clm-inclusiva.org\/?author=1\"}]}<\/script>\n<!-- \/ Yoast SEO plugin. -->","yoast_head_json":{"title":"Cinco personas con discapacidad psicosocial finalizan en Taranc\u00f3n la formaci\u00f3n en auxiliar administrativo con opciones reales de empleo - Clm-Inclusiva","robots":{"index":"index","follow":"follow","max-snippet":"max-snippet:-1","max-image-preview":"max-image-preview:large","max-video-preview":"max-video-preview:-1"},"canonical":"https:\/\/clm-inclusiva.org\/?p=5675","og_locale":"es_ES","og_type":"article","og_title":"Cinco personas con discapacidad psicosocial finalizan en Taranc\u00f3n la formaci\u00f3n en auxiliar administrativo con opciones reales de empleo - Clm-Inclusiva","og_description":"Cinco personas con discapacidad psicosocial finalizan en Taranc\u00f3n la formaci\u00f3n en auxiliar administrativo con opciones reales de empleo. CLM Inclusiva COCEMFE clausura en Taranc\u00f3n la acci\u00f3n formativa \u201cauxiliar administrativo y ofim\u00e1tica b\u00e1sica\u201d, que se enmarca dentro de la operaci\u00f3n UNO A UNO \u201cConecta con tu Futuro: Taranc\u00f3n\u201d. CLM INCLUSIVA COCEMFE forma a 5 personas con [&hellip;]","og_url":"https:\/\/clm-inclusiva.org\/?p=5675","og_site_name":"Clm-Inclusiva","article_publisher":"https:\/\/www.facebook.com\/castillalamancha.inclusiva\/","article_published_time":"2025-10-01T09:16:24+00:00","og_image":[{"width":1200,"height":1600,"url":"http:\/\/clm-inclusiva.org\/wp-content\/uploads\/2025\/10\/Imagen-de-WhatsApp-2025-09-30-a-las-13.51.32_cc289970.jpg","type":"image\/jpeg"}],"author":"clm-inclusiva","twitter_card":"summary_large_image","twitter_creator":"@ClmInclusiva","twitter_site":"@ClmInclusiva","twitter_misc":{"Escrito por":"clm-inclusiva","Tiempo de lectura":"5 minutos"},"schema":{"@context":"https:\/\/schema.org","@graph":[{"@type":"Article","@id":"https:\/\/clm-inclusiva.org\/?p=5675#article","isPartOf":{"@id":"https:\/\/clm-inclusiva.org\/?p=5675"},"author":{"name":"clm-inclusiva","@id":"https:\/\/clm-inclusiva.org\/#\/schema\/person\/0cff84aaa5bb8fd3521c55d1578d902b"},"headline":"Cinco personas con discapacidad psicosocial finalizan en Taranc\u00f3n la formaci\u00f3n en auxiliar administrativo con opciones reales de empleo","datePublished":"2025-10-01T09:16:24+00:00","dateModified":"2025-10-01T09:16:24+00:00","mainEntityOfPage":{"@id":"https:\/\/clm-inclusiva.org\/?p=5675"},"wordCount":913,"commentCount":0,"publisher":{"@id":"https:\/\/clm-inclusiva.org\/#organization"},"articleSection":["Bienestar social","Clm inclusiva","cocemfe","Discapacidad","Sociedad"],"inLanguage":"es","potentialAction":[{"@type":"CommentAction","name":"Comment","target":["https:\/\/clm-inclusiva.org\/?p=5675#respond"]}]},{"@type":"WebPage","@id":"https:\/\/clm-inclusiva.org\/?p=5675","url":"https:\/\/clm-inclusiva.org\/?p=5675","name":"Cinco personas con discapacidad psicosocial finalizan en Taranc\u00f3n la formaci\u00f3n en auxiliar administrativo con opciones reales de empleo - Clm-Inclusiva","isPartOf":{"@id":"https:\/\/clm-inclusiva.org\/#website"},"datePublished":"2025-10-01T09:16:24+00:00","dateModified":"2025-10-01T09:16:24+00:00","breadcrumb":{"@id":"https:\/\/clm-inclusiva.org\/?p=5675#breadcrumb"},"inLanguage":"es","potentialAction":[{"@type":"ReadAction","target":["https:\/\/clm-inclusiva.org\/?p=5675"]}]},{"@type":"BreadcrumbList","@id":"https:\/\/clm-inclusiva.org\/?p=5675#breadcrumb","itemListElement":[{"@type":"ListItem","position":1,"name":"Portada","item":"https:\/\/clm-inclusiva.org\/"},{"@type":"ListItem","position":2,"name":"Cinco personas con discapacidad psicosocial finalizan en Taranc\u00f3n la formaci\u00f3n en auxiliar administrativo con opciones reales de empleo"}]},{"@type":"WebSite","@id":"https:\/\/clm-inclusiva.org\/#website","url":"https:\/\/clm-inclusiva.org\/","name":"Clm-Inclusiva","description":"Confederaci\u00f3n de entidades de personas con discapacidad f\u00edsica y org\u00e1nica CLM","publisher":{"@id":"https:\/\/clm-inclusiva.org\/#organization"},"potentialAction":[{"@type":"SearchAction","target":{"@type":"EntryPoint","urlTemplate":"https:\/\/clm-inclusiva.org\/?s={search_term_string}"},"query-input":"required name=search_term_string"}],"inLanguage":"es"},{"@type":"Organization","@id":"https:\/\/clm-inclusiva.org\/#organization","name":"Clm-Inclusiva","url":"https:\/\/clm-inclusiva.org\/","logo":{"@type":"ImageObject","inLanguage":"es","@id":"https:\/\/clm-inclusiva.org\/#\/schema\/logo\/image\/","url":"http:\/\/clm-inclusiva.org\/wp-content\/uploads\/2019\/04\/banner-e1533720812836.jpg","contentUrl":"http:\/\/clm-inclusiva.org\/wp-content\/uploads\/2019\/04\/banner-e1533720812836.jpg","width":600,"height":332,"caption":"Clm-Inclusiva"},"image":{"@id":"https:\/\/clm-inclusiva.org\/#\/schema\/logo\/image\/"},"sameAs":["https:\/\/www.facebook.com\/castillalamancha.inclusiva\/","https:\/\/twitter.com\/ClmInclusiva"]},{"@type":"Person","@id":"https:\/\/clm-inclusiva.org\/#\/schema\/person\/0cff84aaa5bb8fd3521c55d1578d902b","name":"clm-inclusiva","image":{"@type":"ImageObject","inLanguage":"es","@id":"https:\/\/clm-inclusiva.org\/#\/schema\/person\/image\/","url":"https:\/\/secure.gravatar.com\/avatar\/88948567af770dc9cd5597b329011884?s=96&d=blank&r=g","contentUrl":"https:\/\/secure.gravatar.com\/avatar\/88948567af770dc9cd5597b329011884?s=96&d=blank&r=g","caption":"clm-inclusiva"},"sameAs":["http:\/\/clm-inclusiva.org"],"url":"https:\/\/clm-inclusiva.org\/?author=1"}]}},"_links":{"self":[{"href":"https:\/\/clm-inclusiva.org\/index.php?rest_route=\/wp\/v2\/posts\/5675"}],"collection":[{"href":"https:\/\/clm-inclusiva.org\/index.php?rest_route=\/wp\/v2\/posts"}],"about":[{"href":"https:\/\/clm-inclusiva.org\/index.php?rest_route=\/wp\/v2\/types\/post"}],"author":[{"embeddable":true,"href":"https:\/\/clm-inclusiva.org\/index.php?rest_route=\/wp\/v2\/users\/1"}],"replies":[{"embeddable":true,"href":"https:\/\/clm-inclusiva.org\/index.php?rest_route=%2Fwp%2Fv2%2Fcomments&post=5675"}],"version-history":[{"count":1,"href":"https:\/\/clm-inclusiva.org\/index.php?rest_route=\/wp\/v2\/posts\/5675\/revisions"}],"predecessor-version":[{"id":5679,"href":"https:\/\/clm-inclusiva.org\/index.php?rest_route=\/wp\/v2\/posts\/5675\/revisions\/5679"}],"wp:featuredmedia":[{"embeddable":true,"href":"https:\/\/clm-inclusiva.org\/index.php?rest_route=\/wp\/v2\/media\/5678"}],"wp:attachment":[{"href":"https:\/\/clm-inclusiva.org\/index.php?rest_route=%2Fwp%2Fv2%2Fmedia&parent=5675"}],"wp:term":[{"taxonomy":"category","embeddable":true,"href":"https:\/\/clm-inclusiva.org\/index.php?rest_route=%2Fwp%2Fv2%2Fcategories&post=5675"},{"taxonomy":"post_tag","embeddable":true,"href":"https:\/\/clm-inclusiva.org\/index.php?rest_route=%2Fwp%2Fv2%2Ftags&post=5675"}],"curies":[{"name":"wp","href":"https:\/\/api.w.org\/{rel}","templated":true}]}}