{"id":5671,"date":"2025-09-30T10:51:42","date_gmt":"2025-09-30T08:51:42","guid":{"rendered":"https:\/\/clm-inclusiva.org\/?p=5671"},"modified":"2025-09-30T10:51:42","modified_gmt":"2025-09-30T08:51:42","slug":"exito-en-la-formacion-conseguido-un-50-de-insercion-laboral","status":"publish","type":"post","link":"https:\/\/clm-inclusiva.org\/?p=5671","title":{"rendered":"\u00c9xito en la formaci\u00f3n: conseguido un 50% de inserci\u00f3n laboral"},"content":{"rendered":"<p><img decoding=\"async\" loading=\"lazy\" class=\"alignnone size-medium wp-image-5672\" src=\"http:\/\/clm-inclusiva.org\/wp-content\/uploads\/2025\/09\/Imagen-de-WhatsApp-2025-09-29-a-las-13.45.52_85588bdf-225x300.jpg\" alt=\"\" width=\"225\" height=\"300\" \/> <img decoding=\"async\" loading=\"lazy\" class=\"alignnone size-medium wp-image-5673\" src=\"http:\/\/clm-inclusiva.org\/wp-content\/uploads\/2025\/09\/Imagen-de-WhatsApp-2025-09-29-a-las-13.46.06_11c1fe42-225x300.jpg\" alt=\"\" width=\"225\" height=\"300\" \/><\/p>\n<blockquote>\n<h3 style=\"text-align: left;\"><strong>\u00c9xito en la formaci\u00f3n: conseguido un 50% de inserci\u00f3n laboral. <\/strong><\/h3>\n<\/blockquote>\n<ul>\n<li><strong>CLM Inclusiva COCEMFE clausura en Cuenca la acci\u00f3n formativa \u201catenci\u00f3n sociosanitaria y asistente personal\u201d, que se enmarca dentro de la operaci\u00f3n Uno a Uno \u201cConecta con tu Futuro: Cuenca\u201d. <\/strong><\/li>\n<li><strong>El proyecto propuesto ha consolidado a las personas participantes para que puedan acceder a oportunidades laborales y contribuir en la econom\u00eda de Cuenca.<\/strong><\/li>\n<\/ul>\n<p>&nbsp;<\/p>\n<p>Toledo, 29 de septiembre de 2025<\/p>\n<p><strong>La Confederaci\u00f3n de entidades de personas con discapacidad f\u00edsica y org\u00e1nica de Castilla-La Mancha, CLM INCLUSIVA COCEMFE<\/strong>, ha clausurado en <strong>Cuenca<\/strong>, la operaci\u00f3n para la formaci\u00f3n dirigida a personas con discapacidad bajo el t\u00edtulo de <strong>\u201catenci\u00f3n sociosanitaria y asistente personal\u201d <\/strong>que se enmarca dentro de la operaci\u00f3n <strong>Uno A Uno \u201cConecta con tu futuro: Cuenca<\/strong>\u201d.<\/p>\n<p>Con una duraci\u00f3n total de <strong>320 horas,<\/strong> se ha formado a <strong>10 personas con discapacidad<\/strong>. La formaci\u00f3n se ha repartido en <strong>200 horas de formaci\u00f3n te\u00f3rica y 120 horas de formaci\u00f3n en el puesto de trabajo. <\/strong><\/p>\n<p>Durante los meses en los que se ha desarrollado la formaci\u00f3n, se han cumplido los <strong>objetivos pautados.<\/strong> El alumnado ha adquirido las aptitudes, habilidades y competencias necesarias para desarrollar una ocupaci\u00f3n vinculada a la atenci\u00f3n sociosanitaria y asistente personal y, poder acceder a oportunidades laborales y contribuir positivamente a la sociedad y econom\u00eda de Cuenca.<\/p>\n<p><strong>Carlos Mora, coordinar regional <\/strong>ha se\u00f1alado que \u201chay que agradecer la implicaci\u00f3n que se ha tenido dentro del curso ya que para muchos y muchas la realidad empieza al finalizar el curso\u201d. Adem\u00e1s, ha querido recalcar que \u201cbuscamos siempre alianzas entre administraci\u00f3n p\u00fablica, empresas privadas y entidades sociales\u201d.<\/p>\n<p><strong>Irene, gerocultora de la empresa colaboradora Planiger S.A, <\/strong>ha subrayado que \u201clos participantes han sido capaces de desarrollar las competencias y habilidades\u201d. Adem\u00e1s, ha agradecido la colaboraci\u00f3n del movimiento asociativo por dar oportunidades reales donde empresas como la suya, apuestan por una inserci\u00f3n laboral del colectivo con discapacidad.<\/p>\n<p>Al acto han asistido Carlos Mora, coordinador regional de CLM Inclusiva COCEMFE, Marta Montero, presidenta de COCEMFE Cuenca y, miembro de la junta directiva de CLM Inclusiva, los alumnos y alumnas que han finalizado la formaci\u00f3n y los representantes de las empresas colaboradoras: Planiger S.A, Ayuntamiento de Villalba de la Sierra y Eulen Sociosanitarios S.A, donde los alumnos y las alumnas han realizado las pr\u00e1cticas.<\/p>\n<p>Desde nuestra entidad agradecemos a todos ellos su colaboraci\u00f3n y su compromiso con la inclusi\u00f3n laboral de las personas con discapacidad.<\/p>\n<p>Conecta con tu futuro Cuenca, est\u00e1 enmarcada en la convocatoria de ayudas econ\u00f3micas para la selecci\u00f3n de operaciones para el refuerzo de la empleabilidad para personas con discapacidad \u201cUno a Uno\u201d 2024-2025. Programa estatal FSE + de empleo juvenil 2021-2027.<\/p>\n<p><em>La Confederaci\u00f3n de entidades de personas con discapacidad f\u00edsica y org\u00e1nica Castilla-La Mancha INCLUSIVA COCEMFE se constituy\u00f3 en el a\u00f1o 2017. Agrupa a casi un centenar de entidades que representan casi a 10.000 personas con discapacidad. Se encuentra compuesta por las federaciones provinciales, COCEMFE Albacete, COCEMFE Guadalajara, COCEMFE Toledo, COCEMFE Cuenca y Ciudad Real INCLUSIVA, as\u00ed como las entidades de car\u00e1cter regional AFANION, LUNA, AIDISCAM CLM y la asociaci\u00f3n nacional AMIAB. El objetivo fundamental de la confederaci\u00f3n es articular y vertebrar en nuestra regi\u00f3n el asociacionismo de la discapacidad f\u00edsica y org\u00e1nica, desde la unidad y respeto al pluralismo, para desarrollar una acci\u00f3n representativa efectiva en defensas de los derechos e intereses de las personas con discapacidad y sus familias.<\/em><\/p>\n<p>Para m\u00e1s informaci\u00f3n<\/p>\n<p><img decoding=\"async\" loading=\"lazy\" class=\"alignnone wp-image-5656\" src=\"http:\/\/clm-inclusiva.org\/wp-content\/uploads\/2025\/09\/Captura-de-pantalla-2025-09-10-111200-300x127.jpg\" alt=\"\" width=\"307\" height=\"130\" \/><\/p>\n","protected":false},"excerpt":{"rendered":"<p>\u00c9xito en la formaci\u00f3n: conseguido un 50% de inserci\u00f3n laboral. CLM Inclusiva COCEMFE clausura en Cuenca la acci\u00f3n formativa \u201catenci\u00f3n sociosanitaria y asistente personal\u201d, que se enmarca dentro de la operaci\u00f3n Uno a Uno \u201cConecta con tu Futuro: Cuenca\u201d. El proyecto propuesto ha consolidado a las personas participantes para que puedan acceder a oportunidades laborales [&hellip;]<\/p>\n","protected":false},"author":1,"featured_media":5672,"comment_status":"open","ping_status":"open","sticky":false,"template":"","format":"standard","meta":{"_et_pb_use_builder":"","_et_pb_old_content":"","_et_gb_content_width":"","footnotes":""},"categories":[39,4,47,5,8],"tags":[],"yoast_head":"<!-- This site is optimized with the Yoast SEO plugin v21.3 - https:\/\/yoast.com\/wordpress\/plugins\/seo\/ -->\n<title>\u00c9xito en la formaci\u00f3n: conseguido un 50% de inserci\u00f3n laboral - Clm-Inclusiva<\/title>\n<meta name=\"robots\" content=\"index, follow, max-snippet:-1, max-image-preview:large, max-video-preview:-1\" \/>\n<link rel=\"canonical\" href=\"https:\/\/clm-inclusiva.org\/?p=5671\" \/>\n<meta property=\"og:locale\" content=\"es_ES\" \/>\n<meta property=\"og:type\" content=\"article\" \/>\n<meta property=\"og:title\" content=\"\u00c9xito en la formaci\u00f3n: conseguido un 50% de inserci\u00f3n laboral - Clm-Inclusiva\" \/>\n<meta property=\"og:description\" content=\"\u00c9xito en la formaci\u00f3n: conseguido un 50% de inserci\u00f3n laboral. CLM Inclusiva COCEMFE clausura en Cuenca la acci\u00f3n formativa \u201catenci\u00f3n sociosanitaria y asistente personal\u201d, que se enmarca dentro de la operaci\u00f3n Uno a Uno \u201cConecta con tu Futuro: Cuenca\u201d. El proyecto propuesto ha consolidado a las personas participantes para que puedan acceder a oportunidades laborales [&hellip;]\" \/>\n<meta property=\"og:url\" content=\"https:\/\/clm-inclusiva.org\/?p=5671\" \/>\n<meta property=\"og:site_name\" content=\"Clm-Inclusiva\" \/>\n<meta property=\"article:publisher\" content=\"https:\/\/www.facebook.com\/castillalamancha.inclusiva\/\" \/>\n<meta property=\"article:published_time\" content=\"2025-09-30T08:51:42+00:00\" \/>\n<meta property=\"og:image\" content=\"http:\/\/clm-inclusiva.org\/wp-content\/uploads\/2025\/09\/Imagen-de-WhatsApp-2025-09-29-a-las-13.45.52_85588bdf.jpg\" \/>\n\t<meta property=\"og:image:width\" content=\"1200\" \/>\n\t<meta property=\"og:image:height\" content=\"1600\" \/>\n\t<meta property=\"og:image:type\" content=\"image\/jpeg\" \/>\n<meta name=\"author\" content=\"clm-inclusiva\" \/>\n<meta name=\"twitter:card\" content=\"summary_large_image\" \/>\n<meta name=\"twitter:creator\" content=\"@ClmInclusiva\" \/>\n<meta name=\"twitter:site\" content=\"@ClmInclusiva\" \/>\n<meta name=\"twitter:label1\" content=\"Escrito por\" \/>\n\t<meta name=\"twitter:data1\" content=\"clm-inclusiva\" \/>\n\t<meta name=\"twitter:label2\" content=\"Tiempo de lectura\" \/>\n\t<meta name=\"twitter:data2\" content=\"4 minutos\" \/>\n<script type=\"application\/ld+json\" class=\"yoast-schema-graph\">{\"@context\":\"https:\/\/schema.org\",\"@graph\":[{\"@type\":\"Article\",\"@id\":\"https:\/\/clm-inclusiva.org\/?p=5671#article\",\"isPartOf\":{\"@id\":\"https:\/\/clm-inclusiva.org\/?p=5671\"},\"author\":{\"name\":\"clm-inclusiva\",\"@id\":\"https:\/\/clm-inclusiva.org\/#\/schema\/person\/0cff84aaa5bb8fd3521c55d1578d902b\"},\"headline\":\"\u00c9xito en la formaci\u00f3n: conseguido un 50% de inserci\u00f3n laboral\",\"datePublished\":\"2025-09-30T08:51:42+00:00\",\"dateModified\":\"2025-09-30T08:51:42+00:00\",\"mainEntityOfPage\":{\"@id\":\"https:\/\/clm-inclusiva.org\/?p=5671\"},\"wordCount\":614,\"commentCount\":0,\"publisher\":{\"@id\":\"https:\/\/clm-inclusiva.org\/#organization\"},\"articleSection\":[\"Bienestar social\",\"Clm inclusiva\",\"cocemfe\",\"Discapacidad\",\"Sociedad\"],\"inLanguage\":\"es\",\"potentialAction\":[{\"@type\":\"CommentAction\",\"name\":\"Comment\",\"target\":[\"https:\/\/clm-inclusiva.org\/?p=5671#respond\"]}]},{\"@type\":\"WebPage\",\"@id\":\"https:\/\/clm-inclusiva.org\/?p=5671\",\"url\":\"https:\/\/clm-inclusiva.org\/?p=5671\",\"name\":\"\u00c9xito en la formaci\u00f3n: conseguido un 50% de inserci\u00f3n laboral - Clm-Inclusiva\",\"isPartOf\":{\"@id\":\"https:\/\/clm-inclusiva.org\/#website\"},\"datePublished\":\"2025-09-30T08:51:42+00:00\",\"dateModified\":\"2025-09-30T08:51:42+00:00\",\"breadcrumb\":{\"@id\":\"https:\/\/clm-inclusiva.org\/?p=5671#breadcrumb\"},\"inLanguage\":\"es\",\"potentialAction\":[{\"@type\":\"ReadAction\",\"target\":[\"https:\/\/clm-inclusiva.org\/?p=5671\"]}]},{\"@type\":\"BreadcrumbList\",\"@id\":\"https:\/\/clm-inclusiva.org\/?p=5671#breadcrumb\",\"itemListElement\":[{\"@type\":\"ListItem\",\"position\":1,\"name\":\"Portada\",\"item\":\"https:\/\/clm-inclusiva.org\/\"},{\"@type\":\"ListItem\",\"position\":2,\"name\":\"\u00c9xito en la formaci\u00f3n: conseguido un 50% de inserci\u00f3n laboral\"}]},{\"@type\":\"WebSite\",\"@id\":\"https:\/\/clm-inclusiva.org\/#website\",\"url\":\"https:\/\/clm-inclusiva.org\/\",\"name\":\"Clm-Inclusiva\",\"description\":\"Confederaci\u00f3n de entidades de personas con discapacidad f\u00edsica y org\u00e1nica CLM\",\"publisher\":{\"@id\":\"https:\/\/clm-inclusiva.org\/#organization\"},\"potentialAction\":[{\"@type\":\"SearchAction\",\"target\":{\"@type\":\"EntryPoint\",\"urlTemplate\":\"https:\/\/clm-inclusiva.org\/?s={search_term_string}\"},\"query-input\":\"required name=search_term_string\"}],\"inLanguage\":\"es\"},{\"@type\":\"Organization\",\"@id\":\"https:\/\/clm-inclusiva.org\/#organization\",\"name\":\"Clm-Inclusiva\",\"url\":\"https:\/\/clm-inclusiva.org\/\",\"logo\":{\"@type\":\"ImageObject\",\"inLanguage\":\"es\",\"@id\":\"https:\/\/clm-inclusiva.org\/#\/schema\/logo\/image\/\",\"url\":\"http:\/\/clm-inclusiva.org\/wp-content\/uploads\/2019\/04\/banner-e1533720812836.jpg\",\"contentUrl\":\"http:\/\/clm-inclusiva.org\/wp-content\/uploads\/2019\/04\/banner-e1533720812836.jpg\",\"width\":600,\"height\":332,\"caption\":\"Clm-Inclusiva\"},\"image\":{\"@id\":\"https:\/\/clm-inclusiva.org\/#\/schema\/logo\/image\/\"},\"sameAs\":[\"https:\/\/www.facebook.com\/castillalamancha.inclusiva\/\",\"https:\/\/twitter.com\/ClmInclusiva\"]},{\"@type\":\"Person\",\"@id\":\"https:\/\/clm-inclusiva.org\/#\/schema\/person\/0cff84aaa5bb8fd3521c55d1578d902b\",\"name\":\"clm-inclusiva\",\"image\":{\"@type\":\"ImageObject\",\"inLanguage\":\"es\",\"@id\":\"https:\/\/clm-inclusiva.org\/#\/schema\/person\/image\/\",\"url\":\"https:\/\/secure.gravatar.com\/avatar\/88948567af770dc9cd5597b329011884?s=96&d=blank&r=g\",\"contentUrl\":\"https:\/\/secure.gravatar.com\/avatar\/88948567af770dc9cd5597b329011884?s=96&d=blank&r=g\",\"caption\":\"clm-inclusiva\"},\"sameAs\":[\"http:\/\/clm-inclusiva.org\"],\"url\":\"https:\/\/clm-inclusiva.org\/?author=1\"}]}<\/script>\n<!-- \/ Yoast SEO plugin. -->","yoast_head_json":{"title":"\u00c9xito en la formaci\u00f3n: conseguido un 50% de inserci\u00f3n laboral - Clm-Inclusiva","robots":{"index":"index","follow":"follow","max-snippet":"max-snippet:-1","max-image-preview":"max-image-preview:large","max-video-preview":"max-video-preview:-1"},"canonical":"https:\/\/clm-inclusiva.org\/?p=5671","og_locale":"es_ES","og_type":"article","og_title":"\u00c9xito en la formaci\u00f3n: conseguido un 50% de inserci\u00f3n laboral - Clm-Inclusiva","og_description":"\u00c9xito en la formaci\u00f3n: conseguido un 50% de inserci\u00f3n laboral. CLM Inclusiva COCEMFE clausura en Cuenca la acci\u00f3n formativa \u201catenci\u00f3n sociosanitaria y asistente personal\u201d, que se enmarca dentro de la operaci\u00f3n Uno a Uno \u201cConecta con tu Futuro: Cuenca\u201d. El proyecto propuesto ha consolidado a las personas participantes para que puedan acceder a oportunidades laborales [&hellip;]","og_url":"https:\/\/clm-inclusiva.org\/?p=5671","og_site_name":"Clm-Inclusiva","article_publisher":"https:\/\/www.facebook.com\/castillalamancha.inclusiva\/","article_published_time":"2025-09-30T08:51:42+00:00","og_image":[{"width":1200,"height":1600,"url":"http:\/\/clm-inclusiva.org\/wp-content\/uploads\/2025\/09\/Imagen-de-WhatsApp-2025-09-29-a-las-13.45.52_85588bdf.jpg","type":"image\/jpeg"}],"author":"clm-inclusiva","twitter_card":"summary_large_image","twitter_creator":"@ClmInclusiva","twitter_site":"@ClmInclusiva","twitter_misc":{"Escrito por":"clm-inclusiva","Tiempo de lectura":"4 minutos"},"schema":{"@context":"https:\/\/schema.org","@graph":[{"@type":"Article","@id":"https:\/\/clm-inclusiva.org\/?p=5671#article","isPartOf":{"@id":"https:\/\/clm-inclusiva.org\/?p=5671"},"author":{"name":"clm-inclusiva","@id":"https:\/\/clm-inclusiva.org\/#\/schema\/person\/0cff84aaa5bb8fd3521c55d1578d902b"},"headline":"\u00c9xito en la formaci\u00f3n: conseguido un 50% de inserci\u00f3n laboral","datePublished":"2025-09-30T08:51:42+00:00","dateModified":"2025-09-30T08:51:42+00:00","mainEntityOfPage":{"@id":"https:\/\/clm-inclusiva.org\/?p=5671"},"wordCount":614,"commentCount":0,"publisher":{"@id":"https:\/\/clm-inclusiva.org\/#organization"},"articleSection":["Bienestar social","Clm inclusiva","cocemfe","Discapacidad","Sociedad"],"inLanguage":"es","potentialAction":[{"@type":"CommentAction","name":"Comment","target":["https:\/\/clm-inclusiva.org\/?p=5671#respond"]}]},{"@type":"WebPage","@id":"https:\/\/clm-inclusiva.org\/?p=5671","url":"https:\/\/clm-inclusiva.org\/?p=5671","name":"\u00c9xito en la formaci\u00f3n: conseguido un 50% de inserci\u00f3n laboral - Clm-Inclusiva","isPartOf":{"@id":"https:\/\/clm-inclusiva.org\/#website"},"datePublished":"2025-09-30T08:51:42+00:00","dateModified":"2025-09-30T08:51:42+00:00","breadcrumb":{"@id":"https:\/\/clm-inclusiva.org\/?p=5671#breadcrumb"},"inLanguage":"es","potentialAction":[{"@type":"ReadAction","target":["https:\/\/clm-inclusiva.org\/?p=5671"]}]},{"@type":"BreadcrumbList","@id":"https:\/\/clm-inclusiva.org\/?p=5671#breadcrumb","itemListElement":[{"@type":"ListItem","position":1,"name":"Portada","item":"https:\/\/clm-inclusiva.org\/"},{"@type":"ListItem","position":2,"name":"\u00c9xito en la formaci\u00f3n: conseguido un 50% de inserci\u00f3n laboral"}]},{"@type":"WebSite","@id":"https:\/\/clm-inclusiva.org\/#website","url":"https:\/\/clm-inclusiva.org\/","name":"Clm-Inclusiva","description":"Confederaci\u00f3n de entidades de personas con discapacidad f\u00edsica y org\u00e1nica CLM","publisher":{"@id":"https:\/\/clm-inclusiva.org\/#organization"},"potentialAction":[{"@type":"SearchAction","target":{"@type":"EntryPoint","urlTemplate":"https:\/\/clm-inclusiva.org\/?s={search_term_string}"},"query-input":"required name=search_term_string"}],"inLanguage":"es"},{"@type":"Organization","@id":"https:\/\/clm-inclusiva.org\/#organization","name":"Clm-Inclusiva","url":"https:\/\/clm-inclusiva.org\/","logo":{"@type":"ImageObject","inLanguage":"es","@id":"https:\/\/clm-inclusiva.org\/#\/schema\/logo\/image\/","url":"http:\/\/clm-inclusiva.org\/wp-content\/uploads\/2019\/04\/banner-e1533720812836.jpg","contentUrl":"http:\/\/clm-inclusiva.org\/wp-content\/uploads\/2019\/04\/banner-e1533720812836.jpg","width":600,"height":332,"caption":"Clm-Inclusiva"},"image":{"@id":"https:\/\/clm-inclusiva.org\/#\/schema\/logo\/image\/"},"sameAs":["https:\/\/www.facebook.com\/castillalamancha.inclusiva\/","https:\/\/twitter.com\/ClmInclusiva"]},{"@type":"Person","@id":"https:\/\/clm-inclusiva.org\/#\/schema\/person\/0cff84aaa5bb8fd3521c55d1578d902b","name":"clm-inclusiva","image":{"@type":"ImageObject","inLanguage":"es","@id":"https:\/\/clm-inclusiva.org\/#\/schema\/person\/image\/","url":"https:\/\/secure.gravatar.com\/avatar\/88948567af770dc9cd5597b329011884?s=96&d=blank&r=g","contentUrl":"https:\/\/secure.gravatar.com\/avatar\/88948567af770dc9cd5597b329011884?s=96&d=blank&r=g","caption":"clm-inclusiva"},"sameAs":["http:\/\/clm-inclusiva.org"],"url":"https:\/\/clm-inclusiva.org\/?author=1"}]}},"_links":{"self":[{"href":"https:\/\/clm-inclusiva.org\/index.php?rest_route=\/wp\/v2\/posts\/5671"}],"collection":[{"href":"https:\/\/clm-inclusiva.org\/index.php?rest_route=\/wp\/v2\/posts"}],"about":[{"href":"https:\/\/clm-inclusiva.org\/index.php?rest_route=\/wp\/v2\/types\/post"}],"author":[{"embeddable":true,"href":"https:\/\/clm-inclusiva.org\/index.php?rest_route=\/wp\/v2\/users\/1"}],"replies":[{"embeddable":true,"href":"https:\/\/clm-inclusiva.org\/index.php?rest_route=%2Fwp%2Fv2%2Fcomments&post=5671"}],"version-history":[{"count":1,"href":"https:\/\/clm-inclusiva.org\/index.php?rest_route=\/wp\/v2\/posts\/5671\/revisions"}],"predecessor-version":[{"id":5674,"href":"https:\/\/clm-inclusiva.org\/index.php?rest_route=\/wp\/v2\/posts\/5671\/revisions\/5674"}],"wp:featuredmedia":[{"embeddable":true,"href":"https:\/\/clm-inclusiva.org\/index.php?rest_route=\/wp\/v2\/media\/5672"}],"wp:attachment":[{"href":"https:\/\/clm-inclusiva.org\/index.php?rest_route=%2Fwp%2Fv2%2Fmedia&parent=5671"}],"wp:term":[{"taxonomy":"category","embeddable":true,"href":"https:\/\/clm-inclusiva.org\/index.php?rest_route=%2Fwp%2Fv2%2Fcategories&post=5671"},{"taxonomy":"post_tag","embeddable":true,"href":"https:\/\/clm-inclusiva.org\/index.php?rest_route=%2Fwp%2Fv2%2Ftags&post=5671"}],"curies":[{"name":"wp","href":"https:\/\/api.w.org\/{rel}","templated":true}]}}