{"id":5665,"date":"2025-09-23T22:22:03","date_gmt":"2025-09-23T20:22:03","guid":{"rendered":"https:\/\/clm-inclusiva.org\/?p=5665"},"modified":"2025-09-23T22:22:03","modified_gmt":"2025-09-23T20:22:03","slug":"ejemplo-de-colaboracion-entre-administracion-publica-empresas-privadas-y-entidades-sociales","status":"publish","type":"post","link":"https:\/\/clm-inclusiva.org\/?p=5665","title":{"rendered":"Ejemplo de colaboraci\u00f3n entre administraci\u00f3n p\u00fablica, empresas privadas y entidades sociales"},"content":{"rendered":"<p><img decoding=\"async\" loading=\"lazy\" class=\"alignnone size-medium wp-image-5666\" src=\"http:\/\/clm-inclusiva.org\/wp-content\/uploads\/2025\/09\/Imagen-de-WhatsApp-2025-09-23-a-las-15.32.57_2cb23d7e-225x300.jpg\" alt=\"\" width=\"225\" height=\"300\" \/> <img decoding=\"async\" loading=\"lazy\" class=\"alignnone size-medium wp-image-5667\" src=\"http:\/\/clm-inclusiva.org\/wp-content\/uploads\/2025\/09\/Imagen-de-WhatsApp-2025-09-23-a-las-15.32.57_3220d705-225x300.jpg\" alt=\"\" width=\"225\" height=\"300\" \/> <img decoding=\"async\" loading=\"lazy\" class=\"alignnone size-medium wp-image-5668\" src=\"http:\/\/clm-inclusiva.org\/wp-content\/uploads\/2025\/09\/Imagen-de-WhatsApp-2025-09-23-a-las-15.32.57_a08dbd07-225x300.jpg\" alt=\"\" width=\"225\" height=\"300\" \/> <img decoding=\"async\" loading=\"lazy\" class=\"alignnone size-medium wp-image-5669\" src=\"http:\/\/clm-inclusiva.org\/wp-content\/uploads\/2025\/09\/Imagen-de-WhatsApp-2025-09-23-a-las-15.36.31_8fdd9e10-225x300.jpg\" alt=\"\" width=\"225\" height=\"300\" \/><\/p>\n<blockquote>\n<h3 style=\"text-align: left;\"><strong>Ejemplo de colaboraci\u00f3n entre administraci\u00f3n p\u00fablica, empresas privadas y entidades sociales. <\/strong><\/h3>\n<\/blockquote>\n<ul>\n<li><strong>CLM Inclusiva COCEMFE clausura en Ciudad Real la acci\u00f3n formativa \u201cTelemarketing, community manager y redes sociales\u201d, que se enmarca dentro de la operaci\u00f3n Uno a Uno \u201cConecta con tu Futuro\u201d. <\/strong><\/li>\n<li><strong>El proyecto propuesto ha consolidado a las personas participantes para que puedan acceder a oportunidades laborales y contribuir en la econom\u00eda de Ciudad Real. <\/strong><\/li>\n<\/ul>\n<p>&nbsp;<\/p>\n<p>Toledo, 23 de septiembre de 2025<\/p>\n<p><strong>La Confederaci\u00f3n de entidades de personas con discapacidad f\u00edsica y org\u00e1nica de Castilla-La Mancha, CLM INCLUSIVA COCEMFE<\/strong>, ha clausurado en <strong>Ciudad Real<\/strong>, la operaci\u00f3n para la formaci\u00f3n dirigida a personas con discapacidad bajo el t\u00edtulo de <strong>\u201cTelemarketing, community manager y redes sociales<\/strong>\u201d que se enmarca dentro de la operaci\u00f3n <strong>Uno A Uno \u201cConecta con tu futuro<\/strong>\u201d.<\/p>\n<p>Con una duraci\u00f3n total de <strong>320 horas,<\/strong> se ha formado a <strong>10 personas con discapacidad<\/strong>. La formaci\u00f3n se ha repartido en <strong>200 horas de formaci\u00f3n te\u00f3rica y 120 horas de formaci\u00f3n en el puesto de trabajo.<\/strong><\/p>\n<p>Durante los meses en los que se ha desarrollado la formaci\u00f3n, se han cumplido los <strong>objetivos pautados.<\/strong> El alumnado ha adquirido las aptitudes, habilidades y competencias necesarias para desarrollar una ocupaci\u00f3n vinculada a la comunicaci\u00f3n digital y, poder acceder a oportunidades laborales y contribuir positivamente a la sociedad y econom\u00eda de Ciudad Real.<\/p>\n<p><strong>\u00c1ngel Pablo Sendarrubias, vicepresidente de CLM Inclusiva<\/strong>, ha se\u00f1alado que \u201cuno de los objetivos que nos planteamos en 2022, cuando llegamos Ciudad Real, era poder dar una atenci\u00f3n a todas las personas con discapacidad en la provincia y, 3 a\u00f1os despu\u00e9s podemos decir que m\u00e1s de 600 personas han pasado por nuestros servicios, con la satisfacci\u00f3n de que 100 personas han tenido contacto con el mundo laboral\u201d.<\/p>\n<p>Por parte de <strong>Roc\u00edo Zarco, diputada provincial de la Diputaci\u00f3n de Ciudad Real, <\/strong>ha destacado que \u201cvamos a seguir colaborando con estos programas porque\u00a0\u00a0 consideramos que las pol\u00edticas sociales son una inversi\u00f3n en conseguir esa integraci\u00f3n real de todas las personas con discapacidad\u201d.<\/p>\n<p><strong>Francisco Ca\u00f1izares Jim\u00e9nez, alcalde del Ayuntamiento de Ciudad Real, <\/strong>ha agradecido el trabajo haciendo saber que \u201cos recibimos con los brazos abiertos para proyectos futuros, haciendo un favor a las administraciones abriendo una puerta a la discapacidad y lo hac\u00e9is con mucha calidad\u201d.<\/p>\n<p>Al acto han asistido Francisco Ca\u00f1izares Jim\u00e9nez, alcalde del Ayuntamiento de Ciudad Real, Aurora Galisteo, concejala de Servicios Sociales del Ayuntamiento de Ciudad Real, as\u00ed como los representantes de las empresas colaboradoras: Diputaci\u00f3n de Ciudad Real, Ayuntamiento de Ciudad Real, Ayuntamiento de Moral de Calatrava, CEX, Inmobiliaria Gestiona Real Estate, Radio Banda Ancha CR, Serendipia libros SL, donde los alumnos y las alumnas han realizado las pr\u00e1cticas.<\/p>\n<p>Desde nuestra entidad agradecemos a todos ellos su colaboraci\u00f3n y su compromiso con la inclusi\u00f3n laboral de las personas con discapacidad.<\/p>\n<p>Esta formaci\u00f3n est\u00e1 financiada por la Fundaci\u00f3n ONCE y la Uni\u00f3n Europea en el marco de la Convocatoria de ayudas econ\u00f3micas para la selecci\u00f3n de operaciones para el refuerzo de la empleabilidad para personas con discapacidad \u201cUNO A UNO\u201d 2024- 2025.\u00a0 Programa estatal FSE + de empleo juvenil 2021-2027.<\/p>\n<p>&nbsp;<\/p>\n<p><em>La Confederaci\u00f3n de entidades de personas con discapacidad f\u00edsica y org\u00e1nica Castilla-La Mancha INCLUSIVA COCEMFE se constituy\u00f3 en el a\u00f1o 2017. Agrupa a casi un centenar de entidades que representan casi a 10.000 personas con discapacidad. Se encuentra compuesta por las federaciones provinciales, COCEMFE Albacete, COCEMFE Guadalajara, COCEMFE Toledo, COCEMFE Cuenca y Ciudad Real INCLUSIVA, as\u00ed como las entidades de car\u00e1cter regional AFANION, LUNA, AIDISCAM CLM y la asociaci\u00f3n nacional AMIAB. El objetivo fundamental de la confederaci\u00f3n es articular y vertebrar en nuestra regi\u00f3n el asociacionismo de la discapacidad f\u00edsica y org\u00e1nica, desde la unidad y respeto al pluralismo, para desarrollar una acci\u00f3n representativa efectiva en defensas de los derechos e intereses de las personas con discapacidad y sus familias.<\/em><\/p>\n<p>Para m\u00e1s informaci\u00f3n<\/p>\n<p><img decoding=\"async\" loading=\"lazy\" class=\"alignnone wp-image-5656\" src=\"http:\/\/clm-inclusiva.org\/wp-content\/uploads\/2025\/09\/Captura-de-pantalla-2025-09-10-111200-300x127.jpg\" alt=\"\" width=\"307\" height=\"130\" \/><\/p>\n","protected":false},"excerpt":{"rendered":"<p>Ejemplo de colaboraci\u00f3n entre administraci\u00f3n p\u00fablica, empresas privadas y entidades sociales. CLM Inclusiva COCEMFE clausura en Ciudad Real la acci\u00f3n formativa \u201cTelemarketing, community manager y redes sociales\u201d, que se enmarca dentro de la operaci\u00f3n Uno a Uno \u201cConecta con tu Futuro\u201d. El proyecto propuesto ha consolidado a las personas participantes para que puedan acceder a [&hellip;]<\/p>\n","protected":false},"author":1,"featured_media":5667,"comment_status":"open","ping_status":"open","sticky":false,"template":"","format":"standard","meta":{"_et_pb_use_builder":"","_et_pb_old_content":"","_et_gb_content_width":"","footnotes":""},"categories":[39,4,47,5,8],"tags":[],"yoast_head":"<!-- This site is optimized with the Yoast SEO plugin v21.3 - https:\/\/yoast.com\/wordpress\/plugins\/seo\/ -->\n<title>Ejemplo de colaboraci\u00f3n entre administraci\u00f3n p\u00fablica, empresas privadas y entidades sociales - Clm-Inclusiva<\/title>\n<meta name=\"robots\" content=\"index, follow, max-snippet:-1, max-image-preview:large, max-video-preview:-1\" \/>\n<link rel=\"canonical\" href=\"https:\/\/clm-inclusiva.org\/?p=5665\" \/>\n<meta property=\"og:locale\" content=\"es_ES\" \/>\n<meta property=\"og:type\" content=\"article\" \/>\n<meta property=\"og:title\" content=\"Ejemplo de colaboraci\u00f3n entre administraci\u00f3n p\u00fablica, empresas privadas y entidades sociales - Clm-Inclusiva\" \/>\n<meta property=\"og:description\" content=\"Ejemplo de colaboraci\u00f3n entre administraci\u00f3n p\u00fablica, empresas privadas y entidades sociales. CLM Inclusiva COCEMFE clausura en Ciudad Real la acci\u00f3n formativa \u201cTelemarketing, community manager y redes sociales\u201d, que se enmarca dentro de la operaci\u00f3n Uno a Uno \u201cConecta con tu Futuro\u201d. El proyecto propuesto ha consolidado a las personas participantes para que puedan acceder a [&hellip;]\" \/>\n<meta property=\"og:url\" content=\"https:\/\/clm-inclusiva.org\/?p=5665\" \/>\n<meta property=\"og:site_name\" content=\"Clm-Inclusiva\" \/>\n<meta property=\"article:publisher\" content=\"https:\/\/www.facebook.com\/castillalamancha.inclusiva\/\" \/>\n<meta property=\"article:published_time\" content=\"2025-09-23T20:22:03+00:00\" \/>\n<meta property=\"og:image\" content=\"http:\/\/clm-inclusiva.org\/wp-content\/uploads\/2025\/09\/Imagen-de-WhatsApp-2025-09-23-a-las-15.32.57_3220d705.jpg\" \/>\n\t<meta property=\"og:image:width\" content=\"1200\" \/>\n\t<meta property=\"og:image:height\" content=\"1600\" \/>\n\t<meta property=\"og:image:type\" content=\"image\/jpeg\" \/>\n<meta name=\"author\" content=\"clm-inclusiva\" \/>\n<meta name=\"twitter:card\" content=\"summary_large_image\" \/>\n<meta name=\"twitter:creator\" content=\"@ClmInclusiva\" \/>\n<meta name=\"twitter:site\" content=\"@ClmInclusiva\" \/>\n<meta name=\"twitter:label1\" content=\"Escrito por\" \/>\n\t<meta name=\"twitter:data1\" content=\"clm-inclusiva\" \/>\n\t<meta name=\"twitter:label2\" content=\"Tiempo de lectura\" \/>\n\t<meta name=\"twitter:data2\" content=\"4 minutos\" \/>\n<script type=\"application\/ld+json\" class=\"yoast-schema-graph\">{\"@context\":\"https:\/\/schema.org\",\"@graph\":[{\"@type\":\"Article\",\"@id\":\"https:\/\/clm-inclusiva.org\/?p=5665#article\",\"isPartOf\":{\"@id\":\"https:\/\/clm-inclusiva.org\/?p=5665\"},\"author\":{\"name\":\"clm-inclusiva\",\"@id\":\"https:\/\/clm-inclusiva.org\/#\/schema\/person\/0cff84aaa5bb8fd3521c55d1578d902b\"},\"headline\":\"Ejemplo de colaboraci\u00f3n entre administraci\u00f3n p\u00fablica, empresas privadas y entidades sociales\",\"datePublished\":\"2025-09-23T20:22:03+00:00\",\"dateModified\":\"2025-09-23T20:22:03+00:00\",\"mainEntityOfPage\":{\"@id\":\"https:\/\/clm-inclusiva.org\/?p=5665\"},\"wordCount\":691,\"commentCount\":0,\"publisher\":{\"@id\":\"https:\/\/clm-inclusiva.org\/#organization\"},\"articleSection\":[\"Bienestar social\",\"Clm inclusiva\",\"cocemfe\",\"Discapacidad\",\"Sociedad\"],\"inLanguage\":\"es\",\"potentialAction\":[{\"@type\":\"CommentAction\",\"name\":\"Comment\",\"target\":[\"https:\/\/clm-inclusiva.org\/?p=5665#respond\"]}]},{\"@type\":\"WebPage\",\"@id\":\"https:\/\/clm-inclusiva.org\/?p=5665\",\"url\":\"https:\/\/clm-inclusiva.org\/?p=5665\",\"name\":\"Ejemplo de colaboraci\u00f3n entre administraci\u00f3n p\u00fablica, empresas privadas y entidades sociales - Clm-Inclusiva\",\"isPartOf\":{\"@id\":\"https:\/\/clm-inclusiva.org\/#website\"},\"datePublished\":\"2025-09-23T20:22:03+00:00\",\"dateModified\":\"2025-09-23T20:22:03+00:00\",\"breadcrumb\":{\"@id\":\"https:\/\/clm-inclusiva.org\/?p=5665#breadcrumb\"},\"inLanguage\":\"es\",\"potentialAction\":[{\"@type\":\"ReadAction\",\"target\":[\"https:\/\/clm-inclusiva.org\/?p=5665\"]}]},{\"@type\":\"BreadcrumbList\",\"@id\":\"https:\/\/clm-inclusiva.org\/?p=5665#breadcrumb\",\"itemListElement\":[{\"@type\":\"ListItem\",\"position\":1,\"name\":\"Portada\",\"item\":\"https:\/\/clm-inclusiva.org\/\"},{\"@type\":\"ListItem\",\"position\":2,\"name\":\"Ejemplo de colaboraci\u00f3n entre administraci\u00f3n p\u00fablica, empresas privadas y entidades sociales\"}]},{\"@type\":\"WebSite\",\"@id\":\"https:\/\/clm-inclusiva.org\/#website\",\"url\":\"https:\/\/clm-inclusiva.org\/\",\"name\":\"Clm-Inclusiva\",\"description\":\"Confederaci\u00f3n de entidades de personas con discapacidad f\u00edsica y org\u00e1nica CLM\",\"publisher\":{\"@id\":\"https:\/\/clm-inclusiva.org\/#organization\"},\"potentialAction\":[{\"@type\":\"SearchAction\",\"target\":{\"@type\":\"EntryPoint\",\"urlTemplate\":\"https:\/\/clm-inclusiva.org\/?s={search_term_string}\"},\"query-input\":\"required name=search_term_string\"}],\"inLanguage\":\"es\"},{\"@type\":\"Organization\",\"@id\":\"https:\/\/clm-inclusiva.org\/#organization\",\"name\":\"Clm-Inclusiva\",\"url\":\"https:\/\/clm-inclusiva.org\/\",\"logo\":{\"@type\":\"ImageObject\",\"inLanguage\":\"es\",\"@id\":\"https:\/\/clm-inclusiva.org\/#\/schema\/logo\/image\/\",\"url\":\"http:\/\/clm-inclusiva.org\/wp-content\/uploads\/2019\/04\/banner-e1533720812836.jpg\",\"contentUrl\":\"http:\/\/clm-inclusiva.org\/wp-content\/uploads\/2019\/04\/banner-e1533720812836.jpg\",\"width\":600,\"height\":332,\"caption\":\"Clm-Inclusiva\"},\"image\":{\"@id\":\"https:\/\/clm-inclusiva.org\/#\/schema\/logo\/image\/\"},\"sameAs\":[\"https:\/\/www.facebook.com\/castillalamancha.inclusiva\/\",\"https:\/\/twitter.com\/ClmInclusiva\"]},{\"@type\":\"Person\",\"@id\":\"https:\/\/clm-inclusiva.org\/#\/schema\/person\/0cff84aaa5bb8fd3521c55d1578d902b\",\"name\":\"clm-inclusiva\",\"image\":{\"@type\":\"ImageObject\",\"inLanguage\":\"es\",\"@id\":\"https:\/\/clm-inclusiva.org\/#\/schema\/person\/image\/\",\"url\":\"https:\/\/secure.gravatar.com\/avatar\/88948567af770dc9cd5597b329011884?s=96&d=blank&r=g\",\"contentUrl\":\"https:\/\/secure.gravatar.com\/avatar\/88948567af770dc9cd5597b329011884?s=96&d=blank&r=g\",\"caption\":\"clm-inclusiva\"},\"sameAs\":[\"http:\/\/clm-inclusiva.org\"],\"url\":\"https:\/\/clm-inclusiva.org\/?author=1\"}]}<\/script>\n<!-- \/ Yoast SEO plugin. -->","yoast_head_json":{"title":"Ejemplo de colaboraci\u00f3n entre administraci\u00f3n p\u00fablica, empresas privadas y entidades sociales - Clm-Inclusiva","robots":{"index":"index","follow":"follow","max-snippet":"max-snippet:-1","max-image-preview":"max-image-preview:large","max-video-preview":"max-video-preview:-1"},"canonical":"https:\/\/clm-inclusiva.org\/?p=5665","og_locale":"es_ES","og_type":"article","og_title":"Ejemplo de colaboraci\u00f3n entre administraci\u00f3n p\u00fablica, empresas privadas y entidades sociales - Clm-Inclusiva","og_description":"Ejemplo de colaboraci\u00f3n entre administraci\u00f3n p\u00fablica, empresas privadas y entidades sociales. CLM Inclusiva COCEMFE clausura en Ciudad Real la acci\u00f3n formativa \u201cTelemarketing, community manager y redes sociales\u201d, que se enmarca dentro de la operaci\u00f3n Uno a Uno \u201cConecta con tu Futuro\u201d. El proyecto propuesto ha consolidado a las personas participantes para que puedan acceder a [&hellip;]","og_url":"https:\/\/clm-inclusiva.org\/?p=5665","og_site_name":"Clm-Inclusiva","article_publisher":"https:\/\/www.facebook.com\/castillalamancha.inclusiva\/","article_published_time":"2025-09-23T20:22:03+00:00","og_image":[{"width":1200,"height":1600,"url":"http:\/\/clm-inclusiva.org\/wp-content\/uploads\/2025\/09\/Imagen-de-WhatsApp-2025-09-23-a-las-15.32.57_3220d705.jpg","type":"image\/jpeg"}],"author":"clm-inclusiva","twitter_card":"summary_large_image","twitter_creator":"@ClmInclusiva","twitter_site":"@ClmInclusiva","twitter_misc":{"Escrito por":"clm-inclusiva","Tiempo de lectura":"4 minutos"},"schema":{"@context":"https:\/\/schema.org","@graph":[{"@type":"Article","@id":"https:\/\/clm-inclusiva.org\/?p=5665#article","isPartOf":{"@id":"https:\/\/clm-inclusiva.org\/?p=5665"},"author":{"name":"clm-inclusiva","@id":"https:\/\/clm-inclusiva.org\/#\/schema\/person\/0cff84aaa5bb8fd3521c55d1578d902b"},"headline":"Ejemplo de colaboraci\u00f3n entre administraci\u00f3n p\u00fablica, empresas privadas y entidades sociales","datePublished":"2025-09-23T20:22:03+00:00","dateModified":"2025-09-23T20:22:03+00:00","mainEntityOfPage":{"@id":"https:\/\/clm-inclusiva.org\/?p=5665"},"wordCount":691,"commentCount":0,"publisher":{"@id":"https:\/\/clm-inclusiva.org\/#organization"},"articleSection":["Bienestar social","Clm inclusiva","cocemfe","Discapacidad","Sociedad"],"inLanguage":"es","potentialAction":[{"@type":"CommentAction","name":"Comment","target":["https:\/\/clm-inclusiva.org\/?p=5665#respond"]}]},{"@type":"WebPage","@id":"https:\/\/clm-inclusiva.org\/?p=5665","url":"https:\/\/clm-inclusiva.org\/?p=5665","name":"Ejemplo de colaboraci\u00f3n entre administraci\u00f3n p\u00fablica, empresas privadas y entidades sociales - Clm-Inclusiva","isPartOf":{"@id":"https:\/\/clm-inclusiva.org\/#website"},"datePublished":"2025-09-23T20:22:03+00:00","dateModified":"2025-09-23T20:22:03+00:00","breadcrumb":{"@id":"https:\/\/clm-inclusiva.org\/?p=5665#breadcrumb"},"inLanguage":"es","potentialAction":[{"@type":"ReadAction","target":["https:\/\/clm-inclusiva.org\/?p=5665"]}]},{"@type":"BreadcrumbList","@id":"https:\/\/clm-inclusiva.org\/?p=5665#breadcrumb","itemListElement":[{"@type":"ListItem","position":1,"name":"Portada","item":"https:\/\/clm-inclusiva.org\/"},{"@type":"ListItem","position":2,"name":"Ejemplo de colaboraci\u00f3n entre administraci\u00f3n p\u00fablica, empresas privadas y entidades sociales"}]},{"@type":"WebSite","@id":"https:\/\/clm-inclusiva.org\/#website","url":"https:\/\/clm-inclusiva.org\/","name":"Clm-Inclusiva","description":"Confederaci\u00f3n de entidades de personas con discapacidad f\u00edsica y org\u00e1nica CLM","publisher":{"@id":"https:\/\/clm-inclusiva.org\/#organization"},"potentialAction":[{"@type":"SearchAction","target":{"@type":"EntryPoint","urlTemplate":"https:\/\/clm-inclusiva.org\/?s={search_term_string}"},"query-input":"required name=search_term_string"}],"inLanguage":"es"},{"@type":"Organization","@id":"https:\/\/clm-inclusiva.org\/#organization","name":"Clm-Inclusiva","url":"https:\/\/clm-inclusiva.org\/","logo":{"@type":"ImageObject","inLanguage":"es","@id":"https:\/\/clm-inclusiva.org\/#\/schema\/logo\/image\/","url":"http:\/\/clm-inclusiva.org\/wp-content\/uploads\/2019\/04\/banner-e1533720812836.jpg","contentUrl":"http:\/\/clm-inclusiva.org\/wp-content\/uploads\/2019\/04\/banner-e1533720812836.jpg","width":600,"height":332,"caption":"Clm-Inclusiva"},"image":{"@id":"https:\/\/clm-inclusiva.org\/#\/schema\/logo\/image\/"},"sameAs":["https:\/\/www.facebook.com\/castillalamancha.inclusiva\/","https:\/\/twitter.com\/ClmInclusiva"]},{"@type":"Person","@id":"https:\/\/clm-inclusiva.org\/#\/schema\/person\/0cff84aaa5bb8fd3521c55d1578d902b","name":"clm-inclusiva","image":{"@type":"ImageObject","inLanguage":"es","@id":"https:\/\/clm-inclusiva.org\/#\/schema\/person\/image\/","url":"https:\/\/secure.gravatar.com\/avatar\/88948567af770dc9cd5597b329011884?s=96&d=blank&r=g","contentUrl":"https:\/\/secure.gravatar.com\/avatar\/88948567af770dc9cd5597b329011884?s=96&d=blank&r=g","caption":"clm-inclusiva"},"sameAs":["http:\/\/clm-inclusiva.org"],"url":"https:\/\/clm-inclusiva.org\/?author=1"}]}},"_links":{"self":[{"href":"https:\/\/clm-inclusiva.org\/index.php?rest_route=\/wp\/v2\/posts\/5665"}],"collection":[{"href":"https:\/\/clm-inclusiva.org\/index.php?rest_route=\/wp\/v2\/posts"}],"about":[{"href":"https:\/\/clm-inclusiva.org\/index.php?rest_route=\/wp\/v2\/types\/post"}],"author":[{"embeddable":true,"href":"https:\/\/clm-inclusiva.org\/index.php?rest_route=\/wp\/v2\/users\/1"}],"replies":[{"embeddable":true,"href":"https:\/\/clm-inclusiva.org\/index.php?rest_route=%2Fwp%2Fv2%2Fcomments&post=5665"}],"version-history":[{"count":1,"href":"https:\/\/clm-inclusiva.org\/index.php?rest_route=\/wp\/v2\/posts\/5665\/revisions"}],"predecessor-version":[{"id":5670,"href":"https:\/\/clm-inclusiva.org\/index.php?rest_route=\/wp\/v2\/posts\/5665\/revisions\/5670"}],"wp:featuredmedia":[{"embeddable":true,"href":"https:\/\/clm-inclusiva.org\/index.php?rest_route=\/wp\/v2\/media\/5667"}],"wp:attachment":[{"href":"https:\/\/clm-inclusiva.org\/index.php?rest_route=%2Fwp%2Fv2%2Fmedia&parent=5665"}],"wp:term":[{"taxonomy":"category","embeddable":true,"href":"https:\/\/clm-inclusiva.org\/index.php?rest_route=%2Fwp%2Fv2%2Fcategories&post=5665"},{"taxonomy":"post_tag","embeddable":true,"href":"https:\/\/clm-inclusiva.org\/index.php?rest_route=%2Fwp%2Fv2%2Ftags&post=5665"}],"curies":[{"name":"wp","href":"https:\/\/api.w.org\/{rel}","templated":true}]}}