{"id":5660,"date":"2025-09-18T11:28:59","date_gmt":"2025-09-18T09:28:59","guid":{"rendered":"https:\/\/clm-inclusiva.org\/?p=5660"},"modified":"2025-09-18T11:30:52","modified_gmt":"2025-09-18T09:30:52","slug":"castilla-la-mancha-inclusiva-cocemfe-exige-una-movilidad-verdaderamente-accesible-en-toda-castilla-la-mancha","status":"publish","type":"post","link":"https:\/\/clm-inclusiva.org\/?p=5660","title":{"rendered":"Castilla-La Mancha Inclusiva COCEMFE exige una movilidad verdaderamente accesible en toda Castilla La Mancha"},"content":{"rendered":"<p><img decoding=\"async\" loading=\"lazy\" class=\" wp-image-5661 aligncenter\" src=\"http:\/\/clm-inclusiva.org\/wp-content\/uploads\/2025\/09\/movilidad-difuminada-300x165.png\" alt=\"\" width=\"362\" height=\"199\" \/><\/p>\n<blockquote>\n<h3 style=\"text-align: left;\"><strong>Castilla-La Mancha Inclusiva COCEMFE exige una movilidad verdaderamente accesible en toda Castilla La Mancha<\/strong><\/h3>\n<\/blockquote>\n<ul>\n<li><strong>En la Semana Europea de la Movilidad, Castilla-La Mancha Inclusiva COCEMFE y su movimiento asociativo hacen un llamamiento para garantizar una movilidad accesible y libre de barreras para todas las personas, especialmente aquellas con discapacidad f\u00edsica y org\u00e1nica.<\/strong><\/li>\n<li><strong>Castilla-La Mancha Inclusiva COCEMFE anima a toda la ciudadan\u00eda a utilizar AccesibilidApp, una aplicaci\u00f3n gratuita desarrollada por la entidad que permite geolocalizar y comunicar incidencias y barreras de accesibilidad que se encuentran en la v\u00eda y en los servicios de transporte. <\/strong><\/li>\n<li><strong>Desde la entidad castellanomanchega se prepara el lanzamiento del Servicio Regional de Accesibilidad para usuarios, entidades y administraci\u00f3n p\u00fablica. <\/strong><\/li>\n<\/ul>\n<p>&nbsp;<\/p>\n<p>Toledo, 17 de septiembre de 2025<\/p>\n<p>Con motivo de la Semana Europea de la Movilidad, que se celebra del 16 al 22 de septiembre bajo el lema <em>&#8220;Movilidad para todas las personas&#8221;,<\/em> CLM Inclusiva COCEMFE y COCEMFE nacional hacen un llamamiento a las administraciones y operadores de transporte para garantizar una movilidad accesible y libre de barreras para todas las personas, especialmente aquellas con discapacidad f\u00edsica y org\u00e1nica.<\/p>\n<p>A pesar de los avances normativos y la creciente sensibilizaci\u00f3n social, la accesibilidad plena en el transporte est\u00e1 lejos de ser una realidad. Las personas con discapacidad se enfrentan a una preocupante desigualdad en el acceso a los diferentes modos de transporte, desde el tren y el avi\u00f3n, hasta los autobuses urbanos, interurbanos, taxis y servicios de VTC.<\/p>\n<p>Seg\u00fan datos recogidos por el Movimiento Asociativo de COCEMFE, solo un 18% de las estaciones de tren son accesibles, y gran parte de la red de cercan\u00edas y media distancia no cumple los requisitos m\u00ednimos de accesibilidad. En el \u00e1mbito a\u00e9reo, persisten deficiencias graves como la ausencia de aseos adaptados o el da\u00f1o frecuente a productos de apoyo como sillas de ruedas.<\/p>\n<p>Tambi\u00e9n se identifican problemas recurrentes en los autobuses, como rampas inoperativas, la escasez de plazas para sillas de ruedas, la falta de paradas accesibles o la obligaci\u00f3n de reservar con antelaci\u00f3n los viajes para poder disponer de veh\u00edculos adaptados, una situaci\u00f3n que afecta de manera especial en los entornos rurales. En cuanto a los taxis y VTC, tampoco se cumple la cuota m\u00ednima de veh\u00edculos adaptados, lo que limita de forma notable la autonom\u00eda de las personas con movilidad reducida.<\/p>\n<p>A estas barreras f\u00edsicas se suma la falta de formaci\u00f3n del personal en estaciones, aeropuertos y veh\u00edculos, lo que genera situaciones de desinformaci\u00f3n, trato inadecuado e incluso negaci\u00f3n de servicios.<\/p>\n<p>CLM Inclusiva COCEMFE propone garantizar la cadena de accesibilidad completa desde el momento en que una persona accede a una estaci\u00f3n hasta que llega a su destino. Esto implica adaptar infraestructuras, mejorar los servicios de asistencia, asegurar la informaci\u00f3n accesible, evitar la discriminaci\u00f3n por tipo de discapacidad y ampliar el n\u00famero de veh\u00edculos adaptados en todos los servicios de transporte, incluyendo el medio rural.<\/p>\n<p>Adem\u00e1s, seg\u00fan declara Enrique Alarc\u00f3n, Presidente de CLM Inclusiva, \u201c2025 est\u00e1 siendo un a\u00f1o decisivo para la puesta en marcha del nuevo servicio de accesibilidad que la entidad quiere poner a disposici\u00f3n de nuestros usuarios, y todos aquellos agentes sociales que lo requieran\u201d, y a\u00f1ade \u201chacemos un llamamiento a nuestras administraciones p\u00fablicas para que cuenten con nosotros en todos aquellos \u00e1mbitos pertenecientes a la accesibilidad y vida aut\u00f3noma\u201d<\/p>\n<p><strong>AccesibilidApp: una herramienta clave para construir un transporte inclusivo<\/strong><\/p>\n<p>En esta Semana Europea de la Movilidad, CLM Inclusiva COCEMFE anima a toda la ciudadan\u00eda a utilizar AccesibilidApp, una aplicaci\u00f3n gratuita desarrollada por la entidad que permite geolocalizar y comunicar incidencias y barreras de accesibilidad que se encuentran en la v\u00eda y en los servicios de transporte.<\/p>\n<p>\u201cDeseamos que cualquier persona se sume a esta acci\u00f3n colectiva para darle visibilidad a las barreras que impiden una movilidad plena e inclusiva\u201d destaca Enrique Alarc\u00f3n, presidente de la Confederaci\u00f3n. \u201cAccesibilidApp es una herramienta que permite crear un mapa real de la accesibilidad en el transporte y reclama ciertas mejoras\u201d, asegura Enrique Alarc\u00f3n.<\/p>\n<p>Desde CLM Inclusiva COCEMFE se recuerda que garantizar la accesibilidad universal no solo es un derecho, sino una condici\u00f3n imprescindible para una sociedad justa, inclusiva y cohesionada. Una movilidad accesible favorece la autonom\u00eda, la participaci\u00f3n y la igualdad de oportunidades de miles de personas, y es clave para el desarrollo sostenible, especialmente en un contexto de transici\u00f3n ecol\u00f3gica.<\/p>\n<p>&nbsp;<\/p>\n<p><em>La Confederaci\u00f3n de entidades de personas con discapacidad f\u00edsica y org\u00e1nica Castilla-La Mancha INCLUSIVA COCEMFE se constituy\u00f3 en el a\u00f1o 2017. Agrupa a casi un centenar de entidades que representan casi a 10.000 personas con discapacidad. Se encuentra compuesta por las federaciones provinciales, COCEMFE Albacete, COCEMFE Guadalajara, COCEMFE Toledo, COCEMFE Cuenca y Ciudad Real INCLUSIVA, as\u00ed como las entidades de car\u00e1cter regional AFANION, LUNA, AIDISCAM CLM y la asociaci\u00f3n nacional AMIAB. El objetivo fundamental de la confederaci\u00f3n es articular y vertebrar en nuestra regi\u00f3n el asociacionismo de la discapacidad f\u00edsica y org\u00e1nica, desde la unidad y respeto al pluralismo, para desarrollar una acci\u00f3n representativa efectiva en defensas de los derechos e intereses de las personas con discapacidad y sus familias.<\/em><\/p>\n<p>Para m\u00e1s informaci\u00f3n<\/p>\n<p><img decoding=\"async\" loading=\"lazy\" class=\"alignnone wp-image-5656\" src=\"http:\/\/clm-inclusiva.org\/wp-content\/uploads\/2025\/09\/Captura-de-pantalla-2025-09-10-111200-300x127.jpg\" alt=\"\" width=\"307\" height=\"130\" \/><\/p>\n","protected":false},"excerpt":{"rendered":"<p>Castilla-La Mancha Inclusiva COCEMFE exige una movilidad verdaderamente accesible en toda Castilla La Mancha En la Semana Europea de la Movilidad, Castilla-La Mancha Inclusiva COCEMFE y su movimiento asociativo hacen un llamamiento para garantizar una movilidad accesible y libre de barreras para todas las personas, especialmente aquellas con discapacidad f\u00edsica y org\u00e1nica. Castilla-La Mancha Inclusiva [&hellip;]<\/p>\n","protected":false},"author":1,"featured_media":5661,"comment_status":"open","ping_status":"open","sticky":false,"template":"","format":"standard","meta":{"_et_pb_use_builder":"","_et_pb_old_content":"","_et_gb_content_width":"","footnotes":""},"categories":[39,4,47,5,8],"tags":[],"yoast_head":"<!-- This site is optimized with the Yoast SEO plugin v21.3 - https:\/\/yoast.com\/wordpress\/plugins\/seo\/ -->\n<title>Castilla-La Mancha Inclusiva COCEMFE exige una movilidad verdaderamente accesible en toda Castilla La Mancha - Clm-Inclusiva<\/title>\n<meta name=\"robots\" content=\"index, follow, max-snippet:-1, max-image-preview:large, max-video-preview:-1\" \/>\n<link rel=\"canonical\" href=\"https:\/\/clm-inclusiva.org\/?p=5660\" \/>\n<meta property=\"og:locale\" content=\"es_ES\" \/>\n<meta property=\"og:type\" content=\"article\" \/>\n<meta property=\"og:title\" content=\"Castilla-La Mancha Inclusiva COCEMFE exige una movilidad verdaderamente accesible en toda Castilla La Mancha - Clm-Inclusiva\" \/>\n<meta property=\"og:description\" content=\"Castilla-La Mancha Inclusiva COCEMFE exige una movilidad verdaderamente accesible en toda Castilla La Mancha En la Semana Europea de la Movilidad, Castilla-La Mancha Inclusiva COCEMFE y su movimiento asociativo hacen un llamamiento para garantizar una movilidad accesible y libre de barreras para todas las personas, especialmente aquellas con discapacidad f\u00edsica y org\u00e1nica. Castilla-La Mancha Inclusiva [&hellip;]\" \/>\n<meta property=\"og:url\" content=\"https:\/\/clm-inclusiva.org\/?p=5660\" \/>\n<meta property=\"og:site_name\" content=\"Clm-Inclusiva\" \/>\n<meta property=\"article:publisher\" content=\"https:\/\/www.facebook.com\/castillalamancha.inclusiva\/\" \/>\n<meta property=\"article:published_time\" content=\"2025-09-18T09:28:59+00:00\" \/>\n<meta property=\"article:modified_time\" content=\"2025-09-18T09:30:52+00:00\" \/>\n<meta property=\"og:image\" content=\"http:\/\/clm-inclusiva.org\/wp-content\/uploads\/2025\/09\/movilidad-difuminada.png\" \/>\n\t<meta property=\"og:image:width\" content=\"980\" \/>\n\t<meta property=\"og:image:height\" content=\"540\" \/>\n\t<meta property=\"og:image:type\" content=\"image\/png\" \/>\n<meta name=\"author\" content=\"clm-inclusiva\" \/>\n<meta name=\"twitter:card\" content=\"summary_large_image\" \/>\n<meta name=\"twitter:creator\" content=\"@ClmInclusiva\" \/>\n<meta name=\"twitter:site\" content=\"@ClmInclusiva\" \/>\n<meta name=\"twitter:label1\" content=\"Escrito por\" \/>\n\t<meta name=\"twitter:data1\" content=\"clm-inclusiva\" \/>\n\t<meta name=\"twitter:label2\" content=\"Tiempo de lectura\" \/>\n\t<meta name=\"twitter:data2\" content=\"5 minutos\" \/>\n<script type=\"application\/ld+json\" class=\"yoast-schema-graph\">{\"@context\":\"https:\/\/schema.org\",\"@graph\":[{\"@type\":\"Article\",\"@id\":\"https:\/\/clm-inclusiva.org\/?p=5660#article\",\"isPartOf\":{\"@id\":\"https:\/\/clm-inclusiva.org\/?p=5660\"},\"author\":{\"name\":\"clm-inclusiva\",\"@id\":\"https:\/\/clm-inclusiva.org\/#\/schema\/person\/0cff84aaa5bb8fd3521c55d1578d902b\"},\"headline\":\"Castilla-La Mancha Inclusiva COCEMFE exige una movilidad verdaderamente accesible en toda Castilla La Mancha\",\"datePublished\":\"2025-09-18T09:28:59+00:00\",\"dateModified\":\"2025-09-18T09:30:52+00:00\",\"mainEntityOfPage\":{\"@id\":\"https:\/\/clm-inclusiva.org\/?p=5660\"},\"wordCount\":907,\"commentCount\":0,\"publisher\":{\"@id\":\"https:\/\/clm-inclusiva.org\/#organization\"},\"articleSection\":[\"Bienestar social\",\"Clm inclusiva\",\"cocemfe\",\"Discapacidad\",\"Sociedad\"],\"inLanguage\":\"es\",\"potentialAction\":[{\"@type\":\"CommentAction\",\"name\":\"Comment\",\"target\":[\"https:\/\/clm-inclusiva.org\/?p=5660#respond\"]}]},{\"@type\":\"WebPage\",\"@id\":\"https:\/\/clm-inclusiva.org\/?p=5660\",\"url\":\"https:\/\/clm-inclusiva.org\/?p=5660\",\"name\":\"Castilla-La Mancha Inclusiva COCEMFE exige una movilidad verdaderamente accesible en toda Castilla La Mancha - Clm-Inclusiva\",\"isPartOf\":{\"@id\":\"https:\/\/clm-inclusiva.org\/#website\"},\"datePublished\":\"2025-09-18T09:28:59+00:00\",\"dateModified\":\"2025-09-18T09:30:52+00:00\",\"breadcrumb\":{\"@id\":\"https:\/\/clm-inclusiva.org\/?p=5660#breadcrumb\"},\"inLanguage\":\"es\",\"potentialAction\":[{\"@type\":\"ReadAction\",\"target\":[\"https:\/\/clm-inclusiva.org\/?p=5660\"]}]},{\"@type\":\"BreadcrumbList\",\"@id\":\"https:\/\/clm-inclusiva.org\/?p=5660#breadcrumb\",\"itemListElement\":[{\"@type\":\"ListItem\",\"position\":1,\"name\":\"Portada\",\"item\":\"https:\/\/clm-inclusiva.org\/\"},{\"@type\":\"ListItem\",\"position\":2,\"name\":\"Castilla-La Mancha Inclusiva COCEMFE exige una movilidad verdaderamente accesible en toda Castilla La Mancha\"}]},{\"@type\":\"WebSite\",\"@id\":\"https:\/\/clm-inclusiva.org\/#website\",\"url\":\"https:\/\/clm-inclusiva.org\/\",\"name\":\"Clm-Inclusiva\",\"description\":\"Confederaci\u00f3n de entidades de personas con discapacidad f\u00edsica y org\u00e1nica CLM\",\"publisher\":{\"@id\":\"https:\/\/clm-inclusiva.org\/#organization\"},\"potentialAction\":[{\"@type\":\"SearchAction\",\"target\":{\"@type\":\"EntryPoint\",\"urlTemplate\":\"https:\/\/clm-inclusiva.org\/?s={search_term_string}\"},\"query-input\":\"required name=search_term_string\"}],\"inLanguage\":\"es\"},{\"@type\":\"Organization\",\"@id\":\"https:\/\/clm-inclusiva.org\/#organization\",\"name\":\"Clm-Inclusiva\",\"url\":\"https:\/\/clm-inclusiva.org\/\",\"logo\":{\"@type\":\"ImageObject\",\"inLanguage\":\"es\",\"@id\":\"https:\/\/clm-inclusiva.org\/#\/schema\/logo\/image\/\",\"url\":\"http:\/\/clm-inclusiva.org\/wp-content\/uploads\/2019\/04\/banner-e1533720812836.jpg\",\"contentUrl\":\"http:\/\/clm-inclusiva.org\/wp-content\/uploads\/2019\/04\/banner-e1533720812836.jpg\",\"width\":600,\"height\":332,\"caption\":\"Clm-Inclusiva\"},\"image\":{\"@id\":\"https:\/\/clm-inclusiva.org\/#\/schema\/logo\/image\/\"},\"sameAs\":[\"https:\/\/www.facebook.com\/castillalamancha.inclusiva\/\",\"https:\/\/twitter.com\/ClmInclusiva\"]},{\"@type\":\"Person\",\"@id\":\"https:\/\/clm-inclusiva.org\/#\/schema\/person\/0cff84aaa5bb8fd3521c55d1578d902b\",\"name\":\"clm-inclusiva\",\"image\":{\"@type\":\"ImageObject\",\"inLanguage\":\"es\",\"@id\":\"https:\/\/clm-inclusiva.org\/#\/schema\/person\/image\/\",\"url\":\"https:\/\/secure.gravatar.com\/avatar\/88948567af770dc9cd5597b329011884?s=96&d=blank&r=g\",\"contentUrl\":\"https:\/\/secure.gravatar.com\/avatar\/88948567af770dc9cd5597b329011884?s=96&d=blank&r=g\",\"caption\":\"clm-inclusiva\"},\"sameAs\":[\"http:\/\/clm-inclusiva.org\"],\"url\":\"https:\/\/clm-inclusiva.org\/?author=1\"}]}<\/script>\n<!-- \/ Yoast SEO plugin. -->","yoast_head_json":{"title":"Castilla-La Mancha Inclusiva COCEMFE exige una movilidad verdaderamente accesible en toda Castilla La Mancha - Clm-Inclusiva","robots":{"index":"index","follow":"follow","max-snippet":"max-snippet:-1","max-image-preview":"max-image-preview:large","max-video-preview":"max-video-preview:-1"},"canonical":"https:\/\/clm-inclusiva.org\/?p=5660","og_locale":"es_ES","og_type":"article","og_title":"Castilla-La Mancha Inclusiva COCEMFE exige una movilidad verdaderamente accesible en toda Castilla La Mancha - Clm-Inclusiva","og_description":"Castilla-La Mancha Inclusiva COCEMFE exige una movilidad verdaderamente accesible en toda Castilla La Mancha En la Semana Europea de la Movilidad, Castilla-La Mancha Inclusiva COCEMFE y su movimiento asociativo hacen un llamamiento para garantizar una movilidad accesible y libre de barreras para todas las personas, especialmente aquellas con discapacidad f\u00edsica y org\u00e1nica. Castilla-La Mancha Inclusiva [&hellip;]","og_url":"https:\/\/clm-inclusiva.org\/?p=5660","og_site_name":"Clm-Inclusiva","article_publisher":"https:\/\/www.facebook.com\/castillalamancha.inclusiva\/","article_published_time":"2025-09-18T09:28:59+00:00","article_modified_time":"2025-09-18T09:30:52+00:00","og_image":[{"width":980,"height":540,"url":"http:\/\/clm-inclusiva.org\/wp-content\/uploads\/2025\/09\/movilidad-difuminada.png","type":"image\/png"}],"author":"clm-inclusiva","twitter_card":"summary_large_image","twitter_creator":"@ClmInclusiva","twitter_site":"@ClmInclusiva","twitter_misc":{"Escrito por":"clm-inclusiva","Tiempo de lectura":"5 minutos"},"schema":{"@context":"https:\/\/schema.org","@graph":[{"@type":"Article","@id":"https:\/\/clm-inclusiva.org\/?p=5660#article","isPartOf":{"@id":"https:\/\/clm-inclusiva.org\/?p=5660"},"author":{"name":"clm-inclusiva","@id":"https:\/\/clm-inclusiva.org\/#\/schema\/person\/0cff84aaa5bb8fd3521c55d1578d902b"},"headline":"Castilla-La Mancha Inclusiva COCEMFE exige una movilidad verdaderamente accesible en toda Castilla La Mancha","datePublished":"2025-09-18T09:28:59+00:00","dateModified":"2025-09-18T09:30:52+00:00","mainEntityOfPage":{"@id":"https:\/\/clm-inclusiva.org\/?p=5660"},"wordCount":907,"commentCount":0,"publisher":{"@id":"https:\/\/clm-inclusiva.org\/#organization"},"articleSection":["Bienestar social","Clm inclusiva","cocemfe","Discapacidad","Sociedad"],"inLanguage":"es","potentialAction":[{"@type":"CommentAction","name":"Comment","target":["https:\/\/clm-inclusiva.org\/?p=5660#respond"]}]},{"@type":"WebPage","@id":"https:\/\/clm-inclusiva.org\/?p=5660","url":"https:\/\/clm-inclusiva.org\/?p=5660","name":"Castilla-La Mancha Inclusiva COCEMFE exige una movilidad verdaderamente accesible en toda Castilla La Mancha - Clm-Inclusiva","isPartOf":{"@id":"https:\/\/clm-inclusiva.org\/#website"},"datePublished":"2025-09-18T09:28:59+00:00","dateModified":"2025-09-18T09:30:52+00:00","breadcrumb":{"@id":"https:\/\/clm-inclusiva.org\/?p=5660#breadcrumb"},"inLanguage":"es","potentialAction":[{"@type":"ReadAction","target":["https:\/\/clm-inclusiva.org\/?p=5660"]}]},{"@type":"BreadcrumbList","@id":"https:\/\/clm-inclusiva.org\/?p=5660#breadcrumb","itemListElement":[{"@type":"ListItem","position":1,"name":"Portada","item":"https:\/\/clm-inclusiva.org\/"},{"@type":"ListItem","position":2,"name":"Castilla-La Mancha Inclusiva COCEMFE exige una movilidad verdaderamente accesible en toda Castilla La Mancha"}]},{"@type":"WebSite","@id":"https:\/\/clm-inclusiva.org\/#website","url":"https:\/\/clm-inclusiva.org\/","name":"Clm-Inclusiva","description":"Confederaci\u00f3n de entidades de personas con discapacidad f\u00edsica y org\u00e1nica CLM","publisher":{"@id":"https:\/\/clm-inclusiva.org\/#organization"},"potentialAction":[{"@type":"SearchAction","target":{"@type":"EntryPoint","urlTemplate":"https:\/\/clm-inclusiva.org\/?s={search_term_string}"},"query-input":"required name=search_term_string"}],"inLanguage":"es"},{"@type":"Organization","@id":"https:\/\/clm-inclusiva.org\/#organization","name":"Clm-Inclusiva","url":"https:\/\/clm-inclusiva.org\/","logo":{"@type":"ImageObject","inLanguage":"es","@id":"https:\/\/clm-inclusiva.org\/#\/schema\/logo\/image\/","url":"http:\/\/clm-inclusiva.org\/wp-content\/uploads\/2019\/04\/banner-e1533720812836.jpg","contentUrl":"http:\/\/clm-inclusiva.org\/wp-content\/uploads\/2019\/04\/banner-e1533720812836.jpg","width":600,"height":332,"caption":"Clm-Inclusiva"},"image":{"@id":"https:\/\/clm-inclusiva.org\/#\/schema\/logo\/image\/"},"sameAs":["https:\/\/www.facebook.com\/castillalamancha.inclusiva\/","https:\/\/twitter.com\/ClmInclusiva"]},{"@type":"Person","@id":"https:\/\/clm-inclusiva.org\/#\/schema\/person\/0cff84aaa5bb8fd3521c55d1578d902b","name":"clm-inclusiva","image":{"@type":"ImageObject","inLanguage":"es","@id":"https:\/\/clm-inclusiva.org\/#\/schema\/person\/image\/","url":"https:\/\/secure.gravatar.com\/avatar\/88948567af770dc9cd5597b329011884?s=96&d=blank&r=g","contentUrl":"https:\/\/secure.gravatar.com\/avatar\/88948567af770dc9cd5597b329011884?s=96&d=blank&r=g","caption":"clm-inclusiva"},"sameAs":["http:\/\/clm-inclusiva.org"],"url":"https:\/\/clm-inclusiva.org\/?author=1"}]}},"_links":{"self":[{"href":"https:\/\/clm-inclusiva.org\/index.php?rest_route=\/wp\/v2\/posts\/5660"}],"collection":[{"href":"https:\/\/clm-inclusiva.org\/index.php?rest_route=\/wp\/v2\/posts"}],"about":[{"href":"https:\/\/clm-inclusiva.org\/index.php?rest_route=\/wp\/v2\/types\/post"}],"author":[{"embeddable":true,"href":"https:\/\/clm-inclusiva.org\/index.php?rest_route=\/wp\/v2\/users\/1"}],"replies":[{"embeddable":true,"href":"https:\/\/clm-inclusiva.org\/index.php?rest_route=%2Fwp%2Fv2%2Fcomments&post=5660"}],"version-history":[{"count":1,"href":"https:\/\/clm-inclusiva.org\/index.php?rest_route=\/wp\/v2\/posts\/5660\/revisions"}],"predecessor-version":[{"id":5662,"href":"https:\/\/clm-inclusiva.org\/index.php?rest_route=\/wp\/v2\/posts\/5660\/revisions\/5662"}],"wp:featuredmedia":[{"embeddable":true,"href":"https:\/\/clm-inclusiva.org\/index.php?rest_route=\/wp\/v2\/media\/5661"}],"wp:attachment":[{"href":"https:\/\/clm-inclusiva.org\/index.php?rest_route=%2Fwp%2Fv2%2Fmedia&parent=5660"}],"wp:term":[{"taxonomy":"category","embeddable":true,"href":"https:\/\/clm-inclusiva.org\/index.php?rest_route=%2Fwp%2Fv2%2Fcategories&post=5660"},{"taxonomy":"post_tag","embeddable":true,"href":"https:\/\/clm-inclusiva.org\/index.php?rest_route=%2Fwp%2Fv2%2Ftags&post=5660"}],"curies":[{"name":"wp","href":"https:\/\/api.w.org\/{rel}","templated":true}]}}