{"id":5650,"date":"2025-09-10T11:14:58","date_gmt":"2025-09-10T09:14:58","guid":{"rendered":"https:\/\/clm-inclusiva.org\/?p=5650"},"modified":"2025-09-10T11:14:58","modified_gmt":"2025-09-10T09:14:58","slug":"castilla-la-mancha-inclusiva-cocemfe-celebra-la-vuelta-al-cole-como-ejemplo-de-inclusion-y-normalizacion","status":"publish","type":"post","link":"https:\/\/clm-inclusiva.org\/?p=5650","title":{"rendered":"Castilla-La Mancha Inclusiva COCEMFE celebra la \u2018Vuelta al cole\u2019 como ejemplo de inclusi\u00f3n y normalizaci\u00f3n"},"content":{"rendered":"<p><img decoding=\"async\" loading=\"lazy\" class=\"alignnone size-medium wp-image-5653\" src=\"http:\/\/clm-inclusiva.org\/wp-content\/uploads\/2025\/09\/Imagen2-300x169.jpg\" alt=\"\" width=\"300\" height=\"169\" \/> <img decoding=\"async\" loading=\"lazy\" class=\"alignnone size-medium wp-image-5654\" src=\"http:\/\/clm-inclusiva.org\/wp-content\/uploads\/2025\/09\/Imagen3-300x169.jpg\" alt=\"\" width=\"300\" height=\"169\" \/> <img decoding=\"async\" loading=\"lazy\" class=\"alignnone size-medium wp-image-5655\" src=\"http:\/\/clm-inclusiva.org\/wp-content\/uploads\/2025\/09\/Imagen5-300x169.jpg\" alt=\"\" width=\"300\" height=\"169\" \/><\/p>\n<blockquote>\n<h3 style=\"text-align: left;\"><strong>Castilla-La Mancha Inclusiva COCEMFE celebra la \u2018Vuelta al cole\u2019 como ejemplo de inclusi\u00f3n y normalizaci\u00f3n<\/strong><\/h3>\n<\/blockquote>\n<ul>\n<li><strong>Castilla La Mancha Inclusiva COCEMFE destaca que la educaci\u00f3n inclusiva es el mayor reflejo de una sociedad que avanza hacia la igualdad e incide en la importancia de garantizar este derecho a todo el alumnado.<\/strong><\/li>\n<li><strong>\u201cLa sociedad inclusiva se edifica sobre el pilar fundamental de la inclusi\u00f3n educativa\u201d afirma el presidente de Castilla La Mancha Inclusiva COCEMFE, Enrique Alarc\u00f3n, que remarca que \u201cla inclusi\u00f3n debe ser real, con recursos, formaci\u00f3n y participaci\u00f3n comprometida de toda la comunidad educativa\u201d. <\/strong><\/li>\n<li><strong>CLM Inclusiva COCEMFE y su Movimiento Asociativo ponen a disposici\u00f3n de centros educativos, profesorado, estudiantes y familias sus servicios especializados en educaci\u00f3n inclusiva. <\/strong><\/li>\n<\/ul>\n<p>&nbsp;<\/p>\n<p>(Toledo, 8 de septiembre de 2025)<\/p>\n<p>&nbsp;<\/p>\n<p>Con motivo del inicio del curso escolar, conocido como \u2018Vuelta al cole\u2019, la Confederaci\u00f3n de entidades de personas con discapacidad f\u00edsica y org\u00e1nica de Castilla-La Mancha, hace hincapi\u00e9 en que este hecho es una muestra clara de normalidad e inclusi\u00f3n, as\u00ed como uno de los mayores ejemplos de la evoluci\u00f3n de una sociedad que reconoce la diversidad en su conjunto como un valor a\u00f1adido.<\/p>\n<p>Esta etapa supone una oportunidad para continuar avanzando hacia un sistema educativo verdaderamente inclusivo, en el que todo el alumnado, con y sin discapacidad, pueda disfrutar de su derecho a la educaci\u00f3n en igualdad de condiciones.<\/p>\n<p>\u201cLa sociedad inclusiva se edifica sobre el pilar fundamental de la inclusi\u00f3n educativa\u201d, afirma el presidente de Castilla-La Mancha Inclusiva COCEMFE, Enrique Alarc\u00f3n, recalcando que \u201cla \u2018Vuelta al cole\u2019 no solo marca el comienzo de un nuevo curso, sino que tambi\u00e9n visibiliza las mejoras logradas en derechos y participaci\u00f3n de las personas con discapacidad en todos los entornos de la vida\u201d.<\/p>\n<p>Por ello y para asegurar una vuelta al cole y un curso escolar inclusivos, CLM Inclusiva COCEMFE y su Movimiento Asociativo ponen a disposici\u00f3n de centros educativos, profesorado, estudiantes y familias sus servicios especializados en educaci\u00f3n inclusiva, as\u00ed como el apoyo de las organizaciones territoriales, para acompa\u00f1ar y resolver cualquier duda que pueda surgir al inicio del curso.<\/p>\n<p>\u201cQue el alumnado con discapacidad forme parte de la vida cotidiana en las aulas, es una conquista social irrenunciable\u201d, apoya Enrique Alarc\u00f3n, quien a\u00f1ade que \u201cla inclusi\u00f3n debe ser real, con recursos, formaci\u00f3n y participaci\u00f3n comprometida de toda la comunidad educativa\u201d.<\/p>\n<p>Con el objetivo de fomentar un clima escolar saludable, CLM Inclusiva COCEMFE pone a disposici\u00f3n de toda la comunidad educativa la campa\u00f1a \u201cLa Magia de la Inclusi\u00f3n\u201d (https:\/\/www.cocemfe.es\/lamagiadelainclusion) que ofrece herramientas de sensibilizaci\u00f3n sobre la importancia de construir entornos de aprendizaje inclusivos, seguros y respetuosos con la diversidad, y para la prevenci\u00f3n del acoso escolar.<\/p>\n<p>Para CLM Inclusiva Inclusiva COCEMFE la prevenci\u00f3n del acoso escolar hacia el alumnado con discapacidad f\u00edsica y org\u00e1nica es absolutamente prioritario, y recuerda a la poblaci\u00f3n que puede consultar a los recursos y materiales accesibles para abordar esta realidad en el apartado de educaci\u00f3n de COCEMFE estatal. Entre ellos, destacan las 10 claves para acompa\u00f1ar y prevenir el acoso escolar, as\u00ed como gu\u00edas pr\u00e1cticas dirigidas a centros educativos y entidades.<\/p>\n<p>El compromiso de CLM Inclusiva COCEMFE con la educaci\u00f3n de calidad para todas las personas se alinea con el ODS 4 de la Agenda 2030 de Naciones Unidas, centrado en garantizar una educaci\u00f3n inclusiva, equitativa y de calidad, y promover oportunidades de aprendizaje durante toda la vida.<\/p>\n<p>Por \u00faltimo, Enrique Alarc\u00f3n se\u00f1ala que \u201ccelebramos esta \u2018Vuelta al cole\u2019 como una muestra de inclusi\u00f3n y normalidad\u201d, y concluye que \u201cseguimos trabajando para que en nuestra regi\u00f3n haya m\u00e1s centros educativos con espacios accesibles, acogedores y libres de discriminaci\u00f3n\u201d.<\/p>\n<p>&nbsp;<\/p>\n<p>La Confederaci\u00f3n de entidades de personas con discapacidad f\u00edsica y org\u00e1nica Castilla-La Mancha INCLUSIVA COCEMFE se constituy\u00f3 en el a\u00f1o 2017. Agrupa a casi un centenar de entidades que representan casi a 10.000 personas con discapacidad. Se encuentra compuesta por las federaciones provinciales, COCEMFE Albacete, COCEMFE Guadalajara, COCEMFE Toledo, COCEMFE Cuenca y Ciudad Real INCLUSIVA, as\u00ed como las entidades de car\u00e1cter regional AFANION, LUNA, AIDISCAM CLM y la asociaci\u00f3n nacional AMIAB. El objetivo fundamental de la confederaci\u00f3n es articular y vertebrar en nuestra regi\u00f3n el asociacionismo de la discapacidad f\u00edsica y org\u00e1nica, desde la unidad y respeto al pluralismo, para desarrollar una acci\u00f3n representativa efectiva en defensas de los derechos e intereses de las personas con discapacidad y sus familias.<\/p>\n<p>Para m\u00e1s informaci\u00f3n<\/p>\n<p><img decoding=\"async\" loading=\"lazy\" class=\"alignnone  wp-image-5656\" src=\"http:\/\/clm-inclusiva.org\/wp-content\/uploads\/2025\/09\/Captura-de-pantalla-2025-09-10-111200-300x127.jpg\" alt=\"\" width=\"307\" height=\"130\" \/><\/p>\n","protected":false},"excerpt":{"rendered":"<p>Castilla-La Mancha Inclusiva COCEMFE celebra la \u2018Vuelta al cole\u2019 como ejemplo de inclusi\u00f3n y normalizaci\u00f3n Castilla La Mancha Inclusiva COCEMFE destaca que la educaci\u00f3n inclusiva es el mayor reflejo de una sociedad que avanza hacia la igualdad e incide en la importancia de garantizar este derecho a todo el alumnado. \u201cLa sociedad inclusiva se edifica [&hellip;]<\/p>\n","protected":false},"author":1,"featured_media":5652,"comment_status":"open","ping_status":"open","sticky":false,"template":"","format":"standard","meta":{"_et_pb_use_builder":"","_et_pb_old_content":"","_et_gb_content_width":"","footnotes":""},"categories":[39,4,47,5,8],"tags":[],"yoast_head":"<!-- This site is optimized with the Yoast SEO plugin v21.3 - https:\/\/yoast.com\/wordpress\/plugins\/seo\/ -->\n<title>Castilla-La Mancha Inclusiva COCEMFE celebra la \u2018Vuelta al cole\u2019 como ejemplo de inclusi\u00f3n y normalizaci\u00f3n - Clm-Inclusiva<\/title>\n<meta name=\"robots\" content=\"index, follow, max-snippet:-1, max-image-preview:large, max-video-preview:-1\" \/>\n<link rel=\"canonical\" href=\"https:\/\/clm-inclusiva.org\/?p=5650\" \/>\n<meta property=\"og:locale\" content=\"es_ES\" \/>\n<meta property=\"og:type\" content=\"article\" \/>\n<meta property=\"og:title\" content=\"Castilla-La Mancha Inclusiva COCEMFE celebra la \u2018Vuelta al cole\u2019 como ejemplo de inclusi\u00f3n y normalizaci\u00f3n - Clm-Inclusiva\" \/>\n<meta property=\"og:description\" content=\"Castilla-La Mancha Inclusiva COCEMFE celebra la \u2018Vuelta al cole\u2019 como ejemplo de inclusi\u00f3n y normalizaci\u00f3n Castilla La Mancha Inclusiva COCEMFE destaca que la educaci\u00f3n inclusiva es el mayor reflejo de una sociedad que avanza hacia la igualdad e incide en la importancia de garantizar este derecho a todo el alumnado. \u201cLa sociedad inclusiva se edifica [&hellip;]\" \/>\n<meta property=\"og:url\" content=\"https:\/\/clm-inclusiva.org\/?p=5650\" \/>\n<meta property=\"og:site_name\" content=\"Clm-Inclusiva\" \/>\n<meta property=\"article:publisher\" content=\"https:\/\/www.facebook.com\/castillalamancha.inclusiva\/\" \/>\n<meta property=\"article:published_time\" content=\"2025-09-10T09:14:58+00:00\" \/>\n<meta property=\"og:image\" content=\"http:\/\/clm-inclusiva.org\/wp-content\/uploads\/2025\/09\/Imagen1.jpg\" \/>\n\t<meta property=\"og:image:width\" content=\"1152\" \/>\n\t<meta property=\"og:image:height\" content=\"2048\" \/>\n\t<meta property=\"og:image:type\" content=\"image\/jpeg\" \/>\n<meta name=\"author\" content=\"clm-inclusiva\" \/>\n<meta name=\"twitter:card\" content=\"summary_large_image\" \/>\n<meta name=\"twitter:creator\" content=\"@ClmInclusiva\" \/>\n<meta name=\"twitter:site\" content=\"@ClmInclusiva\" \/>\n<meta name=\"twitter:label1\" content=\"Escrito por\" \/>\n\t<meta name=\"twitter:data1\" content=\"clm-inclusiva\" \/>\n\t<meta name=\"twitter:label2\" content=\"Tiempo de lectura\" \/>\n\t<meta name=\"twitter:data2\" content=\"5 minutos\" \/>\n<script type=\"application\/ld+json\" class=\"yoast-schema-graph\">{\"@context\":\"https:\/\/schema.org\",\"@graph\":[{\"@type\":\"Article\",\"@id\":\"https:\/\/clm-inclusiva.org\/?p=5650#article\",\"isPartOf\":{\"@id\":\"https:\/\/clm-inclusiva.org\/?p=5650\"},\"author\":{\"name\":\"clm-inclusiva\",\"@id\":\"https:\/\/clm-inclusiva.org\/#\/schema\/person\/0cff84aaa5bb8fd3521c55d1578d902b\"},\"headline\":\"Castilla-La Mancha Inclusiva COCEMFE celebra la \u2018Vuelta al cole\u2019 como ejemplo de inclusi\u00f3n y normalizaci\u00f3n\",\"datePublished\":\"2025-09-10T09:14:58+00:00\",\"dateModified\":\"2025-09-10T09:14:58+00:00\",\"mainEntityOfPage\":{\"@id\":\"https:\/\/clm-inclusiva.org\/?p=5650\"},\"wordCount\":797,\"commentCount\":0,\"publisher\":{\"@id\":\"https:\/\/clm-inclusiva.org\/#organization\"},\"articleSection\":[\"Bienestar social\",\"Clm inclusiva\",\"cocemfe\",\"Discapacidad\",\"Sociedad\"],\"inLanguage\":\"es\",\"potentialAction\":[{\"@type\":\"CommentAction\",\"name\":\"Comment\",\"target\":[\"https:\/\/clm-inclusiva.org\/?p=5650#respond\"]}]},{\"@type\":\"WebPage\",\"@id\":\"https:\/\/clm-inclusiva.org\/?p=5650\",\"url\":\"https:\/\/clm-inclusiva.org\/?p=5650\",\"name\":\"Castilla-La Mancha Inclusiva COCEMFE celebra la \u2018Vuelta al cole\u2019 como ejemplo de inclusi\u00f3n y normalizaci\u00f3n - Clm-Inclusiva\",\"isPartOf\":{\"@id\":\"https:\/\/clm-inclusiva.org\/#website\"},\"datePublished\":\"2025-09-10T09:14:58+00:00\",\"dateModified\":\"2025-09-10T09:14:58+00:00\",\"breadcrumb\":{\"@id\":\"https:\/\/clm-inclusiva.org\/?p=5650#breadcrumb\"},\"inLanguage\":\"es\",\"potentialAction\":[{\"@type\":\"ReadAction\",\"target\":[\"https:\/\/clm-inclusiva.org\/?p=5650\"]}]},{\"@type\":\"BreadcrumbList\",\"@id\":\"https:\/\/clm-inclusiva.org\/?p=5650#breadcrumb\",\"itemListElement\":[{\"@type\":\"ListItem\",\"position\":1,\"name\":\"Portada\",\"item\":\"https:\/\/clm-inclusiva.org\/\"},{\"@type\":\"ListItem\",\"position\":2,\"name\":\"Castilla-La Mancha Inclusiva COCEMFE celebra la \u2018Vuelta al cole\u2019 como ejemplo de inclusi\u00f3n y normalizaci\u00f3n\"}]},{\"@type\":\"WebSite\",\"@id\":\"https:\/\/clm-inclusiva.org\/#website\",\"url\":\"https:\/\/clm-inclusiva.org\/\",\"name\":\"Clm-Inclusiva\",\"description\":\"Confederaci\u00f3n de entidades de personas con discapacidad f\u00edsica y org\u00e1nica CLM\",\"publisher\":{\"@id\":\"https:\/\/clm-inclusiva.org\/#organization\"},\"potentialAction\":[{\"@type\":\"SearchAction\",\"target\":{\"@type\":\"EntryPoint\",\"urlTemplate\":\"https:\/\/clm-inclusiva.org\/?s={search_term_string}\"},\"query-input\":\"required name=search_term_string\"}],\"inLanguage\":\"es\"},{\"@type\":\"Organization\",\"@id\":\"https:\/\/clm-inclusiva.org\/#organization\",\"name\":\"Clm-Inclusiva\",\"url\":\"https:\/\/clm-inclusiva.org\/\",\"logo\":{\"@type\":\"ImageObject\",\"inLanguage\":\"es\",\"@id\":\"https:\/\/clm-inclusiva.org\/#\/schema\/logo\/image\/\",\"url\":\"http:\/\/clm-inclusiva.org\/wp-content\/uploads\/2019\/04\/banner-e1533720812836.jpg\",\"contentUrl\":\"http:\/\/clm-inclusiva.org\/wp-content\/uploads\/2019\/04\/banner-e1533720812836.jpg\",\"width\":600,\"height\":332,\"caption\":\"Clm-Inclusiva\"},\"image\":{\"@id\":\"https:\/\/clm-inclusiva.org\/#\/schema\/logo\/image\/\"},\"sameAs\":[\"https:\/\/www.facebook.com\/castillalamancha.inclusiva\/\",\"https:\/\/twitter.com\/ClmInclusiva\"]},{\"@type\":\"Person\",\"@id\":\"https:\/\/clm-inclusiva.org\/#\/schema\/person\/0cff84aaa5bb8fd3521c55d1578d902b\",\"name\":\"clm-inclusiva\",\"image\":{\"@type\":\"ImageObject\",\"inLanguage\":\"es\",\"@id\":\"https:\/\/clm-inclusiva.org\/#\/schema\/person\/image\/\",\"url\":\"https:\/\/secure.gravatar.com\/avatar\/88948567af770dc9cd5597b329011884?s=96&d=blank&r=g\",\"contentUrl\":\"https:\/\/secure.gravatar.com\/avatar\/88948567af770dc9cd5597b329011884?s=96&d=blank&r=g\",\"caption\":\"clm-inclusiva\"},\"sameAs\":[\"http:\/\/clm-inclusiva.org\"],\"url\":\"https:\/\/clm-inclusiva.org\/?author=1\"}]}<\/script>\n<!-- \/ Yoast SEO plugin. -->","yoast_head_json":{"title":"Castilla-La Mancha Inclusiva COCEMFE celebra la \u2018Vuelta al cole\u2019 como ejemplo de inclusi\u00f3n y normalizaci\u00f3n - Clm-Inclusiva","robots":{"index":"index","follow":"follow","max-snippet":"max-snippet:-1","max-image-preview":"max-image-preview:large","max-video-preview":"max-video-preview:-1"},"canonical":"https:\/\/clm-inclusiva.org\/?p=5650","og_locale":"es_ES","og_type":"article","og_title":"Castilla-La Mancha Inclusiva COCEMFE celebra la \u2018Vuelta al cole\u2019 como ejemplo de inclusi\u00f3n y normalizaci\u00f3n - Clm-Inclusiva","og_description":"Castilla-La Mancha Inclusiva COCEMFE celebra la \u2018Vuelta al cole\u2019 como ejemplo de inclusi\u00f3n y normalizaci\u00f3n Castilla La Mancha Inclusiva COCEMFE destaca que la educaci\u00f3n inclusiva es el mayor reflejo de una sociedad que avanza hacia la igualdad e incide en la importancia de garantizar este derecho a todo el alumnado. \u201cLa sociedad inclusiva se edifica [&hellip;]","og_url":"https:\/\/clm-inclusiva.org\/?p=5650","og_site_name":"Clm-Inclusiva","article_publisher":"https:\/\/www.facebook.com\/castillalamancha.inclusiva\/","article_published_time":"2025-09-10T09:14:58+00:00","og_image":[{"width":1152,"height":2048,"url":"http:\/\/clm-inclusiva.org\/wp-content\/uploads\/2025\/09\/Imagen1.jpg","type":"image\/jpeg"}],"author":"clm-inclusiva","twitter_card":"summary_large_image","twitter_creator":"@ClmInclusiva","twitter_site":"@ClmInclusiva","twitter_misc":{"Escrito por":"clm-inclusiva","Tiempo de lectura":"5 minutos"},"schema":{"@context":"https:\/\/schema.org","@graph":[{"@type":"Article","@id":"https:\/\/clm-inclusiva.org\/?p=5650#article","isPartOf":{"@id":"https:\/\/clm-inclusiva.org\/?p=5650"},"author":{"name":"clm-inclusiva","@id":"https:\/\/clm-inclusiva.org\/#\/schema\/person\/0cff84aaa5bb8fd3521c55d1578d902b"},"headline":"Castilla-La Mancha Inclusiva COCEMFE celebra la \u2018Vuelta al cole\u2019 como ejemplo de inclusi\u00f3n y normalizaci\u00f3n","datePublished":"2025-09-10T09:14:58+00:00","dateModified":"2025-09-10T09:14:58+00:00","mainEntityOfPage":{"@id":"https:\/\/clm-inclusiva.org\/?p=5650"},"wordCount":797,"commentCount":0,"publisher":{"@id":"https:\/\/clm-inclusiva.org\/#organization"},"articleSection":["Bienestar social","Clm inclusiva","cocemfe","Discapacidad","Sociedad"],"inLanguage":"es","potentialAction":[{"@type":"CommentAction","name":"Comment","target":["https:\/\/clm-inclusiva.org\/?p=5650#respond"]}]},{"@type":"WebPage","@id":"https:\/\/clm-inclusiva.org\/?p=5650","url":"https:\/\/clm-inclusiva.org\/?p=5650","name":"Castilla-La Mancha Inclusiva COCEMFE celebra la \u2018Vuelta al cole\u2019 como ejemplo de inclusi\u00f3n y normalizaci\u00f3n - Clm-Inclusiva","isPartOf":{"@id":"https:\/\/clm-inclusiva.org\/#website"},"datePublished":"2025-09-10T09:14:58+00:00","dateModified":"2025-09-10T09:14:58+00:00","breadcrumb":{"@id":"https:\/\/clm-inclusiva.org\/?p=5650#breadcrumb"},"inLanguage":"es","potentialAction":[{"@type":"ReadAction","target":["https:\/\/clm-inclusiva.org\/?p=5650"]}]},{"@type":"BreadcrumbList","@id":"https:\/\/clm-inclusiva.org\/?p=5650#breadcrumb","itemListElement":[{"@type":"ListItem","position":1,"name":"Portada","item":"https:\/\/clm-inclusiva.org\/"},{"@type":"ListItem","position":2,"name":"Castilla-La Mancha Inclusiva COCEMFE celebra la \u2018Vuelta al cole\u2019 como ejemplo de inclusi\u00f3n y normalizaci\u00f3n"}]},{"@type":"WebSite","@id":"https:\/\/clm-inclusiva.org\/#website","url":"https:\/\/clm-inclusiva.org\/","name":"Clm-Inclusiva","description":"Confederaci\u00f3n de entidades de personas con discapacidad f\u00edsica y org\u00e1nica CLM","publisher":{"@id":"https:\/\/clm-inclusiva.org\/#organization"},"potentialAction":[{"@type":"SearchAction","target":{"@type":"EntryPoint","urlTemplate":"https:\/\/clm-inclusiva.org\/?s={search_term_string}"},"query-input":"required name=search_term_string"}],"inLanguage":"es"},{"@type":"Organization","@id":"https:\/\/clm-inclusiva.org\/#organization","name":"Clm-Inclusiva","url":"https:\/\/clm-inclusiva.org\/","logo":{"@type":"ImageObject","inLanguage":"es","@id":"https:\/\/clm-inclusiva.org\/#\/schema\/logo\/image\/","url":"http:\/\/clm-inclusiva.org\/wp-content\/uploads\/2019\/04\/banner-e1533720812836.jpg","contentUrl":"http:\/\/clm-inclusiva.org\/wp-content\/uploads\/2019\/04\/banner-e1533720812836.jpg","width":600,"height":332,"caption":"Clm-Inclusiva"},"image":{"@id":"https:\/\/clm-inclusiva.org\/#\/schema\/logo\/image\/"},"sameAs":["https:\/\/www.facebook.com\/castillalamancha.inclusiva\/","https:\/\/twitter.com\/ClmInclusiva"]},{"@type":"Person","@id":"https:\/\/clm-inclusiva.org\/#\/schema\/person\/0cff84aaa5bb8fd3521c55d1578d902b","name":"clm-inclusiva","image":{"@type":"ImageObject","inLanguage":"es","@id":"https:\/\/clm-inclusiva.org\/#\/schema\/person\/image\/","url":"https:\/\/secure.gravatar.com\/avatar\/88948567af770dc9cd5597b329011884?s=96&d=blank&r=g","contentUrl":"https:\/\/secure.gravatar.com\/avatar\/88948567af770dc9cd5597b329011884?s=96&d=blank&r=g","caption":"clm-inclusiva"},"sameAs":["http:\/\/clm-inclusiva.org"],"url":"https:\/\/clm-inclusiva.org\/?author=1"}]}},"_links":{"self":[{"href":"https:\/\/clm-inclusiva.org\/index.php?rest_route=\/wp\/v2\/posts\/5650"}],"collection":[{"href":"https:\/\/clm-inclusiva.org\/index.php?rest_route=\/wp\/v2\/posts"}],"about":[{"href":"https:\/\/clm-inclusiva.org\/index.php?rest_route=\/wp\/v2\/types\/post"}],"author":[{"embeddable":true,"href":"https:\/\/clm-inclusiva.org\/index.php?rest_route=\/wp\/v2\/users\/1"}],"replies":[{"embeddable":true,"href":"https:\/\/clm-inclusiva.org\/index.php?rest_route=%2Fwp%2Fv2%2Fcomments&post=5650"}],"version-history":[{"count":1,"href":"https:\/\/clm-inclusiva.org\/index.php?rest_route=\/wp\/v2\/posts\/5650\/revisions"}],"predecessor-version":[{"id":5657,"href":"https:\/\/clm-inclusiva.org\/index.php?rest_route=\/wp\/v2\/posts\/5650\/revisions\/5657"}],"wp:featuredmedia":[{"embeddable":true,"href":"https:\/\/clm-inclusiva.org\/index.php?rest_route=\/wp\/v2\/media\/5652"}],"wp:attachment":[{"href":"https:\/\/clm-inclusiva.org\/index.php?rest_route=%2Fwp%2Fv2%2Fmedia&parent=5650"}],"wp:term":[{"taxonomy":"category","embeddable":true,"href":"https:\/\/clm-inclusiva.org\/index.php?rest_route=%2Fwp%2Fv2%2Fcategories&post=5650"},{"taxonomy":"post_tag","embeddable":true,"href":"https:\/\/clm-inclusiva.org\/index.php?rest_route=%2Fwp%2Fv2%2Ftags&post=5650"}],"curies":[{"name":"wp","href":"https:\/\/api.w.org\/{rel}","templated":true}]}}