{"id":5641,"date":"2025-07-22T10:50:28","date_gmt":"2025-07-22T08:50:28","guid":{"rendered":"https:\/\/clm-inclusiva.org\/?p=5641"},"modified":"2025-07-22T10:50:28","modified_gmt":"2025-07-22T08:50:28","slug":"castilla-la-mancha-inclusiva-valora-positivamente-los-avances-del-anteproyecto-de-ley-de-discapacidad-y-autonomia-personal-y-reclama-mas-mejoras","status":"publish","type":"post","link":"https:\/\/clm-inclusiva.org\/?p=5641","title":{"rendered":"Castilla \u2013 La Mancha Inclusiva valora positivamente los avances del anteproyecto de ley de discapacidad y autonom\u00eda personal, y reclama m\u00e1s mejoras"},"content":{"rendered":"<p><img decoding=\"async\" loading=\"lazy\" class=\"alignnone size-medium wp-image-5642\" src=\"http:\/\/clm-inclusiva.org\/wp-content\/uploads\/2025\/07\/20230914_123059-300x300.jpg\" alt=\"\" width=\"300\" height=\"300\" \/><\/p>\n<blockquote>\n<h3 style=\"text-align: left;\"><strong>Castilla \u2013 La Mancha Inclusiva valora positivamente los avances del anteproyecto de ley de discapacidad y autonom\u00eda personal y reclama m\u00e1s mejoras\u00a0<\/strong><\/h3>\n<\/blockquote>\n<p>Castilla \u2013 La Mancha Inclusiva y COCEMFE nacional reconocen avances como la inclusi\u00f3n de la asistencia personal como servicio del cat\u00e1logo, el aumento de horas de atenci\u00f3n, el reconocimiento autom\u00e1tico del 33% con grado I de dependencia, compatibilidad entre empleo y prestaciones y otras mejoras para favorecer el acceso a los seguros, la accesibilidad en viviendas y mejorar el uso de las tarjetas de aparcamiento<\/p>\n<p>Ambas organizaciones exigen asegurar financiaci\u00f3n, equidad territorial y concreci\u00f3n normativa y advierten que sin memoria econ\u00f3mica ni supervisi\u00f3n estatal la reforma ser\u00e1 insuficiente<\/p>\n<p>Castilla \u2013 La Mancha y COCEMFE continuar\u00e1n realizando incidencia pol\u00edtica para que el anteproyecto sea mejorado durante su tramitaci\u00f3n parlamentaria y se garantice una protecci\u00f3n real y efectiva de los derechos de las personas con discapacidad f\u00edsica y org\u00e1nica<\/p>\n<p>&nbsp;<\/p>\n<p>(Toledo, 22 de julio de 2025)<\/p>\n<p>&nbsp;<\/p>\n<p>CLM Inclusiva y la Confederaci\u00f3n Espa\u00f1ola de Personas con Discapacidad F\u00edsica y Org\u00e1nica (COCEMFE) valoran positivamente la aprobaci\u00f3n del anteproyecto de reforma de la Ley de Promoci\u00f3n de la Autonom\u00eda Personal y Atenci\u00f3n a las Personas en Situaci\u00f3n de Dependencia y la Ley General de los Derechos de las Personas con Discapacidad y de su Inclusi\u00f3n Social, aprobado en el Consejo de Ministros del 15 de julio de 2025.<\/p>\n<p>Ambas organizaciones muestran su satisfacci\u00f3n puesto que el anteproyecto recoge avances significativos trasladados por COCEMFE y el movimiento asociativo aglutinado en torno al CERMI, como la incorporaci\u00f3n de la asistencia personal como servicio del cat\u00e1logo, el aumento de horas de atenci\u00f3n, el reconocimiento autom\u00e1tico del 33% de discapacidad a personas con grado I de dependencia o las compatibilidades entre el desempe\u00f1o de empleo y la percepci\u00f3n de prestaciones por dependencia.<\/p>\n<p>A pesar de estos avances, CLM Inclusiva y COCEMFE nacional advierten que a\u00fan son necesarias mejoras sustanciales para garantizar una aplicaci\u00f3n real y efectiva en todo el territorio.<\/p>\n<p>Junto a COCEMFE nacional, CLM Inclusiva, destaca como positivo que el anteproyecto impulse la asistencia personal y reconozca la necesidad de incrementar la intensidad de atenci\u00f3n y la promoci\u00f3n de la autonom\u00eda de las personas. Sin embargo, lamenta que el texto no incluya una memoria econ\u00f3mica ni mecanismos estatales de supervisi\u00f3n que aseguren la equidad en la aplicaci\u00f3n de la ley.<\/p>\n<p>En cuanto a los copagos en materia de autonom\u00eda personal, COCEMFE nacional mantiene su propuesta de que sean eliminados o, en el caso de que deba mantenerse, se establezca un l\u00edmite m\u00e1ximo del 40% al copago, calculado en funci\u00f3n de los ingresos individuales, como f\u00f3rmula para garantizar la equidad y la sostenibilidad para las personas con discapacidad con mayor grado de dependencia.<\/p>\n<p>En materia de discapacidad, incluye novedades como la protecci\u00f3n reforzada de los derechos de las personas con discapacidad como exigencia a los poderes p\u00fablicos, el reconocimiento de la accesibilidad universal como derecho subjetivo o la especial atenci\u00f3n hacia las mujeres y los menores con discapacidad. Tambi\u00e9n CLM Inclusiva y COCEMFE nacional consideran positiva la interconexi\u00f3n de los registros auton\u00f3micos de tarjetas de estacionamiento para mejorar el control y prevenir usos indebidos, as\u00ed como el refuerzo de medidas antidiscriminatorias en seguros, y la reforma de la Ley de Propiedad Horizontal para facilitar las obras necesarias en comunidades de vecinos.<\/p>\n<p>La modificaci\u00f3n de la Ley de Propiedad Horizontal supone una mejora significativa respecto a la situaci\u00f3n actual para para facilitar la realizaci\u00f3n de obras de accesibilidad en edificios de viviendas cuando una persona con discapacidad lo solicite, incluso aunque el resto de la comunidad no est\u00e9 de acuerdo. A pesar de que se mantienen los l\u00edmites econ\u00f3micos actuales (12 mensualidades ordinarias de los gastos comunes), obliga a las comunidades a solicitar ayudas y subvenciones y se refuerza la obligatoriedad de realizar obras de accesibilidad en edificios si existe financiaci\u00f3n p\u00fablica suficiente (\u226570%) o si quien la solicita complementa hasta ese umbral.<\/p>\n<p>Por ello, durante la tramitaci\u00f3n parlamentaria, COCEMFE nacional en coordinaci\u00f3n con su Movimiento Asociativo presentar\u00e1 a los grupos pol\u00edticos propuestas de mejora para que la futura ley garantice:<\/p>\n<p>Una financiaci\u00f3n suficiente y vinculante para el despliegue de los derechos.<\/p>\n<p>Supervisi\u00f3n estatal que evite desigualdades entre comunidades aut\u00f3nomas.<\/p>\n<p>Impulso a la accesibilidad universal, incluidos productos de apoyo permanentes, el acceso a la vivienda y al empleo inclusivo.<\/p>\n<p>Eliminaci\u00f3n de l\u00edmites econ\u00f3micos a la realizaci\u00f3n de obras de accesibilidad en edificios de viviendas<\/p>\n<p>Concreci\u00f3n normativa sobre servicios clave como la asistencia personal.<\/p>\n<p>Eliminaci\u00f3n de copagos desproporcionados y reconocimiento de criterios de renta individuales.<\/p>\n<p>Reconocimiento de nuevos modelos de vida independiente y apoyos personalizados<\/p>\n<p>\u201cLas personas con discapacidad f\u00edsica y org\u00e1nica no pueden seguir esperando. Esta reforma debe ser la herramienta que nos permita ejercer nuestros derechos en igualdad de condiciones\u201d, apunta Enrique Alarc\u00f3n, Presidente de CLM Inclusiva, destacando la necesidad de que dicha norma \u201csea mejorada y aprobada con el mayor apoyo y consenso posible\u201d.<\/p>\n<p>&nbsp;<\/p>\n<p>La Confederaci\u00f3n de entidades de personas con discapacidad f\u00edsica y org\u00e1nica Castilla-La Mancha INCLUSIVA COCEMFE se constituy\u00f3 en el a\u00f1o 2017. Agrupa a casi un centenar de entidades que representan casi a 10.000 personas con discapacidad. Se encuentra compuesta por las federaciones provinciales, COCEMFE Albacete, COCEMFE Guadalajara, COCEMFE Toledo, COCEMFE Cuenca y Ciudad Real INCLUSIVA, as\u00ed como las entidades de car\u00e1cter regional AFANION, LUNA, AIDISCAM CLM y la asociaci\u00f3n nacional AMIAB. El objetivo fundamental de la confederaci\u00f3n es articular y vertebrar en nuestra regi\u00f3n el asociacionismo de la discapacidad f\u00edsica y org\u00e1nica, desde la unidad y respeto al pluralismo, para desarrollar una acci\u00f3n representativa efectiva en defensas de los derechos e intereses de las personas con discapacidad y sus familias.<\/p>\n","protected":false},"excerpt":{"rendered":"<p>Castilla \u2013 La Mancha Inclusiva valora positivamente los avances del anteproyecto de ley de discapacidad y autonom\u00eda personal y reclama m\u00e1s mejoras\u00a0 Castilla \u2013 La Mancha Inclusiva y COCEMFE nacional reconocen avances como la inclusi\u00f3n de la asistencia personal como servicio del cat\u00e1logo, el aumento de horas de atenci\u00f3n, el reconocimiento autom\u00e1tico del 33% con [&hellip;]<\/p>\n","protected":false},"author":1,"featured_media":5642,"comment_status":"open","ping_status":"open","sticky":false,"template":"","format":"standard","meta":{"_et_pb_use_builder":"","_et_pb_old_content":"","_et_gb_content_width":"","footnotes":""},"categories":[39,4,47,5],"tags":[],"yoast_head":"<!-- This site is optimized with the Yoast SEO plugin v21.3 - https:\/\/yoast.com\/wordpress\/plugins\/seo\/ -->\n<title>Castilla \u2013 La Mancha Inclusiva valora positivamente los avances del anteproyecto de ley de discapacidad y autonom\u00eda personal, y reclama m\u00e1s mejoras - Clm-Inclusiva<\/title>\n<meta name=\"robots\" content=\"index, follow, max-snippet:-1, max-image-preview:large, max-video-preview:-1\" \/>\n<link rel=\"canonical\" href=\"https:\/\/clm-inclusiva.org\/?p=5641\" \/>\n<meta property=\"og:locale\" content=\"es_ES\" \/>\n<meta property=\"og:type\" content=\"article\" \/>\n<meta property=\"og:title\" content=\"Castilla \u2013 La Mancha Inclusiva valora positivamente los avances del anteproyecto de ley de discapacidad y autonom\u00eda personal, y reclama m\u00e1s mejoras - Clm-Inclusiva\" \/>\n<meta property=\"og:description\" content=\"Castilla \u2013 La Mancha Inclusiva valora positivamente los avances del anteproyecto de ley de discapacidad y autonom\u00eda personal y reclama m\u00e1s mejoras\u00a0 Castilla \u2013 La Mancha Inclusiva y COCEMFE nacional reconocen avances como la inclusi\u00f3n de la asistencia personal como servicio del cat\u00e1logo, el aumento de horas de atenci\u00f3n, el reconocimiento autom\u00e1tico del 33% con [&hellip;]\" \/>\n<meta property=\"og:url\" content=\"https:\/\/clm-inclusiva.org\/?p=5641\" \/>\n<meta property=\"og:site_name\" content=\"Clm-Inclusiva\" \/>\n<meta property=\"article:publisher\" content=\"https:\/\/www.facebook.com\/castillalamancha.inclusiva\/\" \/>\n<meta property=\"article:published_time\" content=\"2025-07-22T08:50:28+00:00\" \/>\n<meta property=\"og:image\" content=\"http:\/\/clm-inclusiva.org\/wp-content\/uploads\/2025\/07\/20230914_123059.jpg\" \/>\n\t<meta property=\"og:image:width\" content=\"2407\" \/>\n\t<meta property=\"og:image:height\" content=\"2413\" \/>\n\t<meta property=\"og:image:type\" content=\"image\/jpeg\" \/>\n<meta name=\"author\" content=\"clm-inclusiva\" \/>\n<meta name=\"twitter:card\" content=\"summary_large_image\" \/>\n<meta name=\"twitter:creator\" content=\"@ClmInclusiva\" \/>\n<meta name=\"twitter:site\" content=\"@ClmInclusiva\" \/>\n<meta name=\"twitter:label1\" content=\"Escrito por\" \/>\n\t<meta name=\"twitter:data1\" content=\"clm-inclusiva\" \/>\n\t<meta name=\"twitter:label2\" content=\"Tiempo de lectura\" \/>\n\t<meta name=\"twitter:data2\" content=\"5 minutos\" \/>\n<script type=\"application\/ld+json\" class=\"yoast-schema-graph\">{\"@context\":\"https:\/\/schema.org\",\"@graph\":[{\"@type\":\"Article\",\"@id\":\"https:\/\/clm-inclusiva.org\/?p=5641#article\",\"isPartOf\":{\"@id\":\"https:\/\/clm-inclusiva.org\/?p=5641\"},\"author\":{\"name\":\"clm-inclusiva\",\"@id\":\"https:\/\/clm-inclusiva.org\/#\/schema\/person\/0cff84aaa5bb8fd3521c55d1578d902b\"},\"headline\":\"Castilla \u2013 La Mancha Inclusiva valora positivamente los avances del anteproyecto de ley de discapacidad y autonom\u00eda personal, y reclama m\u00e1s mejoras\",\"datePublished\":\"2025-07-22T08:50:28+00:00\",\"dateModified\":\"2025-07-22T08:50:28+00:00\",\"mainEntityOfPage\":{\"@id\":\"https:\/\/clm-inclusiva.org\/?p=5641\"},\"wordCount\":1024,\"commentCount\":0,\"publisher\":{\"@id\":\"https:\/\/clm-inclusiva.org\/#organization\"},\"articleSection\":[\"Bienestar social\",\"Clm inclusiva\",\"cocemfe\",\"Discapacidad\"],\"inLanguage\":\"es\",\"potentialAction\":[{\"@type\":\"CommentAction\",\"name\":\"Comment\",\"target\":[\"https:\/\/clm-inclusiva.org\/?p=5641#respond\"]}]},{\"@type\":\"WebPage\",\"@id\":\"https:\/\/clm-inclusiva.org\/?p=5641\",\"url\":\"https:\/\/clm-inclusiva.org\/?p=5641\",\"name\":\"Castilla \u2013 La Mancha Inclusiva valora positivamente los avances del anteproyecto de ley de discapacidad y autonom\u00eda personal, y reclama m\u00e1s mejoras - Clm-Inclusiva\",\"isPartOf\":{\"@id\":\"https:\/\/clm-inclusiva.org\/#website\"},\"datePublished\":\"2025-07-22T08:50:28+00:00\",\"dateModified\":\"2025-07-22T08:50:28+00:00\",\"breadcrumb\":{\"@id\":\"https:\/\/clm-inclusiva.org\/?p=5641#breadcrumb\"},\"inLanguage\":\"es\",\"potentialAction\":[{\"@type\":\"ReadAction\",\"target\":[\"https:\/\/clm-inclusiva.org\/?p=5641\"]}]},{\"@type\":\"BreadcrumbList\",\"@id\":\"https:\/\/clm-inclusiva.org\/?p=5641#breadcrumb\",\"itemListElement\":[{\"@type\":\"ListItem\",\"position\":1,\"name\":\"Portada\",\"item\":\"https:\/\/clm-inclusiva.org\/\"},{\"@type\":\"ListItem\",\"position\":2,\"name\":\"Castilla \u2013 La Mancha Inclusiva valora positivamente los avances del anteproyecto de ley de discapacidad y autonom\u00eda personal, y reclama m\u00e1s mejoras\"}]},{\"@type\":\"WebSite\",\"@id\":\"https:\/\/clm-inclusiva.org\/#website\",\"url\":\"https:\/\/clm-inclusiva.org\/\",\"name\":\"Clm-Inclusiva\",\"description\":\"Confederaci\u00f3n de entidades de personas con discapacidad f\u00edsica y org\u00e1nica CLM\",\"publisher\":{\"@id\":\"https:\/\/clm-inclusiva.org\/#organization\"},\"potentialAction\":[{\"@type\":\"SearchAction\",\"target\":{\"@type\":\"EntryPoint\",\"urlTemplate\":\"https:\/\/clm-inclusiva.org\/?s={search_term_string}\"},\"query-input\":\"required name=search_term_string\"}],\"inLanguage\":\"es\"},{\"@type\":\"Organization\",\"@id\":\"https:\/\/clm-inclusiva.org\/#organization\",\"name\":\"Clm-Inclusiva\",\"url\":\"https:\/\/clm-inclusiva.org\/\",\"logo\":{\"@type\":\"ImageObject\",\"inLanguage\":\"es\",\"@id\":\"https:\/\/clm-inclusiva.org\/#\/schema\/logo\/image\/\",\"url\":\"http:\/\/clm-inclusiva.org\/wp-content\/uploads\/2019\/04\/banner-e1533720812836.jpg\",\"contentUrl\":\"http:\/\/clm-inclusiva.org\/wp-content\/uploads\/2019\/04\/banner-e1533720812836.jpg\",\"width\":600,\"height\":332,\"caption\":\"Clm-Inclusiva\"},\"image\":{\"@id\":\"https:\/\/clm-inclusiva.org\/#\/schema\/logo\/image\/\"},\"sameAs\":[\"https:\/\/www.facebook.com\/castillalamancha.inclusiva\/\",\"https:\/\/twitter.com\/ClmInclusiva\"]},{\"@type\":\"Person\",\"@id\":\"https:\/\/clm-inclusiva.org\/#\/schema\/person\/0cff84aaa5bb8fd3521c55d1578d902b\",\"name\":\"clm-inclusiva\",\"image\":{\"@type\":\"ImageObject\",\"inLanguage\":\"es\",\"@id\":\"https:\/\/clm-inclusiva.org\/#\/schema\/person\/image\/\",\"url\":\"https:\/\/secure.gravatar.com\/avatar\/88948567af770dc9cd5597b329011884?s=96&d=blank&r=g\",\"contentUrl\":\"https:\/\/secure.gravatar.com\/avatar\/88948567af770dc9cd5597b329011884?s=96&d=blank&r=g\",\"caption\":\"clm-inclusiva\"},\"sameAs\":[\"http:\/\/clm-inclusiva.org\"],\"url\":\"https:\/\/clm-inclusiva.org\/?author=1\"}]}<\/script>\n<!-- \/ Yoast SEO plugin. -->","yoast_head_json":{"title":"Castilla \u2013 La Mancha Inclusiva valora positivamente los avances del anteproyecto de ley de discapacidad y autonom\u00eda personal, y reclama m\u00e1s mejoras - Clm-Inclusiva","robots":{"index":"index","follow":"follow","max-snippet":"max-snippet:-1","max-image-preview":"max-image-preview:large","max-video-preview":"max-video-preview:-1"},"canonical":"https:\/\/clm-inclusiva.org\/?p=5641","og_locale":"es_ES","og_type":"article","og_title":"Castilla \u2013 La Mancha Inclusiva valora positivamente los avances del anteproyecto de ley de discapacidad y autonom\u00eda personal, y reclama m\u00e1s mejoras - Clm-Inclusiva","og_description":"Castilla \u2013 La Mancha Inclusiva valora positivamente los avances del anteproyecto de ley de discapacidad y autonom\u00eda personal y reclama m\u00e1s mejoras\u00a0 Castilla \u2013 La Mancha Inclusiva y COCEMFE nacional reconocen avances como la inclusi\u00f3n de la asistencia personal como servicio del cat\u00e1logo, el aumento de horas de atenci\u00f3n, el reconocimiento autom\u00e1tico del 33% con [&hellip;]","og_url":"https:\/\/clm-inclusiva.org\/?p=5641","og_site_name":"Clm-Inclusiva","article_publisher":"https:\/\/www.facebook.com\/castillalamancha.inclusiva\/","article_published_time":"2025-07-22T08:50:28+00:00","og_image":[{"width":2407,"height":2413,"url":"http:\/\/clm-inclusiva.org\/wp-content\/uploads\/2025\/07\/20230914_123059.jpg","type":"image\/jpeg"}],"author":"clm-inclusiva","twitter_card":"summary_large_image","twitter_creator":"@ClmInclusiva","twitter_site":"@ClmInclusiva","twitter_misc":{"Escrito por":"clm-inclusiva","Tiempo de lectura":"5 minutos"},"schema":{"@context":"https:\/\/schema.org","@graph":[{"@type":"Article","@id":"https:\/\/clm-inclusiva.org\/?p=5641#article","isPartOf":{"@id":"https:\/\/clm-inclusiva.org\/?p=5641"},"author":{"name":"clm-inclusiva","@id":"https:\/\/clm-inclusiva.org\/#\/schema\/person\/0cff84aaa5bb8fd3521c55d1578d902b"},"headline":"Castilla \u2013 La Mancha Inclusiva valora positivamente los avances del anteproyecto de ley de discapacidad y autonom\u00eda personal, y reclama m\u00e1s mejoras","datePublished":"2025-07-22T08:50:28+00:00","dateModified":"2025-07-22T08:50:28+00:00","mainEntityOfPage":{"@id":"https:\/\/clm-inclusiva.org\/?p=5641"},"wordCount":1024,"commentCount":0,"publisher":{"@id":"https:\/\/clm-inclusiva.org\/#organization"},"articleSection":["Bienestar social","Clm inclusiva","cocemfe","Discapacidad"],"inLanguage":"es","potentialAction":[{"@type":"CommentAction","name":"Comment","target":["https:\/\/clm-inclusiva.org\/?p=5641#respond"]}]},{"@type":"WebPage","@id":"https:\/\/clm-inclusiva.org\/?p=5641","url":"https:\/\/clm-inclusiva.org\/?p=5641","name":"Castilla \u2013 La Mancha Inclusiva valora positivamente los avances del anteproyecto de ley de discapacidad y autonom\u00eda personal, y reclama m\u00e1s mejoras - Clm-Inclusiva","isPartOf":{"@id":"https:\/\/clm-inclusiva.org\/#website"},"datePublished":"2025-07-22T08:50:28+00:00","dateModified":"2025-07-22T08:50:28+00:00","breadcrumb":{"@id":"https:\/\/clm-inclusiva.org\/?p=5641#breadcrumb"},"inLanguage":"es","potentialAction":[{"@type":"ReadAction","target":["https:\/\/clm-inclusiva.org\/?p=5641"]}]},{"@type":"BreadcrumbList","@id":"https:\/\/clm-inclusiva.org\/?p=5641#breadcrumb","itemListElement":[{"@type":"ListItem","position":1,"name":"Portada","item":"https:\/\/clm-inclusiva.org\/"},{"@type":"ListItem","position":2,"name":"Castilla \u2013 La Mancha Inclusiva valora positivamente los avances del anteproyecto de ley de discapacidad y autonom\u00eda personal, y reclama m\u00e1s mejoras"}]},{"@type":"WebSite","@id":"https:\/\/clm-inclusiva.org\/#website","url":"https:\/\/clm-inclusiva.org\/","name":"Clm-Inclusiva","description":"Confederaci\u00f3n de entidades de personas con discapacidad f\u00edsica y org\u00e1nica CLM","publisher":{"@id":"https:\/\/clm-inclusiva.org\/#organization"},"potentialAction":[{"@type":"SearchAction","target":{"@type":"EntryPoint","urlTemplate":"https:\/\/clm-inclusiva.org\/?s={search_term_string}"},"query-input":"required name=search_term_string"}],"inLanguage":"es"},{"@type":"Organization","@id":"https:\/\/clm-inclusiva.org\/#organization","name":"Clm-Inclusiva","url":"https:\/\/clm-inclusiva.org\/","logo":{"@type":"ImageObject","inLanguage":"es","@id":"https:\/\/clm-inclusiva.org\/#\/schema\/logo\/image\/","url":"http:\/\/clm-inclusiva.org\/wp-content\/uploads\/2019\/04\/banner-e1533720812836.jpg","contentUrl":"http:\/\/clm-inclusiva.org\/wp-content\/uploads\/2019\/04\/banner-e1533720812836.jpg","width":600,"height":332,"caption":"Clm-Inclusiva"},"image":{"@id":"https:\/\/clm-inclusiva.org\/#\/schema\/logo\/image\/"},"sameAs":["https:\/\/www.facebook.com\/castillalamancha.inclusiva\/","https:\/\/twitter.com\/ClmInclusiva"]},{"@type":"Person","@id":"https:\/\/clm-inclusiva.org\/#\/schema\/person\/0cff84aaa5bb8fd3521c55d1578d902b","name":"clm-inclusiva","image":{"@type":"ImageObject","inLanguage":"es","@id":"https:\/\/clm-inclusiva.org\/#\/schema\/person\/image\/","url":"https:\/\/secure.gravatar.com\/avatar\/88948567af770dc9cd5597b329011884?s=96&d=blank&r=g","contentUrl":"https:\/\/secure.gravatar.com\/avatar\/88948567af770dc9cd5597b329011884?s=96&d=blank&r=g","caption":"clm-inclusiva"},"sameAs":["http:\/\/clm-inclusiva.org"],"url":"https:\/\/clm-inclusiva.org\/?author=1"}]}},"_links":{"self":[{"href":"https:\/\/clm-inclusiva.org\/index.php?rest_route=\/wp\/v2\/posts\/5641"}],"collection":[{"href":"https:\/\/clm-inclusiva.org\/index.php?rest_route=\/wp\/v2\/posts"}],"about":[{"href":"https:\/\/clm-inclusiva.org\/index.php?rest_route=\/wp\/v2\/types\/post"}],"author":[{"embeddable":true,"href":"https:\/\/clm-inclusiva.org\/index.php?rest_route=\/wp\/v2\/users\/1"}],"replies":[{"embeddable":true,"href":"https:\/\/clm-inclusiva.org\/index.php?rest_route=%2Fwp%2Fv2%2Fcomments&post=5641"}],"version-history":[{"count":1,"href":"https:\/\/clm-inclusiva.org\/index.php?rest_route=\/wp\/v2\/posts\/5641\/revisions"}],"predecessor-version":[{"id":5643,"href":"https:\/\/clm-inclusiva.org\/index.php?rest_route=\/wp\/v2\/posts\/5641\/revisions\/5643"}],"wp:featuredmedia":[{"embeddable":true,"href":"https:\/\/clm-inclusiva.org\/index.php?rest_route=\/wp\/v2\/media\/5642"}],"wp:attachment":[{"href":"https:\/\/clm-inclusiva.org\/index.php?rest_route=%2Fwp%2Fv2%2Fmedia&parent=5641"}],"wp:term":[{"taxonomy":"category","embeddable":true,"href":"https:\/\/clm-inclusiva.org\/index.php?rest_route=%2Fwp%2Fv2%2Fcategories&post=5641"},{"taxonomy":"post_tag","embeddable":true,"href":"https:\/\/clm-inclusiva.org\/index.php?rest_route=%2Fwp%2Fv2%2Ftags&post=5641"}],"curies":[{"name":"wp","href":"https:\/\/api.w.org\/{rel}","templated":true}]}}