{"id":5588,"date":"2025-06-12T22:15:15","date_gmt":"2025-06-12T20:15:15","guid":{"rendered":"https:\/\/clm-inclusiva.org\/?p=5588"},"modified":"2025-06-12T22:15:15","modified_gmt":"2025-06-12T20:15:15","slug":"clm-inclusiva-cocemfe-reconoce-en-la-iii-gala-regional-capaces-la-labor-de-personas-entidades-e-instituciones-por-su-compromiso-con-la-inclusion","status":"publish","type":"post","link":"https:\/\/clm-inclusiva.org\/?p=5588","title":{"rendered":"CLM Inclusiva COCEMFE reconoce en la III Gala Regional \u201cCAPACES\u201d la labor de personas, entidades e instituciones por su compromiso con la inclusi\u00f3n"},"content":{"rendered":"<ul>\n<li>\n<h3><strong>Durante el evento se ha puesto en valor el trabajo de distintas instituciones, personas y entidades sociales que contribuyen a mejorar la calidad de vida de las personas con discapacidad y sus familias.<\/strong><\/h3>\n<\/li>\n<li>\n<h3><strong>Se han entregado siete reconocimientos en diferentes categor\u00edas, destacando la necesidad de seguir avanzando hacia una Castilla-La Mancha m\u00e1s justa, s<\/strong><strong>olidaria e inclusiva.<\/strong><\/h3>\n<\/li>\n<li>\n<h3><strong>La Gala ha contado, entre otros, con la presencia de Manuel Serrano, alcalde de Albacete, Llanos Navarro, concejala de Calidad de Vida, Participaci\u00f3n Real y Efectiva y Francisco Jos\u00e9 Armenta, director general de Discapacidad de la Junta de Comunidades de Castilla-La Mancha.<\/strong><\/h3>\n<\/li>\n<\/ul>\n<p>CLM Inclusiva COCEMFE, la Confederaci\u00f3n de Personas con Discapacidad F\u00edsica y Org\u00e1nica de Castilla-La Mancha, ha celebrado en la F\u00e1brica de Harinas de Albacete la III Gala Regional \u201cCAPACES\u201d, un evento que ha servido para reconocer p\u00fablicamente la destacada labor de personas, entidades e instituciones comprometidas con la inclusi\u00f3n y los derechos de las personas con discapacidad.<\/p>\n<p>A lo largo del acto se han entregado <strong>siete reconocimientos<\/strong> en diferentes categor\u00edas a entidades sociales, empresas, organismos p\u00fablicos e instituciones cuyo esfuerzo contribuye a la mejora de la calidad de vida y la participaci\u00f3n activa de las personas con discapacidad en la regi\u00f3n.<\/p>\n<p>Los galardones entregados son:<\/p>\n<ul>\n<li><strong>Reconocimiento al Voluntariado,<\/strong> otorgado a <strong>Cruz Roja Castilla-La Mancha<\/strong>, recogido por su vicepresidente y presidente provincial en Albacete, Eloy Ortiz.<\/li>\n<li><strong>Entidad Social Comprometida<\/strong>, concedido a <strong>Cooperativas Agro-alimentarias Castilla-La Mancha<\/strong>. Recogen el galard\u00f3n Juan Miguel del Real, director general, y Sergio Hurtado, gerente de la entidad.<\/li>\n<li><strong>Socio de Honor<\/strong>, entregado al director de cine <strong>Pedro Sol\u00eds Garc\u00eda<\/strong>, en reconocimiento a su destacada labor.<\/li>\n<li><strong>Medio de Comunicaci\u00f3n<\/strong>, concedido <strong>al Grupo Multimedia de Comunicaci\u00f3n La Cerca<\/strong>. Reciben el premio Manuel Lozano Serna, presidente del grupo, junto a Eva Lozano Garc\u00eda y Manuel Lozano Garc\u00eda, codirectores.<\/li>\n<li><strong>Empresa Inclusiva<\/strong>, para la empresa <strong>Electroangel<\/strong>, por su compromiso con la inclusi\u00f3n laboral. Recoge el galard\u00f3n su gerente y propietario, \u00c1ngel Luis Bl\u00e1zquez.<\/li>\n<li><strong>Instituci\u00f3n P\u00fablica<\/strong>, otorgado al <strong> Ayuntamiento de Albacete<\/strong>. Reciben el reconocimiento el alcalde, Manuel Serrano.<\/li>\n<li><strong>Trayectoria Vital<\/strong>, concedido a <strong>Virginia Felipe Saelices<\/strong>, por su inspirador recorrido personal y profesional.<\/li>\n<\/ul>\n<p><strong>Enrique Alarc\u00f3n Garc\u00eda, presidente de CLM Inclusiva COCEMFE<\/strong>, ha subrayado en su intervenci\u00f3n que \u201clas capacidades alcanzan su plenitud cuando se ponen en movimiento y se convierten en fruto compartido\u201d, como se refleja en esta Gala Capaces.<\/p>\n<p>Ha advertido que <strong>a\u00fan existen muchas barreras<\/strong> que impiden a las personas con discapacidad ejercer una ciudadan\u00eda plena, por lo que ha insistido en la necesidad de seguir cultivando y cuidando esas capacidades que son fuente de creatividad y felicidad.<\/p>\n<p>\u201cNo podemos ignorar que el 31% de las personas con discapacidad viven en situaci\u00f3n de pobreza y solo 3 de cada 10 acceden al empleo\u201d, ha recordado. Por ello, ha hecho un llamamiento a la corresponsabilidad para construir una cultura inclusiva que garantice derechos y dignidad.<\/p>\n<p>Ha <strong>concluido felicitando a los reconocidos<\/strong>, afirmando que \u201choy vemos lo que sucede cuando las capacidades se encuentran y cooperan: cada talento necesita del impulso de otros para desplegarse\u201d. Les ha agradecido su empe\u00f1o \u201c<strong>hecho realidad, con vuestro compromiso ya se est\u00e1 haciendo realidad nuestro sue\u00f1o de ver como las capacidades superan las limitaciones<\/strong>\u201d.<\/p>\n<p>Desde el <strong>Ayuntamiento de Albacete, su alcalde, Manuel Serrano<\/strong> ha destacado el orgullo que supone para el Ayuntamiento formar parte de una instituci\u00f3n con una trayectoria de trabajo constante y comprometido. Ha subrayado que Albacete es una ciudad abierta, donde todas las personas pueden desarrollarse plenamente y acceder a los servicios p\u00fablicos en igualdad de condiciones.<\/p>\n<p>Serrano ha valorado especialmente el trabajo conjunto con referentes como Marcelino Escobar y Enrique Alarc\u00f3n, que han contribuido a convertir Albacete en un modelo a seguir. \u201cSomos un ejemplo de c\u00f3mo hacer las cosas desde la igualdad y la justicia social, y en ese camino no daremos un paso atr\u00e1s\u201d, ha afirmado.<\/p>\n<p>Por su parte, <strong>Jos\u00e9 Gonz\u00e1lez, diputado provincial de Servicios Sociales de la Diputaci\u00f3n de Albacete<\/strong>, ha felicitado a todos los premiados durante el acto, haciendo una menci\u00f3n especial al Reconocimiento como Socio de Honor concedido a Pedro Sol\u00eds Garc\u00eda. Gonz\u00e1lez ha destacado el valor de sus cortometrajes, que <strong>\u00e9l mismo utiliza como recurso educativo en el aula<\/strong>, y ha subrayado su capacidad para sensibilizar y concienciar desde la creatividad.<\/p>\n<p>Asimismo, <strong>ha puesto en valor la figura de Virginia Felipe<\/strong>, reconocida por su Trayectoria Vital, y ha extendido su agradecimiento a todas las corporaciones municipales que han pasado por el Ayuntamiento de Albacete, as\u00ed como a la actual, por su compromiso constante con la construcci\u00f3n de una ciudad m\u00e1s accesible e inclusiva para todos.<\/p>\n<p>En su intervenci\u00f3n<strong>, Francisco Jos\u00e9 Armenta Men\u00e9ndez, director general de Discapacidad de la Junta de Comunidades de Castilla-La Mancha<\/strong>, ha expresado su satisfacci\u00f3n por participar en una gala que reconoce el trabajo de personas, entidades y administraciones comprometidas con la inclusi\u00f3n.<\/p>\n<p>Armenta ha destacado que \u201c<strong>donde hay inclusi\u00f3n, hay una sociedad muy distinta<\/strong>\u201d y ha llamado a seguir avanzando, sin conformarse, en la mejora de la calidad de vida de las personas con discapacidad y sus familias.<\/p>\n<p>La III Gala Regional de Reconocimientos Sociales \u2018CAPACES\u2019 ha contado con la asistencia de <strong>diversas personalidades del \u00e1mbito pol\u00edtico, econ\u00f3mico y social<\/strong> de Castilla-La Mancha, como Jos\u00e9 Juli\u00e1n Garde L\u00f3pez-Brea, Rector de la Universidad de Castilla-La Mancha, Elena Garc\u00eda Zalve, directora general de Empleo, Susana Cort\u00e9s gerente de la Fundaci\u00f3n Eurocaja Rural y Carlos Prior director territorial de Eurocaja Rural en Albacete. As\u00ed como diputados provinciales, regionales, concejales y concejalas, representantes sindicales y de los estamentos empresariales, presidentes, presidentas, y juntas directivas del movimiento asociativo.<\/p>\n<p>Todos ellos trasladaron un mensaje de apoyo a este evento que reconoce a aquellos que trabajan por mejorar la vida de las personas con discapacidad f\u00edsica y org\u00e1nica, y de sus familias.<\/p>\n<p>Un evento que un a\u00f1o m\u00e1s ha contado con el <strong>apoyo de la Fundaci\u00f3n Eurocaja Rural<\/strong> como patrocinador principal, cuyo firme compromiso con la inclusi\u00f3n y respaldo a esta iniciativa han sido clave para hacer posible la celebraci\u00f3n de esta tercera edici\u00f3n de la Gala &#8216;CAPACES&#8217;.<\/p>\n<p>Con iniciativas como esta, CLM Inclusiva COCEMFE contin\u00faa visibilizando y promoviendo una sociedad m\u00e1s inclusiva, donde se reconoce el valor y la aportaci\u00f3n de quienes trabajan d\u00eda a d\u00eda por una Castilla-La Mancha m\u00e1s accesible y equitativa.<\/p>\n<div class=\"et_pb_slider et_pb_slider_fullwidth_off et_pb_gallery_post_type\">\n\t\t\t\t<div class=\"et_pb_slides\">\n\t\t\t\t\t<div class=\"et_pb_slide\" style=\"background: url(https:\/\/clm-inclusiva.org\/wp-content\/uploads\/2025\/06\/RECONOCIMIENTO-AL-MEDIO-DE-COMUNICACION-GRUPO-MULTIMEDIA-DE-COMUNICACION-LA-CERCA.jpg);\"><\/div><div class=\"et_pb_slide\" style=\"background: url(https:\/\/clm-inclusiva.org\/wp-content\/uploads\/2025\/06\/RECONOCIMIENTO-TRAYECTORIA-VITAL-VIRGINA-FELIPE.jpg);\"><\/div><div class=\"et_pb_slide\" style=\"background: url(https:\/\/clm-inclusiva.org\/wp-content\/uploads\/2025\/06\/RECONOCIMIENTO-AL-VOLUNTARIADO-CRUZ-ROJA-CASTILLA-LA-MANCHA.jpg);\"><\/div><div class=\"et_pb_slide\" style=\"background: url(https:\/\/clm-inclusiva.org\/wp-content\/uploads\/2025\/06\/RECONOCIMIENTO-A-SOCIO-DE-HONOR-PEDRO-SOLIS-GARCIA.jpg);\"><\/div><div class=\"et_pb_slide\" style=\"background: url(https:\/\/clm-inclusiva.org\/wp-content\/uploads\/2025\/06\/RECONOCIMIENTO-A-INSTITUCION-PUBLICA-COLABORADORA-AYTO-ALBACETE.jpg);\"><\/div><div class=\"et_pb_slide\" style=\"background: url(https:\/\/clm-inclusiva.org\/wp-content\/uploads\/2025\/06\/RECONOCIMIENTO-A-ENTIDAD-COMPROMETIDA-COOPERATIVAS-AGROALIMENTARIAS-CASTILLA-LA-MANCHA.jpg);\"><\/div><div class=\"et_pb_slide\" style=\"background: url(https:\/\/clm-inclusiva.org\/wp-content\/uploads\/2025\/06\/RECONOCIMIENTO-A-EMPRESA-COLABORADORA-INCLUSIVA-ELECTROANGEL.jpg);\"><\/div><div class=\"et_pb_slide\" style=\"background: url(https:\/\/clm-inclusiva.org\/wp-content\/uploads\/2025\/06\/PHOTOCALL.jpg);\"><\/div><div class=\"et_pb_slide\" style=\"background: url(https:\/\/clm-inclusiva.org\/wp-content\/uploads\/2025\/06\/MANUEL-SERRANO.jpg);\"><\/div><div class=\"et_pb_slide\" style=\"background: url(https:\/\/clm-inclusiva.org\/wp-content\/uploads\/2025\/06\/FOTO-GENERAL-PREMIADOS-AUTORIDADES-Y-JUNTA-DIRECTIVA-CLM-INCLUSIVA.jpg);\"><\/div>\n\t\t\t\t<\/div>\n\t\t\t<\/div>\n","protected":false},"excerpt":{"rendered":"<p>Durante el evento se ha puesto en valor el trabajo de distintas instituciones, personas y entidades sociales que contribuyen a mejorar la calidad de vida de las personas con discapacidad y sus familias. Se han entregado siete reconocimientos en diferentes categor\u00edas, destacando la necesidad de seguir avanzando hacia una Castilla-La Mancha m\u00e1s justa, solidaria e [&hellip;]<\/p>\n","protected":false},"author":1,"featured_media":5589,"comment_status":"open","ping_status":"open","sticky":false,"template":"","format":"standard","meta":{"_et_pb_use_builder":"","_et_pb_old_content":"","_et_gb_content_width":"","footnotes":""},"categories":[45,103,119,4,99],"tags":[],"yoast_head":"<!-- This site is optimized with the Yoast SEO plugin v21.3 - https:\/\/yoast.com\/wordpress\/plugins\/seo\/ -->\n<title>CLM Inclusiva COCEMFE reconoce en la III Gala Regional \u201cCAPACES\u201d la labor de personas, entidades e instituciones por su compromiso con la inclusi\u00f3n - Clm-Inclusiva<\/title>\n<meta name=\"robots\" content=\"index, follow, max-snippet:-1, max-image-preview:large, max-video-preview:-1\" \/>\n<link rel=\"canonical\" href=\"https:\/\/clm-inclusiva.org\/?p=5588\" \/>\n<meta property=\"og:locale\" content=\"es_ES\" \/>\n<meta property=\"og:type\" content=\"article\" \/>\n<meta property=\"og:title\" content=\"CLM Inclusiva COCEMFE reconoce en la III Gala Regional \u201cCAPACES\u201d la labor de personas, entidades e instituciones por su compromiso con la inclusi\u00f3n - Clm-Inclusiva\" \/>\n<meta property=\"og:description\" content=\"Durante el evento se ha puesto en valor el trabajo de distintas instituciones, personas y entidades sociales que contribuyen a mejorar la calidad de vida de las personas con discapacidad y sus familias. Se han entregado siete reconocimientos en diferentes categor\u00edas, destacando la necesidad de seguir avanzando hacia una Castilla-La Mancha m\u00e1s justa, solidaria e [&hellip;]\" \/>\n<meta property=\"og:url\" content=\"https:\/\/clm-inclusiva.org\/?p=5588\" \/>\n<meta property=\"og:site_name\" content=\"Clm-Inclusiva\" \/>\n<meta property=\"article:publisher\" content=\"https:\/\/www.facebook.com\/castillalamancha.inclusiva\/\" \/>\n<meta property=\"article:published_time\" content=\"2025-06-12T20:15:15+00:00\" \/>\n<meta property=\"og:image\" content=\"http:\/\/clm-inclusiva.org\/wp-content\/uploads\/2025\/06\/FOTO-GENERAL-PREMIADOS-AUTORIDADES-Y-JUNTA-DIRECTIVA-CLM-INCLUSIVA.jpg\" \/>\n\t<meta property=\"og:image:width\" content=\"1620\" \/>\n\t<meta property=\"og:image:height\" content=\"1080\" \/>\n\t<meta property=\"og:image:type\" content=\"image\/jpeg\" \/>\n<meta name=\"author\" content=\"clm-inclusiva\" \/>\n<meta name=\"twitter:card\" content=\"summary_large_image\" \/>\n<meta name=\"twitter:creator\" content=\"@ClmInclusiva\" \/>\n<meta name=\"twitter:site\" content=\"@ClmInclusiva\" \/>\n<meta name=\"twitter:label1\" content=\"Escrito por\" \/>\n\t<meta name=\"twitter:data1\" content=\"clm-inclusiva\" \/>\n\t<meta name=\"twitter:label2\" content=\"Tiempo de lectura\" \/>\n\t<meta name=\"twitter:data2\" content=\"5 minutos\" \/>\n<script type=\"application\/ld+json\" class=\"yoast-schema-graph\">{\"@context\":\"https:\/\/schema.org\",\"@graph\":[{\"@type\":\"Article\",\"@id\":\"https:\/\/clm-inclusiva.org\/?p=5588#article\",\"isPartOf\":{\"@id\":\"https:\/\/clm-inclusiva.org\/?p=5588\"},\"author\":{\"name\":\"clm-inclusiva\",\"@id\":\"https:\/\/clm-inclusiva.org\/#\/schema\/person\/0cff84aaa5bb8fd3521c55d1578d902b\"},\"headline\":\"CLM Inclusiva COCEMFE reconoce en la III Gala Regional \u201cCAPACES\u201d la labor de personas, entidades e instituciones por su compromiso con la inclusi\u00f3n\",\"datePublished\":\"2025-06-12T20:15:15+00:00\",\"dateModified\":\"2025-06-12T20:15:15+00:00\",\"mainEntityOfPage\":{\"@id\":\"https:\/\/clm-inclusiva.org\/?p=5588\"},\"wordCount\":1127,\"commentCount\":0,\"publisher\":{\"@id\":\"https:\/\/clm-inclusiva.org\/#organization\"},\"articleSection\":[\"Albacete\",\"Capaces\",\"Castilla-La Mancha\",\"Clm inclusiva\",\"gala\"],\"inLanguage\":\"es\",\"potentialAction\":[{\"@type\":\"CommentAction\",\"name\":\"Comment\",\"target\":[\"https:\/\/clm-inclusiva.org\/?p=5588#respond\"]}]},{\"@type\":\"WebPage\",\"@id\":\"https:\/\/clm-inclusiva.org\/?p=5588\",\"url\":\"https:\/\/clm-inclusiva.org\/?p=5588\",\"name\":\"CLM Inclusiva COCEMFE reconoce en la III Gala Regional \u201cCAPACES\u201d la labor de personas, entidades e instituciones por su compromiso con la inclusi\u00f3n - Clm-Inclusiva\",\"isPartOf\":{\"@id\":\"https:\/\/clm-inclusiva.org\/#website\"},\"datePublished\":\"2025-06-12T20:15:15+00:00\",\"dateModified\":\"2025-06-12T20:15:15+00:00\",\"breadcrumb\":{\"@id\":\"https:\/\/clm-inclusiva.org\/?p=5588#breadcrumb\"},\"inLanguage\":\"es\",\"potentialAction\":[{\"@type\":\"ReadAction\",\"target\":[\"https:\/\/clm-inclusiva.org\/?p=5588\"]}]},{\"@type\":\"BreadcrumbList\",\"@id\":\"https:\/\/clm-inclusiva.org\/?p=5588#breadcrumb\",\"itemListElement\":[{\"@type\":\"ListItem\",\"position\":1,\"name\":\"Portada\",\"item\":\"https:\/\/clm-inclusiva.org\/\"},{\"@type\":\"ListItem\",\"position\":2,\"name\":\"CLM Inclusiva COCEMFE reconoce en la III Gala Regional \u201cCAPACES\u201d la labor de personas, entidades e instituciones por su compromiso con la inclusi\u00f3n\"}]},{\"@type\":\"WebSite\",\"@id\":\"https:\/\/clm-inclusiva.org\/#website\",\"url\":\"https:\/\/clm-inclusiva.org\/\",\"name\":\"Clm-Inclusiva\",\"description\":\"Confederaci\u00f3n de entidades de personas con discapacidad f\u00edsica y org\u00e1nica CLM\",\"publisher\":{\"@id\":\"https:\/\/clm-inclusiva.org\/#organization\"},\"potentialAction\":[{\"@type\":\"SearchAction\",\"target\":{\"@type\":\"EntryPoint\",\"urlTemplate\":\"https:\/\/clm-inclusiva.org\/?s={search_term_string}\"},\"query-input\":\"required name=search_term_string\"}],\"inLanguage\":\"es\"},{\"@type\":\"Organization\",\"@id\":\"https:\/\/clm-inclusiva.org\/#organization\",\"name\":\"Clm-Inclusiva\",\"url\":\"https:\/\/clm-inclusiva.org\/\",\"logo\":{\"@type\":\"ImageObject\",\"inLanguage\":\"es\",\"@id\":\"https:\/\/clm-inclusiva.org\/#\/schema\/logo\/image\/\",\"url\":\"http:\/\/clm-inclusiva.org\/wp-content\/uploads\/2019\/04\/banner-e1533720812836.jpg\",\"contentUrl\":\"http:\/\/clm-inclusiva.org\/wp-content\/uploads\/2019\/04\/banner-e1533720812836.jpg\",\"width\":600,\"height\":332,\"caption\":\"Clm-Inclusiva\"},\"image\":{\"@id\":\"https:\/\/clm-inclusiva.org\/#\/schema\/logo\/image\/\"},\"sameAs\":[\"https:\/\/www.facebook.com\/castillalamancha.inclusiva\/\",\"https:\/\/twitter.com\/ClmInclusiva\"]},{\"@type\":\"Person\",\"@id\":\"https:\/\/clm-inclusiva.org\/#\/schema\/person\/0cff84aaa5bb8fd3521c55d1578d902b\",\"name\":\"clm-inclusiva\",\"image\":{\"@type\":\"ImageObject\",\"inLanguage\":\"es\",\"@id\":\"https:\/\/clm-inclusiva.org\/#\/schema\/person\/image\/\",\"url\":\"https:\/\/secure.gravatar.com\/avatar\/88948567af770dc9cd5597b329011884?s=96&d=blank&r=g\",\"contentUrl\":\"https:\/\/secure.gravatar.com\/avatar\/88948567af770dc9cd5597b329011884?s=96&d=blank&r=g\",\"caption\":\"clm-inclusiva\"},\"sameAs\":[\"http:\/\/clm-inclusiva.org\"],\"url\":\"https:\/\/clm-inclusiva.org\/?author=1\"}]}<\/script>\n<!-- \/ Yoast SEO plugin. -->","yoast_head_json":{"title":"CLM Inclusiva COCEMFE reconoce en la III Gala Regional \u201cCAPACES\u201d la labor de personas, entidades e instituciones por su compromiso con la inclusi\u00f3n - Clm-Inclusiva","robots":{"index":"index","follow":"follow","max-snippet":"max-snippet:-1","max-image-preview":"max-image-preview:large","max-video-preview":"max-video-preview:-1"},"canonical":"https:\/\/clm-inclusiva.org\/?p=5588","og_locale":"es_ES","og_type":"article","og_title":"CLM Inclusiva COCEMFE reconoce en la III Gala Regional \u201cCAPACES\u201d la labor de personas, entidades e instituciones por su compromiso con la inclusi\u00f3n - Clm-Inclusiva","og_description":"Durante el evento se ha puesto en valor el trabajo de distintas instituciones, personas y entidades sociales que contribuyen a mejorar la calidad de vida de las personas con discapacidad y sus familias. Se han entregado siete reconocimientos en diferentes categor\u00edas, destacando la necesidad de seguir avanzando hacia una Castilla-La Mancha m\u00e1s justa, solidaria e [&hellip;]","og_url":"https:\/\/clm-inclusiva.org\/?p=5588","og_site_name":"Clm-Inclusiva","article_publisher":"https:\/\/www.facebook.com\/castillalamancha.inclusiva\/","article_published_time":"2025-06-12T20:15:15+00:00","og_image":[{"width":1620,"height":1080,"url":"http:\/\/clm-inclusiva.org\/wp-content\/uploads\/2025\/06\/FOTO-GENERAL-PREMIADOS-AUTORIDADES-Y-JUNTA-DIRECTIVA-CLM-INCLUSIVA.jpg","type":"image\/jpeg"}],"author":"clm-inclusiva","twitter_card":"summary_large_image","twitter_creator":"@ClmInclusiva","twitter_site":"@ClmInclusiva","twitter_misc":{"Escrito por":"clm-inclusiva","Tiempo de lectura":"5 minutos"},"schema":{"@context":"https:\/\/schema.org","@graph":[{"@type":"Article","@id":"https:\/\/clm-inclusiva.org\/?p=5588#article","isPartOf":{"@id":"https:\/\/clm-inclusiva.org\/?p=5588"},"author":{"name":"clm-inclusiva","@id":"https:\/\/clm-inclusiva.org\/#\/schema\/person\/0cff84aaa5bb8fd3521c55d1578d902b"},"headline":"CLM Inclusiva COCEMFE reconoce en la III Gala Regional \u201cCAPACES\u201d la labor de personas, entidades e instituciones por su compromiso con la inclusi\u00f3n","datePublished":"2025-06-12T20:15:15+00:00","dateModified":"2025-06-12T20:15:15+00:00","mainEntityOfPage":{"@id":"https:\/\/clm-inclusiva.org\/?p=5588"},"wordCount":1127,"commentCount":0,"publisher":{"@id":"https:\/\/clm-inclusiva.org\/#organization"},"articleSection":["Albacete","Capaces","Castilla-La Mancha","Clm inclusiva","gala"],"inLanguage":"es","potentialAction":[{"@type":"CommentAction","name":"Comment","target":["https:\/\/clm-inclusiva.org\/?p=5588#respond"]}]},{"@type":"WebPage","@id":"https:\/\/clm-inclusiva.org\/?p=5588","url":"https:\/\/clm-inclusiva.org\/?p=5588","name":"CLM Inclusiva COCEMFE reconoce en la III Gala Regional \u201cCAPACES\u201d la labor de personas, entidades e instituciones por su compromiso con la inclusi\u00f3n - Clm-Inclusiva","isPartOf":{"@id":"https:\/\/clm-inclusiva.org\/#website"},"datePublished":"2025-06-12T20:15:15+00:00","dateModified":"2025-06-12T20:15:15+00:00","breadcrumb":{"@id":"https:\/\/clm-inclusiva.org\/?p=5588#breadcrumb"},"inLanguage":"es","potentialAction":[{"@type":"ReadAction","target":["https:\/\/clm-inclusiva.org\/?p=5588"]}]},{"@type":"BreadcrumbList","@id":"https:\/\/clm-inclusiva.org\/?p=5588#breadcrumb","itemListElement":[{"@type":"ListItem","position":1,"name":"Portada","item":"https:\/\/clm-inclusiva.org\/"},{"@type":"ListItem","position":2,"name":"CLM Inclusiva COCEMFE reconoce en la III Gala Regional \u201cCAPACES\u201d la labor de personas, entidades e instituciones por su compromiso con la inclusi\u00f3n"}]},{"@type":"WebSite","@id":"https:\/\/clm-inclusiva.org\/#website","url":"https:\/\/clm-inclusiva.org\/","name":"Clm-Inclusiva","description":"Confederaci\u00f3n de entidades de personas con discapacidad f\u00edsica y org\u00e1nica CLM","publisher":{"@id":"https:\/\/clm-inclusiva.org\/#organization"},"potentialAction":[{"@type":"SearchAction","target":{"@type":"EntryPoint","urlTemplate":"https:\/\/clm-inclusiva.org\/?s={search_term_string}"},"query-input":"required name=search_term_string"}],"inLanguage":"es"},{"@type":"Organization","@id":"https:\/\/clm-inclusiva.org\/#organization","name":"Clm-Inclusiva","url":"https:\/\/clm-inclusiva.org\/","logo":{"@type":"ImageObject","inLanguage":"es","@id":"https:\/\/clm-inclusiva.org\/#\/schema\/logo\/image\/","url":"http:\/\/clm-inclusiva.org\/wp-content\/uploads\/2019\/04\/banner-e1533720812836.jpg","contentUrl":"http:\/\/clm-inclusiva.org\/wp-content\/uploads\/2019\/04\/banner-e1533720812836.jpg","width":600,"height":332,"caption":"Clm-Inclusiva"},"image":{"@id":"https:\/\/clm-inclusiva.org\/#\/schema\/logo\/image\/"},"sameAs":["https:\/\/www.facebook.com\/castillalamancha.inclusiva\/","https:\/\/twitter.com\/ClmInclusiva"]},{"@type":"Person","@id":"https:\/\/clm-inclusiva.org\/#\/schema\/person\/0cff84aaa5bb8fd3521c55d1578d902b","name":"clm-inclusiva","image":{"@type":"ImageObject","inLanguage":"es","@id":"https:\/\/clm-inclusiva.org\/#\/schema\/person\/image\/","url":"https:\/\/secure.gravatar.com\/avatar\/88948567af770dc9cd5597b329011884?s=96&d=blank&r=g","contentUrl":"https:\/\/secure.gravatar.com\/avatar\/88948567af770dc9cd5597b329011884?s=96&d=blank&r=g","caption":"clm-inclusiva"},"sameAs":["http:\/\/clm-inclusiva.org"],"url":"https:\/\/clm-inclusiva.org\/?author=1"}]}},"_links":{"self":[{"href":"https:\/\/clm-inclusiva.org\/index.php?rest_route=\/wp\/v2\/posts\/5588"}],"collection":[{"href":"https:\/\/clm-inclusiva.org\/index.php?rest_route=\/wp\/v2\/posts"}],"about":[{"href":"https:\/\/clm-inclusiva.org\/index.php?rest_route=\/wp\/v2\/types\/post"}],"author":[{"embeddable":true,"href":"https:\/\/clm-inclusiva.org\/index.php?rest_route=\/wp\/v2\/users\/1"}],"replies":[{"embeddable":true,"href":"https:\/\/clm-inclusiva.org\/index.php?rest_route=%2Fwp%2Fv2%2Fcomments&post=5588"}],"version-history":[{"count":1,"href":"https:\/\/clm-inclusiva.org\/index.php?rest_route=\/wp\/v2\/posts\/5588\/revisions"}],"predecessor-version":[{"id":5599,"href":"https:\/\/clm-inclusiva.org\/index.php?rest_route=\/wp\/v2\/posts\/5588\/revisions\/5599"}],"wp:featuredmedia":[{"embeddable":true,"href":"https:\/\/clm-inclusiva.org\/index.php?rest_route=\/wp\/v2\/media\/5589"}],"wp:attachment":[{"href":"https:\/\/clm-inclusiva.org\/index.php?rest_route=%2Fwp%2Fv2%2Fmedia&parent=5588"}],"wp:term":[{"taxonomy":"category","embeddable":true,"href":"https:\/\/clm-inclusiva.org\/index.php?rest_route=%2Fwp%2Fv2%2Fcategories&post=5588"},{"taxonomy":"post_tag","embeddable":true,"href":"https:\/\/clm-inclusiva.org\/index.php?rest_route=%2Fwp%2Fv2%2Ftags&post=5588"}],"curies":[{"name":"wp","href":"https:\/\/api.w.org\/{rel}","templated":true}]}}