{"id":5502,"date":"2025-06-09T10:19:51","date_gmt":"2025-06-09T08:19:51","guid":{"rendered":"https:\/\/clm-inclusiva.org\/?p=5502"},"modified":"2025-06-09T11:32:48","modified_gmt":"2025-06-09T09:32:48","slug":"la-iii-gala-capaces-reconocera-el-compromiso-con-la-inclusion-de-personas-y-entidades-en-castilla-la-mancha","status":"publish","type":"post","link":"https:\/\/clm-inclusiva.org\/?p=5502","title":{"rendered":"La III Gala \u201cCAPACES\u201d reconocer\u00e1 el compromiso con la inclusi\u00f3n de personas y entidades en Castilla-La Mancha"},"content":{"rendered":"<ul>\n<li>\n<h3>Con el objetivo de reconocer a personas, entidades, empresas y administraciones p\u00fablicas que trabajan y luchan en el d\u00eda a d\u00eda para mejorar la vida de las personas con discapacidad f\u00edsica y org\u00e1nica, y de sus familias.<\/h3>\n<\/li>\n<li>\n<h3>Tendr\u00e1 lugar el 12 de junio en la F\u00e1brica de Harinas de Albacete.<\/h3>\n<\/li>\n<\/ul>\n<p>CLM Inclusiva COCEMFE celebrar\u00e1 el pr\u00f3ximo <strong>12 de junio<\/strong>, en la <strong>F\u00e1brica de Harinas de Albacete<\/strong>, la <strong>III Gala Regional de Reconocimientos Sociales \u201cCAPACES\u201d<\/strong>, un evento que tiene como objetivo visibilizar y agradecer la labor de personas, entidades, empresas y administraciones p\u00fablicas que trabajan cada d\u00eda por mejorar la calidad de vida de las personas con discapacidad f\u00edsica y org\u00e1nica y sus familias en Castilla-La Mancha.<\/p>\n<p>La Gala, que dar\u00e1 comienzo a las <strong>18:00 horas<\/strong>, entregar\u00e1 <strong>siete reconocimientos<\/strong> en distintas categor\u00edas que destacan el compromiso con la inclusi\u00f3n y la defensa de derechos:<\/p>\n<ul>\n<li><strong>Entidad social comprometida<\/strong>: Cooperativas Agroalimentarias Castilla-La Mancha<\/li>\n<li><strong>Voluntariado<\/strong>: Cruz Roja Castilla-La Mancha<\/li>\n<li><strong>Socio\/a de honor<\/strong>: Pedro Sol\u00eds Garc\u00eda, director y guionista<\/li>\n<li><strong>Medio de comunicaci\u00f3n<\/strong>: Grupo Multimedia de Comunicaci\u00f3n La Cerca<\/li>\n<li><strong>Empresa inclusiva<\/strong>: Electroangel, empresa de Albacete<\/li>\n<li><strong>Instituci\u00f3n p\u00fablica<\/strong>: Excelent\u00edsimo Ayuntamiento de Albacete<\/li>\n<li><strong>Trayectoria vital<\/strong>: Virginia Felipe Saelices<\/li>\n<\/ul>\n<p>La Gala \u201cCAPACES\u201d pretende ser un espacio de reconocimiento p\u00fablico y celebraci\u00f3n de los valores de compromiso, solidaridad e inclusi\u00f3n, poniendo en valor aquellas iniciativas y trayectorias que marcan una diferencia real en la vida de las personas con discapacidad.<\/p>\n<p>Un evento que un a\u00f1o m\u00e1s cuenta con el apoyo de la Fundaci\u00f3n Eurocaja Rural como patrocinador principal, cuyo firme compromiso con la inclusi\u00f3n y respaldo a esta iniciativa han sido clave para hacer posible la celebraci\u00f3n de esta tercera edici\u00f3n de la Gala &#8216;CAPACES&#8217;.<\/p>\n","protected":false},"excerpt":{"rendered":"<p>Con el objetivo de reconocer a personas, entidades, empresas y administraciones p\u00fablicas que trabajan y luchan en el d\u00eda a d\u00eda para mejorar la vida de las personas con discapacidad f\u00edsica y org\u00e1nica, y de sus familias. Tendr\u00e1 lugar el 12 de junio en la F\u00e1brica de Harinas de Albacete. CLM Inclusiva COCEMFE celebrar\u00e1 el [&hellip;]<\/p>\n","protected":false},"author":1,"featured_media":5503,"comment_status":"open","ping_status":"open","sticky":false,"template":"","format":"standard","meta":{"_et_pb_use_builder":"","_et_pb_old_content":"","_et_gb_content_width":"","footnotes":""},"categories":[103,119,4,47,99],"tags":[],"yoast_head":"<!-- This site is optimized with the Yoast SEO plugin v21.3 - https:\/\/yoast.com\/wordpress\/plugins\/seo\/ -->\n<title>La III Gala \u201cCAPACES\u201d reconocer\u00e1 el compromiso con la inclusi\u00f3n de personas y entidades en Castilla-La Mancha - Clm-Inclusiva<\/title>\n<meta name=\"robots\" content=\"index, follow, max-snippet:-1, max-image-preview:large, max-video-preview:-1\" \/>\n<link rel=\"canonical\" href=\"https:\/\/clm-inclusiva.org\/?p=5502\" \/>\n<meta property=\"og:locale\" content=\"es_ES\" \/>\n<meta property=\"og:type\" content=\"article\" \/>\n<meta property=\"og:title\" content=\"La III Gala \u201cCAPACES\u201d reconocer\u00e1 el compromiso con la inclusi\u00f3n de personas y entidades en Castilla-La Mancha - Clm-Inclusiva\" \/>\n<meta property=\"og:description\" content=\"Con el objetivo de reconocer a personas, entidades, empresas y administraciones p\u00fablicas que trabajan y luchan en el d\u00eda a d\u00eda para mejorar la vida de las personas con discapacidad f\u00edsica y org\u00e1nica, y de sus familias. Tendr\u00e1 lugar el 12 de junio en la F\u00e1brica de Harinas de Albacete. CLM Inclusiva COCEMFE celebrar\u00e1 el [&hellip;]\" \/>\n<meta property=\"og:url\" content=\"https:\/\/clm-inclusiva.org\/?p=5502\" \/>\n<meta property=\"og:site_name\" content=\"Clm-Inclusiva\" \/>\n<meta property=\"article:publisher\" content=\"https:\/\/www.facebook.com\/castillalamancha.inclusiva\/\" \/>\n<meta property=\"article:published_time\" content=\"2025-06-09T08:19:51+00:00\" \/>\n<meta property=\"article:modified_time\" content=\"2025-06-09T09:32:48+00:00\" \/>\n<meta property=\"og:image\" content=\"http:\/\/clm-inclusiva.org\/wp-content\/uploads\/2025\/06\/INVITACION-III-GALA-CAPACES.png\" \/>\n\t<meta property=\"og:image:width\" content=\"2000\" \/>\n\t<meta property=\"og:image:height\" content=\"1378\" \/>\n\t<meta property=\"og:image:type\" content=\"image\/png\" \/>\n<meta name=\"author\" content=\"clm-inclusiva\" \/>\n<meta name=\"twitter:card\" content=\"summary_large_image\" \/>\n<meta name=\"twitter:creator\" content=\"@ClmInclusiva\" \/>\n<meta name=\"twitter:site\" content=\"@ClmInclusiva\" \/>\n<meta name=\"twitter:label1\" content=\"Escrito por\" \/>\n\t<meta name=\"twitter:data1\" content=\"clm-inclusiva\" \/>\n\t<meta name=\"twitter:label2\" content=\"Tiempo de lectura\" \/>\n\t<meta name=\"twitter:data2\" content=\"2 minutos\" \/>\n<script type=\"application\/ld+json\" class=\"yoast-schema-graph\">{\"@context\":\"https:\/\/schema.org\",\"@graph\":[{\"@type\":\"Article\",\"@id\":\"https:\/\/clm-inclusiva.org\/?p=5502#article\",\"isPartOf\":{\"@id\":\"https:\/\/clm-inclusiva.org\/?p=5502\"},\"author\":{\"name\":\"clm-inclusiva\",\"@id\":\"https:\/\/clm-inclusiva.org\/#\/schema\/person\/0cff84aaa5bb8fd3521c55d1578d902b\"},\"headline\":\"La III Gala \u201cCAPACES\u201d reconocer\u00e1 el compromiso con la inclusi\u00f3n de personas y entidades en Castilla-La Mancha\",\"datePublished\":\"2025-06-09T08:19:51+00:00\",\"dateModified\":\"2025-06-09T09:32:48+00:00\",\"mainEntityOfPage\":{\"@id\":\"https:\/\/clm-inclusiva.org\/?p=5502\"},\"wordCount\":321,\"commentCount\":0,\"publisher\":{\"@id\":\"https:\/\/clm-inclusiva.org\/#organization\"},\"articleSection\":[\"Capaces\",\"Castilla-La Mancha\",\"Clm inclusiva\",\"cocemfe\",\"gala\"],\"inLanguage\":\"es\",\"potentialAction\":[{\"@type\":\"CommentAction\",\"name\":\"Comment\",\"target\":[\"https:\/\/clm-inclusiva.org\/?p=5502#respond\"]}]},{\"@type\":\"WebPage\",\"@id\":\"https:\/\/clm-inclusiva.org\/?p=5502\",\"url\":\"https:\/\/clm-inclusiva.org\/?p=5502\",\"name\":\"La III Gala \u201cCAPACES\u201d reconocer\u00e1 el compromiso con la inclusi\u00f3n de personas y entidades en Castilla-La Mancha - Clm-Inclusiva\",\"isPartOf\":{\"@id\":\"https:\/\/clm-inclusiva.org\/#website\"},\"datePublished\":\"2025-06-09T08:19:51+00:00\",\"dateModified\":\"2025-06-09T09:32:48+00:00\",\"breadcrumb\":{\"@id\":\"https:\/\/clm-inclusiva.org\/?p=5502#breadcrumb\"},\"inLanguage\":\"es\",\"potentialAction\":[{\"@type\":\"ReadAction\",\"target\":[\"https:\/\/clm-inclusiva.org\/?p=5502\"]}]},{\"@type\":\"BreadcrumbList\",\"@id\":\"https:\/\/clm-inclusiva.org\/?p=5502#breadcrumb\",\"itemListElement\":[{\"@type\":\"ListItem\",\"position\":1,\"name\":\"Portada\",\"item\":\"https:\/\/clm-inclusiva.org\/\"},{\"@type\":\"ListItem\",\"position\":2,\"name\":\"La III Gala \u201cCAPACES\u201d reconocer\u00e1 el compromiso con la inclusi\u00f3n de personas y entidades en Castilla-La Mancha\"}]},{\"@type\":\"WebSite\",\"@id\":\"https:\/\/clm-inclusiva.org\/#website\",\"url\":\"https:\/\/clm-inclusiva.org\/\",\"name\":\"Clm-Inclusiva\",\"description\":\"Confederaci\u00f3n de entidades de personas con discapacidad f\u00edsica y org\u00e1nica CLM\",\"publisher\":{\"@id\":\"https:\/\/clm-inclusiva.org\/#organization\"},\"potentialAction\":[{\"@type\":\"SearchAction\",\"target\":{\"@type\":\"EntryPoint\",\"urlTemplate\":\"https:\/\/clm-inclusiva.org\/?s={search_term_string}\"},\"query-input\":\"required name=search_term_string\"}],\"inLanguage\":\"es\"},{\"@type\":\"Organization\",\"@id\":\"https:\/\/clm-inclusiva.org\/#organization\",\"name\":\"Clm-Inclusiva\",\"url\":\"https:\/\/clm-inclusiva.org\/\",\"logo\":{\"@type\":\"ImageObject\",\"inLanguage\":\"es\",\"@id\":\"https:\/\/clm-inclusiva.org\/#\/schema\/logo\/image\/\",\"url\":\"http:\/\/clm-inclusiva.org\/wp-content\/uploads\/2019\/04\/banner-e1533720812836.jpg\",\"contentUrl\":\"http:\/\/clm-inclusiva.org\/wp-content\/uploads\/2019\/04\/banner-e1533720812836.jpg\",\"width\":600,\"height\":332,\"caption\":\"Clm-Inclusiva\"},\"image\":{\"@id\":\"https:\/\/clm-inclusiva.org\/#\/schema\/logo\/image\/\"},\"sameAs\":[\"https:\/\/www.facebook.com\/castillalamancha.inclusiva\/\",\"https:\/\/twitter.com\/ClmInclusiva\"]},{\"@type\":\"Person\",\"@id\":\"https:\/\/clm-inclusiva.org\/#\/schema\/person\/0cff84aaa5bb8fd3521c55d1578d902b\",\"name\":\"clm-inclusiva\",\"image\":{\"@type\":\"ImageObject\",\"inLanguage\":\"es\",\"@id\":\"https:\/\/clm-inclusiva.org\/#\/schema\/person\/image\/\",\"url\":\"https:\/\/secure.gravatar.com\/avatar\/88948567af770dc9cd5597b329011884?s=96&d=blank&r=g\",\"contentUrl\":\"https:\/\/secure.gravatar.com\/avatar\/88948567af770dc9cd5597b329011884?s=96&d=blank&r=g\",\"caption\":\"clm-inclusiva\"},\"sameAs\":[\"http:\/\/clm-inclusiva.org\"],\"url\":\"https:\/\/clm-inclusiva.org\/?author=1\"}]}<\/script>\n<!-- \/ Yoast SEO plugin. -->","yoast_head_json":{"title":"La III Gala \u201cCAPACES\u201d reconocer\u00e1 el compromiso con la inclusi\u00f3n de personas y entidades en Castilla-La Mancha - Clm-Inclusiva","robots":{"index":"index","follow":"follow","max-snippet":"max-snippet:-1","max-image-preview":"max-image-preview:large","max-video-preview":"max-video-preview:-1"},"canonical":"https:\/\/clm-inclusiva.org\/?p=5502","og_locale":"es_ES","og_type":"article","og_title":"La III Gala \u201cCAPACES\u201d reconocer\u00e1 el compromiso con la inclusi\u00f3n de personas y entidades en Castilla-La Mancha - Clm-Inclusiva","og_description":"Con el objetivo de reconocer a personas, entidades, empresas y administraciones p\u00fablicas que trabajan y luchan en el d\u00eda a d\u00eda para mejorar la vida de las personas con discapacidad f\u00edsica y org\u00e1nica, y de sus familias. Tendr\u00e1 lugar el 12 de junio en la F\u00e1brica de Harinas de Albacete. CLM Inclusiva COCEMFE celebrar\u00e1 el [&hellip;]","og_url":"https:\/\/clm-inclusiva.org\/?p=5502","og_site_name":"Clm-Inclusiva","article_publisher":"https:\/\/www.facebook.com\/castillalamancha.inclusiva\/","article_published_time":"2025-06-09T08:19:51+00:00","article_modified_time":"2025-06-09T09:32:48+00:00","og_image":[{"width":2000,"height":1378,"url":"http:\/\/clm-inclusiva.org\/wp-content\/uploads\/2025\/06\/INVITACION-III-GALA-CAPACES.png","type":"image\/png"}],"author":"clm-inclusiva","twitter_card":"summary_large_image","twitter_creator":"@ClmInclusiva","twitter_site":"@ClmInclusiva","twitter_misc":{"Escrito por":"clm-inclusiva","Tiempo de lectura":"2 minutos"},"schema":{"@context":"https:\/\/schema.org","@graph":[{"@type":"Article","@id":"https:\/\/clm-inclusiva.org\/?p=5502#article","isPartOf":{"@id":"https:\/\/clm-inclusiva.org\/?p=5502"},"author":{"name":"clm-inclusiva","@id":"https:\/\/clm-inclusiva.org\/#\/schema\/person\/0cff84aaa5bb8fd3521c55d1578d902b"},"headline":"La III Gala \u201cCAPACES\u201d reconocer\u00e1 el compromiso con la inclusi\u00f3n de personas y entidades en Castilla-La Mancha","datePublished":"2025-06-09T08:19:51+00:00","dateModified":"2025-06-09T09:32:48+00:00","mainEntityOfPage":{"@id":"https:\/\/clm-inclusiva.org\/?p=5502"},"wordCount":321,"commentCount":0,"publisher":{"@id":"https:\/\/clm-inclusiva.org\/#organization"},"articleSection":["Capaces","Castilla-La Mancha","Clm inclusiva","cocemfe","gala"],"inLanguage":"es","potentialAction":[{"@type":"CommentAction","name":"Comment","target":["https:\/\/clm-inclusiva.org\/?p=5502#respond"]}]},{"@type":"WebPage","@id":"https:\/\/clm-inclusiva.org\/?p=5502","url":"https:\/\/clm-inclusiva.org\/?p=5502","name":"La III Gala \u201cCAPACES\u201d reconocer\u00e1 el compromiso con la inclusi\u00f3n de personas y entidades en Castilla-La Mancha - Clm-Inclusiva","isPartOf":{"@id":"https:\/\/clm-inclusiva.org\/#website"},"datePublished":"2025-06-09T08:19:51+00:00","dateModified":"2025-06-09T09:32:48+00:00","breadcrumb":{"@id":"https:\/\/clm-inclusiva.org\/?p=5502#breadcrumb"},"inLanguage":"es","potentialAction":[{"@type":"ReadAction","target":["https:\/\/clm-inclusiva.org\/?p=5502"]}]},{"@type":"BreadcrumbList","@id":"https:\/\/clm-inclusiva.org\/?p=5502#breadcrumb","itemListElement":[{"@type":"ListItem","position":1,"name":"Portada","item":"https:\/\/clm-inclusiva.org\/"},{"@type":"ListItem","position":2,"name":"La III Gala \u201cCAPACES\u201d reconocer\u00e1 el compromiso con la inclusi\u00f3n de personas y entidades en Castilla-La Mancha"}]},{"@type":"WebSite","@id":"https:\/\/clm-inclusiva.org\/#website","url":"https:\/\/clm-inclusiva.org\/","name":"Clm-Inclusiva","description":"Confederaci\u00f3n de entidades de personas con discapacidad f\u00edsica y org\u00e1nica CLM","publisher":{"@id":"https:\/\/clm-inclusiva.org\/#organization"},"potentialAction":[{"@type":"SearchAction","target":{"@type":"EntryPoint","urlTemplate":"https:\/\/clm-inclusiva.org\/?s={search_term_string}"},"query-input":"required name=search_term_string"}],"inLanguage":"es"},{"@type":"Organization","@id":"https:\/\/clm-inclusiva.org\/#organization","name":"Clm-Inclusiva","url":"https:\/\/clm-inclusiva.org\/","logo":{"@type":"ImageObject","inLanguage":"es","@id":"https:\/\/clm-inclusiva.org\/#\/schema\/logo\/image\/","url":"http:\/\/clm-inclusiva.org\/wp-content\/uploads\/2019\/04\/banner-e1533720812836.jpg","contentUrl":"http:\/\/clm-inclusiva.org\/wp-content\/uploads\/2019\/04\/banner-e1533720812836.jpg","width":600,"height":332,"caption":"Clm-Inclusiva"},"image":{"@id":"https:\/\/clm-inclusiva.org\/#\/schema\/logo\/image\/"},"sameAs":["https:\/\/www.facebook.com\/castillalamancha.inclusiva\/","https:\/\/twitter.com\/ClmInclusiva"]},{"@type":"Person","@id":"https:\/\/clm-inclusiva.org\/#\/schema\/person\/0cff84aaa5bb8fd3521c55d1578d902b","name":"clm-inclusiva","image":{"@type":"ImageObject","inLanguage":"es","@id":"https:\/\/clm-inclusiva.org\/#\/schema\/person\/image\/","url":"https:\/\/secure.gravatar.com\/avatar\/88948567af770dc9cd5597b329011884?s=96&d=blank&r=g","contentUrl":"https:\/\/secure.gravatar.com\/avatar\/88948567af770dc9cd5597b329011884?s=96&d=blank&r=g","caption":"clm-inclusiva"},"sameAs":["http:\/\/clm-inclusiva.org"],"url":"https:\/\/clm-inclusiva.org\/?author=1"}]}},"_links":{"self":[{"href":"https:\/\/clm-inclusiva.org\/index.php?rest_route=\/wp\/v2\/posts\/5502"}],"collection":[{"href":"https:\/\/clm-inclusiva.org\/index.php?rest_route=\/wp\/v2\/posts"}],"about":[{"href":"https:\/\/clm-inclusiva.org\/index.php?rest_route=\/wp\/v2\/types\/post"}],"author":[{"embeddable":true,"href":"https:\/\/clm-inclusiva.org\/index.php?rest_route=\/wp\/v2\/users\/1"}],"replies":[{"embeddable":true,"href":"https:\/\/clm-inclusiva.org\/index.php?rest_route=%2Fwp%2Fv2%2Fcomments&post=5502"}],"version-history":[{"count":3,"href":"https:\/\/clm-inclusiva.org\/index.php?rest_route=\/wp\/v2\/posts\/5502\/revisions"}],"predecessor-version":[{"id":5506,"href":"https:\/\/clm-inclusiva.org\/index.php?rest_route=\/wp\/v2\/posts\/5502\/revisions\/5506"}],"wp:featuredmedia":[{"embeddable":true,"href":"https:\/\/clm-inclusiva.org\/index.php?rest_route=\/wp\/v2\/media\/5503"}],"wp:attachment":[{"href":"https:\/\/clm-inclusiva.org\/index.php?rest_route=%2Fwp%2Fv2%2Fmedia&parent=5502"}],"wp:term":[{"taxonomy":"category","embeddable":true,"href":"https:\/\/clm-inclusiva.org\/index.php?rest_route=%2Fwp%2Fv2%2Fcategories&post=5502"},{"taxonomy":"post_tag","embeddable":true,"href":"https:\/\/clm-inclusiva.org\/index.php?rest_route=%2Fwp%2Fv2%2Ftags&post=5502"}],"curies":[{"name":"wp","href":"https:\/\/api.w.org\/{rel}","templated":true}]}}