{"id":5492,"date":"2025-06-03T09:46:20","date_gmt":"2025-06-03T07:46:20","guid":{"rendered":"https:\/\/clm-inclusiva.org\/?p=5492"},"modified":"2025-06-03T09:46:20","modified_gmt":"2025-06-03T07:46:20","slug":"castilla-la-mancha-inclusiva-y-cocemfe-exigen-renovar-el-acuerdo-del-07-para-asegurar-la-inclusion-y-los-derechos-de-las-personas-con-discapacidad","status":"publish","type":"post","link":"https:\/\/clm-inclusiva.org\/?p=5492","title":{"rendered":"Castilla-La Mancha Inclusiva y COCEMFE exigen renovar el acuerdo del 0,7% para asegurar la inclusi\u00f3n y los derechos de las personas con discapacidad"},"content":{"rendered":"<ul>\n<li>\n<h3>Las entidades estatales sostienen el trabajo del Movimiento Asociativo en todo el pa\u00eds, garantizando la atenci\u00f3n directa a quienes m\u00e1s lo necesitan<\/h3>\n<\/li>\n<li>\n<h3>La Confederaci\u00f3n alerta del grave riesgo de desarticulaci\u00f3n del tejido asociativo y la p\u00e9rdida de servicios esenciales si no se renueva este acuerdo<\/h3>\n<\/li>\n<li>\n<h3>\u201cSomos un actor estrat\u00e9gico del Estado de Bienestar. Nuestra labor no puede parar\u201d, declara Anxo Queiruga, presidente de COCEMFE<\/h3>\n<\/li>\n<\/ul>\n<p>Castilla-La Mancha Inclusiva COCEMFE y la Confederaci\u00f3n Espa\u00f1ola de Personas con Discapacidad F\u00edsica y Org\u00e1nica (COCEMFE) <strong>exigen al Gobierno central y a las comunidades aut\u00f3nomas renovar de forma urgente<\/strong> el acuerdo sobre la distribuci\u00f3n de los fondos del 0,7 % del IRPF e Impuesto de Sociedades destinado a fines sociales, cuya vigencia finaliza este a\u00f1o.<\/p>\n<p>Se advierte que <strong>el mantenimiento del actual modelo de reparto<\/strong> \u201480% para las comunidades aut\u00f3nomas y 20% para la administraci\u00f3n general del Estado\u2014 <strong>es fundamental para sostener el trabajo del Movimiento Asociativo en todo el territorio <\/strong>y garantizar una atenci\u00f3n directa, coordinada y equitativa a las personas con discapacidad f\u00edsica y org\u00e1nica m\u00e1s vulnerables.<\/p>\n<p>\u201c<strong>Las entidades estatales no sustituyen, sino que fortalecen<\/strong>. Sostenemos la acci\u00f3n de las entidades m\u00e1s peque\u00f1as, las que atienden d\u00eda a d\u00eda, en los territorios m\u00e1s dispersos, con menos recursos. Sin nuestro apoyo, su labor ser\u00eda inviable\u201d, subraya el presidente de COCEMFE, Anxo Queiruga.<\/p>\n<p>A trav\u00e9s de estas subvenciones, <strong>COCEMFE proporciona metodolog\u00edas comunes, herramientas t\u00e9cnicas, formaci\u00f3n especializada y soporte continuo<\/strong> a sus 92 entidades, que en su conjunto representan a m\u00e1s de 2,6 millones de personas con discapacidad f\u00edsica y org\u00e1nica y sus familias en toda Espa\u00f1a.<\/p>\n<p>Adem\u00e1s, el <strong>Movimiento Asociativo de COCEMFE ejerce una funci\u00f3n esencial en la articulaci\u00f3n del Di\u00e1logo Civil<\/strong> y en el impulso de pol\u00edticas p\u00fablicas de inclusi\u00f3n, igualdad y no discriminaci\u00f3n. Su aportaci\u00f3n resulta clave para cumplir con la Estrategia Espa\u00f1ola de Discapacidad 2022-2030, los Objetivos de Desarrollo Sostenible y la Convenci\u00f3n de la ONU sobre los Derechos de las Personas con Discapacidad.<\/p>\n<p>A\u00f1ade <strong>Enrique Alarc\u00f3n, presidente de CLM Inclusiva COCEMFE<\/strong>, que \u201cpara nuestra regi\u00f3n es muy importante asegurar la financiaci\u00f3n de proyectos vitales que cubren necesidades de los m\u00e1s vulnerables y de las personas con discapacidad\u201d.<\/p>\n<p>COCEMFE advierte que <strong>la no renovaci\u00f3n del acuerdo provocar\u00eda una grave desarticulaci\u00f3n del Movimiento Asociativo<\/strong>, con un impacto directo sobre el empleo, la calidad de los servicios y, sobre todo, sobre la vida de las personas con discapacidad m\u00e1s vulnerables que quedar\u00edan desatendidas.<\/p>\n<p>Por todo ello, Castilla-La Mancha Inclusiva y COCEMFE, junto al movimiento de la discapacidad nacional aglutinado en torno al CERMI, pide al Gobierno que <strong>renueve de forma urgente el acuerdo de distribuci\u00f3n de las asignaciones tributarias y garantice la financiaci\u00f3n necesaria<\/strong> para seguir construyendo una sociedad en la que nadie quede atr\u00e1s.<\/p>\n<div class=\"et_pb_slider et_pb_slider_fullwidth_off et_pb_gallery_post_type\">\n\t\t\t\t<div class=\"et_pb_slides\">\n\t\t\t\t\t<div class=\"et_pb_slide\" style=\"background: url(https:\/\/clm-inclusiva.org\/wp-content\/uploads\/2025\/06\/1-scaled.jpg);\"><\/div><div class=\"et_pb_slide\" style=\"background: url(https:\/\/clm-inclusiva.org\/wp-content\/uploads\/2025\/06\/2.jpg);\"><\/div><div class=\"et_pb_slide\" style=\"background: url(https:\/\/clm-inclusiva.org\/wp-content\/uploads\/2025\/06\/3.jpg);\"><\/div><div class=\"et_pb_slide\" style=\"background: url(https:\/\/clm-inclusiva.org\/wp-content\/uploads\/2025\/06\/4.jpg);\"><\/div><div class=\"et_pb_slide\" style=\"background: url(https:\/\/clm-inclusiva.org\/wp-content\/uploads\/2025\/06\/5-1.jpg);\"><\/div>\n\t\t\t\t<\/div>\n\t\t\t<\/div>\n","protected":false},"excerpt":{"rendered":"<p>Las entidades estatales sostienen el trabajo del Movimiento Asociativo en todo el pa\u00eds, garantizando la atenci\u00f3n directa a quienes m\u00e1s lo necesitan La Confederaci\u00f3n alerta del grave riesgo de desarticulaci\u00f3n del tejido asociativo y la p\u00e9rdida de servicios esenciales si no se renueva este acuerdo \u201cSomos un actor estrat\u00e9gico del Estado de Bienestar. Nuestra labor [&hellip;]<\/p>\n","protected":false},"author":1,"featured_media":5493,"comment_status":"open","ping_status":"open","sticky":false,"template":"","format":"standard","meta":{"_et_pb_use_builder":"","_et_pb_old_content":"","_et_gb_content_width":"","footnotes":""},"categories":[119,4,47],"tags":[],"yoast_head":"<!-- This site is optimized with the Yoast SEO plugin v21.3 - https:\/\/yoast.com\/wordpress\/plugins\/seo\/ -->\n<title>Castilla-La Mancha Inclusiva y COCEMFE exigen renovar el acuerdo del 0,7% para asegurar la inclusi\u00f3n y los derechos de las personas con discapacidad - Clm-Inclusiva<\/title>\n<meta name=\"robots\" content=\"index, follow, max-snippet:-1, max-image-preview:large, max-video-preview:-1\" \/>\n<link rel=\"canonical\" href=\"https:\/\/clm-inclusiva.org\/?p=5492\" \/>\n<meta property=\"og:locale\" content=\"es_ES\" \/>\n<meta property=\"og:type\" content=\"article\" \/>\n<meta property=\"og:title\" content=\"Castilla-La Mancha Inclusiva y COCEMFE exigen renovar el acuerdo del 0,7% para asegurar la inclusi\u00f3n y los derechos de las personas con discapacidad - Clm-Inclusiva\" \/>\n<meta property=\"og:description\" content=\"Las entidades estatales sostienen el trabajo del Movimiento Asociativo en todo el pa\u00eds, garantizando la atenci\u00f3n directa a quienes m\u00e1s lo necesitan La Confederaci\u00f3n alerta del grave riesgo de desarticulaci\u00f3n del tejido asociativo y la p\u00e9rdida de servicios esenciales si no se renueva este acuerdo \u201cSomos un actor estrat\u00e9gico del Estado de Bienestar. Nuestra labor [&hellip;]\" \/>\n<meta property=\"og:url\" content=\"https:\/\/clm-inclusiva.org\/?p=5492\" \/>\n<meta property=\"og:site_name\" content=\"Clm-Inclusiva\" \/>\n<meta property=\"article:publisher\" content=\"https:\/\/www.facebook.com\/castillalamancha.inclusiva\/\" \/>\n<meta property=\"article:published_time\" content=\"2025-06-03T07:46:20+00:00\" \/>\n<meta property=\"og:image\" content=\"http:\/\/clm-inclusiva.org\/wp-content\/uploads\/2025\/06\/5-e1748936597393.jpg\" \/>\n\t<meta property=\"og:image:width\" content=\"1061\" \/>\n\t<meta property=\"og:image:height\" content=\"1296\" \/>\n\t<meta property=\"og:image:type\" content=\"image\/jpeg\" \/>\n<meta name=\"author\" content=\"clm-inclusiva\" \/>\n<meta name=\"twitter:card\" content=\"summary_large_image\" \/>\n<meta name=\"twitter:creator\" content=\"@ClmInclusiva\" \/>\n<meta name=\"twitter:site\" content=\"@ClmInclusiva\" \/>\n<meta name=\"twitter:label1\" content=\"Escrito por\" \/>\n\t<meta name=\"twitter:data1\" content=\"clm-inclusiva\" \/>\n\t<meta name=\"twitter:label2\" content=\"Tiempo de lectura\" \/>\n\t<meta name=\"twitter:data2\" content=\"3 minutos\" \/>\n<script type=\"application\/ld+json\" class=\"yoast-schema-graph\">{\"@context\":\"https:\/\/schema.org\",\"@graph\":[{\"@type\":\"Article\",\"@id\":\"https:\/\/clm-inclusiva.org\/?p=5492#article\",\"isPartOf\":{\"@id\":\"https:\/\/clm-inclusiva.org\/?p=5492\"},\"author\":{\"name\":\"clm-inclusiva\",\"@id\":\"https:\/\/clm-inclusiva.org\/#\/schema\/person\/0cff84aaa5bb8fd3521c55d1578d902b\"},\"headline\":\"Castilla-La Mancha Inclusiva y COCEMFE exigen renovar el acuerdo del 0,7% para asegurar la inclusi\u00f3n y los derechos de las personas con discapacidad\",\"datePublished\":\"2025-06-03T07:46:20+00:00\",\"dateModified\":\"2025-06-03T07:46:20+00:00\",\"mainEntityOfPage\":{\"@id\":\"https:\/\/clm-inclusiva.org\/?p=5492\"},\"wordCount\":528,\"commentCount\":0,\"publisher\":{\"@id\":\"https:\/\/clm-inclusiva.org\/#organization\"},\"articleSection\":[\"Castilla-La Mancha\",\"Clm inclusiva\",\"cocemfe\"],\"inLanguage\":\"es\",\"potentialAction\":[{\"@type\":\"CommentAction\",\"name\":\"Comment\",\"target\":[\"https:\/\/clm-inclusiva.org\/?p=5492#respond\"]}]},{\"@type\":\"WebPage\",\"@id\":\"https:\/\/clm-inclusiva.org\/?p=5492\",\"url\":\"https:\/\/clm-inclusiva.org\/?p=5492\",\"name\":\"Castilla-La Mancha Inclusiva y COCEMFE exigen renovar el acuerdo del 0,7% para asegurar la inclusi\u00f3n y los derechos de las personas con discapacidad - Clm-Inclusiva\",\"isPartOf\":{\"@id\":\"https:\/\/clm-inclusiva.org\/#website\"},\"datePublished\":\"2025-06-03T07:46:20+00:00\",\"dateModified\":\"2025-06-03T07:46:20+00:00\",\"breadcrumb\":{\"@id\":\"https:\/\/clm-inclusiva.org\/?p=5492#breadcrumb\"},\"inLanguage\":\"es\",\"potentialAction\":[{\"@type\":\"ReadAction\",\"target\":[\"https:\/\/clm-inclusiva.org\/?p=5492\"]}]},{\"@type\":\"BreadcrumbList\",\"@id\":\"https:\/\/clm-inclusiva.org\/?p=5492#breadcrumb\",\"itemListElement\":[{\"@type\":\"ListItem\",\"position\":1,\"name\":\"Portada\",\"item\":\"https:\/\/clm-inclusiva.org\/\"},{\"@type\":\"ListItem\",\"position\":2,\"name\":\"Castilla-La Mancha Inclusiva y COCEMFE exigen renovar el acuerdo del 0,7% para asegurar la inclusi\u00f3n y los derechos de las personas con discapacidad\"}]},{\"@type\":\"WebSite\",\"@id\":\"https:\/\/clm-inclusiva.org\/#website\",\"url\":\"https:\/\/clm-inclusiva.org\/\",\"name\":\"Clm-Inclusiva\",\"description\":\"Confederaci\u00f3n de entidades de personas con discapacidad f\u00edsica y org\u00e1nica CLM\",\"publisher\":{\"@id\":\"https:\/\/clm-inclusiva.org\/#organization\"},\"potentialAction\":[{\"@type\":\"SearchAction\",\"target\":{\"@type\":\"EntryPoint\",\"urlTemplate\":\"https:\/\/clm-inclusiva.org\/?s={search_term_string}\"},\"query-input\":\"required name=search_term_string\"}],\"inLanguage\":\"es\"},{\"@type\":\"Organization\",\"@id\":\"https:\/\/clm-inclusiva.org\/#organization\",\"name\":\"Clm-Inclusiva\",\"url\":\"https:\/\/clm-inclusiva.org\/\",\"logo\":{\"@type\":\"ImageObject\",\"inLanguage\":\"es\",\"@id\":\"https:\/\/clm-inclusiva.org\/#\/schema\/logo\/image\/\",\"url\":\"http:\/\/clm-inclusiva.org\/wp-content\/uploads\/2019\/04\/banner-e1533720812836.jpg\",\"contentUrl\":\"http:\/\/clm-inclusiva.org\/wp-content\/uploads\/2019\/04\/banner-e1533720812836.jpg\",\"width\":600,\"height\":332,\"caption\":\"Clm-Inclusiva\"},\"image\":{\"@id\":\"https:\/\/clm-inclusiva.org\/#\/schema\/logo\/image\/\"},\"sameAs\":[\"https:\/\/www.facebook.com\/castillalamancha.inclusiva\/\",\"https:\/\/twitter.com\/ClmInclusiva\"]},{\"@type\":\"Person\",\"@id\":\"https:\/\/clm-inclusiva.org\/#\/schema\/person\/0cff84aaa5bb8fd3521c55d1578d902b\",\"name\":\"clm-inclusiva\",\"image\":{\"@type\":\"ImageObject\",\"inLanguage\":\"es\",\"@id\":\"https:\/\/clm-inclusiva.org\/#\/schema\/person\/image\/\",\"url\":\"https:\/\/secure.gravatar.com\/avatar\/88948567af770dc9cd5597b329011884?s=96&d=blank&r=g\",\"contentUrl\":\"https:\/\/secure.gravatar.com\/avatar\/88948567af770dc9cd5597b329011884?s=96&d=blank&r=g\",\"caption\":\"clm-inclusiva\"},\"sameAs\":[\"http:\/\/clm-inclusiva.org\"],\"url\":\"https:\/\/clm-inclusiva.org\/?author=1\"}]}<\/script>\n<!-- \/ Yoast SEO plugin. -->","yoast_head_json":{"title":"Castilla-La Mancha Inclusiva y COCEMFE exigen renovar el acuerdo del 0,7% para asegurar la inclusi\u00f3n y los derechos de las personas con discapacidad - Clm-Inclusiva","robots":{"index":"index","follow":"follow","max-snippet":"max-snippet:-1","max-image-preview":"max-image-preview:large","max-video-preview":"max-video-preview:-1"},"canonical":"https:\/\/clm-inclusiva.org\/?p=5492","og_locale":"es_ES","og_type":"article","og_title":"Castilla-La Mancha Inclusiva y COCEMFE exigen renovar el acuerdo del 0,7% para asegurar la inclusi\u00f3n y los derechos de las personas con discapacidad - Clm-Inclusiva","og_description":"Las entidades estatales sostienen el trabajo del Movimiento Asociativo en todo el pa\u00eds, garantizando la atenci\u00f3n directa a quienes m\u00e1s lo necesitan La Confederaci\u00f3n alerta del grave riesgo de desarticulaci\u00f3n del tejido asociativo y la p\u00e9rdida de servicios esenciales si no se renueva este acuerdo \u201cSomos un actor estrat\u00e9gico del Estado de Bienestar. Nuestra labor [&hellip;]","og_url":"https:\/\/clm-inclusiva.org\/?p=5492","og_site_name":"Clm-Inclusiva","article_publisher":"https:\/\/www.facebook.com\/castillalamancha.inclusiva\/","article_published_time":"2025-06-03T07:46:20+00:00","og_image":[{"width":1061,"height":1296,"url":"http:\/\/clm-inclusiva.org\/wp-content\/uploads\/2025\/06\/5-e1748936597393.jpg","type":"image\/jpeg"}],"author":"clm-inclusiva","twitter_card":"summary_large_image","twitter_creator":"@ClmInclusiva","twitter_site":"@ClmInclusiva","twitter_misc":{"Escrito por":"clm-inclusiva","Tiempo de lectura":"3 minutos"},"schema":{"@context":"https:\/\/schema.org","@graph":[{"@type":"Article","@id":"https:\/\/clm-inclusiva.org\/?p=5492#article","isPartOf":{"@id":"https:\/\/clm-inclusiva.org\/?p=5492"},"author":{"name":"clm-inclusiva","@id":"https:\/\/clm-inclusiva.org\/#\/schema\/person\/0cff84aaa5bb8fd3521c55d1578d902b"},"headline":"Castilla-La Mancha Inclusiva y COCEMFE exigen renovar el acuerdo del 0,7% para asegurar la inclusi\u00f3n y los derechos de las personas con discapacidad","datePublished":"2025-06-03T07:46:20+00:00","dateModified":"2025-06-03T07:46:20+00:00","mainEntityOfPage":{"@id":"https:\/\/clm-inclusiva.org\/?p=5492"},"wordCount":528,"commentCount":0,"publisher":{"@id":"https:\/\/clm-inclusiva.org\/#organization"},"articleSection":["Castilla-La Mancha","Clm inclusiva","cocemfe"],"inLanguage":"es","potentialAction":[{"@type":"CommentAction","name":"Comment","target":["https:\/\/clm-inclusiva.org\/?p=5492#respond"]}]},{"@type":"WebPage","@id":"https:\/\/clm-inclusiva.org\/?p=5492","url":"https:\/\/clm-inclusiva.org\/?p=5492","name":"Castilla-La Mancha Inclusiva y COCEMFE exigen renovar el acuerdo del 0,7% para asegurar la inclusi\u00f3n y los derechos de las personas con discapacidad - Clm-Inclusiva","isPartOf":{"@id":"https:\/\/clm-inclusiva.org\/#website"},"datePublished":"2025-06-03T07:46:20+00:00","dateModified":"2025-06-03T07:46:20+00:00","breadcrumb":{"@id":"https:\/\/clm-inclusiva.org\/?p=5492#breadcrumb"},"inLanguage":"es","potentialAction":[{"@type":"ReadAction","target":["https:\/\/clm-inclusiva.org\/?p=5492"]}]},{"@type":"BreadcrumbList","@id":"https:\/\/clm-inclusiva.org\/?p=5492#breadcrumb","itemListElement":[{"@type":"ListItem","position":1,"name":"Portada","item":"https:\/\/clm-inclusiva.org\/"},{"@type":"ListItem","position":2,"name":"Castilla-La Mancha Inclusiva y COCEMFE exigen renovar el acuerdo del 0,7% para asegurar la inclusi\u00f3n y los derechos de las personas con discapacidad"}]},{"@type":"WebSite","@id":"https:\/\/clm-inclusiva.org\/#website","url":"https:\/\/clm-inclusiva.org\/","name":"Clm-Inclusiva","description":"Confederaci\u00f3n de entidades de personas con discapacidad f\u00edsica y org\u00e1nica CLM","publisher":{"@id":"https:\/\/clm-inclusiva.org\/#organization"},"potentialAction":[{"@type":"SearchAction","target":{"@type":"EntryPoint","urlTemplate":"https:\/\/clm-inclusiva.org\/?s={search_term_string}"},"query-input":"required name=search_term_string"}],"inLanguage":"es"},{"@type":"Organization","@id":"https:\/\/clm-inclusiva.org\/#organization","name":"Clm-Inclusiva","url":"https:\/\/clm-inclusiva.org\/","logo":{"@type":"ImageObject","inLanguage":"es","@id":"https:\/\/clm-inclusiva.org\/#\/schema\/logo\/image\/","url":"http:\/\/clm-inclusiva.org\/wp-content\/uploads\/2019\/04\/banner-e1533720812836.jpg","contentUrl":"http:\/\/clm-inclusiva.org\/wp-content\/uploads\/2019\/04\/banner-e1533720812836.jpg","width":600,"height":332,"caption":"Clm-Inclusiva"},"image":{"@id":"https:\/\/clm-inclusiva.org\/#\/schema\/logo\/image\/"},"sameAs":["https:\/\/www.facebook.com\/castillalamancha.inclusiva\/","https:\/\/twitter.com\/ClmInclusiva"]},{"@type":"Person","@id":"https:\/\/clm-inclusiva.org\/#\/schema\/person\/0cff84aaa5bb8fd3521c55d1578d902b","name":"clm-inclusiva","image":{"@type":"ImageObject","inLanguage":"es","@id":"https:\/\/clm-inclusiva.org\/#\/schema\/person\/image\/","url":"https:\/\/secure.gravatar.com\/avatar\/88948567af770dc9cd5597b329011884?s=96&d=blank&r=g","contentUrl":"https:\/\/secure.gravatar.com\/avatar\/88948567af770dc9cd5597b329011884?s=96&d=blank&r=g","caption":"clm-inclusiva"},"sameAs":["http:\/\/clm-inclusiva.org"],"url":"https:\/\/clm-inclusiva.org\/?author=1"}]}},"_links":{"self":[{"href":"https:\/\/clm-inclusiva.org\/index.php?rest_route=\/wp\/v2\/posts\/5492"}],"collection":[{"href":"https:\/\/clm-inclusiva.org\/index.php?rest_route=\/wp\/v2\/posts"}],"about":[{"href":"https:\/\/clm-inclusiva.org\/index.php?rest_route=\/wp\/v2\/types\/post"}],"author":[{"embeddable":true,"href":"https:\/\/clm-inclusiva.org\/index.php?rest_route=\/wp\/v2\/users\/1"}],"replies":[{"embeddable":true,"href":"https:\/\/clm-inclusiva.org\/index.php?rest_route=%2Fwp%2Fv2%2Fcomments&post=5492"}],"version-history":[{"count":1,"href":"https:\/\/clm-inclusiva.org\/index.php?rest_route=\/wp\/v2\/posts\/5492\/revisions"}],"predecessor-version":[{"id":5499,"href":"https:\/\/clm-inclusiva.org\/index.php?rest_route=\/wp\/v2\/posts\/5492\/revisions\/5499"}],"wp:featuredmedia":[{"embeddable":true,"href":"https:\/\/clm-inclusiva.org\/index.php?rest_route=\/wp\/v2\/media\/5493"}],"wp:attachment":[{"href":"https:\/\/clm-inclusiva.org\/index.php?rest_route=%2Fwp%2Fv2%2Fmedia&parent=5492"}],"wp:term":[{"taxonomy":"category","embeddable":true,"href":"https:\/\/clm-inclusiva.org\/index.php?rest_route=%2Fwp%2Fv2%2Fcategories&post=5492"},{"taxonomy":"post_tag","embeddable":true,"href":"https:\/\/clm-inclusiva.org\/index.php?rest_route=%2Fwp%2Fv2%2Ftags&post=5492"}],"curies":[{"name":"wp","href":"https:\/\/api.w.org\/{rel}","templated":true}]}}