{"id":5485,"date":"2025-06-02T11:20:47","date_gmt":"2025-06-02T09:20:47","guid":{"rendered":"https:\/\/clm-inclusiva.org\/?p=5485"},"modified":"2025-06-02T11:20:47","modified_gmt":"2025-06-02T09:20:47","slug":"cocemfe-guadalajara-denuncia-la-falta-de-accesibilidad-de-la-marquesina-de-autobus-del-hospital-universitario-de-guadalajara","status":"publish","type":"post","link":"https:\/\/clm-inclusiva.org\/?p=5485","title":{"rendered":"COCEMFE Guadalajara denuncia la falta de accesibilidad de la marquesina de autob\u00fas del Hospital Universitario de Guadalajara"},"content":{"rendered":"<ul>\n<li>\n<h3 class=\"western\" lang=\"es-ES\" align=\"justify\"><span style=\"font-size: small;\"><span style=\"font-family: Franklin Gothic Medium, sans-serif;\"><span style=\"font-size: medium;\">Desde COCEMFE Guadalajara se reclaman medidas urgentes y la convocatoria inmediata del Consejo Sectorial de Accesibilidad<\/span><\/span><\/span><\/h3>\n<\/li>\n<\/ul>\n<p class=\"western\" lang=\"es-ES\" align=\"justify\"><span style=\"font-size: small;\"><span style=\"font-family: Arial, sans-serif;\"><span style=\"font-size: medium;\">La Confederaci\u00f3n de Entidades de Personas con Discapacidad F\u00edsica y Org\u00e1nica de Guadalajara <\/span><\/span><span style=\"font-family: Arial, sans-serif;\"><span style=\"font-size: medium;\"><b>denuncia el incumplimiento en materia de accesibilidad de la marquesina del autob\u00fas de las l\u00edneas C1 y C2 que tienen parada en el Hospital Universitario de la ciudad.<\/b><\/span><\/span><\/span><\/p>\n<p class=\"western\" lang=\"es-ES\" align=\"justify\"><span style=\"font-family: Arial, sans-serif;\"><span style=\"font-size: medium;\">La presidenta de COCEMFE Guadalajara, Marisa Hern\u00e1ndez Laseca, denuncia p\u00fablicamente la falta de respuesta efectiva por parte de las administraciones ante la demanda hist\u00f3rica de accesibilidad.<\/span><\/span><\/p>\n<p class=\"western\" lang=\"es-ES\" align=\"justify\">\u201c<span style=\"font-family: Arial, sans-serif;\"><span style=\"font-size: medium;\">Llevamos a\u00f1os reclamando al Ayuntamiento y a otras administraciones de Castilla-La Mancha que se tomen medidas urgentes en materia de accesibilidad. No sabemos con certeza a qui\u00e9n corresponde actuar, porque a veces el Ayuntamiento nos dice que no es de su competencia. Pero, sinceramente, a nosotros nos da igual a qui\u00e9n le toque: lo que queremos y necesitamos, <\/span><\/span><span style=\"font-family: Arial, sans-serif;\"><span style=\"font-size: medium;\"><b>despu\u00e9s de tantos a\u00f1os, es que alguien asuma su responsabilidad y haga lo que tenga que hacer para garantizar la accesibilidad\u201d<\/b><\/span><\/span><span style=\"font-family: Arial, sans-serif;\"><span style=\"font-size: medium;\">, ha afirmado Hern\u00e1ndez Laseca.<\/span><\/span><\/p>\n<p class=\"western\" lang=\"es-ES\" align=\"justify\"><span style=\"font-family: Arial, sans-serif;\"><span style=\"font-size: medium;\">Desde COCEMFE Guadalajara recuerdan que<\/span><\/span><span style=\"font-family: Arial, sans-serif;\"><span style=\"font-size: medium;\"><b> existen numerosas leyes de accesibilidad, muy claras y detalladas, que no se est\u00e1n cumpliendo.<\/b><\/span><\/span><span style=\"font-family: Arial, sans-serif;\"><span style=\"font-size: medium;\"> \u201cHay muchas normativas al respecto y no se aplican. Ya es hora de pasar de las palabras a los hechos\u201d, concluye su presidenta.<\/span><\/span><\/p>\n<p class=\"western\" lang=\"es-ES\" align=\"justify\"><span style=\"font-size: small;\"><span style=\"font-family: Arial, sans-serif;\"><span style=\"font-size: medium;\">Hern\u00e1ndez a\u00f1ade que \u201clos autobuses urbanos paran en la \u201cisleta\u201d y luego resulta imposible bajar el bordillo con una silla de ruedas ya que no est\u00e1 bien rematado. Entonces, asegura, <\/span><\/span><span style=\"font-family: Arial, sans-serif;\"><span style=\"font-size: medium;\"><b>te da hasta miedo bajar<\/b><\/span><\/span><span style=\"font-family: Arial, sans-serif;\"><span style=\"font-size: medium;\">\u201d. \u201cAdem\u00e1s, cuando cruzas el paso de peatones y llegas al otro lado de la acera no hay ning\u00fan remate, hay un bordillo. Tenemos que irnos por donde van los coches para llegar a otro sitio donde si est\u00e1 rebajado\u201d.<\/span><\/span><\/span><\/p>\n<p class=\"western\" lang=\"es-ES\" align=\"justify\"><span style=\"font-family: Arial, sans-serif;\"><span style=\"font-size: medium;\">Ante esta situaci\u00f3n, <\/span><\/span><strong><span style=\"font-family: Arial, sans-serif;\"><span style=\"font-size: medium;\">COCEMFE Guadalajara exige una actuaci\u00f3n inmediata para solventar este problema hist\u00f3rico<\/span><\/span><\/strong><span style=\"font-family: Arial, sans-serif;\"><span style=\"font-size: medium;\"> y se ofrece a colaborar con las autoridades competentes para encontrar soluciones reales que afectan diariamente a las personas con discapacidad de la ciudad.<\/span><\/span><\/p>\n<p class=\"western\" lang=\"es-ES\" align=\"justify\"><span style=\"font-size: small;\"><span style=\"font-family: Arial, sans-serif;\"><span style=\"font-size: medium;\">Asimismo, la entidad insta al equipo de gobierno del Ayuntamiento de Guadalajara a <\/span><\/span><strong><span style=\"font-family: Arial, sans-serif;\"><span style=\"font-size: medium;\">convocar con car\u00e1cter urgente el Consejo Sectorial de Accesibilidad<\/span><\/span><\/strong><span style=\"font-family: Arial, sans-serif;\"><span style=\"font-size: medium;\">, con el objetivo de abordar este y otros problemas que afectan diariamente a las personas con discapacidad en la ciudad.<\/span><\/span><\/span><\/p>\n<div class=\"et_pb_slider et_pb_slider_fullwidth_off et_pb_gallery_post_type\">\n\t\t\t\t<div class=\"et_pb_slides\">\n\t\t\t\t\t<div class=\"et_pb_slide\" style=\"background: url(https:\/\/clm-inclusiva.org\/wp-content\/uploads\/2025\/06\/FOTO-1-1.jpg);\"><\/div><div class=\"et_pb_slide\" style=\"background: url(https:\/\/clm-inclusiva.org\/wp-content\/uploads\/2025\/06\/FOTO-2.jpg);\"><\/div><div class=\"et_pb_slide\" style=\"background: url(https:\/\/clm-inclusiva.org\/wp-content\/uploads\/2025\/06\/FOTO-3.jpg);\"><\/div><div class=\"et_pb_slide\" style=\"background: url(https:\/\/clm-inclusiva.org\/wp-content\/uploads\/2025\/06\/FOTO-4.jpg);\"><\/div>\n\t\t\t\t<\/div>\n\t\t\t<\/div>\n","protected":false},"excerpt":{"rendered":"<p>Desde COCEMFE Guadalajara se reclaman medidas urgentes y la convocatoria inmediata del Consejo Sectorial de Accesibilidad La Confederaci\u00f3n de Entidades de Personas con Discapacidad F\u00edsica y Org\u00e1nica de Guadalajara denuncia el incumplimiento en materia de accesibilidad de la marquesina del autob\u00fas de las l\u00edneas C1 y C2 que tienen parada en el Hospital Universitario de [&hellip;]<\/p>\n","protected":false},"author":1,"featured_media":5486,"comment_status":"open","ping_status":"open","sticky":false,"template":"","format":"standard","meta":{"_et_pb_use_builder":"","_et_pb_old_content":"","_et_gb_content_width":"","footnotes":""},"categories":[2,119,77,127,5,51],"tags":[],"yoast_head":"<!-- This site is optimized with the Yoast SEO plugin v21.3 - https:\/\/yoast.com\/wordpress\/plugins\/seo\/ -->\n<title>COCEMFE Guadalajara denuncia la falta de accesibilidad de la marquesina de autob\u00fas del Hospital Universitario de Guadalajara - Clm-Inclusiva<\/title>\n<meta name=\"robots\" content=\"index, follow, max-snippet:-1, max-image-preview:large, max-video-preview:-1\" \/>\n<link rel=\"canonical\" href=\"https:\/\/clm-inclusiva.org\/?p=5485\" \/>\n<meta property=\"og:locale\" content=\"es_ES\" \/>\n<meta property=\"og:type\" content=\"article\" \/>\n<meta property=\"og:title\" content=\"COCEMFE Guadalajara denuncia la falta de accesibilidad de la marquesina de autob\u00fas del Hospital Universitario de Guadalajara - Clm-Inclusiva\" \/>\n<meta property=\"og:description\" content=\"Desde COCEMFE Guadalajara se reclaman medidas urgentes y la convocatoria inmediata del Consejo Sectorial de Accesibilidad La Confederaci\u00f3n de Entidades de Personas con Discapacidad F\u00edsica y Org\u00e1nica de Guadalajara denuncia el incumplimiento en materia de accesibilidad de la marquesina del autob\u00fas de las l\u00edneas C1 y C2 que tienen parada en el Hospital Universitario de [&hellip;]\" \/>\n<meta property=\"og:url\" content=\"https:\/\/clm-inclusiva.org\/?p=5485\" \/>\n<meta property=\"og:site_name\" content=\"Clm-Inclusiva\" \/>\n<meta property=\"article:publisher\" content=\"https:\/\/www.facebook.com\/castillalamancha.inclusiva\/\" \/>\n<meta property=\"article:published_time\" content=\"2025-06-02T09:20:47+00:00\" \/>\n<meta property=\"og:image\" content=\"http:\/\/clm-inclusiva.org\/wp-content\/uploads\/2025\/06\/FOTO-1.jpg\" \/>\n\t<meta property=\"og:image:width\" content=\"910\" \/>\n\t<meta property=\"og:image:height\" content=\"1600\" \/>\n\t<meta property=\"og:image:type\" content=\"image\/jpeg\" \/>\n<meta name=\"author\" content=\"clm-inclusiva\" \/>\n<meta name=\"twitter:card\" content=\"summary_large_image\" \/>\n<meta name=\"twitter:creator\" content=\"@ClmInclusiva\" \/>\n<meta name=\"twitter:site\" content=\"@ClmInclusiva\" \/>\n<meta name=\"twitter:label1\" content=\"Escrito por\" \/>\n\t<meta name=\"twitter:data1\" content=\"clm-inclusiva\" \/>\n\t<meta name=\"twitter:label2\" content=\"Tiempo de lectura\" \/>\n\t<meta name=\"twitter:data2\" content=\"2 minutos\" \/>\n<script type=\"application\/ld+json\" class=\"yoast-schema-graph\">{\"@context\":\"https:\/\/schema.org\",\"@graph\":[{\"@type\":\"Article\",\"@id\":\"https:\/\/clm-inclusiva.org\/?p=5485#article\",\"isPartOf\":{\"@id\":\"https:\/\/clm-inclusiva.org\/?p=5485\"},\"author\":{\"name\":\"clm-inclusiva\",\"@id\":\"https:\/\/clm-inclusiva.org\/#\/schema\/person\/0cff84aaa5bb8fd3521c55d1578d902b\"},\"headline\":\"COCEMFE Guadalajara denuncia la falta de accesibilidad de la marquesina de autob\u00fas del Hospital Universitario de Guadalajara\",\"datePublished\":\"2025-06-02T09:20:47+00:00\",\"dateModified\":\"2025-06-02T09:20:47+00:00\",\"mainEntityOfPage\":{\"@id\":\"https:\/\/clm-inclusiva.org\/?p=5485\"},\"wordCount\":405,\"commentCount\":0,\"publisher\":{\"@id\":\"https:\/\/clm-inclusiva.org\/#organization\"},\"articleSection\":[\"Accesibilidad\",\"Castilla-La Mancha\",\"cocemfe Guadalajara\",\"Denuncia\",\"Discapacidad\",\"Guadalajara\"],\"inLanguage\":\"es\",\"potentialAction\":[{\"@type\":\"CommentAction\",\"name\":\"Comment\",\"target\":[\"https:\/\/clm-inclusiva.org\/?p=5485#respond\"]}]},{\"@type\":\"WebPage\",\"@id\":\"https:\/\/clm-inclusiva.org\/?p=5485\",\"url\":\"https:\/\/clm-inclusiva.org\/?p=5485\",\"name\":\"COCEMFE Guadalajara denuncia la falta de accesibilidad de la marquesina de autob\u00fas del Hospital Universitario de Guadalajara - Clm-Inclusiva\",\"isPartOf\":{\"@id\":\"https:\/\/clm-inclusiva.org\/#website\"},\"datePublished\":\"2025-06-02T09:20:47+00:00\",\"dateModified\":\"2025-06-02T09:20:47+00:00\",\"breadcrumb\":{\"@id\":\"https:\/\/clm-inclusiva.org\/?p=5485#breadcrumb\"},\"inLanguage\":\"es\",\"potentialAction\":[{\"@type\":\"ReadAction\",\"target\":[\"https:\/\/clm-inclusiva.org\/?p=5485\"]}]},{\"@type\":\"BreadcrumbList\",\"@id\":\"https:\/\/clm-inclusiva.org\/?p=5485#breadcrumb\",\"itemListElement\":[{\"@type\":\"ListItem\",\"position\":1,\"name\":\"Portada\",\"item\":\"https:\/\/clm-inclusiva.org\/\"},{\"@type\":\"ListItem\",\"position\":2,\"name\":\"COCEMFE Guadalajara denuncia la falta de accesibilidad de la marquesina de autob\u00fas del Hospital Universitario de Guadalajara\"}]},{\"@type\":\"WebSite\",\"@id\":\"https:\/\/clm-inclusiva.org\/#website\",\"url\":\"https:\/\/clm-inclusiva.org\/\",\"name\":\"Clm-Inclusiva\",\"description\":\"Confederaci\u00f3n de entidades de personas con discapacidad f\u00edsica y org\u00e1nica CLM\",\"publisher\":{\"@id\":\"https:\/\/clm-inclusiva.org\/#organization\"},\"potentialAction\":[{\"@type\":\"SearchAction\",\"target\":{\"@type\":\"EntryPoint\",\"urlTemplate\":\"https:\/\/clm-inclusiva.org\/?s={search_term_string}\"},\"query-input\":\"required name=search_term_string\"}],\"inLanguage\":\"es\"},{\"@type\":\"Organization\",\"@id\":\"https:\/\/clm-inclusiva.org\/#organization\",\"name\":\"Clm-Inclusiva\",\"url\":\"https:\/\/clm-inclusiva.org\/\",\"logo\":{\"@type\":\"ImageObject\",\"inLanguage\":\"es\",\"@id\":\"https:\/\/clm-inclusiva.org\/#\/schema\/logo\/image\/\",\"url\":\"http:\/\/clm-inclusiva.org\/wp-content\/uploads\/2019\/04\/banner-e1533720812836.jpg\",\"contentUrl\":\"http:\/\/clm-inclusiva.org\/wp-content\/uploads\/2019\/04\/banner-e1533720812836.jpg\",\"width\":600,\"height\":332,\"caption\":\"Clm-Inclusiva\"},\"image\":{\"@id\":\"https:\/\/clm-inclusiva.org\/#\/schema\/logo\/image\/\"},\"sameAs\":[\"https:\/\/www.facebook.com\/castillalamancha.inclusiva\/\",\"https:\/\/twitter.com\/ClmInclusiva\"]},{\"@type\":\"Person\",\"@id\":\"https:\/\/clm-inclusiva.org\/#\/schema\/person\/0cff84aaa5bb8fd3521c55d1578d902b\",\"name\":\"clm-inclusiva\",\"image\":{\"@type\":\"ImageObject\",\"inLanguage\":\"es\",\"@id\":\"https:\/\/clm-inclusiva.org\/#\/schema\/person\/image\/\",\"url\":\"https:\/\/secure.gravatar.com\/avatar\/88948567af770dc9cd5597b329011884?s=96&d=blank&r=g\",\"contentUrl\":\"https:\/\/secure.gravatar.com\/avatar\/88948567af770dc9cd5597b329011884?s=96&d=blank&r=g\",\"caption\":\"clm-inclusiva\"},\"sameAs\":[\"http:\/\/clm-inclusiva.org\"],\"url\":\"https:\/\/clm-inclusiva.org\/?author=1\"}]}<\/script>\n<!-- \/ Yoast SEO plugin. -->","yoast_head_json":{"title":"COCEMFE Guadalajara denuncia la falta de accesibilidad de la marquesina de autob\u00fas del Hospital Universitario de Guadalajara - Clm-Inclusiva","robots":{"index":"index","follow":"follow","max-snippet":"max-snippet:-1","max-image-preview":"max-image-preview:large","max-video-preview":"max-video-preview:-1"},"canonical":"https:\/\/clm-inclusiva.org\/?p=5485","og_locale":"es_ES","og_type":"article","og_title":"COCEMFE Guadalajara denuncia la falta de accesibilidad de la marquesina de autob\u00fas del Hospital Universitario de Guadalajara - Clm-Inclusiva","og_description":"Desde COCEMFE Guadalajara se reclaman medidas urgentes y la convocatoria inmediata del Consejo Sectorial de Accesibilidad La Confederaci\u00f3n de Entidades de Personas con Discapacidad F\u00edsica y Org\u00e1nica de Guadalajara denuncia el incumplimiento en materia de accesibilidad de la marquesina del autob\u00fas de las l\u00edneas C1 y C2 que tienen parada en el Hospital Universitario de [&hellip;]","og_url":"https:\/\/clm-inclusiva.org\/?p=5485","og_site_name":"Clm-Inclusiva","article_publisher":"https:\/\/www.facebook.com\/castillalamancha.inclusiva\/","article_published_time":"2025-06-02T09:20:47+00:00","og_image":[{"width":910,"height":1600,"url":"http:\/\/clm-inclusiva.org\/wp-content\/uploads\/2025\/06\/FOTO-1.jpg","type":"image\/jpeg"}],"author":"clm-inclusiva","twitter_card":"summary_large_image","twitter_creator":"@ClmInclusiva","twitter_site":"@ClmInclusiva","twitter_misc":{"Escrito por":"clm-inclusiva","Tiempo de lectura":"2 minutos"},"schema":{"@context":"https:\/\/schema.org","@graph":[{"@type":"Article","@id":"https:\/\/clm-inclusiva.org\/?p=5485#article","isPartOf":{"@id":"https:\/\/clm-inclusiva.org\/?p=5485"},"author":{"name":"clm-inclusiva","@id":"https:\/\/clm-inclusiva.org\/#\/schema\/person\/0cff84aaa5bb8fd3521c55d1578d902b"},"headline":"COCEMFE Guadalajara denuncia la falta de accesibilidad de la marquesina de autob\u00fas del Hospital Universitario de Guadalajara","datePublished":"2025-06-02T09:20:47+00:00","dateModified":"2025-06-02T09:20:47+00:00","mainEntityOfPage":{"@id":"https:\/\/clm-inclusiva.org\/?p=5485"},"wordCount":405,"commentCount":0,"publisher":{"@id":"https:\/\/clm-inclusiva.org\/#organization"},"articleSection":["Accesibilidad","Castilla-La Mancha","cocemfe Guadalajara","Denuncia","Discapacidad","Guadalajara"],"inLanguage":"es","potentialAction":[{"@type":"CommentAction","name":"Comment","target":["https:\/\/clm-inclusiva.org\/?p=5485#respond"]}]},{"@type":"WebPage","@id":"https:\/\/clm-inclusiva.org\/?p=5485","url":"https:\/\/clm-inclusiva.org\/?p=5485","name":"COCEMFE Guadalajara denuncia la falta de accesibilidad de la marquesina de autob\u00fas del Hospital Universitario de Guadalajara - Clm-Inclusiva","isPartOf":{"@id":"https:\/\/clm-inclusiva.org\/#website"},"datePublished":"2025-06-02T09:20:47+00:00","dateModified":"2025-06-02T09:20:47+00:00","breadcrumb":{"@id":"https:\/\/clm-inclusiva.org\/?p=5485#breadcrumb"},"inLanguage":"es","potentialAction":[{"@type":"ReadAction","target":["https:\/\/clm-inclusiva.org\/?p=5485"]}]},{"@type":"BreadcrumbList","@id":"https:\/\/clm-inclusiva.org\/?p=5485#breadcrumb","itemListElement":[{"@type":"ListItem","position":1,"name":"Portada","item":"https:\/\/clm-inclusiva.org\/"},{"@type":"ListItem","position":2,"name":"COCEMFE Guadalajara denuncia la falta de accesibilidad de la marquesina de autob\u00fas del Hospital Universitario de Guadalajara"}]},{"@type":"WebSite","@id":"https:\/\/clm-inclusiva.org\/#website","url":"https:\/\/clm-inclusiva.org\/","name":"Clm-Inclusiva","description":"Confederaci\u00f3n de entidades de personas con discapacidad f\u00edsica y org\u00e1nica CLM","publisher":{"@id":"https:\/\/clm-inclusiva.org\/#organization"},"potentialAction":[{"@type":"SearchAction","target":{"@type":"EntryPoint","urlTemplate":"https:\/\/clm-inclusiva.org\/?s={search_term_string}"},"query-input":"required name=search_term_string"}],"inLanguage":"es"},{"@type":"Organization","@id":"https:\/\/clm-inclusiva.org\/#organization","name":"Clm-Inclusiva","url":"https:\/\/clm-inclusiva.org\/","logo":{"@type":"ImageObject","inLanguage":"es","@id":"https:\/\/clm-inclusiva.org\/#\/schema\/logo\/image\/","url":"http:\/\/clm-inclusiva.org\/wp-content\/uploads\/2019\/04\/banner-e1533720812836.jpg","contentUrl":"http:\/\/clm-inclusiva.org\/wp-content\/uploads\/2019\/04\/banner-e1533720812836.jpg","width":600,"height":332,"caption":"Clm-Inclusiva"},"image":{"@id":"https:\/\/clm-inclusiva.org\/#\/schema\/logo\/image\/"},"sameAs":["https:\/\/www.facebook.com\/castillalamancha.inclusiva\/","https:\/\/twitter.com\/ClmInclusiva"]},{"@type":"Person","@id":"https:\/\/clm-inclusiva.org\/#\/schema\/person\/0cff84aaa5bb8fd3521c55d1578d902b","name":"clm-inclusiva","image":{"@type":"ImageObject","inLanguage":"es","@id":"https:\/\/clm-inclusiva.org\/#\/schema\/person\/image\/","url":"https:\/\/secure.gravatar.com\/avatar\/88948567af770dc9cd5597b329011884?s=96&d=blank&r=g","contentUrl":"https:\/\/secure.gravatar.com\/avatar\/88948567af770dc9cd5597b329011884?s=96&d=blank&r=g","caption":"clm-inclusiva"},"sameAs":["http:\/\/clm-inclusiva.org"],"url":"https:\/\/clm-inclusiva.org\/?author=1"}]}},"_links":{"self":[{"href":"https:\/\/clm-inclusiva.org\/index.php?rest_route=\/wp\/v2\/posts\/5485"}],"collection":[{"href":"https:\/\/clm-inclusiva.org\/index.php?rest_route=\/wp\/v2\/posts"}],"about":[{"href":"https:\/\/clm-inclusiva.org\/index.php?rest_route=\/wp\/v2\/types\/post"}],"author":[{"embeddable":true,"href":"https:\/\/clm-inclusiva.org\/index.php?rest_route=\/wp\/v2\/users\/1"}],"replies":[{"embeddable":true,"href":"https:\/\/clm-inclusiva.org\/index.php?rest_route=%2Fwp%2Fv2%2Fcomments&post=5485"}],"version-history":[{"count":1,"href":"https:\/\/clm-inclusiva.org\/index.php?rest_route=\/wp\/v2\/posts\/5485\/revisions"}],"predecessor-version":[{"id":5491,"href":"https:\/\/clm-inclusiva.org\/index.php?rest_route=\/wp\/v2\/posts\/5485\/revisions\/5491"}],"wp:featuredmedia":[{"embeddable":true,"href":"https:\/\/clm-inclusiva.org\/index.php?rest_route=\/wp\/v2\/media\/5486"}],"wp:attachment":[{"href":"https:\/\/clm-inclusiva.org\/index.php?rest_route=%2Fwp%2Fv2%2Fmedia&parent=5485"}],"wp:term":[{"taxonomy":"category","embeddable":true,"href":"https:\/\/clm-inclusiva.org\/index.php?rest_route=%2Fwp%2Fv2%2Fcategories&post=5485"},{"taxonomy":"post_tag","embeddable":true,"href":"https:\/\/clm-inclusiva.org\/index.php?rest_route=%2Fwp%2Fv2%2Ftags&post=5485"}],"curies":[{"name":"wp","href":"https:\/\/api.w.org\/{rel}","templated":true}]}}