{"id":5478,"date":"2025-05-27T12:57:18","date_gmt":"2025-05-27T10:57:18","guid":{"rendered":"https:\/\/clm-inclusiva.org\/?p=5478"},"modified":"2025-05-27T12:57:18","modified_gmt":"2025-05-27T10:57:18","slug":"talavera-de-la-reina-acoge-una-nueva-edicion-del-programa-de-formacion-en-jardineria-para-la-cualificacion-de-personas-desempleadas-y-colectivos-vulnerables","status":"publish","type":"post","link":"https:\/\/clm-inclusiva.org\/?p=5478","title":{"rendered":"Talavera de la Reina acoge una nueva edici\u00f3n del programa de formaci\u00f3n en jardiner\u00eda para la cualificaci\u00f3n de personas desempleadas y colectivos vulnerables"},"content":{"rendered":"<ul>\n<li>\n<h3 class=\"western\" lang=\"es-ES\" align=\"justify\"><span style=\"font-size: small;\"><span style=\"font-family: Franklin Gothic Medium, sans-serif;\"><span style=\"font-size: medium;\">Castilla-La Mancha Inclusiva ampl\u00eda su oferta formativa en Talavera de la Reina con el proyecto formativo <\/span><\/span><span style=\"font-family: Arial, sans-serif;\"><span style=\"font-size: medium;\"><b>\u201cDesarrollo de Capacidades en Jardiner\u00eda\u201d.<\/b><\/span><\/span><\/span><\/h3>\n<\/li>\n<li>\n<h3 class=\"western\" lang=\"es-ES\" align=\"justify\"><span style=\"font-size: small;\"><span style=\"font-family: Arial, sans-serif;\"><span style=\"font-size: medium;\"><b>Esta acci\u00f3n formativa, de car\u00e1cter gratuito, se enmarca en el Plan de Recuperaci\u00f3n, Transformaci\u00f3n y Resiliencia del Gobierno de Espa\u00f1a, financiado por la Uni\u00f3n Europea \u2013 Next Generation EU.<\/b><\/span><\/span><\/span><\/h3>\n<\/li>\n<\/ul>\n<p class=\"western\" lang=\"es-ES\" align=\"justify\"><span style=\"font-size: small;\"><span style=\"font-family: Arial, sans-serif;\"><span style=\"font-size: medium;\">Ha dado comienzo en Talavera de la Reina el proyecto de formaci\u00f3n <\/span><\/span><span style=\"font-family: Arial, sans-serif;\"><span style=\"font-size: medium;\"><b>\u201cDesarrollo de Capacidades en Jardiner\u00eda\u201d,<\/b><\/span><\/span><span style=\"font-family: Arial, sans-serif;\"><span style=\"font-size: medium;\"> una iniciativa dirigida a dotar a los participantes <\/span><\/span><span style=\"font-family: Arial, sans-serif;\"><span style=\"font-size: medium;\"><b>de competencias profesionales en producci\u00f3n, instalaci\u00f3n y mantenimiento de entornos ajardinados<\/b><\/span><\/span><span style=\"font-family: Arial, sans-serif;\"><span style=\"font-size: medium;\">. Este programa, de car\u00e1cter gratuito, se enmarca en el Plan de Recuperaci\u00f3n, Transformaci\u00f3n y Resiliencia del Gobierno de Espa\u00f1a, financiado por la Uni\u00f3n Europea \u2013 Next Generation EU.<\/span><\/span><\/span><\/p>\n<p class=\"western\" lang=\"es-ES\" align=\"justify\"><span style=\"font-family: Arial, sans-serif;\"><span style=\"font-size: medium;\">El programa est\u00e1 especialmente dirigido a personas desempleadas o en situaci\u00f3n de empleo precario, con prioridad para aquellas que pertenecen a colectivos vulnerables. Actualmente participan <b>12 personas \u20147 hombres y 5 mujeres<\/b>\u2014, todas ellas integrantes de dichos colectivos. De ellas, <b>4 presentan alg\u00fan tipo de discapacidad. <\/b><\/span><\/span><\/p>\n<p class=\"western\" lang=\"es-ES\" align=\"justify\"><span style=\"font-size: small;\"><span style=\"font-family: Arial, sans-serif;\"><span style=\"font-size: medium;\">A lo largo de <\/span><\/span><span style=\"font-family: Arial, sans-serif;\"><span style=\"font-size: medium;\"><b>120 horas de formaci\u00f3n<\/b><\/span><\/span><span style=\"font-family: Arial, sans-serif;\"><span style=\"font-size: medium;\">, los participantes recibir\u00e1n conocimientos te\u00f3ricos y pr\u00e1cticos en \u00e1reas fundamentales del sector de la jardiner\u00eda.<\/span><\/span><\/span><\/p>\n<p class=\"western\" lang=\"es-ES\" align=\"justify\"><span style=\"font-size: small;\"><span style=\"font-family: Arial, sans-serif;\"><span style=\"font-size: medium;\">El itinerario formativo est\u00e1 compuesto por dos acciones formativas:<\/span><\/span><\/span><\/p>\n<ul>\n<li>\n<p class=\"western\" lang=\"es-ES\" align=\"justify\"><span style=\"font-size: small;\"><span style=\"font-family: Arial, sans-serif;\"><span style=\"font-size: medium;\"><b>Elementos clave para dise\u00f1ar y desarrollar \u00e1reas ajardinadas, parques y entornos verdes<\/b><\/span><\/span><span style=\"font-family: Arial, sans-serif;\"><span style=\"font-size: medium;\"> (60 horas), con formaci\u00f3n sobre planificaci\u00f3n, selecci\u00f3n de vegetaci\u00f3n, sostenibilidad y t\u00e9cnicas de instalaci\u00f3n.<\/span><\/span><\/span><\/p>\n<\/li>\n<li>\n<p class=\"western\" lang=\"es-ES\" align=\"justify\"><span style=\"font-size: small;\"><span style=\"font-family: Arial, sans-serif;\"><span style=\"font-size: medium;\"><b>Acciones esenciales en el mantenimiento de \u00e1reas verdes<\/b><\/span><\/span><span style=\"font-family: Arial, sans-serif;\"><span style=\"font-size: medium;\"> (60 horas), enfocado en riego, drenaje, abonado, seguridad y gesti\u00f3n ambiental.<\/span><\/span><\/span><\/p>\n<\/li>\n<\/ul>\n<p class=\"western\" lang=\"es-ES\" align=\"justify\"><span style=\"font-size: small;\"><span style=\"font-family: Arial, sans-serif;\"><span style=\"font-size: medium;\">Este proyecto no s\u00f3lo busca mejorar la empleabilidad de sus participantes, sino tambi\u00e9n fomentar la creaci\u00f3n de espacios verdes sostenibles que contribuyan al bienestar de la comunidad y a la conservaci\u00f3n del medio ambiente.<\/span><\/span><\/span><\/p>\n<p class=\"western\" lang=\"es-ES\" align=\"justify\"><span style=\"font-size: small;\"><span style=\"font-family: Arial, sans-serif;\"><span style=\"font-size: medium;\">Para el <\/span><\/span><span style=\"font-family: Arial, sans-serif;\"><span style=\"font-size: medium;\"><b>coordinador regional, Carlos Mora<\/b><\/span><\/span><span style=\"font-family: Arial, sans-serif;\"><span style=\"font-size: medium;\">, \u201cTalavera de la Reina sigue siendo uno de los emplazamientos estrat\u00e9gicos de desarrollo y puesta en marcha de proyectos, no solo formativos, sino tambi\u00e9n de inserci\u00f3n laboral. Donde la b\u00fasqueda de oportunidades para la incorporaci\u00f3n laboral de nuestro colectivo es garante de una vida aut\u00f3noma y plena en la sociedad\u201d.<\/span><\/span><\/span><\/p>\n<p class=\"western\" lang=\"es-ES\" align=\"justify\"><span style=\"font-size: small;\"><span style=\"font-family: Arial, sans-serif;\"><span style=\"font-size: medium;\"><b>Cristina G\u00f3mez, t\u00e9cnica de formaci\u00f3n<\/b><\/span><\/span><span style=\"font-family: Arial, sans-serif;\"><span style=\"font-size: medium;\">, ha querido agradecer la colaboraci\u00f3n del Vivero Los Madro\u00f1os Garden Center, de Talavera de la Reina, donde el alumnado realizar\u00e1 su formaci\u00f3n pr\u00e1ctica.<\/span><\/span><\/span><\/p>\n<p class=\"western\" lang=\"es-ES\" align=\"justify\"><span style=\"font-size: small;\"><span style=\"font-family: Arial, sans-serif;\"><span style=\"font-size: medium;\">Formaci\u00f3n Modular destinada a la Cualificaci\u00f3n y Recualificaci\u00f3n de la Poblaci\u00f3n Activa, en el Marco del Componente 20 \u201cPlan Estrat\u00e9gico de impulso de la Formaci\u00f3n Profesional\u201d del Plan de Recuperaci\u00f3n, Transformaci\u00f3n y Resiliencia, financiado por la Uni\u00f3n Europea &#8211; Next Generation EU.<\/span><\/span><\/span><\/p>\n","protected":false},"excerpt":{"rendered":"<p>Castilla-La Mancha Inclusiva ampl\u00eda su oferta formativa en Talavera de la Reina con el proyecto formativo \u201cDesarrollo de Capacidades en Jardiner\u00eda\u201d. Esta acci\u00f3n formativa, de car\u00e1cter gratuito, se enmarca en el Plan de Recuperaci\u00f3n, Transformaci\u00f3n y Resiliencia del Gobierno de Espa\u00f1a, financiado por la Uni\u00f3n Europea \u2013 Next Generation EU. Ha dado comienzo en Talavera [&hellip;]<\/p>\n","protected":false},"author":1,"featured_media":5479,"comment_status":"open","ping_status":"open","sticky":false,"template":"","format":"standard","meta":{"_et_pb_use_builder":"","_et_pb_old_content":"","_et_gb_content_width":"","footnotes":""},"categories":[119,4,47,5,6,97,125],"tags":[],"yoast_head":"<!-- This site is optimized with the Yoast SEO plugin v21.3 - https:\/\/yoast.com\/wordpress\/plugins\/seo\/ -->\n<title>Talavera de la Reina acoge una nueva edici\u00f3n del programa de formaci\u00f3n en jardiner\u00eda para la cualificaci\u00f3n de personas desempleadas y colectivos vulnerables - Clm-Inclusiva<\/title>\n<meta name=\"robots\" content=\"index, follow, max-snippet:-1, max-image-preview:large, max-video-preview:-1\" \/>\n<link rel=\"canonical\" href=\"https:\/\/clm-inclusiva.org\/?p=5478\" \/>\n<meta property=\"og:locale\" content=\"es_ES\" \/>\n<meta property=\"og:type\" content=\"article\" \/>\n<meta property=\"og:title\" content=\"Talavera de la Reina acoge una nueva edici\u00f3n del programa de formaci\u00f3n en jardiner\u00eda para la cualificaci\u00f3n de personas desempleadas y colectivos vulnerables - Clm-Inclusiva\" \/>\n<meta property=\"og:description\" content=\"Castilla-La Mancha Inclusiva ampl\u00eda su oferta formativa en Talavera de la Reina con el proyecto formativo \u201cDesarrollo de Capacidades en Jardiner\u00eda\u201d. Esta acci\u00f3n formativa, de car\u00e1cter gratuito, se enmarca en el Plan de Recuperaci\u00f3n, Transformaci\u00f3n y Resiliencia del Gobierno de Espa\u00f1a, financiado por la Uni\u00f3n Europea \u2013 Next Generation EU. Ha dado comienzo en Talavera [&hellip;]\" \/>\n<meta property=\"og:url\" content=\"https:\/\/clm-inclusiva.org\/?p=5478\" \/>\n<meta property=\"og:site_name\" content=\"Clm-Inclusiva\" \/>\n<meta property=\"article:publisher\" content=\"https:\/\/www.facebook.com\/castillalamancha.inclusiva\/\" \/>\n<meta property=\"article:published_time\" content=\"2025-05-27T10:57:18+00:00\" \/>\n<meta property=\"og:image\" content=\"http:\/\/clm-inclusiva.org\/wp-content\/uploads\/2025\/05\/Imagen-de-WhatsApp-2025-05-27-a-las-12.28.47_1039af0c.jpg\" \/>\n\t<meta property=\"og:image:width\" content=\"2048\" \/>\n\t<meta property=\"og:image:height\" content=\"1536\" \/>\n\t<meta property=\"og:image:type\" content=\"image\/jpeg\" \/>\n<meta name=\"author\" content=\"clm-inclusiva\" \/>\n<meta name=\"twitter:card\" content=\"summary_large_image\" \/>\n<meta name=\"twitter:creator\" content=\"@ClmInclusiva\" \/>\n<meta name=\"twitter:site\" content=\"@ClmInclusiva\" \/>\n<meta name=\"twitter:label1\" content=\"Escrito por\" \/>\n\t<meta name=\"twitter:data1\" content=\"clm-inclusiva\" \/>\n\t<meta name=\"twitter:label2\" content=\"Tiempo de lectura\" \/>\n\t<meta name=\"twitter:data2\" content=\"2 minutos\" \/>\n<script type=\"application\/ld+json\" class=\"yoast-schema-graph\">{\"@context\":\"https:\/\/schema.org\",\"@graph\":[{\"@type\":\"Article\",\"@id\":\"https:\/\/clm-inclusiva.org\/?p=5478#article\",\"isPartOf\":{\"@id\":\"https:\/\/clm-inclusiva.org\/?p=5478\"},\"author\":{\"name\":\"clm-inclusiva\",\"@id\":\"https:\/\/clm-inclusiva.org\/#\/schema\/person\/0cff84aaa5bb8fd3521c55d1578d902b\"},\"headline\":\"Talavera de la Reina acoge una nueva edici\u00f3n del programa de formaci\u00f3n en jardiner\u00eda para la cualificaci\u00f3n de personas desempleadas y colectivos vulnerables\",\"datePublished\":\"2025-05-27T10:57:18+00:00\",\"dateModified\":\"2025-05-27T10:57:18+00:00\",\"mainEntityOfPage\":{\"@id\":\"https:\/\/clm-inclusiva.org\/?p=5478\"},\"wordCount\":472,\"commentCount\":0,\"publisher\":{\"@id\":\"https:\/\/clm-inclusiva.org\/#organization\"},\"articleSection\":[\"Castilla-La Mancha\",\"Clm inclusiva\",\"cocemfe\",\"Discapacidad\",\"Empleo\",\"formaci\u00f3n\",\"Talavera de la Reina\"],\"inLanguage\":\"es\",\"potentialAction\":[{\"@type\":\"CommentAction\",\"name\":\"Comment\",\"target\":[\"https:\/\/clm-inclusiva.org\/?p=5478#respond\"]}]},{\"@type\":\"WebPage\",\"@id\":\"https:\/\/clm-inclusiva.org\/?p=5478\",\"url\":\"https:\/\/clm-inclusiva.org\/?p=5478\",\"name\":\"Talavera de la Reina acoge una nueva edici\u00f3n del programa de formaci\u00f3n en jardiner\u00eda para la cualificaci\u00f3n de personas desempleadas y colectivos vulnerables - Clm-Inclusiva\",\"isPartOf\":{\"@id\":\"https:\/\/clm-inclusiva.org\/#website\"},\"datePublished\":\"2025-05-27T10:57:18+00:00\",\"dateModified\":\"2025-05-27T10:57:18+00:00\",\"breadcrumb\":{\"@id\":\"https:\/\/clm-inclusiva.org\/?p=5478#breadcrumb\"},\"inLanguage\":\"es\",\"potentialAction\":[{\"@type\":\"ReadAction\",\"target\":[\"https:\/\/clm-inclusiva.org\/?p=5478\"]}]},{\"@type\":\"BreadcrumbList\",\"@id\":\"https:\/\/clm-inclusiva.org\/?p=5478#breadcrumb\",\"itemListElement\":[{\"@type\":\"ListItem\",\"position\":1,\"name\":\"Portada\",\"item\":\"https:\/\/clm-inclusiva.org\/\"},{\"@type\":\"ListItem\",\"position\":2,\"name\":\"Talavera de la Reina acoge una nueva edici\u00f3n del programa de formaci\u00f3n en jardiner\u00eda para la cualificaci\u00f3n de personas desempleadas y colectivos vulnerables\"}]},{\"@type\":\"WebSite\",\"@id\":\"https:\/\/clm-inclusiva.org\/#website\",\"url\":\"https:\/\/clm-inclusiva.org\/\",\"name\":\"Clm-Inclusiva\",\"description\":\"Confederaci\u00f3n de entidades de personas con discapacidad f\u00edsica y org\u00e1nica CLM\",\"publisher\":{\"@id\":\"https:\/\/clm-inclusiva.org\/#organization\"},\"potentialAction\":[{\"@type\":\"SearchAction\",\"target\":{\"@type\":\"EntryPoint\",\"urlTemplate\":\"https:\/\/clm-inclusiva.org\/?s={search_term_string}\"},\"query-input\":\"required name=search_term_string\"}],\"inLanguage\":\"es\"},{\"@type\":\"Organization\",\"@id\":\"https:\/\/clm-inclusiva.org\/#organization\",\"name\":\"Clm-Inclusiva\",\"url\":\"https:\/\/clm-inclusiva.org\/\",\"logo\":{\"@type\":\"ImageObject\",\"inLanguage\":\"es\",\"@id\":\"https:\/\/clm-inclusiva.org\/#\/schema\/logo\/image\/\",\"url\":\"http:\/\/clm-inclusiva.org\/wp-content\/uploads\/2019\/04\/banner-e1533720812836.jpg\",\"contentUrl\":\"http:\/\/clm-inclusiva.org\/wp-content\/uploads\/2019\/04\/banner-e1533720812836.jpg\",\"width\":600,\"height\":332,\"caption\":\"Clm-Inclusiva\"},\"image\":{\"@id\":\"https:\/\/clm-inclusiva.org\/#\/schema\/logo\/image\/\"},\"sameAs\":[\"https:\/\/www.facebook.com\/castillalamancha.inclusiva\/\",\"https:\/\/twitter.com\/ClmInclusiva\"]},{\"@type\":\"Person\",\"@id\":\"https:\/\/clm-inclusiva.org\/#\/schema\/person\/0cff84aaa5bb8fd3521c55d1578d902b\",\"name\":\"clm-inclusiva\",\"image\":{\"@type\":\"ImageObject\",\"inLanguage\":\"es\",\"@id\":\"https:\/\/clm-inclusiva.org\/#\/schema\/person\/image\/\",\"url\":\"https:\/\/secure.gravatar.com\/avatar\/88948567af770dc9cd5597b329011884?s=96&d=blank&r=g\",\"contentUrl\":\"https:\/\/secure.gravatar.com\/avatar\/88948567af770dc9cd5597b329011884?s=96&d=blank&r=g\",\"caption\":\"clm-inclusiva\"},\"sameAs\":[\"http:\/\/clm-inclusiva.org\"],\"url\":\"https:\/\/clm-inclusiva.org\/?author=1\"}]}<\/script>\n<!-- \/ Yoast SEO plugin. -->","yoast_head_json":{"title":"Talavera de la Reina acoge una nueva edici\u00f3n del programa de formaci\u00f3n en jardiner\u00eda para la cualificaci\u00f3n de personas desempleadas y colectivos vulnerables - Clm-Inclusiva","robots":{"index":"index","follow":"follow","max-snippet":"max-snippet:-1","max-image-preview":"max-image-preview:large","max-video-preview":"max-video-preview:-1"},"canonical":"https:\/\/clm-inclusiva.org\/?p=5478","og_locale":"es_ES","og_type":"article","og_title":"Talavera de la Reina acoge una nueva edici\u00f3n del programa de formaci\u00f3n en jardiner\u00eda para la cualificaci\u00f3n de personas desempleadas y colectivos vulnerables - Clm-Inclusiva","og_description":"Castilla-La Mancha Inclusiva ampl\u00eda su oferta formativa en Talavera de la Reina con el proyecto formativo \u201cDesarrollo de Capacidades en Jardiner\u00eda\u201d. Esta acci\u00f3n formativa, de car\u00e1cter gratuito, se enmarca en el Plan de Recuperaci\u00f3n, Transformaci\u00f3n y Resiliencia del Gobierno de Espa\u00f1a, financiado por la Uni\u00f3n Europea \u2013 Next Generation EU. Ha dado comienzo en Talavera [&hellip;]","og_url":"https:\/\/clm-inclusiva.org\/?p=5478","og_site_name":"Clm-Inclusiva","article_publisher":"https:\/\/www.facebook.com\/castillalamancha.inclusiva\/","article_published_time":"2025-05-27T10:57:18+00:00","og_image":[{"width":2048,"height":1536,"url":"http:\/\/clm-inclusiva.org\/wp-content\/uploads\/2025\/05\/Imagen-de-WhatsApp-2025-05-27-a-las-12.28.47_1039af0c.jpg","type":"image\/jpeg"}],"author":"clm-inclusiva","twitter_card":"summary_large_image","twitter_creator":"@ClmInclusiva","twitter_site":"@ClmInclusiva","twitter_misc":{"Escrito por":"clm-inclusiva","Tiempo de lectura":"2 minutos"},"schema":{"@context":"https:\/\/schema.org","@graph":[{"@type":"Article","@id":"https:\/\/clm-inclusiva.org\/?p=5478#article","isPartOf":{"@id":"https:\/\/clm-inclusiva.org\/?p=5478"},"author":{"name":"clm-inclusiva","@id":"https:\/\/clm-inclusiva.org\/#\/schema\/person\/0cff84aaa5bb8fd3521c55d1578d902b"},"headline":"Talavera de la Reina acoge una nueva edici\u00f3n del programa de formaci\u00f3n en jardiner\u00eda para la cualificaci\u00f3n de personas desempleadas y colectivos vulnerables","datePublished":"2025-05-27T10:57:18+00:00","dateModified":"2025-05-27T10:57:18+00:00","mainEntityOfPage":{"@id":"https:\/\/clm-inclusiva.org\/?p=5478"},"wordCount":472,"commentCount":0,"publisher":{"@id":"https:\/\/clm-inclusiva.org\/#organization"},"articleSection":["Castilla-La Mancha","Clm inclusiva","cocemfe","Discapacidad","Empleo","formaci\u00f3n","Talavera de la Reina"],"inLanguage":"es","potentialAction":[{"@type":"CommentAction","name":"Comment","target":["https:\/\/clm-inclusiva.org\/?p=5478#respond"]}]},{"@type":"WebPage","@id":"https:\/\/clm-inclusiva.org\/?p=5478","url":"https:\/\/clm-inclusiva.org\/?p=5478","name":"Talavera de la Reina acoge una nueva edici\u00f3n del programa de formaci\u00f3n en jardiner\u00eda para la cualificaci\u00f3n de personas desempleadas y colectivos vulnerables - Clm-Inclusiva","isPartOf":{"@id":"https:\/\/clm-inclusiva.org\/#website"},"datePublished":"2025-05-27T10:57:18+00:00","dateModified":"2025-05-27T10:57:18+00:00","breadcrumb":{"@id":"https:\/\/clm-inclusiva.org\/?p=5478#breadcrumb"},"inLanguage":"es","potentialAction":[{"@type":"ReadAction","target":["https:\/\/clm-inclusiva.org\/?p=5478"]}]},{"@type":"BreadcrumbList","@id":"https:\/\/clm-inclusiva.org\/?p=5478#breadcrumb","itemListElement":[{"@type":"ListItem","position":1,"name":"Portada","item":"https:\/\/clm-inclusiva.org\/"},{"@type":"ListItem","position":2,"name":"Talavera de la Reina acoge una nueva edici\u00f3n del programa de formaci\u00f3n en jardiner\u00eda para la cualificaci\u00f3n de personas desempleadas y colectivos vulnerables"}]},{"@type":"WebSite","@id":"https:\/\/clm-inclusiva.org\/#website","url":"https:\/\/clm-inclusiva.org\/","name":"Clm-Inclusiva","description":"Confederaci\u00f3n de entidades de personas con discapacidad f\u00edsica y org\u00e1nica CLM","publisher":{"@id":"https:\/\/clm-inclusiva.org\/#organization"},"potentialAction":[{"@type":"SearchAction","target":{"@type":"EntryPoint","urlTemplate":"https:\/\/clm-inclusiva.org\/?s={search_term_string}"},"query-input":"required name=search_term_string"}],"inLanguage":"es"},{"@type":"Organization","@id":"https:\/\/clm-inclusiva.org\/#organization","name":"Clm-Inclusiva","url":"https:\/\/clm-inclusiva.org\/","logo":{"@type":"ImageObject","inLanguage":"es","@id":"https:\/\/clm-inclusiva.org\/#\/schema\/logo\/image\/","url":"http:\/\/clm-inclusiva.org\/wp-content\/uploads\/2019\/04\/banner-e1533720812836.jpg","contentUrl":"http:\/\/clm-inclusiva.org\/wp-content\/uploads\/2019\/04\/banner-e1533720812836.jpg","width":600,"height":332,"caption":"Clm-Inclusiva"},"image":{"@id":"https:\/\/clm-inclusiva.org\/#\/schema\/logo\/image\/"},"sameAs":["https:\/\/www.facebook.com\/castillalamancha.inclusiva\/","https:\/\/twitter.com\/ClmInclusiva"]},{"@type":"Person","@id":"https:\/\/clm-inclusiva.org\/#\/schema\/person\/0cff84aaa5bb8fd3521c55d1578d902b","name":"clm-inclusiva","image":{"@type":"ImageObject","inLanguage":"es","@id":"https:\/\/clm-inclusiva.org\/#\/schema\/person\/image\/","url":"https:\/\/secure.gravatar.com\/avatar\/88948567af770dc9cd5597b329011884?s=96&d=blank&r=g","contentUrl":"https:\/\/secure.gravatar.com\/avatar\/88948567af770dc9cd5597b329011884?s=96&d=blank&r=g","caption":"clm-inclusiva"},"sameAs":["http:\/\/clm-inclusiva.org"],"url":"https:\/\/clm-inclusiva.org\/?author=1"}]}},"_links":{"self":[{"href":"https:\/\/clm-inclusiva.org\/index.php?rest_route=\/wp\/v2\/posts\/5478"}],"collection":[{"href":"https:\/\/clm-inclusiva.org\/index.php?rest_route=\/wp\/v2\/posts"}],"about":[{"href":"https:\/\/clm-inclusiva.org\/index.php?rest_route=\/wp\/v2\/types\/post"}],"author":[{"embeddable":true,"href":"https:\/\/clm-inclusiva.org\/index.php?rest_route=\/wp\/v2\/users\/1"}],"replies":[{"embeddable":true,"href":"https:\/\/clm-inclusiva.org\/index.php?rest_route=%2Fwp%2Fv2%2Fcomments&post=5478"}],"version-history":[{"count":2,"href":"https:\/\/clm-inclusiva.org\/index.php?rest_route=\/wp\/v2\/posts\/5478\/revisions"}],"predecessor-version":[{"id":5481,"href":"https:\/\/clm-inclusiva.org\/index.php?rest_route=\/wp\/v2\/posts\/5478\/revisions\/5481"}],"wp:featuredmedia":[{"embeddable":true,"href":"https:\/\/clm-inclusiva.org\/index.php?rest_route=\/wp\/v2\/media\/5479"}],"wp:attachment":[{"href":"https:\/\/clm-inclusiva.org\/index.php?rest_route=%2Fwp%2Fv2%2Fmedia&parent=5478"}],"wp:term":[{"taxonomy":"category","embeddable":true,"href":"https:\/\/clm-inclusiva.org\/index.php?rest_route=%2Fwp%2Fv2%2Fcategories&post=5478"},{"taxonomy":"post_tag","embeddable":true,"href":"https:\/\/clm-inclusiva.org\/index.php?rest_route=%2Fwp%2Fv2%2Ftags&post=5478"}],"curies":[{"name":"wp","href":"https:\/\/api.w.org\/{rel}","templated":true}]}}