{"id":5471,"date":"2025-04-30T17:39:31","date_gmt":"2025-04-30T15:39:31","guid":{"rendered":"https:\/\/clm-inclusiva.org\/?p=5471"},"modified":"2025-04-30T17:39:31","modified_gmt":"2025-04-30T15:39:31","slug":"la-accesibilidad-y-la-autonomia-personal-marcaran-el-rumbo-de-la-nueva-legislatura-de-castilla-la-mancha-inclusiva-que-vuelve-a-encabezar-enrique-alarcon","status":"publish","type":"post","link":"https:\/\/clm-inclusiva.org\/?p=5471","title":{"rendered":"La accesibilidad y la autonom\u00eda personal marcar\u00e1n el rumbo de la nueva legislatura de Castilla-La Mancha Inclusiva que vuelve a encabezar Enrique Alarc\u00f3n"},"content":{"rendered":"<ul>\n<li>\n<h3><strong>La Confederaci\u00f3n ha celebrado su Asamblea General Ordinaria y Extraordinaria en la que Enrique Alarc\u00f3n ha sido reelegido presidente de la entidad.<\/strong><\/h3>\n<\/li>\n<li>\n<h3><strong>Durante la asamblea Ordinaria se han aprobado la Memoria del a\u00f1o 2024, la cuentas de 2024, el Programa de actividades para 2025, y el Presupuesto de 2025.<\/strong><\/h3>\n<\/li>\n<li>\n<h3><strong>Han asistido representantes de la pol\u00edtica local como <\/strong><strong>Llanos Navarro, concejala de Calidad de Vida, Participaci\u00f3n Real y Efectiva del Ayuntamiento de Albacete y Lorena Gonz\u00e1lez, portavoz de Vox en Diputaci\u00f3n y Ayuntamiento de Albacete; Jos\u00e9 Gonz\u00e1lez Mart\u00ednez, concejal y Diputado Provincial de Servicios sociales; a nivel regional Francisco Cobo Navarro diputado de VOX en Albacete y la senadora y Portavoz del Grupo Municipal Socialista de la capital albacete\u00f1a, Amparo Torres Valencoso.<\/strong><\/h3>\n<\/li>\n<\/ul>\n<p>La Confederaci\u00f3n de entidades de personas con discapacidad f\u00edsica y org\u00e1nica de Castilla-La Mancha (CLM Inclusiva COCEMFE) ha celebrado durante esta ma\u00f1ana su <strong>Asamblea General Extraordinaria<\/strong> en Albacete. En ella, <strong>Enrique Alarc\u00f3n ha sido reelegido presidente de la entidad.<\/strong><\/p>\n<p>Durante su intervenci\u00f3n en el acto celebrado por CLM Inclusiva COCEMFE, Enrique Alarc\u00f3n ha querido agradecer de forma expresa al movimiento asociativo \u201csu esfuerzo, su lucha, y su capacidad para compartir criterios y aunar consensos que nos permiten avanzar como sociedad\u201d.<\/p>\n<p>Alarc\u00f3n ha puesto en valor la implicaci\u00f3n del \u00e1mbito pol\u00edtico en este tipo de iniciativas, ya que, seg\u00fan ha afirmado, \u201csu presencia visibiliza nuestro trabajo y nos hace fuertes\u201d. Adem\u00e1s, ha se\u00f1alado que esta participaci\u00f3n es tambi\u00e9n \u201cuna muestra de complicidad sin la cual ser\u00eda imposible seguir avanzando en esa propuesta universal que son los criterios de la Convenci\u00f3n de las Naciones Unidas sobre los derechos de las personas con discapacidad\u201d.<\/p>\n<p>En su intervenci\u00f3n, ha instado a \u201cromper la formalidad y entrar de lleno en el mundo de la conciencia\u201d. Ha lamentado que a\u00fan hoy \u201cm\u00e1s del 30% de las personas con discapacidad y sus familias sigan en situaci\u00f3n de pobreza\u201d, una realidad que, ha dicho, debe interpelar a todos los actores sociales y pol\u00edticos.<\/p>\n<p>Aunque ha reconocido el esfuerzo realizado por las administraciones p\u00fablicas, Alarc\u00f3n ha pedido \u201ccontinuar y redoblar esos esfuerzos\u201d, asegurando que desde el tejido asociativo \u201cestamos dispuestos a hacer todo lo que sea necesario\u201d.<\/p>\n<p>En materia de accesibilidad, ha anunciado que se ha aprobado un nuevo <strong>Servicio de Accesibilidad<\/strong> para esta legislatura. \u201cVamos a poner en marcha un recurso en CLM Inclusiva para fortalecer los servicios de atenci\u00f3n, y que estos lleguen a todas las personas que lo necesiten\u201d, ha explicado. Tambi\u00e9n se contempla un servicio de apoyo a diputaciones, municipios y entidades locales \u201cpara avanzar juntos en este objetivo com\u00fan\u201d.<\/p>\n<p>Alarc\u00f3n ha recordado que las entidades del movimiento asociativo \u201csomos un v\u00ednculo de dignidad entre el mundo pol\u00edtico y la sociedad\u201d, y ha insistido en que estas organizaciones tienen una clara responsabilidad social: \u201cno estamos para nosotros mismos, estamos al servicio de una transformaci\u00f3n cultural en la que la accesibilidad, el acceso al empleo, la formaci\u00f3n y la cultura sean lo m\u00e1s normalizados posible\u201d.<\/p>\n<p>Para concluir, ha animado a las entidades \u201ca seguir siendo conciencia social para responder a las necesidades reales de las personas con discapacidad y sus familias, y, por ende, de toda la ciudadan\u00eda\u201d.<\/p>\n<p>Finalmente, ha querido poner en valor el \u201cinmenso esfuerzo y dedicaci\u00f3n\u201d de todas las organizaciones que conforman <strong>CLM Inclusiva COCEMFE<\/strong>, recordando que \u201cen sus manos reposa la defensa de los derechos de las personas con discapacidad\u201d. Sin su trabajo incansable, hoy no estar\u00edamos aqu\u00ed.<\/p>\n","protected":false},"excerpt":{"rendered":"<p>La Confederaci\u00f3n ha celebrado su Asamblea General Ordinaria y Extraordinaria en la que Enrique Alarc\u00f3n ha sido reelegido presidente de la entidad. Durante la asamblea Ordinaria se han aprobado la Memoria del a\u00f1o 2024, la cuentas de 2024, el Programa de actividades para 2025, y el Presupuesto de 2025. Han asistido representantes de la pol\u00edtica [&hellip;]<\/p>\n","protected":false},"author":1,"featured_media":5473,"comment_status":"open","ping_status":"open","sticky":false,"template":"","format":"standard","meta":{"_et_pb_use_builder":"","_et_pb_old_content":"","_et_gb_content_width":"","footnotes":""},"categories":[104,119,47,5],"tags":[],"yoast_head":"<!-- This site is optimized with the Yoast SEO plugin v21.3 - https:\/\/yoast.com\/wordpress\/plugins\/seo\/ -->\n<title>La accesibilidad y la autonom\u00eda personal marcar\u00e1n el rumbo de la nueva legislatura de Castilla-La Mancha Inclusiva que vuelve a encabezar Enrique Alarc\u00f3n - Clm-Inclusiva<\/title>\n<meta name=\"robots\" content=\"index, follow, max-snippet:-1, max-image-preview:large, max-video-preview:-1\" \/>\n<link rel=\"canonical\" href=\"https:\/\/clm-inclusiva.org\/?p=5471\" \/>\n<meta property=\"og:locale\" content=\"es_ES\" \/>\n<meta property=\"og:type\" content=\"article\" \/>\n<meta property=\"og:title\" content=\"La accesibilidad y la autonom\u00eda personal marcar\u00e1n el rumbo de la nueva legislatura de Castilla-La Mancha Inclusiva que vuelve a encabezar Enrique Alarc\u00f3n - Clm-Inclusiva\" \/>\n<meta property=\"og:description\" content=\"La Confederaci\u00f3n ha celebrado su Asamblea General Ordinaria y Extraordinaria en la que Enrique Alarc\u00f3n ha sido reelegido presidente de la entidad. Durante la asamblea Ordinaria se han aprobado la Memoria del a\u00f1o 2024, la cuentas de 2024, el Programa de actividades para 2025, y el Presupuesto de 2025. Han asistido representantes de la pol\u00edtica [&hellip;]\" \/>\n<meta property=\"og:url\" content=\"https:\/\/clm-inclusiva.org\/?p=5471\" \/>\n<meta property=\"og:site_name\" content=\"Clm-Inclusiva\" \/>\n<meta property=\"article:publisher\" content=\"https:\/\/www.facebook.com\/castillalamancha.inclusiva\/\" \/>\n<meta property=\"article:published_time\" content=\"2025-04-30T15:39:31+00:00\" \/>\n<meta property=\"og:image\" content=\"http:\/\/clm-inclusiva.org\/wp-content\/uploads\/2025\/04\/FOTO-2.jpg\" \/>\n\t<meta property=\"og:image:width\" content=\"1600\" \/>\n\t<meta property=\"og:image:height\" content=\"1346\" \/>\n\t<meta property=\"og:image:type\" content=\"image\/jpeg\" \/>\n<meta name=\"author\" content=\"clm-inclusiva\" \/>\n<meta name=\"twitter:card\" content=\"summary_large_image\" \/>\n<meta name=\"twitter:creator\" content=\"@ClmInclusiva\" \/>\n<meta name=\"twitter:site\" content=\"@ClmInclusiva\" \/>\n<meta name=\"twitter:label1\" content=\"Escrito por\" \/>\n\t<meta name=\"twitter:data1\" content=\"clm-inclusiva\" \/>\n\t<meta name=\"twitter:label2\" content=\"Tiempo de lectura\" \/>\n\t<meta name=\"twitter:data2\" content=\"3 minutos\" \/>\n<script type=\"application\/ld+json\" class=\"yoast-schema-graph\">{\"@context\":\"https:\/\/schema.org\",\"@graph\":[{\"@type\":\"Article\",\"@id\":\"https:\/\/clm-inclusiva.org\/?p=5471#article\",\"isPartOf\":{\"@id\":\"https:\/\/clm-inclusiva.org\/?p=5471\"},\"author\":{\"name\":\"clm-inclusiva\",\"@id\":\"https:\/\/clm-inclusiva.org\/#\/schema\/person\/0cff84aaa5bb8fd3521c55d1578d902b\"},\"headline\":\"La accesibilidad y la autonom\u00eda personal marcar\u00e1n el rumbo de la nueva legislatura de Castilla-La Mancha Inclusiva que vuelve a encabezar Enrique Alarc\u00f3n\",\"datePublished\":\"2025-04-30T15:39:31+00:00\",\"dateModified\":\"2025-04-30T15:39:31+00:00\",\"mainEntityOfPage\":{\"@id\":\"https:\/\/clm-inclusiva.org\/?p=5471\"},\"wordCount\":634,\"commentCount\":0,\"publisher\":{\"@id\":\"https:\/\/clm-inclusiva.org\/#organization\"},\"articleSection\":[\"Asamblea\",\"Castilla-La Mancha\",\"cocemfe\",\"Discapacidad\"],\"inLanguage\":\"es\",\"potentialAction\":[{\"@type\":\"CommentAction\",\"name\":\"Comment\",\"target\":[\"https:\/\/clm-inclusiva.org\/?p=5471#respond\"]}]},{\"@type\":\"WebPage\",\"@id\":\"https:\/\/clm-inclusiva.org\/?p=5471\",\"url\":\"https:\/\/clm-inclusiva.org\/?p=5471\",\"name\":\"La accesibilidad y la autonom\u00eda personal marcar\u00e1n el rumbo de la nueva legislatura de Castilla-La Mancha Inclusiva que vuelve a encabezar Enrique Alarc\u00f3n - Clm-Inclusiva\",\"isPartOf\":{\"@id\":\"https:\/\/clm-inclusiva.org\/#website\"},\"datePublished\":\"2025-04-30T15:39:31+00:00\",\"dateModified\":\"2025-04-30T15:39:31+00:00\",\"breadcrumb\":{\"@id\":\"https:\/\/clm-inclusiva.org\/?p=5471#breadcrumb\"},\"inLanguage\":\"es\",\"potentialAction\":[{\"@type\":\"ReadAction\",\"target\":[\"https:\/\/clm-inclusiva.org\/?p=5471\"]}]},{\"@type\":\"BreadcrumbList\",\"@id\":\"https:\/\/clm-inclusiva.org\/?p=5471#breadcrumb\",\"itemListElement\":[{\"@type\":\"ListItem\",\"position\":1,\"name\":\"Portada\",\"item\":\"https:\/\/clm-inclusiva.org\/\"},{\"@type\":\"ListItem\",\"position\":2,\"name\":\"La accesibilidad y la autonom\u00eda personal marcar\u00e1n el rumbo de la nueva legislatura de Castilla-La Mancha Inclusiva que vuelve a encabezar Enrique Alarc\u00f3n\"}]},{\"@type\":\"WebSite\",\"@id\":\"https:\/\/clm-inclusiva.org\/#website\",\"url\":\"https:\/\/clm-inclusiva.org\/\",\"name\":\"Clm-Inclusiva\",\"description\":\"Confederaci\u00f3n de entidades de personas con discapacidad f\u00edsica y org\u00e1nica CLM\",\"publisher\":{\"@id\":\"https:\/\/clm-inclusiva.org\/#organization\"},\"potentialAction\":[{\"@type\":\"SearchAction\",\"target\":{\"@type\":\"EntryPoint\",\"urlTemplate\":\"https:\/\/clm-inclusiva.org\/?s={search_term_string}\"},\"query-input\":\"required name=search_term_string\"}],\"inLanguage\":\"es\"},{\"@type\":\"Organization\",\"@id\":\"https:\/\/clm-inclusiva.org\/#organization\",\"name\":\"Clm-Inclusiva\",\"url\":\"https:\/\/clm-inclusiva.org\/\",\"logo\":{\"@type\":\"ImageObject\",\"inLanguage\":\"es\",\"@id\":\"https:\/\/clm-inclusiva.org\/#\/schema\/logo\/image\/\",\"url\":\"http:\/\/clm-inclusiva.org\/wp-content\/uploads\/2019\/04\/banner-e1533720812836.jpg\",\"contentUrl\":\"http:\/\/clm-inclusiva.org\/wp-content\/uploads\/2019\/04\/banner-e1533720812836.jpg\",\"width\":600,\"height\":332,\"caption\":\"Clm-Inclusiva\"},\"image\":{\"@id\":\"https:\/\/clm-inclusiva.org\/#\/schema\/logo\/image\/\"},\"sameAs\":[\"https:\/\/www.facebook.com\/castillalamancha.inclusiva\/\",\"https:\/\/twitter.com\/ClmInclusiva\"]},{\"@type\":\"Person\",\"@id\":\"https:\/\/clm-inclusiva.org\/#\/schema\/person\/0cff84aaa5bb8fd3521c55d1578d902b\",\"name\":\"clm-inclusiva\",\"image\":{\"@type\":\"ImageObject\",\"inLanguage\":\"es\",\"@id\":\"https:\/\/clm-inclusiva.org\/#\/schema\/person\/image\/\",\"url\":\"https:\/\/secure.gravatar.com\/avatar\/88948567af770dc9cd5597b329011884?s=96&d=blank&r=g\",\"contentUrl\":\"https:\/\/secure.gravatar.com\/avatar\/88948567af770dc9cd5597b329011884?s=96&d=blank&r=g\",\"caption\":\"clm-inclusiva\"},\"sameAs\":[\"http:\/\/clm-inclusiva.org\"],\"url\":\"https:\/\/clm-inclusiva.org\/?author=1\"}]}<\/script>\n<!-- \/ Yoast SEO plugin. -->","yoast_head_json":{"title":"La accesibilidad y la autonom\u00eda personal marcar\u00e1n el rumbo de la nueva legislatura de Castilla-La Mancha Inclusiva que vuelve a encabezar Enrique Alarc\u00f3n - Clm-Inclusiva","robots":{"index":"index","follow":"follow","max-snippet":"max-snippet:-1","max-image-preview":"max-image-preview:large","max-video-preview":"max-video-preview:-1"},"canonical":"https:\/\/clm-inclusiva.org\/?p=5471","og_locale":"es_ES","og_type":"article","og_title":"La accesibilidad y la autonom\u00eda personal marcar\u00e1n el rumbo de la nueva legislatura de Castilla-La Mancha Inclusiva que vuelve a encabezar Enrique Alarc\u00f3n - Clm-Inclusiva","og_description":"La Confederaci\u00f3n ha celebrado su Asamblea General Ordinaria y Extraordinaria en la que Enrique Alarc\u00f3n ha sido reelegido presidente de la entidad. Durante la asamblea Ordinaria se han aprobado la Memoria del a\u00f1o 2024, la cuentas de 2024, el Programa de actividades para 2025, y el Presupuesto de 2025. Han asistido representantes de la pol\u00edtica [&hellip;]","og_url":"https:\/\/clm-inclusiva.org\/?p=5471","og_site_name":"Clm-Inclusiva","article_publisher":"https:\/\/www.facebook.com\/castillalamancha.inclusiva\/","article_published_time":"2025-04-30T15:39:31+00:00","og_image":[{"width":1600,"height":1346,"url":"http:\/\/clm-inclusiva.org\/wp-content\/uploads\/2025\/04\/FOTO-2.jpg","type":"image\/jpeg"}],"author":"clm-inclusiva","twitter_card":"summary_large_image","twitter_creator":"@ClmInclusiva","twitter_site":"@ClmInclusiva","twitter_misc":{"Escrito por":"clm-inclusiva","Tiempo de lectura":"3 minutos"},"schema":{"@context":"https:\/\/schema.org","@graph":[{"@type":"Article","@id":"https:\/\/clm-inclusiva.org\/?p=5471#article","isPartOf":{"@id":"https:\/\/clm-inclusiva.org\/?p=5471"},"author":{"name":"clm-inclusiva","@id":"https:\/\/clm-inclusiva.org\/#\/schema\/person\/0cff84aaa5bb8fd3521c55d1578d902b"},"headline":"La accesibilidad y la autonom\u00eda personal marcar\u00e1n el rumbo de la nueva legislatura de Castilla-La Mancha Inclusiva que vuelve a encabezar Enrique Alarc\u00f3n","datePublished":"2025-04-30T15:39:31+00:00","dateModified":"2025-04-30T15:39:31+00:00","mainEntityOfPage":{"@id":"https:\/\/clm-inclusiva.org\/?p=5471"},"wordCount":634,"commentCount":0,"publisher":{"@id":"https:\/\/clm-inclusiva.org\/#organization"},"articleSection":["Asamblea","Castilla-La Mancha","cocemfe","Discapacidad"],"inLanguage":"es","potentialAction":[{"@type":"CommentAction","name":"Comment","target":["https:\/\/clm-inclusiva.org\/?p=5471#respond"]}]},{"@type":"WebPage","@id":"https:\/\/clm-inclusiva.org\/?p=5471","url":"https:\/\/clm-inclusiva.org\/?p=5471","name":"La accesibilidad y la autonom\u00eda personal marcar\u00e1n el rumbo de la nueva legislatura de Castilla-La Mancha Inclusiva que vuelve a encabezar Enrique Alarc\u00f3n - Clm-Inclusiva","isPartOf":{"@id":"https:\/\/clm-inclusiva.org\/#website"},"datePublished":"2025-04-30T15:39:31+00:00","dateModified":"2025-04-30T15:39:31+00:00","breadcrumb":{"@id":"https:\/\/clm-inclusiva.org\/?p=5471#breadcrumb"},"inLanguage":"es","potentialAction":[{"@type":"ReadAction","target":["https:\/\/clm-inclusiva.org\/?p=5471"]}]},{"@type":"BreadcrumbList","@id":"https:\/\/clm-inclusiva.org\/?p=5471#breadcrumb","itemListElement":[{"@type":"ListItem","position":1,"name":"Portada","item":"https:\/\/clm-inclusiva.org\/"},{"@type":"ListItem","position":2,"name":"La accesibilidad y la autonom\u00eda personal marcar\u00e1n el rumbo de la nueva legislatura de Castilla-La Mancha Inclusiva que vuelve a encabezar Enrique Alarc\u00f3n"}]},{"@type":"WebSite","@id":"https:\/\/clm-inclusiva.org\/#website","url":"https:\/\/clm-inclusiva.org\/","name":"Clm-Inclusiva","description":"Confederaci\u00f3n de entidades de personas con discapacidad f\u00edsica y org\u00e1nica CLM","publisher":{"@id":"https:\/\/clm-inclusiva.org\/#organization"},"potentialAction":[{"@type":"SearchAction","target":{"@type":"EntryPoint","urlTemplate":"https:\/\/clm-inclusiva.org\/?s={search_term_string}"},"query-input":"required name=search_term_string"}],"inLanguage":"es"},{"@type":"Organization","@id":"https:\/\/clm-inclusiva.org\/#organization","name":"Clm-Inclusiva","url":"https:\/\/clm-inclusiva.org\/","logo":{"@type":"ImageObject","inLanguage":"es","@id":"https:\/\/clm-inclusiva.org\/#\/schema\/logo\/image\/","url":"http:\/\/clm-inclusiva.org\/wp-content\/uploads\/2019\/04\/banner-e1533720812836.jpg","contentUrl":"http:\/\/clm-inclusiva.org\/wp-content\/uploads\/2019\/04\/banner-e1533720812836.jpg","width":600,"height":332,"caption":"Clm-Inclusiva"},"image":{"@id":"https:\/\/clm-inclusiva.org\/#\/schema\/logo\/image\/"},"sameAs":["https:\/\/www.facebook.com\/castillalamancha.inclusiva\/","https:\/\/twitter.com\/ClmInclusiva"]},{"@type":"Person","@id":"https:\/\/clm-inclusiva.org\/#\/schema\/person\/0cff84aaa5bb8fd3521c55d1578d902b","name":"clm-inclusiva","image":{"@type":"ImageObject","inLanguage":"es","@id":"https:\/\/clm-inclusiva.org\/#\/schema\/person\/image\/","url":"https:\/\/secure.gravatar.com\/avatar\/88948567af770dc9cd5597b329011884?s=96&d=blank&r=g","contentUrl":"https:\/\/secure.gravatar.com\/avatar\/88948567af770dc9cd5597b329011884?s=96&d=blank&r=g","caption":"clm-inclusiva"},"sameAs":["http:\/\/clm-inclusiva.org"],"url":"https:\/\/clm-inclusiva.org\/?author=1"}]}},"_links":{"self":[{"href":"https:\/\/clm-inclusiva.org\/index.php?rest_route=\/wp\/v2\/posts\/5471"}],"collection":[{"href":"https:\/\/clm-inclusiva.org\/index.php?rest_route=\/wp\/v2\/posts"}],"about":[{"href":"https:\/\/clm-inclusiva.org\/index.php?rest_route=\/wp\/v2\/types\/post"}],"author":[{"embeddable":true,"href":"https:\/\/clm-inclusiva.org\/index.php?rest_route=\/wp\/v2\/users\/1"}],"replies":[{"embeddable":true,"href":"https:\/\/clm-inclusiva.org\/index.php?rest_route=%2Fwp%2Fv2%2Fcomments&post=5471"}],"version-history":[{"count":1,"href":"https:\/\/clm-inclusiva.org\/index.php?rest_route=\/wp\/v2\/posts\/5471\/revisions"}],"predecessor-version":[{"id":5474,"href":"https:\/\/clm-inclusiva.org\/index.php?rest_route=\/wp\/v2\/posts\/5471\/revisions\/5474"}],"wp:featuredmedia":[{"embeddable":true,"href":"https:\/\/clm-inclusiva.org\/index.php?rest_route=\/wp\/v2\/media\/5473"}],"wp:attachment":[{"href":"https:\/\/clm-inclusiva.org\/index.php?rest_route=%2Fwp%2Fv2%2Fmedia&parent=5471"}],"wp:term":[{"taxonomy":"category","embeddable":true,"href":"https:\/\/clm-inclusiva.org\/index.php?rest_route=%2Fwp%2Fv2%2Fcategories&post=5471"},{"taxonomy":"post_tag","embeddable":true,"href":"https:\/\/clm-inclusiva.org\/index.php?rest_route=%2Fwp%2Fv2%2Ftags&post=5471"}],"curies":[{"name":"wp","href":"https:\/\/api.w.org\/{rel}","templated":true}]}}