{"id":5450,"date":"2025-04-09T11:38:41","date_gmt":"2025-04-09T09:38:41","guid":{"rendered":"https:\/\/clm-inclusiva.org\/?p=5450"},"modified":"2025-04-09T11:38:41","modified_gmt":"2025-04-09T09:38:41","slug":"castilla-la-mancha-inclusiva-cocemfe-participa-en-una-iniciativa-nacional-de-cocemfe-para-la-inclusion-de-las-personas-con-discapacidad-en-entornos-laborales","status":"publish","type":"post","link":"https:\/\/clm-inclusiva.org\/?p=5450","title":{"rendered":"Castilla-La Mancha Inclusiva COCEMFE participa en una iniciativa nacional de COCEMFE para la inclusi\u00f3n de las personas con discapacidad en entornos laborales"},"content":{"rendered":"<ul>\n<li>\n<h3>CLM INCLUSIVA COCEMFE forma parte de un proyecto centrado en conseguir la inclusi\u00f3n de la diversidad en entornos laborales a trav\u00e9s del apoyo a las empresas y el cumplimiento de la normativa sobre garant\u00eda de derechos, igualdad de oportunidades y no discriminaci\u00f3n de las personas con discapacidad<\/h3>\n<\/li>\n<li>\n<h3>Este proyecto beneficiar\u00e1 a m\u00e1s de 120 empresas y entidades de Cuenca y Albacete durante 2025, asesoradas para la inclusi\u00f3n de personas con discapacidad en sus plantillas<\/h3>\n<\/li>\n<li>\n<h3>Financiado a trav\u00e9s de las subvenciones para la realizaci\u00f3n de actividades de inter\u00e9s general consideradas de inter\u00e9s social de la convocatoria del 0,7 del Ministerio de Derechos Sociales, Consumo y Agenda 2030<\/h3>\n<\/li>\n<\/ul>\n<p>CLM INCLUSIVA COCEMFE est\u00e1 participando en el proyecto \u2019Programa estrat\u00e9gico de soporte e innovaci\u00f3n para la activaci\u00f3n y atenci\u00f3n a personas con discapacidad con necesidades de inserci\u00f3n laboral\u2019, con el que al menos 120 entidades en Cuenca y Albacete recibir\u00e1n formaci\u00f3n y atenci\u00f3n integral e interdisciplinar para el acceso al empleo de las personas con discapacidad.<\/p>\n<p>Con este proyecto, presentado por la Confederaci\u00f3n Espa\u00f1ola de Personas con Discapacidad F\u00edsica y Org\u00e1nica (COCEMFE), se persigue la atenci\u00f3n integral e interdisciplinar en el acceso al empleo de las personas con discapacidad a trav\u00e9s de la metodolog\u00eda Comunidades Resilientes a la Exclusi\u00f3n Social, desarrollando alianzas para el trabajo en red y prestando especial atenci\u00f3n a las necesidades espec\u00edficas de las mujeres.<\/p>\n<p>El programa se centra en la formaci\u00f3n y acompa\u00f1amiento al tejido empresarial, el estudio y sistematizaci\u00f3n de los ajustes razonables, la innovaci\u00f3n en el Tercer Sector y la promoci\u00f3n de la interdisciplinariedad de las intervenciones. Las actuaciones tienen en cuenta la perspectiva de g\u00e9nero, contemplando la participaci\u00f3n e intercambio de personas con discapacidad, personal t\u00e9cnico experto y tejido empresarial.<\/p>\n<p>Utilizar\u00e1 la plataforma virtual de Campus COCEMFE Moodle para impulsar la formaci\u00f3n abierta, gratuita y accesible y al tejido empresarial y econom\u00eda social sobre atenci\u00f3n a la diversidad en entornos laborales. Para ello instruye en el cumplimiento de la normativa sobre garant\u00eda de derechos, igualdad de oportunidades y no discriminaci\u00f3n de las PCD, con perspectiva de g\u00e9nero e interseccional.<\/p>\n<p>Avanza en la aplicaci\u00f3n de los ajustes razonables en el empleo, con perspectiva de g\u00e9nero, a trav\u00e9s de la creaci\u00f3n de una unidad de asesoramiento a empresas, en colaboraci\u00f3n con la Universidad Carlos III, la sistematizaci\u00f3n de la experiencia y la elaboraci\u00f3n de un informe de transferencia.<\/p>\n<p>Este proyecto se ejecuta gracias a las cantidades asignadas a actividades de inter\u00e9s general consideradas de inter\u00e9s social en las declaraciones del Impuesto sobre la Renta de las Personas F\u00edsicas y el Impuesto sobre Sociedades.<\/p>\n<p>La Confederaci\u00f3n gestiona estas subvenciones del Ministerio de Derechos Sociales, Consumo y Agenda 2030 para la financiaci\u00f3n de los proyectos prioritarios de sus entidades, proporcion\u00e1ndoles asesoramiento y realizando un seguimiento pormenorizado durante todo el proceso. En este caso, el proyecto se enmarca en el Programa de COCEMFE del Programa estrat\u00e9gico de soporte e innovaci\u00f3n para la activaci\u00f3n y atenci\u00f3n a personas con discapacidad con necesidades de inserci\u00f3n laboral promovidas por entidades de COCEMFE.<\/p>\n<p>&nbsp;<\/p>\n<div class=\"et_pb_slider et_pb_slider_fullwidth_off et_pb_gallery_post_type\">\n\t\t\t\t<div class=\"et_pb_slides\">\n\t\t\t\t\t<div class=\"et_pb_slide\" style=\"background: url(https:\/\/clm-inclusiva.org\/wp-content\/uploads\/2025\/04\/FOTO-CUENCA.jpg);\"><\/div><div class=\"et_pb_slide\" style=\"background: url(https:\/\/clm-inclusiva.org\/wp-content\/uploads\/2025\/04\/FOTO-ALBACETE.jpg);\"><\/div>\n\t\t\t\t<\/div>\n\t\t\t<\/div>\n","protected":false},"excerpt":{"rendered":"<p>CLM INCLUSIVA COCEMFE forma parte de un proyecto centrado en conseguir la inclusi\u00f3n de la diversidad en entornos laborales a trav\u00e9s del apoyo a las empresas y el cumplimiento de la normativa sobre garant\u00eda de derechos, igualdad de oportunidades y no discriminaci\u00f3n de las personas con discapacidad Este proyecto beneficiar\u00e1 a m\u00e1s de 120 empresas [&hellip;]<\/p>\n","protected":false},"author":1,"featured_media":5452,"comment_status":"open","ping_status":"open","sticky":false,"template":"","format":"standard","meta":{"_et_pb_use_builder":"","_et_pb_old_content":"","_et_gb_content_width":"","footnotes":""},"categories":[45,119,47,50,6,122,97,64],"tags":[],"yoast_head":"<!-- This site is optimized with the Yoast SEO plugin v21.3 - https:\/\/yoast.com\/wordpress\/plugins\/seo\/ -->\n<title>Castilla-La Mancha Inclusiva COCEMFE participa en una iniciativa nacional de COCEMFE para la inclusi\u00f3n de las personas con discapacidad en entornos laborales - Clm-Inclusiva<\/title>\n<meta name=\"robots\" content=\"index, follow, max-snippet:-1, max-image-preview:large, max-video-preview:-1\" \/>\n<link rel=\"canonical\" href=\"https:\/\/clm-inclusiva.org\/?p=5450\" \/>\n<meta property=\"og:locale\" content=\"es_ES\" \/>\n<meta property=\"og:type\" content=\"article\" \/>\n<meta property=\"og:title\" content=\"Castilla-La Mancha Inclusiva COCEMFE participa en una iniciativa nacional de COCEMFE para la inclusi\u00f3n de las personas con discapacidad en entornos laborales - Clm-Inclusiva\" \/>\n<meta property=\"og:description\" content=\"CLM INCLUSIVA COCEMFE forma parte de un proyecto centrado en conseguir la inclusi\u00f3n de la diversidad en entornos laborales a trav\u00e9s del apoyo a las empresas y el cumplimiento de la normativa sobre garant\u00eda de derechos, igualdad de oportunidades y no discriminaci\u00f3n de las personas con discapacidad Este proyecto beneficiar\u00e1 a m\u00e1s de 120 empresas [&hellip;]\" \/>\n<meta property=\"og:url\" content=\"https:\/\/clm-inclusiva.org\/?p=5450\" \/>\n<meta property=\"og:site_name\" content=\"Clm-Inclusiva\" \/>\n<meta property=\"article:publisher\" content=\"https:\/\/www.facebook.com\/castillalamancha.inclusiva\/\" \/>\n<meta property=\"article:published_time\" content=\"2025-04-09T09:38:41+00:00\" \/>\n<meta property=\"og:image\" content=\"http:\/\/clm-inclusiva.org\/wp-content\/uploads\/2025\/04\/FOTO-ALBACETE.jpg\" \/>\n\t<meta property=\"og:image:width\" content=\"576\" \/>\n\t<meta property=\"og:image:height\" content=\"730\" \/>\n\t<meta property=\"og:image:type\" content=\"image\/jpeg\" \/>\n<meta name=\"author\" content=\"clm-inclusiva\" \/>\n<meta name=\"twitter:card\" content=\"summary_large_image\" \/>\n<meta name=\"twitter:creator\" content=\"@ClmInclusiva\" \/>\n<meta name=\"twitter:site\" content=\"@ClmInclusiva\" \/>\n<meta name=\"twitter:label1\" content=\"Escrito por\" \/>\n\t<meta name=\"twitter:data1\" content=\"clm-inclusiva\" \/>\n\t<meta name=\"twitter:label2\" content=\"Tiempo de lectura\" \/>\n\t<meta name=\"twitter:data2\" content=\"3 minutos\" \/>\n<script type=\"application\/ld+json\" class=\"yoast-schema-graph\">{\"@context\":\"https:\/\/schema.org\",\"@graph\":[{\"@type\":\"Article\",\"@id\":\"https:\/\/clm-inclusiva.org\/?p=5450#article\",\"isPartOf\":{\"@id\":\"https:\/\/clm-inclusiva.org\/?p=5450\"},\"author\":{\"name\":\"clm-inclusiva\",\"@id\":\"https:\/\/clm-inclusiva.org\/#\/schema\/person\/0cff84aaa5bb8fd3521c55d1578d902b\"},\"headline\":\"Castilla-La Mancha Inclusiva COCEMFE participa en una iniciativa nacional de COCEMFE para la inclusi\u00f3n de las personas con discapacidad en entornos laborales\",\"datePublished\":\"2025-04-09T09:38:41+00:00\",\"dateModified\":\"2025-04-09T09:38:41+00:00\",\"mainEntityOfPage\":{\"@id\":\"https:\/\/clm-inclusiva.org\/?p=5450\"},\"wordCount\":577,\"commentCount\":0,\"publisher\":{\"@id\":\"https:\/\/clm-inclusiva.org\/#organization\"},\"articleSection\":[\"Albacete\",\"Castilla-La Mancha\",\"cocemfe\",\"Cuenca\",\"Empleo\",\"Empresas\",\"formaci\u00f3n\",\"fundaci\u00f3n once\"],\"inLanguage\":\"es\",\"potentialAction\":[{\"@type\":\"CommentAction\",\"name\":\"Comment\",\"target\":[\"https:\/\/clm-inclusiva.org\/?p=5450#respond\"]}]},{\"@type\":\"WebPage\",\"@id\":\"https:\/\/clm-inclusiva.org\/?p=5450\",\"url\":\"https:\/\/clm-inclusiva.org\/?p=5450\",\"name\":\"Castilla-La Mancha Inclusiva COCEMFE participa en una iniciativa nacional de COCEMFE para la inclusi\u00f3n de las personas con discapacidad en entornos laborales - Clm-Inclusiva\",\"isPartOf\":{\"@id\":\"https:\/\/clm-inclusiva.org\/#website\"},\"datePublished\":\"2025-04-09T09:38:41+00:00\",\"dateModified\":\"2025-04-09T09:38:41+00:00\",\"breadcrumb\":{\"@id\":\"https:\/\/clm-inclusiva.org\/?p=5450#breadcrumb\"},\"inLanguage\":\"es\",\"potentialAction\":[{\"@type\":\"ReadAction\",\"target\":[\"https:\/\/clm-inclusiva.org\/?p=5450\"]}]},{\"@type\":\"BreadcrumbList\",\"@id\":\"https:\/\/clm-inclusiva.org\/?p=5450#breadcrumb\",\"itemListElement\":[{\"@type\":\"ListItem\",\"position\":1,\"name\":\"Portada\",\"item\":\"https:\/\/clm-inclusiva.org\/\"},{\"@type\":\"ListItem\",\"position\":2,\"name\":\"Castilla-La Mancha Inclusiva COCEMFE participa en una iniciativa nacional de COCEMFE para la inclusi\u00f3n de las personas con discapacidad en entornos laborales\"}]},{\"@type\":\"WebSite\",\"@id\":\"https:\/\/clm-inclusiva.org\/#website\",\"url\":\"https:\/\/clm-inclusiva.org\/\",\"name\":\"Clm-Inclusiva\",\"description\":\"Confederaci\u00f3n de entidades de personas con discapacidad f\u00edsica y org\u00e1nica CLM\",\"publisher\":{\"@id\":\"https:\/\/clm-inclusiva.org\/#organization\"},\"potentialAction\":[{\"@type\":\"SearchAction\",\"target\":{\"@type\":\"EntryPoint\",\"urlTemplate\":\"https:\/\/clm-inclusiva.org\/?s={search_term_string}\"},\"query-input\":\"required name=search_term_string\"}],\"inLanguage\":\"es\"},{\"@type\":\"Organization\",\"@id\":\"https:\/\/clm-inclusiva.org\/#organization\",\"name\":\"Clm-Inclusiva\",\"url\":\"https:\/\/clm-inclusiva.org\/\",\"logo\":{\"@type\":\"ImageObject\",\"inLanguage\":\"es\",\"@id\":\"https:\/\/clm-inclusiva.org\/#\/schema\/logo\/image\/\",\"url\":\"http:\/\/clm-inclusiva.org\/wp-content\/uploads\/2019\/04\/banner-e1533720812836.jpg\",\"contentUrl\":\"http:\/\/clm-inclusiva.org\/wp-content\/uploads\/2019\/04\/banner-e1533720812836.jpg\",\"width\":600,\"height\":332,\"caption\":\"Clm-Inclusiva\"},\"image\":{\"@id\":\"https:\/\/clm-inclusiva.org\/#\/schema\/logo\/image\/\"},\"sameAs\":[\"https:\/\/www.facebook.com\/castillalamancha.inclusiva\/\",\"https:\/\/twitter.com\/ClmInclusiva\"]},{\"@type\":\"Person\",\"@id\":\"https:\/\/clm-inclusiva.org\/#\/schema\/person\/0cff84aaa5bb8fd3521c55d1578d902b\",\"name\":\"clm-inclusiva\",\"image\":{\"@type\":\"ImageObject\",\"inLanguage\":\"es\",\"@id\":\"https:\/\/clm-inclusiva.org\/#\/schema\/person\/image\/\",\"url\":\"https:\/\/secure.gravatar.com\/avatar\/88948567af770dc9cd5597b329011884?s=96&d=blank&r=g\",\"contentUrl\":\"https:\/\/secure.gravatar.com\/avatar\/88948567af770dc9cd5597b329011884?s=96&d=blank&r=g\",\"caption\":\"clm-inclusiva\"},\"sameAs\":[\"http:\/\/clm-inclusiva.org\"],\"url\":\"https:\/\/clm-inclusiva.org\/?author=1\"}]}<\/script>\n<!-- \/ Yoast SEO plugin. -->","yoast_head_json":{"title":"Castilla-La Mancha Inclusiva COCEMFE participa en una iniciativa nacional de COCEMFE para la inclusi\u00f3n de las personas con discapacidad en entornos laborales - Clm-Inclusiva","robots":{"index":"index","follow":"follow","max-snippet":"max-snippet:-1","max-image-preview":"max-image-preview:large","max-video-preview":"max-video-preview:-1"},"canonical":"https:\/\/clm-inclusiva.org\/?p=5450","og_locale":"es_ES","og_type":"article","og_title":"Castilla-La Mancha Inclusiva COCEMFE participa en una iniciativa nacional de COCEMFE para la inclusi\u00f3n de las personas con discapacidad en entornos laborales - Clm-Inclusiva","og_description":"CLM INCLUSIVA COCEMFE forma parte de un proyecto centrado en conseguir la inclusi\u00f3n de la diversidad en entornos laborales a trav\u00e9s del apoyo a las empresas y el cumplimiento de la normativa sobre garant\u00eda de derechos, igualdad de oportunidades y no discriminaci\u00f3n de las personas con discapacidad Este proyecto beneficiar\u00e1 a m\u00e1s de 120 empresas [&hellip;]","og_url":"https:\/\/clm-inclusiva.org\/?p=5450","og_site_name":"Clm-Inclusiva","article_publisher":"https:\/\/www.facebook.com\/castillalamancha.inclusiva\/","article_published_time":"2025-04-09T09:38:41+00:00","og_image":[{"width":576,"height":730,"url":"http:\/\/clm-inclusiva.org\/wp-content\/uploads\/2025\/04\/FOTO-ALBACETE.jpg","type":"image\/jpeg"}],"author":"clm-inclusiva","twitter_card":"summary_large_image","twitter_creator":"@ClmInclusiva","twitter_site":"@ClmInclusiva","twitter_misc":{"Escrito por":"clm-inclusiva","Tiempo de lectura":"3 minutos"},"schema":{"@context":"https:\/\/schema.org","@graph":[{"@type":"Article","@id":"https:\/\/clm-inclusiva.org\/?p=5450#article","isPartOf":{"@id":"https:\/\/clm-inclusiva.org\/?p=5450"},"author":{"name":"clm-inclusiva","@id":"https:\/\/clm-inclusiva.org\/#\/schema\/person\/0cff84aaa5bb8fd3521c55d1578d902b"},"headline":"Castilla-La Mancha Inclusiva COCEMFE participa en una iniciativa nacional de COCEMFE para la inclusi\u00f3n de las personas con discapacidad en entornos laborales","datePublished":"2025-04-09T09:38:41+00:00","dateModified":"2025-04-09T09:38:41+00:00","mainEntityOfPage":{"@id":"https:\/\/clm-inclusiva.org\/?p=5450"},"wordCount":577,"commentCount":0,"publisher":{"@id":"https:\/\/clm-inclusiva.org\/#organization"},"articleSection":["Albacete","Castilla-La Mancha","cocemfe","Cuenca","Empleo","Empresas","formaci\u00f3n","fundaci\u00f3n once"],"inLanguage":"es","potentialAction":[{"@type":"CommentAction","name":"Comment","target":["https:\/\/clm-inclusiva.org\/?p=5450#respond"]}]},{"@type":"WebPage","@id":"https:\/\/clm-inclusiva.org\/?p=5450","url":"https:\/\/clm-inclusiva.org\/?p=5450","name":"Castilla-La Mancha Inclusiva COCEMFE participa en una iniciativa nacional de COCEMFE para la inclusi\u00f3n de las personas con discapacidad en entornos laborales - Clm-Inclusiva","isPartOf":{"@id":"https:\/\/clm-inclusiva.org\/#website"},"datePublished":"2025-04-09T09:38:41+00:00","dateModified":"2025-04-09T09:38:41+00:00","breadcrumb":{"@id":"https:\/\/clm-inclusiva.org\/?p=5450#breadcrumb"},"inLanguage":"es","potentialAction":[{"@type":"ReadAction","target":["https:\/\/clm-inclusiva.org\/?p=5450"]}]},{"@type":"BreadcrumbList","@id":"https:\/\/clm-inclusiva.org\/?p=5450#breadcrumb","itemListElement":[{"@type":"ListItem","position":1,"name":"Portada","item":"https:\/\/clm-inclusiva.org\/"},{"@type":"ListItem","position":2,"name":"Castilla-La Mancha Inclusiva COCEMFE participa en una iniciativa nacional de COCEMFE para la inclusi\u00f3n de las personas con discapacidad en entornos laborales"}]},{"@type":"WebSite","@id":"https:\/\/clm-inclusiva.org\/#website","url":"https:\/\/clm-inclusiva.org\/","name":"Clm-Inclusiva","description":"Confederaci\u00f3n de entidades de personas con discapacidad f\u00edsica y org\u00e1nica CLM","publisher":{"@id":"https:\/\/clm-inclusiva.org\/#organization"},"potentialAction":[{"@type":"SearchAction","target":{"@type":"EntryPoint","urlTemplate":"https:\/\/clm-inclusiva.org\/?s={search_term_string}"},"query-input":"required name=search_term_string"}],"inLanguage":"es"},{"@type":"Organization","@id":"https:\/\/clm-inclusiva.org\/#organization","name":"Clm-Inclusiva","url":"https:\/\/clm-inclusiva.org\/","logo":{"@type":"ImageObject","inLanguage":"es","@id":"https:\/\/clm-inclusiva.org\/#\/schema\/logo\/image\/","url":"http:\/\/clm-inclusiva.org\/wp-content\/uploads\/2019\/04\/banner-e1533720812836.jpg","contentUrl":"http:\/\/clm-inclusiva.org\/wp-content\/uploads\/2019\/04\/banner-e1533720812836.jpg","width":600,"height":332,"caption":"Clm-Inclusiva"},"image":{"@id":"https:\/\/clm-inclusiva.org\/#\/schema\/logo\/image\/"},"sameAs":["https:\/\/www.facebook.com\/castillalamancha.inclusiva\/","https:\/\/twitter.com\/ClmInclusiva"]},{"@type":"Person","@id":"https:\/\/clm-inclusiva.org\/#\/schema\/person\/0cff84aaa5bb8fd3521c55d1578d902b","name":"clm-inclusiva","image":{"@type":"ImageObject","inLanguage":"es","@id":"https:\/\/clm-inclusiva.org\/#\/schema\/person\/image\/","url":"https:\/\/secure.gravatar.com\/avatar\/88948567af770dc9cd5597b329011884?s=96&d=blank&r=g","contentUrl":"https:\/\/secure.gravatar.com\/avatar\/88948567af770dc9cd5597b329011884?s=96&d=blank&r=g","caption":"clm-inclusiva"},"sameAs":["http:\/\/clm-inclusiva.org"],"url":"https:\/\/clm-inclusiva.org\/?author=1"}]}},"_links":{"self":[{"href":"https:\/\/clm-inclusiva.org\/index.php?rest_route=\/wp\/v2\/posts\/5450"}],"collection":[{"href":"https:\/\/clm-inclusiva.org\/index.php?rest_route=\/wp\/v2\/posts"}],"about":[{"href":"https:\/\/clm-inclusiva.org\/index.php?rest_route=\/wp\/v2\/types\/post"}],"author":[{"embeddable":true,"href":"https:\/\/clm-inclusiva.org\/index.php?rest_route=\/wp\/v2\/users\/1"}],"replies":[{"embeddable":true,"href":"https:\/\/clm-inclusiva.org\/index.php?rest_route=%2Fwp%2Fv2%2Fcomments&post=5450"}],"version-history":[{"count":2,"href":"https:\/\/clm-inclusiva.org\/index.php?rest_route=\/wp\/v2\/posts\/5450\/revisions"}],"predecessor-version":[{"id":5454,"href":"https:\/\/clm-inclusiva.org\/index.php?rest_route=\/wp\/v2\/posts\/5450\/revisions\/5454"}],"wp:featuredmedia":[{"embeddable":true,"href":"https:\/\/clm-inclusiva.org\/index.php?rest_route=\/wp\/v2\/media\/5452"}],"wp:attachment":[{"href":"https:\/\/clm-inclusiva.org\/index.php?rest_route=%2Fwp%2Fv2%2Fmedia&parent=5450"}],"wp:term":[{"taxonomy":"category","embeddable":true,"href":"https:\/\/clm-inclusiva.org\/index.php?rest_route=%2Fwp%2Fv2%2Fcategories&post=5450"},{"taxonomy":"post_tag","embeddable":true,"href":"https:\/\/clm-inclusiva.org\/index.php?rest_route=%2Fwp%2Fv2%2Ftags&post=5450"}],"curies":[{"name":"wp","href":"https:\/\/api.w.org\/{rel}","templated":true}]}}