{"id":5397,"date":"2025-04-03T10:44:09","date_gmt":"2025-04-03T08:44:09","guid":{"rendered":"https:\/\/clm-inclusiva.org\/?p=5397"},"modified":"2025-04-03T10:44:09","modified_gmt":"2025-04-03T08:44:09","slug":"castilla-la-mancha-inclusiva-inicia-nueva-formacion-en-tarancon-tras-incorporar-en-los-ultimos-dos-anos-21-contratos-para-personas-con-discapacidad-en-el-mercado-laboral","status":"publish","type":"post","link":"https:\/\/clm-inclusiva.org\/?p=5397","title":{"rendered":"Castilla-la Mancha Inclusiva inicia nueva formaci\u00f3n en Taranc\u00f3n tras incorporar en los \u00faltimos dos a\u00f1os 21 contratos para personas con discapacidad en el mercado laboral"},"content":{"rendered":"<ul>\n<li>\n<h3>Fundaci\u00f3n ONCE y Castilla-La Mancha Inclusiva formar\u00e1n a 5 personas con discapacidad psicosocial en la especialidad de Auxiliar Administrativo y Ofim\u00e1tica B\u00e1sica en Taranc\u00f3n.<\/h3>\n<\/li>\n<li>\n<h3>La acci\u00f3n formativa es parte de la operaci\u00f3n Uno a Uno \u201cConecta con tu futuro Taranc\u00f3n\u201d financiada por Once y la\u00a0Uni\u00f3n\u00a0Europea.<\/h3>\n<\/li>\n<\/ul>\n<p>Arranca la operaci\u00f3n \u201cConecta con tu futuro: Taranc\u00f3n\u201d, una iniciativa dise\u00f1ada especialmente para personas con discapacidad psicosocial igual o superior al 33% que se encuentran en situaci\u00f3n de desempleo. Esta formaci\u00f3n, que cuenta con una duraci\u00f3n de 350 horas, est\u00e1 enfocada en dos \u00e1reas clave para el desarrollo profesional: <strong>Auxiliar Administrativo y<\/strong> <strong>Ofim\u00e1tica B\u00e1sica<\/strong>.<\/p>\n<p>La <strong>acci\u00f3n formativa \u201cAuxiliar administrativo y ofim\u00e1tica b\u00e1sica\u201d<\/strong> tiene una duraci\u00f3n de <strong>180 horas<\/strong>, distribuidas en dos m\u00f3dulos. El primer m\u00f3dulo, con <strong>90 horas<\/strong>, cubre las <strong>Tareas B\u00e1sicas de Oficina<\/strong>, como la Introducci\u00f3n a las TIC, Gesti\u00f3n de Documentos, Comunicaci\u00f3n, Atenci\u00f3n al Cliente y P\u00fablico. El segundo m\u00f3dulo, tambi\u00e9n de <strong>90 horas<\/strong>, est\u00e1 dedicado al <strong>uso de herramientas ofim\u00e1ticas<\/strong> esenciales, como programas de procesamiento de textos, hojas de c\u00e1lculo y presentaciones.<\/p>\n<p>Adem\u00e1s, los participantes tienen <strong>65 horas de sesiones grupales<\/strong>, dise\u00f1adas para potenciar el empoderamiento personal, la autonom\u00eda, la autoestima y las habilidades sociales y laborales, promoviendo la mejora en la comunicaci\u00f3n y el trabajo en equipo. Tambi\u00e9n se llevar\u00e1n a cabo acciones de acercamiento a recursos educativos, laborales y de ocio.<\/p>\n<p>A estas se suman <strong>105 horas de trabajo individual<\/strong>, a trav\u00e9s de <strong>tutor\u00edas y entrevistas personalizadas<\/strong>, que acompa\u00f1ar\u00e1n a cada participante a lo largo del proceso formativo.<\/p>\n<p>Este curso est\u00e1 destinado <strong>a 5 personas<\/strong>: 4 chicos y 1 chica, todos ellos con discapacidad psicosocial. A trav\u00e9s de esta formaci\u00f3n, se busca mejorar su empleabilidad, d\u00e1ndoles acceso a nuevas oportunidades laborales en un entorno inclusivo y accesible.<\/p>\n<p>La iniciativa <strong>&#8220;Conecta con tu futuro: Taranc\u00f3n&#8221;<\/strong> representa una importante oportunidad para que los participantes desarrollen nuevas competencias y mejoren su acceso al mercado laboral, promoviendo su autonom\u00eda y participaci\u00f3n activa en la sociedad.<\/p>\n<p><strong><u>Impulsamos la inserci\u00f3n laboral<\/u><\/strong><\/p>\n<p><strong>Carlos Mora, coordinador regional<\/strong> ha se\u00f1alado que \u201ceste proyecto se enmarca en una experiencia previa desarrollada en Taranc\u00f3n, donde en el periodo <strong>2021-2022<\/strong>, se llev\u00f3 a cabo el <strong>proyecto Agencia de Colocaci\u00f3n Emplea-T<\/strong>. Gracias a este, se implement\u00f3 el servicio de intermediaci\u00f3n laboral y la realizaci\u00f3n de talleres para mejorar las competencias t\u00e9cnicas y transversales de los desempleados con discapacidad. En 2024, este trabajo se ampli\u00f3 y se consolid\u00f3 con la colaboraci\u00f3n de instituciones y empresas locales, logrando <strong>21 inserciones laborales<\/strong> en el sector de los servicios\u201d.<\/p>\n<p>A lo largo de 2024, <strong>CLM Inclusiva COCEMFE<\/strong> ha organizado <strong>11 acciones de formaci\u00f3n<\/strong> que han permitido capacitar a <strong>122 personas<\/strong> y <strong>30 talleres de mejora de competencias transversales<\/strong>, beneficiando a <strong>225 personas<\/strong> en su camino hacia la empleabilidad. Este esfuerzo se ha realizado con el apoyo de <strong>15 empresas colaboradoras<\/strong>.<\/p>\n<p>En respuesta a la creciente demanda de atenci\u00f3n a personas con discapacidad psicosocial, <strong>CLM Inclusiva COCEMFE<\/strong> ha decidido ampliar su labor en 2024 con el respaldo de <strong>Fundaci\u00f3n Once<\/strong>, que ha confiado en la entidad para llevar a cabo este nuevo proyecto formativo en Taranc\u00f3n.<\/p>\n<p>Para el a\u00f1o <strong>2025<\/strong>, <strong>CLM Inclusiva COCEMFE<\/strong> ha iniciado tres nuevas acciones formativas dirigidas a personas con discapacidad, dos de ellas en Cuenca. En Taranc\u00f3n, esta acci\u00f3n marca el inicio de un a\u00f1o de intensificaci\u00f3n de los esfuerzos para reforzar las intervenciones en materia de empleo y formaci\u00f3n, as\u00ed como para consolidar y ampliar las alianzas interinstitucionales y con empresas, con el fin de mejorar la inclusi\u00f3n social y laboral de las personas con discapacidad.<\/p>\n<p>Con esta nueva formaci\u00f3n, la entidad regional ampl\u00eda el n\u00famero de participantes en su estrategia de formaci\u00f3n y sigue reforzando su compromiso con la inclusi\u00f3n laboral, el desarrollo de competencias y la mejora de la calidad de vida de las personas con discapacidad psicosocial.<\/p>\n<p>Convocatoria de Ayudas Econ\u00f3micas para la selecci\u00f3n de Operaciones para el Refuerzo de la Empleabilidad para Personas con Discapacidad \u201cPsicosocial\u201d \u2013 a\u00f1o 2024-2025 Programa Estatal FSE+ de Inclusi\u00f3n Social, Garant\u00eda Infantil y Lucha Contra la Pobreza 2021-2027.<\/p>\n","protected":false},"excerpt":{"rendered":"<p>Fundaci\u00f3n ONCE y Castilla-La Mancha Inclusiva formar\u00e1n a 5 personas con discapacidad psicosocial en la especialidad de Auxiliar Administrativo y Ofim\u00e1tica B\u00e1sica en Taranc\u00f3n. La acci\u00f3n formativa es parte de la operaci\u00f3n Uno a Uno \u201cConecta con tu futuro Taranc\u00f3n\u201d financiada por Once y la\u00a0Uni\u00f3n\u00a0Europea. Arranca la operaci\u00f3n \u201cConecta con tu futuro: Taranc\u00f3n\u201d, una iniciativa [&hellip;]<\/p>\n","protected":false},"author":1,"featured_media":5398,"comment_status":"open","ping_status":"open","sticky":false,"template":"","format":"standard","meta":{"_et_pb_use_builder":"","_et_pb_old_content":"","_et_gb_content_width":"","footnotes":""},"categories":[2,119,50,5,6,97,64],"tags":[],"yoast_head":"<!-- This site is optimized with the Yoast SEO plugin v21.3 - https:\/\/yoast.com\/wordpress\/plugins\/seo\/ -->\n<title>Castilla-la Mancha Inclusiva inicia nueva formaci\u00f3n en Taranc\u00f3n tras incorporar en los \u00faltimos dos a\u00f1os 21 contratos para personas con discapacidad en el mercado laboral - Clm-Inclusiva<\/title>\n<meta name=\"robots\" content=\"index, follow, max-snippet:-1, max-image-preview:large, max-video-preview:-1\" \/>\n<link rel=\"canonical\" href=\"https:\/\/clm-inclusiva.org\/?p=5397\" \/>\n<meta property=\"og:locale\" content=\"es_ES\" \/>\n<meta property=\"og:type\" content=\"article\" \/>\n<meta property=\"og:title\" content=\"Castilla-la Mancha Inclusiva inicia nueva formaci\u00f3n en Taranc\u00f3n tras incorporar en los \u00faltimos dos a\u00f1os 21 contratos para personas con discapacidad en el mercado laboral - Clm-Inclusiva\" \/>\n<meta property=\"og:description\" content=\"Fundaci\u00f3n ONCE y Castilla-La Mancha Inclusiva formar\u00e1n a 5 personas con discapacidad psicosocial en la especialidad de Auxiliar Administrativo y Ofim\u00e1tica B\u00e1sica en Taranc\u00f3n. La acci\u00f3n formativa es parte de la operaci\u00f3n Uno a Uno \u201cConecta con tu futuro Taranc\u00f3n\u201d financiada por Once y la\u00a0Uni\u00f3n\u00a0Europea. Arranca la operaci\u00f3n \u201cConecta con tu futuro: Taranc\u00f3n\u201d, una iniciativa [&hellip;]\" \/>\n<meta property=\"og:url\" content=\"https:\/\/clm-inclusiva.org\/?p=5397\" \/>\n<meta property=\"og:site_name\" content=\"Clm-Inclusiva\" \/>\n<meta property=\"article:publisher\" content=\"https:\/\/www.facebook.com\/castillalamancha.inclusiva\/\" \/>\n<meta property=\"article:published_time\" content=\"2025-04-03T08:44:09+00:00\" \/>\n<meta property=\"og:image\" content=\"http:\/\/clm-inclusiva.org\/wp-content\/uploads\/2025\/04\/FOTO.jpg\" \/>\n\t<meta property=\"og:image:width\" content=\"1368\" \/>\n\t<meta property=\"og:image:height\" content=\"737\" \/>\n\t<meta property=\"og:image:type\" content=\"image\/jpeg\" \/>\n<meta name=\"author\" content=\"clm-inclusiva\" \/>\n<meta name=\"twitter:card\" content=\"summary_large_image\" \/>\n<meta name=\"twitter:creator\" content=\"@ClmInclusiva\" \/>\n<meta name=\"twitter:site\" content=\"@ClmInclusiva\" \/>\n<meta name=\"twitter:label1\" content=\"Escrito por\" \/>\n\t<meta name=\"twitter:data1\" content=\"clm-inclusiva\" \/>\n\t<meta name=\"twitter:label2\" content=\"Tiempo de lectura\" \/>\n\t<meta name=\"twitter:data2\" content=\"4 minutos\" \/>\n<script type=\"application\/ld+json\" class=\"yoast-schema-graph\">{\"@context\":\"https:\/\/schema.org\",\"@graph\":[{\"@type\":\"Article\",\"@id\":\"https:\/\/clm-inclusiva.org\/?p=5397#article\",\"isPartOf\":{\"@id\":\"https:\/\/clm-inclusiva.org\/?p=5397\"},\"author\":{\"name\":\"clm-inclusiva\",\"@id\":\"https:\/\/clm-inclusiva.org\/#\/schema\/person\/0cff84aaa5bb8fd3521c55d1578d902b\"},\"headline\":\"Castilla-la Mancha Inclusiva inicia nueva formaci\u00f3n en Taranc\u00f3n tras incorporar en los \u00faltimos dos a\u00f1os 21 contratos para personas con discapacidad en el mercado laboral\",\"datePublished\":\"2025-04-03T08:44:09+00:00\",\"dateModified\":\"2025-04-03T08:44:09+00:00\",\"mainEntityOfPage\":{\"@id\":\"https:\/\/clm-inclusiva.org\/?p=5397\"},\"wordCount\":749,\"commentCount\":0,\"publisher\":{\"@id\":\"https:\/\/clm-inclusiva.org\/#organization\"},\"articleSection\":[\"Accesibilidad\",\"Castilla-La Mancha\",\"Cuenca\",\"Discapacidad\",\"Empleo\",\"formaci\u00f3n\",\"fundaci\u00f3n once\"],\"inLanguage\":\"es\",\"potentialAction\":[{\"@type\":\"CommentAction\",\"name\":\"Comment\",\"target\":[\"https:\/\/clm-inclusiva.org\/?p=5397#respond\"]}]},{\"@type\":\"WebPage\",\"@id\":\"https:\/\/clm-inclusiva.org\/?p=5397\",\"url\":\"https:\/\/clm-inclusiva.org\/?p=5397\",\"name\":\"Castilla-la Mancha Inclusiva inicia nueva formaci\u00f3n en Taranc\u00f3n tras incorporar en los \u00faltimos dos a\u00f1os 21 contratos para personas con discapacidad en el mercado laboral - Clm-Inclusiva\",\"isPartOf\":{\"@id\":\"https:\/\/clm-inclusiva.org\/#website\"},\"datePublished\":\"2025-04-03T08:44:09+00:00\",\"dateModified\":\"2025-04-03T08:44:09+00:00\",\"breadcrumb\":{\"@id\":\"https:\/\/clm-inclusiva.org\/?p=5397#breadcrumb\"},\"inLanguage\":\"es\",\"potentialAction\":[{\"@type\":\"ReadAction\",\"target\":[\"https:\/\/clm-inclusiva.org\/?p=5397\"]}]},{\"@type\":\"BreadcrumbList\",\"@id\":\"https:\/\/clm-inclusiva.org\/?p=5397#breadcrumb\",\"itemListElement\":[{\"@type\":\"ListItem\",\"position\":1,\"name\":\"Portada\",\"item\":\"https:\/\/clm-inclusiva.org\/\"},{\"@type\":\"ListItem\",\"position\":2,\"name\":\"Castilla-la Mancha Inclusiva inicia nueva formaci\u00f3n en Taranc\u00f3n tras incorporar en los \u00faltimos dos a\u00f1os 21 contratos para personas con discapacidad en el mercado laboral\"}]},{\"@type\":\"WebSite\",\"@id\":\"https:\/\/clm-inclusiva.org\/#website\",\"url\":\"https:\/\/clm-inclusiva.org\/\",\"name\":\"Clm-Inclusiva\",\"description\":\"Confederaci\u00f3n de entidades de personas con discapacidad f\u00edsica y org\u00e1nica CLM\",\"publisher\":{\"@id\":\"https:\/\/clm-inclusiva.org\/#organization\"},\"potentialAction\":[{\"@type\":\"SearchAction\",\"target\":{\"@type\":\"EntryPoint\",\"urlTemplate\":\"https:\/\/clm-inclusiva.org\/?s={search_term_string}\"},\"query-input\":\"required name=search_term_string\"}],\"inLanguage\":\"es\"},{\"@type\":\"Organization\",\"@id\":\"https:\/\/clm-inclusiva.org\/#organization\",\"name\":\"Clm-Inclusiva\",\"url\":\"https:\/\/clm-inclusiva.org\/\",\"logo\":{\"@type\":\"ImageObject\",\"inLanguage\":\"es\",\"@id\":\"https:\/\/clm-inclusiva.org\/#\/schema\/logo\/image\/\",\"url\":\"http:\/\/clm-inclusiva.org\/wp-content\/uploads\/2019\/04\/banner-e1533720812836.jpg\",\"contentUrl\":\"http:\/\/clm-inclusiva.org\/wp-content\/uploads\/2019\/04\/banner-e1533720812836.jpg\",\"width\":600,\"height\":332,\"caption\":\"Clm-Inclusiva\"},\"image\":{\"@id\":\"https:\/\/clm-inclusiva.org\/#\/schema\/logo\/image\/\"},\"sameAs\":[\"https:\/\/www.facebook.com\/castillalamancha.inclusiva\/\",\"https:\/\/twitter.com\/ClmInclusiva\"]},{\"@type\":\"Person\",\"@id\":\"https:\/\/clm-inclusiva.org\/#\/schema\/person\/0cff84aaa5bb8fd3521c55d1578d902b\",\"name\":\"clm-inclusiva\",\"image\":{\"@type\":\"ImageObject\",\"inLanguage\":\"es\",\"@id\":\"https:\/\/clm-inclusiva.org\/#\/schema\/person\/image\/\",\"url\":\"https:\/\/secure.gravatar.com\/avatar\/88948567af770dc9cd5597b329011884?s=96&d=blank&r=g\",\"contentUrl\":\"https:\/\/secure.gravatar.com\/avatar\/88948567af770dc9cd5597b329011884?s=96&d=blank&r=g\",\"caption\":\"clm-inclusiva\"},\"sameAs\":[\"http:\/\/clm-inclusiva.org\"],\"url\":\"https:\/\/clm-inclusiva.org\/?author=1\"}]}<\/script>\n<!-- \/ Yoast SEO plugin. -->","yoast_head_json":{"title":"Castilla-la Mancha Inclusiva inicia nueva formaci\u00f3n en Taranc\u00f3n tras incorporar en los \u00faltimos dos a\u00f1os 21 contratos para personas con discapacidad en el mercado laboral - Clm-Inclusiva","robots":{"index":"index","follow":"follow","max-snippet":"max-snippet:-1","max-image-preview":"max-image-preview:large","max-video-preview":"max-video-preview:-1"},"canonical":"https:\/\/clm-inclusiva.org\/?p=5397","og_locale":"es_ES","og_type":"article","og_title":"Castilla-la Mancha Inclusiva inicia nueva formaci\u00f3n en Taranc\u00f3n tras incorporar en los \u00faltimos dos a\u00f1os 21 contratos para personas con discapacidad en el mercado laboral - Clm-Inclusiva","og_description":"Fundaci\u00f3n ONCE y Castilla-La Mancha Inclusiva formar\u00e1n a 5 personas con discapacidad psicosocial en la especialidad de Auxiliar Administrativo y Ofim\u00e1tica B\u00e1sica en Taranc\u00f3n. La acci\u00f3n formativa es parte de la operaci\u00f3n Uno a Uno \u201cConecta con tu futuro Taranc\u00f3n\u201d financiada por Once y la\u00a0Uni\u00f3n\u00a0Europea. Arranca la operaci\u00f3n \u201cConecta con tu futuro: Taranc\u00f3n\u201d, una iniciativa [&hellip;]","og_url":"https:\/\/clm-inclusiva.org\/?p=5397","og_site_name":"Clm-Inclusiva","article_publisher":"https:\/\/www.facebook.com\/castillalamancha.inclusiva\/","article_published_time":"2025-04-03T08:44:09+00:00","og_image":[{"width":1368,"height":737,"url":"http:\/\/clm-inclusiva.org\/wp-content\/uploads\/2025\/04\/FOTO.jpg","type":"image\/jpeg"}],"author":"clm-inclusiva","twitter_card":"summary_large_image","twitter_creator":"@ClmInclusiva","twitter_site":"@ClmInclusiva","twitter_misc":{"Escrito por":"clm-inclusiva","Tiempo de lectura":"4 minutos"},"schema":{"@context":"https:\/\/schema.org","@graph":[{"@type":"Article","@id":"https:\/\/clm-inclusiva.org\/?p=5397#article","isPartOf":{"@id":"https:\/\/clm-inclusiva.org\/?p=5397"},"author":{"name":"clm-inclusiva","@id":"https:\/\/clm-inclusiva.org\/#\/schema\/person\/0cff84aaa5bb8fd3521c55d1578d902b"},"headline":"Castilla-la Mancha Inclusiva inicia nueva formaci\u00f3n en Taranc\u00f3n tras incorporar en los \u00faltimos dos a\u00f1os 21 contratos para personas con discapacidad en el mercado laboral","datePublished":"2025-04-03T08:44:09+00:00","dateModified":"2025-04-03T08:44:09+00:00","mainEntityOfPage":{"@id":"https:\/\/clm-inclusiva.org\/?p=5397"},"wordCount":749,"commentCount":0,"publisher":{"@id":"https:\/\/clm-inclusiva.org\/#organization"},"articleSection":["Accesibilidad","Castilla-La Mancha","Cuenca","Discapacidad","Empleo","formaci\u00f3n","fundaci\u00f3n once"],"inLanguage":"es","potentialAction":[{"@type":"CommentAction","name":"Comment","target":["https:\/\/clm-inclusiva.org\/?p=5397#respond"]}]},{"@type":"WebPage","@id":"https:\/\/clm-inclusiva.org\/?p=5397","url":"https:\/\/clm-inclusiva.org\/?p=5397","name":"Castilla-la Mancha Inclusiva inicia nueva formaci\u00f3n en Taranc\u00f3n tras incorporar en los \u00faltimos dos a\u00f1os 21 contratos para personas con discapacidad en el mercado laboral - Clm-Inclusiva","isPartOf":{"@id":"https:\/\/clm-inclusiva.org\/#website"},"datePublished":"2025-04-03T08:44:09+00:00","dateModified":"2025-04-03T08:44:09+00:00","breadcrumb":{"@id":"https:\/\/clm-inclusiva.org\/?p=5397#breadcrumb"},"inLanguage":"es","potentialAction":[{"@type":"ReadAction","target":["https:\/\/clm-inclusiva.org\/?p=5397"]}]},{"@type":"BreadcrumbList","@id":"https:\/\/clm-inclusiva.org\/?p=5397#breadcrumb","itemListElement":[{"@type":"ListItem","position":1,"name":"Portada","item":"https:\/\/clm-inclusiva.org\/"},{"@type":"ListItem","position":2,"name":"Castilla-la Mancha Inclusiva inicia nueva formaci\u00f3n en Taranc\u00f3n tras incorporar en los \u00faltimos dos a\u00f1os 21 contratos para personas con discapacidad en el mercado laboral"}]},{"@type":"WebSite","@id":"https:\/\/clm-inclusiva.org\/#website","url":"https:\/\/clm-inclusiva.org\/","name":"Clm-Inclusiva","description":"Confederaci\u00f3n de entidades de personas con discapacidad f\u00edsica y org\u00e1nica CLM","publisher":{"@id":"https:\/\/clm-inclusiva.org\/#organization"},"potentialAction":[{"@type":"SearchAction","target":{"@type":"EntryPoint","urlTemplate":"https:\/\/clm-inclusiva.org\/?s={search_term_string}"},"query-input":"required name=search_term_string"}],"inLanguage":"es"},{"@type":"Organization","@id":"https:\/\/clm-inclusiva.org\/#organization","name":"Clm-Inclusiva","url":"https:\/\/clm-inclusiva.org\/","logo":{"@type":"ImageObject","inLanguage":"es","@id":"https:\/\/clm-inclusiva.org\/#\/schema\/logo\/image\/","url":"http:\/\/clm-inclusiva.org\/wp-content\/uploads\/2019\/04\/banner-e1533720812836.jpg","contentUrl":"http:\/\/clm-inclusiva.org\/wp-content\/uploads\/2019\/04\/banner-e1533720812836.jpg","width":600,"height":332,"caption":"Clm-Inclusiva"},"image":{"@id":"https:\/\/clm-inclusiva.org\/#\/schema\/logo\/image\/"},"sameAs":["https:\/\/www.facebook.com\/castillalamancha.inclusiva\/","https:\/\/twitter.com\/ClmInclusiva"]},{"@type":"Person","@id":"https:\/\/clm-inclusiva.org\/#\/schema\/person\/0cff84aaa5bb8fd3521c55d1578d902b","name":"clm-inclusiva","image":{"@type":"ImageObject","inLanguage":"es","@id":"https:\/\/clm-inclusiva.org\/#\/schema\/person\/image\/","url":"https:\/\/secure.gravatar.com\/avatar\/88948567af770dc9cd5597b329011884?s=96&d=blank&r=g","contentUrl":"https:\/\/secure.gravatar.com\/avatar\/88948567af770dc9cd5597b329011884?s=96&d=blank&r=g","caption":"clm-inclusiva"},"sameAs":["http:\/\/clm-inclusiva.org"],"url":"https:\/\/clm-inclusiva.org\/?author=1"}]}},"_links":{"self":[{"href":"https:\/\/clm-inclusiva.org\/index.php?rest_route=\/wp\/v2\/posts\/5397"}],"collection":[{"href":"https:\/\/clm-inclusiva.org\/index.php?rest_route=\/wp\/v2\/posts"}],"about":[{"href":"https:\/\/clm-inclusiva.org\/index.php?rest_route=\/wp\/v2\/types\/post"}],"author":[{"embeddable":true,"href":"https:\/\/clm-inclusiva.org\/index.php?rest_route=\/wp\/v2\/users\/1"}],"replies":[{"embeddable":true,"href":"https:\/\/clm-inclusiva.org\/index.php?rest_route=%2Fwp%2Fv2%2Fcomments&post=5397"}],"version-history":[{"count":1,"href":"https:\/\/clm-inclusiva.org\/index.php?rest_route=\/wp\/v2\/posts\/5397\/revisions"}],"predecessor-version":[{"id":5399,"href":"https:\/\/clm-inclusiva.org\/index.php?rest_route=\/wp\/v2\/posts\/5397\/revisions\/5399"}],"wp:featuredmedia":[{"embeddable":true,"href":"https:\/\/clm-inclusiva.org\/index.php?rest_route=\/wp\/v2\/media\/5398"}],"wp:attachment":[{"href":"https:\/\/clm-inclusiva.org\/index.php?rest_route=%2Fwp%2Fv2%2Fmedia&parent=5397"}],"wp:term":[{"taxonomy":"category","embeddable":true,"href":"https:\/\/clm-inclusiva.org\/index.php?rest_route=%2Fwp%2Fv2%2Fcategories&post=5397"},{"taxonomy":"post_tag","embeddable":true,"href":"https:\/\/clm-inclusiva.org\/index.php?rest_route=%2Fwp%2Fv2%2Ftags&post=5397"}],"curies":[{"name":"wp","href":"https:\/\/api.w.org\/{rel}","templated":true}]}}