{"id":5390,"date":"2025-03-20T12:29:05","date_gmt":"2025-03-20T10:29:05","guid":{"rendered":"https:\/\/clm-inclusiva.org\/?p=5390"},"modified":"2025-03-20T12:29:05","modified_gmt":"2025-03-20T10:29:05","slug":"oportunidades-de-formacion-en-telemarketing-y-redes-sociales-para-jovenes-con-discapacidad-en-ciudad-real","status":"publish","type":"post","link":"https:\/\/clm-inclusiva.org\/?p=5390","title":{"rendered":"Oportunidades de Formaci\u00f3n en Telemarketing y redes sociales para j\u00f3venes con discapacidad en Ciudad Real"},"content":{"rendered":"<ul>\n<li>\n<h3>Castilla-La Mancha Inclusiva formar\u00e1 a 10 personas j\u00f3venes con discapacidad en la especialidad de \u201cTelemarketing, Community Manager y Redes Sociales\u201d en Ciudad Real.<\/h3>\n<\/li>\n<li>\n<h3>La acci\u00f3n formativa es parte de la operaci\u00f3n Uno a Uno \u201cConecta con tu futuro: Ciudad Real\u201d financiada por Once y la\u00a0Uni\u00f3n\u00a0Europea.<\/h3>\n<\/li>\n<\/ul>\n<p>Iniciamos una nueva oportunidad para los j\u00f3venes con discapacidad en Ciudad Real con la formaci\u00f3n especializada y 100% <strong>becada<\/strong> en <strong>Telemarketing, Community Manager y Redes Sociales<\/strong>. Esta formaci\u00f3n est\u00e1 dirigida a j\u00f3venes de entre 16 y 29 a\u00f1os con una discapacidad igual o superior al 33 %.<\/p>\n<p>Con el objetivo <strong>de ayudar a los j\u00f3venes a acceder a los sectores m\u00e1s demandados y con mayores oportunidades de empleo<\/strong>, el programa ofrece formaci\u00f3n gratuita, especializada y con pr\u00e1cticas en empresas. Adem\u00e1s, el programa est\u00e1 dise\u00f1ado espec\u00edficamente para <strong>j\u00f3venes con discapacidad<\/strong>, brindando oportunidades de <strong>inclusi\u00f3n<\/strong> y <strong>accesibilidad<\/strong> en un mundo laboral cada vez m\u00e1s digitalizado.<\/p>\n<p>En total, <strong>10 j\u00f3venes con discapacidad, 7 hombres y 3 mujeres<\/strong> podr\u00e1n desarrollar habilidades en marketing digital, gesti\u00f3n de redes sociales y atenci\u00f3n al cliente, \u00e1reas con una gran demanda laboral en la actualidad.<\/p>\n<p>La formaci\u00f3n, adem\u00e1s, incluye <strong>pr\u00e1cticas en empresas<\/strong>, lo que proporciona experiencia real y aumenta las oportunidades de ser contratado.<\/p>\n<p>Como ha se\u00f1alado <strong>Carlos Mora, coordinador regional de CLM Inclusiva COCEMFE<\/strong>, \u201cen una sociedad cada d\u00eda m\u00e1s digitalizada esta es una formaci\u00f3n puntera y tiene una alta demanda de profesionales en empresas, entidades y organismos\u201d. Por ello, ha animado al alumnado a aprovechar tanto la formaci\u00f3n como las pr\u00e1cticas que van a poder realizar\u201d.<\/p>\n<p>Convocatoria de Ayudas Econ\u00f3micas para la selecci\u00f3n de Operaciones para el Refuerzo de la Empleabilidad para Personas J\u00f3venes con Discapacidad \u201cUno a Uno\u201d \u2013 a\u00f1o 2024-2025. Programa Estatal FSE+ de Empleo Juvenil 2021-2027.<\/p>\n","protected":false},"excerpt":{"rendered":"<p>Castilla-La Mancha Inclusiva formar\u00e1 a 10 personas j\u00f3venes con discapacidad en la especialidad de \u201cTelemarketing, Community Manager y Redes Sociales\u201d en Ciudad Real. La acci\u00f3n formativa es parte de la operaci\u00f3n Uno a Uno \u201cConecta con tu futuro: Ciudad Real\u201d financiada por Once y la\u00a0Uni\u00f3n\u00a0Europea. Iniciamos una nueva oportunidad para los j\u00f3venes con discapacidad en [&hellip;]<\/p>\n","protected":false},"author":1,"featured_media":5391,"comment_status":"open","ping_status":"open","sticky":false,"template":"","format":"standard","meta":{"_et_pb_use_builder":"","_et_pb_old_content":"","_et_gb_content_width":"","footnotes":""},"categories":[119,48,5,6,97],"tags":[],"yoast_head":"<!-- This site is optimized with the Yoast SEO plugin v21.3 - https:\/\/yoast.com\/wordpress\/plugins\/seo\/ -->\n<title>Oportunidades de Formaci\u00f3n en Telemarketing y redes sociales para j\u00f3venes con discapacidad en Ciudad Real - Clm-Inclusiva<\/title>\n<meta name=\"robots\" content=\"index, follow, max-snippet:-1, max-image-preview:large, max-video-preview:-1\" \/>\n<link rel=\"canonical\" href=\"https:\/\/clm-inclusiva.org\/?p=5390\" \/>\n<meta property=\"og:locale\" content=\"es_ES\" \/>\n<meta property=\"og:type\" content=\"article\" \/>\n<meta property=\"og:title\" content=\"Oportunidades de Formaci\u00f3n en Telemarketing y redes sociales para j\u00f3venes con discapacidad en Ciudad Real - Clm-Inclusiva\" \/>\n<meta property=\"og:description\" content=\"Castilla-La Mancha Inclusiva formar\u00e1 a 10 personas j\u00f3venes con discapacidad en la especialidad de \u201cTelemarketing, Community Manager y Redes Sociales\u201d en Ciudad Real. La acci\u00f3n formativa es parte de la operaci\u00f3n Uno a Uno \u201cConecta con tu futuro: Ciudad Real\u201d financiada por Once y la\u00a0Uni\u00f3n\u00a0Europea. Iniciamos una nueva oportunidad para los j\u00f3venes con discapacidad en [&hellip;]\" \/>\n<meta property=\"og:url\" content=\"https:\/\/clm-inclusiva.org\/?p=5390\" \/>\n<meta property=\"og:site_name\" content=\"Clm-Inclusiva\" \/>\n<meta property=\"article:publisher\" content=\"https:\/\/www.facebook.com\/castillalamancha.inclusiva\/\" \/>\n<meta property=\"article:published_time\" content=\"2025-03-20T10:29:05+00:00\" \/>\n<meta property=\"og:image\" content=\"http:\/\/clm-inclusiva.org\/wp-content\/uploads\/2025\/03\/Imagen-de-WhatsApp-2025-03-20-a-las-10.52.06_c7eab9f4.jpg\" \/>\n\t<meta property=\"og:image:width\" content=\"1536\" \/>\n\t<meta property=\"og:image:height\" content=\"1186\" \/>\n\t<meta property=\"og:image:type\" content=\"image\/jpeg\" \/>\n<meta name=\"author\" content=\"clm-inclusiva\" \/>\n<meta name=\"twitter:card\" content=\"summary_large_image\" \/>\n<meta name=\"twitter:creator\" content=\"@ClmInclusiva\" \/>\n<meta name=\"twitter:site\" content=\"@ClmInclusiva\" \/>\n<meta name=\"twitter:label1\" content=\"Escrito por\" \/>\n\t<meta name=\"twitter:data1\" content=\"clm-inclusiva\" \/>\n\t<meta name=\"twitter:label2\" content=\"Tiempo de lectura\" \/>\n\t<meta name=\"twitter:data2\" content=\"2 minutos\" \/>\n<script type=\"application\/ld+json\" class=\"yoast-schema-graph\">{\"@context\":\"https:\/\/schema.org\",\"@graph\":[{\"@type\":\"Article\",\"@id\":\"https:\/\/clm-inclusiva.org\/?p=5390#article\",\"isPartOf\":{\"@id\":\"https:\/\/clm-inclusiva.org\/?p=5390\"},\"author\":{\"name\":\"clm-inclusiva\",\"@id\":\"https:\/\/clm-inclusiva.org\/#\/schema\/person\/0cff84aaa5bb8fd3521c55d1578d902b\"},\"headline\":\"Oportunidades de Formaci\u00f3n en Telemarketing y redes sociales para j\u00f3venes con discapacidad en Ciudad Real\",\"datePublished\":\"2025-03-20T10:29:05+00:00\",\"dateModified\":\"2025-03-20T10:29:05+00:00\",\"mainEntityOfPage\":{\"@id\":\"https:\/\/clm-inclusiva.org\/?p=5390\"},\"wordCount\":333,\"commentCount\":0,\"publisher\":{\"@id\":\"https:\/\/clm-inclusiva.org\/#organization\"},\"articleSection\":[\"Castilla-La Mancha\",\"Ciudad Real\",\"Discapacidad\",\"Empleo\",\"formaci\u00f3n\"],\"inLanguage\":\"es\",\"potentialAction\":[{\"@type\":\"CommentAction\",\"name\":\"Comment\",\"target\":[\"https:\/\/clm-inclusiva.org\/?p=5390#respond\"]}]},{\"@type\":\"WebPage\",\"@id\":\"https:\/\/clm-inclusiva.org\/?p=5390\",\"url\":\"https:\/\/clm-inclusiva.org\/?p=5390\",\"name\":\"Oportunidades de Formaci\u00f3n en Telemarketing y redes sociales para j\u00f3venes con discapacidad en Ciudad Real - Clm-Inclusiva\",\"isPartOf\":{\"@id\":\"https:\/\/clm-inclusiva.org\/#website\"},\"datePublished\":\"2025-03-20T10:29:05+00:00\",\"dateModified\":\"2025-03-20T10:29:05+00:00\",\"breadcrumb\":{\"@id\":\"https:\/\/clm-inclusiva.org\/?p=5390#breadcrumb\"},\"inLanguage\":\"es\",\"potentialAction\":[{\"@type\":\"ReadAction\",\"target\":[\"https:\/\/clm-inclusiva.org\/?p=5390\"]}]},{\"@type\":\"BreadcrumbList\",\"@id\":\"https:\/\/clm-inclusiva.org\/?p=5390#breadcrumb\",\"itemListElement\":[{\"@type\":\"ListItem\",\"position\":1,\"name\":\"Portada\",\"item\":\"https:\/\/clm-inclusiva.org\/\"},{\"@type\":\"ListItem\",\"position\":2,\"name\":\"Oportunidades de Formaci\u00f3n en Telemarketing y redes sociales para j\u00f3venes con discapacidad en Ciudad Real\"}]},{\"@type\":\"WebSite\",\"@id\":\"https:\/\/clm-inclusiva.org\/#website\",\"url\":\"https:\/\/clm-inclusiva.org\/\",\"name\":\"Clm-Inclusiva\",\"description\":\"Confederaci\u00f3n de entidades de personas con discapacidad f\u00edsica y org\u00e1nica CLM\",\"publisher\":{\"@id\":\"https:\/\/clm-inclusiva.org\/#organization\"},\"potentialAction\":[{\"@type\":\"SearchAction\",\"target\":{\"@type\":\"EntryPoint\",\"urlTemplate\":\"https:\/\/clm-inclusiva.org\/?s={search_term_string}\"},\"query-input\":\"required name=search_term_string\"}],\"inLanguage\":\"es\"},{\"@type\":\"Organization\",\"@id\":\"https:\/\/clm-inclusiva.org\/#organization\",\"name\":\"Clm-Inclusiva\",\"url\":\"https:\/\/clm-inclusiva.org\/\",\"logo\":{\"@type\":\"ImageObject\",\"inLanguage\":\"es\",\"@id\":\"https:\/\/clm-inclusiva.org\/#\/schema\/logo\/image\/\",\"url\":\"http:\/\/clm-inclusiva.org\/wp-content\/uploads\/2019\/04\/banner-e1533720812836.jpg\",\"contentUrl\":\"http:\/\/clm-inclusiva.org\/wp-content\/uploads\/2019\/04\/banner-e1533720812836.jpg\",\"width\":600,\"height\":332,\"caption\":\"Clm-Inclusiva\"},\"image\":{\"@id\":\"https:\/\/clm-inclusiva.org\/#\/schema\/logo\/image\/\"},\"sameAs\":[\"https:\/\/www.facebook.com\/castillalamancha.inclusiva\/\",\"https:\/\/twitter.com\/ClmInclusiva\"]},{\"@type\":\"Person\",\"@id\":\"https:\/\/clm-inclusiva.org\/#\/schema\/person\/0cff84aaa5bb8fd3521c55d1578d902b\",\"name\":\"clm-inclusiva\",\"image\":{\"@type\":\"ImageObject\",\"inLanguage\":\"es\",\"@id\":\"https:\/\/clm-inclusiva.org\/#\/schema\/person\/image\/\",\"url\":\"https:\/\/secure.gravatar.com\/avatar\/88948567af770dc9cd5597b329011884?s=96&d=blank&r=g\",\"contentUrl\":\"https:\/\/secure.gravatar.com\/avatar\/88948567af770dc9cd5597b329011884?s=96&d=blank&r=g\",\"caption\":\"clm-inclusiva\"},\"sameAs\":[\"http:\/\/clm-inclusiva.org\"],\"url\":\"https:\/\/clm-inclusiva.org\/?author=1\"}]}<\/script>\n<!-- \/ Yoast SEO plugin. -->","yoast_head_json":{"title":"Oportunidades de Formaci\u00f3n en Telemarketing y redes sociales para j\u00f3venes con discapacidad en Ciudad Real - Clm-Inclusiva","robots":{"index":"index","follow":"follow","max-snippet":"max-snippet:-1","max-image-preview":"max-image-preview:large","max-video-preview":"max-video-preview:-1"},"canonical":"https:\/\/clm-inclusiva.org\/?p=5390","og_locale":"es_ES","og_type":"article","og_title":"Oportunidades de Formaci\u00f3n en Telemarketing y redes sociales para j\u00f3venes con discapacidad en Ciudad Real - Clm-Inclusiva","og_description":"Castilla-La Mancha Inclusiva formar\u00e1 a 10 personas j\u00f3venes con discapacidad en la especialidad de \u201cTelemarketing, Community Manager y Redes Sociales\u201d en Ciudad Real. La acci\u00f3n formativa es parte de la operaci\u00f3n Uno a Uno \u201cConecta con tu futuro: Ciudad Real\u201d financiada por Once y la\u00a0Uni\u00f3n\u00a0Europea. Iniciamos una nueva oportunidad para los j\u00f3venes con discapacidad en [&hellip;]","og_url":"https:\/\/clm-inclusiva.org\/?p=5390","og_site_name":"Clm-Inclusiva","article_publisher":"https:\/\/www.facebook.com\/castillalamancha.inclusiva\/","article_published_time":"2025-03-20T10:29:05+00:00","og_image":[{"width":1536,"height":1186,"url":"http:\/\/clm-inclusiva.org\/wp-content\/uploads\/2025\/03\/Imagen-de-WhatsApp-2025-03-20-a-las-10.52.06_c7eab9f4.jpg","type":"image\/jpeg"}],"author":"clm-inclusiva","twitter_card":"summary_large_image","twitter_creator":"@ClmInclusiva","twitter_site":"@ClmInclusiva","twitter_misc":{"Escrito por":"clm-inclusiva","Tiempo de lectura":"2 minutos"},"schema":{"@context":"https:\/\/schema.org","@graph":[{"@type":"Article","@id":"https:\/\/clm-inclusiva.org\/?p=5390#article","isPartOf":{"@id":"https:\/\/clm-inclusiva.org\/?p=5390"},"author":{"name":"clm-inclusiva","@id":"https:\/\/clm-inclusiva.org\/#\/schema\/person\/0cff84aaa5bb8fd3521c55d1578d902b"},"headline":"Oportunidades de Formaci\u00f3n en Telemarketing y redes sociales para j\u00f3venes con discapacidad en Ciudad Real","datePublished":"2025-03-20T10:29:05+00:00","dateModified":"2025-03-20T10:29:05+00:00","mainEntityOfPage":{"@id":"https:\/\/clm-inclusiva.org\/?p=5390"},"wordCount":333,"commentCount":0,"publisher":{"@id":"https:\/\/clm-inclusiva.org\/#organization"},"articleSection":["Castilla-La Mancha","Ciudad Real","Discapacidad","Empleo","formaci\u00f3n"],"inLanguage":"es","potentialAction":[{"@type":"CommentAction","name":"Comment","target":["https:\/\/clm-inclusiva.org\/?p=5390#respond"]}]},{"@type":"WebPage","@id":"https:\/\/clm-inclusiva.org\/?p=5390","url":"https:\/\/clm-inclusiva.org\/?p=5390","name":"Oportunidades de Formaci\u00f3n en Telemarketing y redes sociales para j\u00f3venes con discapacidad en Ciudad Real - Clm-Inclusiva","isPartOf":{"@id":"https:\/\/clm-inclusiva.org\/#website"},"datePublished":"2025-03-20T10:29:05+00:00","dateModified":"2025-03-20T10:29:05+00:00","breadcrumb":{"@id":"https:\/\/clm-inclusiva.org\/?p=5390#breadcrumb"},"inLanguage":"es","potentialAction":[{"@type":"ReadAction","target":["https:\/\/clm-inclusiva.org\/?p=5390"]}]},{"@type":"BreadcrumbList","@id":"https:\/\/clm-inclusiva.org\/?p=5390#breadcrumb","itemListElement":[{"@type":"ListItem","position":1,"name":"Portada","item":"https:\/\/clm-inclusiva.org\/"},{"@type":"ListItem","position":2,"name":"Oportunidades de Formaci\u00f3n en Telemarketing y redes sociales para j\u00f3venes con discapacidad en Ciudad Real"}]},{"@type":"WebSite","@id":"https:\/\/clm-inclusiva.org\/#website","url":"https:\/\/clm-inclusiva.org\/","name":"Clm-Inclusiva","description":"Confederaci\u00f3n de entidades de personas con discapacidad f\u00edsica y org\u00e1nica CLM","publisher":{"@id":"https:\/\/clm-inclusiva.org\/#organization"},"potentialAction":[{"@type":"SearchAction","target":{"@type":"EntryPoint","urlTemplate":"https:\/\/clm-inclusiva.org\/?s={search_term_string}"},"query-input":"required name=search_term_string"}],"inLanguage":"es"},{"@type":"Organization","@id":"https:\/\/clm-inclusiva.org\/#organization","name":"Clm-Inclusiva","url":"https:\/\/clm-inclusiva.org\/","logo":{"@type":"ImageObject","inLanguage":"es","@id":"https:\/\/clm-inclusiva.org\/#\/schema\/logo\/image\/","url":"http:\/\/clm-inclusiva.org\/wp-content\/uploads\/2019\/04\/banner-e1533720812836.jpg","contentUrl":"http:\/\/clm-inclusiva.org\/wp-content\/uploads\/2019\/04\/banner-e1533720812836.jpg","width":600,"height":332,"caption":"Clm-Inclusiva"},"image":{"@id":"https:\/\/clm-inclusiva.org\/#\/schema\/logo\/image\/"},"sameAs":["https:\/\/www.facebook.com\/castillalamancha.inclusiva\/","https:\/\/twitter.com\/ClmInclusiva"]},{"@type":"Person","@id":"https:\/\/clm-inclusiva.org\/#\/schema\/person\/0cff84aaa5bb8fd3521c55d1578d902b","name":"clm-inclusiva","image":{"@type":"ImageObject","inLanguage":"es","@id":"https:\/\/clm-inclusiva.org\/#\/schema\/person\/image\/","url":"https:\/\/secure.gravatar.com\/avatar\/88948567af770dc9cd5597b329011884?s=96&d=blank&r=g","contentUrl":"https:\/\/secure.gravatar.com\/avatar\/88948567af770dc9cd5597b329011884?s=96&d=blank&r=g","caption":"clm-inclusiva"},"sameAs":["http:\/\/clm-inclusiva.org"],"url":"https:\/\/clm-inclusiva.org\/?author=1"}]}},"_links":{"self":[{"href":"https:\/\/clm-inclusiva.org\/index.php?rest_route=\/wp\/v2\/posts\/5390"}],"collection":[{"href":"https:\/\/clm-inclusiva.org\/index.php?rest_route=\/wp\/v2\/posts"}],"about":[{"href":"https:\/\/clm-inclusiva.org\/index.php?rest_route=\/wp\/v2\/types\/post"}],"author":[{"embeddable":true,"href":"https:\/\/clm-inclusiva.org\/index.php?rest_route=\/wp\/v2\/users\/1"}],"replies":[{"embeddable":true,"href":"https:\/\/clm-inclusiva.org\/index.php?rest_route=%2Fwp%2Fv2%2Fcomments&post=5390"}],"version-history":[{"count":1,"href":"https:\/\/clm-inclusiva.org\/index.php?rest_route=\/wp\/v2\/posts\/5390\/revisions"}],"predecessor-version":[{"id":5392,"href":"https:\/\/clm-inclusiva.org\/index.php?rest_route=\/wp\/v2\/posts\/5390\/revisions\/5392"}],"wp:featuredmedia":[{"embeddable":true,"href":"https:\/\/clm-inclusiva.org\/index.php?rest_route=\/wp\/v2\/media\/5391"}],"wp:attachment":[{"href":"https:\/\/clm-inclusiva.org\/index.php?rest_route=%2Fwp%2Fv2%2Fmedia&parent=5390"}],"wp:term":[{"taxonomy":"category","embeddable":true,"href":"https:\/\/clm-inclusiva.org\/index.php?rest_route=%2Fwp%2Fv2%2Fcategories&post=5390"},{"taxonomy":"post_tag","embeddable":true,"href":"https:\/\/clm-inclusiva.org\/index.php?rest_route=%2Fwp%2Fv2%2Ftags&post=5390"}],"curies":[{"name":"wp","href":"https:\/\/api.w.org\/{rel}","templated":true}]}}