{"id":5384,"date":"2025-03-18T12:00:40","date_gmt":"2025-03-18T10:00:40","guid":{"rendered":"https:\/\/clm-inclusiva.org\/?p=5384"},"modified":"2025-03-19T14:08:16","modified_gmt":"2025-03-19T12:08:16","slug":"castilla-la-mancha-inclusiva-forma-en-atencion-sociosanitaria-y-asistente-personal-para-una-vida-autonoma-con-capacidad-de-decision-y-autogobierno","status":"publish","type":"post","link":"https:\/\/clm-inclusiva.org\/?p=5384","title":{"rendered":"Castilla-La Mancha Inclusiva forma en \u201cAtenci\u00f3n Sociosanitaria y Asistente Personal\u201d para una vida aut\u00f3noma con capacidad de decisi\u00f3n y autogobierno"},"content":{"rendered":"<ul>\n<li>\n<h3>Castilla-La Mancha Inclusiva formar\u00e1 a 10 personas con discapacidad en la especialidad \u201cAtenci\u00f3n Sociosanitaria y Asistente Personal\u201d en Cuenca.<\/h3>\n<\/li>\n<li>\n<h3>La acci\u00f3n formativa es parte de la operaci\u00f3n Uno a Uno \u201cConecta con tu futuro: Cuenca\u201d financiada por Once y la\u00a0Uni\u00f3n\u00a0Europea.<\/h3>\n<\/li>\n<\/ul>\n<p>Un grupo de <strong>10 personas con discapacidad<\/strong>, compuesto por 6 mujeres y 4 hombres, ha comenzado hoy su formaci\u00f3n en <strong>\u201cAtenci\u00f3n Sociosanitaria y Asistente Personal\u201d en Cuenca<\/strong>. Esta iniciativa busca ofrecerles nuevas oportunidades laborales en un sector en expansi\u00f3n.<\/p>\n<p>La formaci\u00f3n tiene <strong>una duraci\u00f3n total de 320 horas<\/strong>, distribuidas en <strong>200 horas de formaci\u00f3n te\u00f3rica en aula y 120 horas pr\u00e1cticas en el puesto de trabaj<\/strong>o, lo que les permitir\u00e1 adquirir las competencias necesarias para desempe\u00f1ar este rol en el \u00e1mbito sociosanitario.<\/p>\n<p>Esta acci\u00f3n formativa se enmarca en un contexto donde, seg\u00fan un informe de UNESPA, la tasa de dependencia en Espa\u00f1a se incrementar\u00e1 del 29,6% en 2018 al 40,7% en 2033, lo que resalta la creciente demanda de profesionales en el sector de la atenci\u00f3n a personas con discapacidad y dependientes.<\/p>\n<p>Aunque nuestra regi\u00f3n cuenta con unos datos que encabezan el ranking elaborado por el Observatorio de Dependencia, es fundamental formar a profesionales debido a que continuar\u00e1 aumentando el n\u00famero de dependientes debido a la alta esperanza de vida como consecuencia de la prevenci\u00f3n en salud p\u00fablica y el envejecimiento activo y saludable.<\/p>\n<p>Como se\u00f1ala <strong>Carlos Mora, coordinador regional de CLM Inclusiva COCEMFE<\/strong>, \u201ccon esta formaci\u00f3n, se busca mejorar la empleabilidad de las personas con discapacidad, as\u00ed como contribuir al desarrollo de un sector cada vez m\u00e1s crucial para el bienestar de la sociedad\u201d.<\/p>\n<p><strong>Marta Montero, presidenta de COCEMFE Cuenca y miembro de la Junta Directiva de CLM Inclusiva COCEMFE<\/strong> ha dado la bienvenida al alumnado haci\u00e9ndoles saber \u201cque estamos para ayudarles. Tambi\u00e9n ha destacado el contacto humano en las pr\u00e1cticas que tiene esta formaci\u00f3n que es muy\u00a0importante\u201d.<\/p>\n<p>Convocatoria de Ayudas Econ\u00f3micas para la selecci\u00f3n de Operaciones para el Refuerzo de la Empleabilidad para Personas con Discapacidad \u201cUno a Uno\u201d- a\u00f1o 2024-2025 Programa Estatal FSE+ de Inclusi\u00f3n Social, Garant\u00eda Infantil y Lucha Contra la Pobreza 2021-2027.<\/p>\n<p>&nbsp;<\/p>\n<div class=\"et_pb_slider et_pb_slider_fullwidth_off et_pb_gallery_post_type\">\n\t\t\t\t<div class=\"et_pb_slides\">\n\t\t\t\t\t<div class=\"et_pb_slide\" style=\"background: url(https:\/\/clm-inclusiva.org\/wp-content\/uploads\/2025\/03\/FOTO-1.jpg);\"><\/div><div class=\"et_pb_slide\" style=\"background: url(https:\/\/clm-inclusiva.org\/wp-content\/uploads\/2025\/03\/FOTO-2.jpg);\"><\/div><div class=\"et_pb_slide\" style=\"background: url(https:\/\/clm-inclusiva.org\/wp-content\/uploads\/2025\/03\/FOTO-3.jpg);\"><\/div>\n\t\t\t\t<\/div>\n\t\t\t<\/div>\n","protected":false},"excerpt":{"rendered":"<p>Castilla-La Mancha Inclusiva formar\u00e1 a 10 personas con discapacidad en la especialidad \u201cAtenci\u00f3n Sociosanitaria y Asistente Personal\u201d en Cuenca. La acci\u00f3n formativa es parte de la operaci\u00f3n Uno a Uno \u201cConecta con tu futuro: Cuenca\u201d financiada por Once y la\u00a0Uni\u00f3n\u00a0Europea. Un grupo de 10 personas con discapacidad, compuesto por 6 mujeres y 4 hombres, ha [&hellip;]<\/p>\n","protected":false},"author":1,"featured_media":5385,"comment_status":"open","ping_status":"open","sticky":false,"template":"","format":"standard","meta":{"_et_pb_use_builder":"","_et_pb_old_content":"","_et_gb_content_width":"","footnotes":""},"categories":[4,47,50,5,97,64,117],"tags":[],"yoast_head":"<!-- This site is optimized with the Yoast SEO plugin v21.3 - https:\/\/yoast.com\/wordpress\/plugins\/seo\/ -->\n<title>Castilla-La Mancha Inclusiva forma en \u201cAtenci\u00f3n Sociosanitaria y Asistente Personal\u201d para una vida aut\u00f3noma con capacidad de decisi\u00f3n y autogobierno - Clm-Inclusiva<\/title>\n<meta name=\"robots\" content=\"index, follow, max-snippet:-1, max-image-preview:large, max-video-preview:-1\" \/>\n<link rel=\"canonical\" href=\"https:\/\/clm-inclusiva.org\/?p=5384\" \/>\n<meta property=\"og:locale\" content=\"es_ES\" \/>\n<meta property=\"og:type\" content=\"article\" \/>\n<meta property=\"og:title\" content=\"Castilla-La Mancha Inclusiva forma en \u201cAtenci\u00f3n Sociosanitaria y Asistente Personal\u201d para una vida aut\u00f3noma con capacidad de decisi\u00f3n y autogobierno - Clm-Inclusiva\" \/>\n<meta property=\"og:description\" content=\"Castilla-La Mancha Inclusiva formar\u00e1 a 10 personas con discapacidad en la especialidad \u201cAtenci\u00f3n Sociosanitaria y Asistente Personal\u201d en Cuenca. La acci\u00f3n formativa es parte de la operaci\u00f3n Uno a Uno \u201cConecta con tu futuro: Cuenca\u201d financiada por Once y la\u00a0Uni\u00f3n\u00a0Europea. Un grupo de 10 personas con discapacidad, compuesto por 6 mujeres y 4 hombres, ha [&hellip;]\" \/>\n<meta property=\"og:url\" content=\"https:\/\/clm-inclusiva.org\/?p=5384\" \/>\n<meta property=\"og:site_name\" content=\"Clm-Inclusiva\" \/>\n<meta property=\"article:publisher\" content=\"https:\/\/www.facebook.com\/castillalamancha.inclusiva\/\" \/>\n<meta property=\"article:published_time\" content=\"2025-03-18T10:00:40+00:00\" \/>\n<meta property=\"article:modified_time\" content=\"2025-03-19T12:08:16+00:00\" \/>\n<meta property=\"og:image\" content=\"http:\/\/clm-inclusiva.org\/wp-content\/uploads\/2025\/03\/FOTO-1.jpg\" \/>\n\t<meta property=\"og:image:width\" content=\"1200\" \/>\n\t<meta property=\"og:image:height\" content=\"1600\" \/>\n\t<meta property=\"og:image:type\" content=\"image\/jpeg\" \/>\n<meta name=\"author\" content=\"clm-inclusiva\" \/>\n<meta name=\"twitter:card\" content=\"summary_large_image\" \/>\n<meta name=\"twitter:creator\" content=\"@ClmInclusiva\" \/>\n<meta name=\"twitter:site\" content=\"@ClmInclusiva\" \/>\n<meta name=\"twitter:label1\" content=\"Escrito por\" \/>\n\t<meta name=\"twitter:data1\" content=\"clm-inclusiva\" \/>\n\t<meta name=\"twitter:label2\" content=\"Tiempo de lectura\" \/>\n\t<meta name=\"twitter:data2\" content=\"2 minutos\" \/>\n<script type=\"application\/ld+json\" class=\"yoast-schema-graph\">{\"@context\":\"https:\/\/schema.org\",\"@graph\":[{\"@type\":\"Article\",\"@id\":\"https:\/\/clm-inclusiva.org\/?p=5384#article\",\"isPartOf\":{\"@id\":\"https:\/\/clm-inclusiva.org\/?p=5384\"},\"author\":{\"name\":\"clm-inclusiva\",\"@id\":\"https:\/\/clm-inclusiva.org\/#\/schema\/person\/0cff84aaa5bb8fd3521c55d1578d902b\"},\"headline\":\"Castilla-La Mancha Inclusiva forma en \u201cAtenci\u00f3n Sociosanitaria y Asistente Personal\u201d para una vida aut\u00f3noma con capacidad de decisi\u00f3n y autogobierno\",\"datePublished\":\"2025-03-18T10:00:40+00:00\",\"dateModified\":\"2025-03-19T12:08:16+00:00\",\"mainEntityOfPage\":{\"@id\":\"https:\/\/clm-inclusiva.org\/?p=5384\"},\"wordCount\":399,\"commentCount\":0,\"publisher\":{\"@id\":\"https:\/\/clm-inclusiva.org\/#organization\"},\"articleSection\":[\"Clm inclusiva\",\"cocemfe\",\"Cuenca\",\"Discapacidad\",\"formaci\u00f3n\",\"fundaci\u00f3n once\",\"Inclusi\u00f3n\"],\"inLanguage\":\"es\",\"potentialAction\":[{\"@type\":\"CommentAction\",\"name\":\"Comment\",\"target\":[\"https:\/\/clm-inclusiva.org\/?p=5384#respond\"]}]},{\"@type\":\"WebPage\",\"@id\":\"https:\/\/clm-inclusiva.org\/?p=5384\",\"url\":\"https:\/\/clm-inclusiva.org\/?p=5384\",\"name\":\"Castilla-La Mancha Inclusiva forma en \u201cAtenci\u00f3n Sociosanitaria y Asistente Personal\u201d para una vida aut\u00f3noma con capacidad de decisi\u00f3n y autogobierno - Clm-Inclusiva\",\"isPartOf\":{\"@id\":\"https:\/\/clm-inclusiva.org\/#website\"},\"datePublished\":\"2025-03-18T10:00:40+00:00\",\"dateModified\":\"2025-03-19T12:08:16+00:00\",\"breadcrumb\":{\"@id\":\"https:\/\/clm-inclusiva.org\/?p=5384#breadcrumb\"},\"inLanguage\":\"es\",\"potentialAction\":[{\"@type\":\"ReadAction\",\"target\":[\"https:\/\/clm-inclusiva.org\/?p=5384\"]}]},{\"@type\":\"BreadcrumbList\",\"@id\":\"https:\/\/clm-inclusiva.org\/?p=5384#breadcrumb\",\"itemListElement\":[{\"@type\":\"ListItem\",\"position\":1,\"name\":\"Portada\",\"item\":\"https:\/\/clm-inclusiva.org\/\"},{\"@type\":\"ListItem\",\"position\":2,\"name\":\"Castilla-La Mancha Inclusiva forma en \u201cAtenci\u00f3n Sociosanitaria y Asistente Personal\u201d para una vida aut\u00f3noma con capacidad de decisi\u00f3n y autogobierno\"}]},{\"@type\":\"WebSite\",\"@id\":\"https:\/\/clm-inclusiva.org\/#website\",\"url\":\"https:\/\/clm-inclusiva.org\/\",\"name\":\"Clm-Inclusiva\",\"description\":\"Confederaci\u00f3n de entidades de personas con discapacidad f\u00edsica y org\u00e1nica CLM\",\"publisher\":{\"@id\":\"https:\/\/clm-inclusiva.org\/#organization\"},\"potentialAction\":[{\"@type\":\"SearchAction\",\"target\":{\"@type\":\"EntryPoint\",\"urlTemplate\":\"https:\/\/clm-inclusiva.org\/?s={search_term_string}\"},\"query-input\":\"required name=search_term_string\"}],\"inLanguage\":\"es\"},{\"@type\":\"Organization\",\"@id\":\"https:\/\/clm-inclusiva.org\/#organization\",\"name\":\"Clm-Inclusiva\",\"url\":\"https:\/\/clm-inclusiva.org\/\",\"logo\":{\"@type\":\"ImageObject\",\"inLanguage\":\"es\",\"@id\":\"https:\/\/clm-inclusiva.org\/#\/schema\/logo\/image\/\",\"url\":\"http:\/\/clm-inclusiva.org\/wp-content\/uploads\/2019\/04\/banner-e1533720812836.jpg\",\"contentUrl\":\"http:\/\/clm-inclusiva.org\/wp-content\/uploads\/2019\/04\/banner-e1533720812836.jpg\",\"width\":600,\"height\":332,\"caption\":\"Clm-Inclusiva\"},\"image\":{\"@id\":\"https:\/\/clm-inclusiva.org\/#\/schema\/logo\/image\/\"},\"sameAs\":[\"https:\/\/www.facebook.com\/castillalamancha.inclusiva\/\",\"https:\/\/twitter.com\/ClmInclusiva\"]},{\"@type\":\"Person\",\"@id\":\"https:\/\/clm-inclusiva.org\/#\/schema\/person\/0cff84aaa5bb8fd3521c55d1578d902b\",\"name\":\"clm-inclusiva\",\"image\":{\"@type\":\"ImageObject\",\"inLanguage\":\"es\",\"@id\":\"https:\/\/clm-inclusiva.org\/#\/schema\/person\/image\/\",\"url\":\"https:\/\/secure.gravatar.com\/avatar\/88948567af770dc9cd5597b329011884?s=96&d=blank&r=g\",\"contentUrl\":\"https:\/\/secure.gravatar.com\/avatar\/88948567af770dc9cd5597b329011884?s=96&d=blank&r=g\",\"caption\":\"clm-inclusiva\"},\"sameAs\":[\"http:\/\/clm-inclusiva.org\"],\"url\":\"https:\/\/clm-inclusiva.org\/?author=1\"}]}<\/script>\n<!-- \/ Yoast SEO plugin. -->","yoast_head_json":{"title":"Castilla-La Mancha Inclusiva forma en \u201cAtenci\u00f3n Sociosanitaria y Asistente Personal\u201d para una vida aut\u00f3noma con capacidad de decisi\u00f3n y autogobierno - Clm-Inclusiva","robots":{"index":"index","follow":"follow","max-snippet":"max-snippet:-1","max-image-preview":"max-image-preview:large","max-video-preview":"max-video-preview:-1"},"canonical":"https:\/\/clm-inclusiva.org\/?p=5384","og_locale":"es_ES","og_type":"article","og_title":"Castilla-La Mancha Inclusiva forma en \u201cAtenci\u00f3n Sociosanitaria y Asistente Personal\u201d para una vida aut\u00f3noma con capacidad de decisi\u00f3n y autogobierno - Clm-Inclusiva","og_description":"Castilla-La Mancha Inclusiva formar\u00e1 a 10 personas con discapacidad en la especialidad \u201cAtenci\u00f3n Sociosanitaria y Asistente Personal\u201d en Cuenca. La acci\u00f3n formativa es parte de la operaci\u00f3n Uno a Uno \u201cConecta con tu futuro: Cuenca\u201d financiada por Once y la\u00a0Uni\u00f3n\u00a0Europea. Un grupo de 10 personas con discapacidad, compuesto por 6 mujeres y 4 hombres, ha [&hellip;]","og_url":"https:\/\/clm-inclusiva.org\/?p=5384","og_site_name":"Clm-Inclusiva","article_publisher":"https:\/\/www.facebook.com\/castillalamancha.inclusiva\/","article_published_time":"2025-03-18T10:00:40+00:00","article_modified_time":"2025-03-19T12:08:16+00:00","og_image":[{"width":1200,"height":1600,"url":"http:\/\/clm-inclusiva.org\/wp-content\/uploads\/2025\/03\/FOTO-1.jpg","type":"image\/jpeg"}],"author":"clm-inclusiva","twitter_card":"summary_large_image","twitter_creator":"@ClmInclusiva","twitter_site":"@ClmInclusiva","twitter_misc":{"Escrito por":"clm-inclusiva","Tiempo de lectura":"2 minutos"},"schema":{"@context":"https:\/\/schema.org","@graph":[{"@type":"Article","@id":"https:\/\/clm-inclusiva.org\/?p=5384#article","isPartOf":{"@id":"https:\/\/clm-inclusiva.org\/?p=5384"},"author":{"name":"clm-inclusiva","@id":"https:\/\/clm-inclusiva.org\/#\/schema\/person\/0cff84aaa5bb8fd3521c55d1578d902b"},"headline":"Castilla-La Mancha Inclusiva forma en \u201cAtenci\u00f3n Sociosanitaria y Asistente Personal\u201d para una vida aut\u00f3noma con capacidad de decisi\u00f3n y autogobierno","datePublished":"2025-03-18T10:00:40+00:00","dateModified":"2025-03-19T12:08:16+00:00","mainEntityOfPage":{"@id":"https:\/\/clm-inclusiva.org\/?p=5384"},"wordCount":399,"commentCount":0,"publisher":{"@id":"https:\/\/clm-inclusiva.org\/#organization"},"articleSection":["Clm inclusiva","cocemfe","Cuenca","Discapacidad","formaci\u00f3n","fundaci\u00f3n once","Inclusi\u00f3n"],"inLanguage":"es","potentialAction":[{"@type":"CommentAction","name":"Comment","target":["https:\/\/clm-inclusiva.org\/?p=5384#respond"]}]},{"@type":"WebPage","@id":"https:\/\/clm-inclusiva.org\/?p=5384","url":"https:\/\/clm-inclusiva.org\/?p=5384","name":"Castilla-La Mancha Inclusiva forma en \u201cAtenci\u00f3n Sociosanitaria y Asistente Personal\u201d para una vida aut\u00f3noma con capacidad de decisi\u00f3n y autogobierno - Clm-Inclusiva","isPartOf":{"@id":"https:\/\/clm-inclusiva.org\/#website"},"datePublished":"2025-03-18T10:00:40+00:00","dateModified":"2025-03-19T12:08:16+00:00","breadcrumb":{"@id":"https:\/\/clm-inclusiva.org\/?p=5384#breadcrumb"},"inLanguage":"es","potentialAction":[{"@type":"ReadAction","target":["https:\/\/clm-inclusiva.org\/?p=5384"]}]},{"@type":"BreadcrumbList","@id":"https:\/\/clm-inclusiva.org\/?p=5384#breadcrumb","itemListElement":[{"@type":"ListItem","position":1,"name":"Portada","item":"https:\/\/clm-inclusiva.org\/"},{"@type":"ListItem","position":2,"name":"Castilla-La Mancha Inclusiva forma en \u201cAtenci\u00f3n Sociosanitaria y Asistente Personal\u201d para una vida aut\u00f3noma con capacidad de decisi\u00f3n y autogobierno"}]},{"@type":"WebSite","@id":"https:\/\/clm-inclusiva.org\/#website","url":"https:\/\/clm-inclusiva.org\/","name":"Clm-Inclusiva","description":"Confederaci\u00f3n de entidades de personas con discapacidad f\u00edsica y org\u00e1nica CLM","publisher":{"@id":"https:\/\/clm-inclusiva.org\/#organization"},"potentialAction":[{"@type":"SearchAction","target":{"@type":"EntryPoint","urlTemplate":"https:\/\/clm-inclusiva.org\/?s={search_term_string}"},"query-input":"required name=search_term_string"}],"inLanguage":"es"},{"@type":"Organization","@id":"https:\/\/clm-inclusiva.org\/#organization","name":"Clm-Inclusiva","url":"https:\/\/clm-inclusiva.org\/","logo":{"@type":"ImageObject","inLanguage":"es","@id":"https:\/\/clm-inclusiva.org\/#\/schema\/logo\/image\/","url":"http:\/\/clm-inclusiva.org\/wp-content\/uploads\/2019\/04\/banner-e1533720812836.jpg","contentUrl":"http:\/\/clm-inclusiva.org\/wp-content\/uploads\/2019\/04\/banner-e1533720812836.jpg","width":600,"height":332,"caption":"Clm-Inclusiva"},"image":{"@id":"https:\/\/clm-inclusiva.org\/#\/schema\/logo\/image\/"},"sameAs":["https:\/\/www.facebook.com\/castillalamancha.inclusiva\/","https:\/\/twitter.com\/ClmInclusiva"]},{"@type":"Person","@id":"https:\/\/clm-inclusiva.org\/#\/schema\/person\/0cff84aaa5bb8fd3521c55d1578d902b","name":"clm-inclusiva","image":{"@type":"ImageObject","inLanguage":"es","@id":"https:\/\/clm-inclusiva.org\/#\/schema\/person\/image\/","url":"https:\/\/secure.gravatar.com\/avatar\/88948567af770dc9cd5597b329011884?s=96&d=blank&r=g","contentUrl":"https:\/\/secure.gravatar.com\/avatar\/88948567af770dc9cd5597b329011884?s=96&d=blank&r=g","caption":"clm-inclusiva"},"sameAs":["http:\/\/clm-inclusiva.org"],"url":"https:\/\/clm-inclusiva.org\/?author=1"}]}},"_links":{"self":[{"href":"https:\/\/clm-inclusiva.org\/index.php?rest_route=\/wp\/v2\/posts\/5384"}],"collection":[{"href":"https:\/\/clm-inclusiva.org\/index.php?rest_route=\/wp\/v2\/posts"}],"about":[{"href":"https:\/\/clm-inclusiva.org\/index.php?rest_route=\/wp\/v2\/types\/post"}],"author":[{"embeddable":true,"href":"https:\/\/clm-inclusiva.org\/index.php?rest_route=\/wp\/v2\/users\/1"}],"replies":[{"embeddable":true,"href":"https:\/\/clm-inclusiva.org\/index.php?rest_route=%2Fwp%2Fv2%2Fcomments&post=5384"}],"version-history":[{"count":2,"href":"https:\/\/clm-inclusiva.org\/index.php?rest_route=\/wp\/v2\/posts\/5384\/revisions"}],"predecessor-version":[{"id":5389,"href":"https:\/\/clm-inclusiva.org\/index.php?rest_route=\/wp\/v2\/posts\/5384\/revisions\/5389"}],"wp:featuredmedia":[{"embeddable":true,"href":"https:\/\/clm-inclusiva.org\/index.php?rest_route=\/wp\/v2\/media\/5385"}],"wp:attachment":[{"href":"https:\/\/clm-inclusiva.org\/index.php?rest_route=%2Fwp%2Fv2%2Fmedia&parent=5384"}],"wp:term":[{"taxonomy":"category","embeddable":true,"href":"https:\/\/clm-inclusiva.org\/index.php?rest_route=%2Fwp%2Fv2%2Fcategories&post=5384"},{"taxonomy":"post_tag","embeddable":true,"href":"https:\/\/clm-inclusiva.org\/index.php?rest_route=%2Fwp%2Fv2%2Ftags&post=5384"}],"curies":[{"name":"wp","href":"https:\/\/api.w.org\/{rel}","templated":true}]}}