{"id":5372,"date":"2025-02-12T15:29:56","date_gmt":"2025-02-12T13:29:56","guid":{"rendered":"https:\/\/clm-inclusiva.org\/?p=5372"},"modified":"2025-02-12T15:29:56","modified_gmt":"2025-02-12T13:29:56","slug":"clausurado-en-olias-del-rey-el-proyecto-de-formacion-operario-a-de-montaje-y-mantenimiento-electrico-y-electronico","status":"publish","type":"post","link":"https:\/\/clm-inclusiva.org\/?p=5372","title":{"rendered":"Clausurado en Ol\u00edas del Rey el proyecto de formaci\u00f3n \u2018Operario\/a de montaje y mantenimiento el\u00e9ctrico y electr\u00f3nico\u2019"},"content":{"rendered":"<ul>\n<li>\n<h3><strong>El programa, desarrollado en colaboraci\u00f3n con el Ayuntamiento de Ol\u00edas del Rey, ha formado a los 15 participantes en competencias clave para mejorar su empleabilidad en el sector el\u00e9ctrico y electr\u00f3nico.<\/strong><\/h3>\n<\/li>\n<\/ul>\n<p>Se ha clausurado en <strong>Ol<\/strong><strong>\u00edas del R<\/strong><strong>ey<\/strong> (Toledo) el proyecto <strong>\u201cOperario\/a de montaje y mantenimiento el\u00e9ctrico y electr\u00f3<\/strong><strong>nico<\/strong><strong>\u201d<\/strong>, desarrollado en el marco de la convocatoria de subvenciones de la Junta de Comunidades de Castilla-La Mancha para la Realizaci\u00f3n de Acciones de Formaci\u00f3n Modular destinada a la Cualificaci\u00f3n y Recualificaci\u00f3n de la poblaci\u00f3n activa. Este proyecto ha formado parte del componente 20 \u201cPlan estrat\u00e9gico de impulso de la formaci\u00f3n profesional\u201d del Plan de Recuperaci\u00f3n, Transformaci\u00f3n y Resiliencia, financiado por la Uni\u00f3n Europea \u2013 Next Generation EU.<\/p>\n<p>El proyecto, que ha formado a <strong>15 personas,<\/strong> ha sido <strong>impulsado por Castilla-La Mancha Inclusiva, en colaboraci\u00f3n con el Ayuntamiento de Ol\u00edas del Rey<\/strong>, que ha facilitado tanto las instalaciones como los recursos t\u00e9cnicos y municipales para el desarrollo del programa. Esto ha permitido ofrecer una atenci\u00f3n integral y un acompa\u00f1amiento continuo al alumnado, favoreciendo su integraci\u00f3n en el \u00e1mbito laboral y social. Asimismo, Amiab ha participado como entidad encargada de la formaci\u00f3n.<\/p>\n<p>El objetivo de la formaci\u00f3n ha sido el desarrollo y la consolidaci\u00f3n de competencias t\u00e9cnicas y pr\u00e1cticas para la realizaci\u00f3n de tareas de montaje y mantenimiento de sistemas el\u00e9ctricos y electr\u00f3nicos, garantizando altos est\u00e1ndares de calidad, seguridad y eficiencia, y mejorando la empleabilidad de los participantes para su inserci\u00f3n en el mercado laboral como operarios\/as montadores\/as de equipos el\u00e9ctricos y electr\u00f3nicos.<\/p>\n<p>El proyecto ha consistido en tres acciones formativas de 60 horas cada una:<\/p>\n<ul>\n<li><strong>Operaciones de ensamblado de equipos el\u00e9ctricos y electr\u00f3nicos.<\/strong><\/li>\n<li><strong>Operaciones de conexionado en equipos el\u00e9ctricos y electr\u00f3nicos.<\/strong><\/li>\n<li><strong>Operaciones de mantenimiento en equipos el\u00e9ctricos y electr\u00f3nicos.<\/strong><\/li>\n<\/ul>\n<p>El dise\u00f1o modular de la formaci\u00f3n, que ofrece acciones independientes pero complementarias, ha permitido a los participantes asistir y especializarse en uno o m\u00e1s m\u00f3dulos, seg\u00fan sus necesidades, favoreciendo una experiencia personalizada y adaptada a sus objetivos.<\/p>\n<p>El presidente de <strong>CLM Inclusiva COCEMFE, Enrique Alarc<\/strong><strong>\u00f3<\/strong><strong>n<\/strong> ha querido \u201cagradecer la <strong>colaboraci\u00f3n de las entidades p\u00fa<\/strong><strong>blicas<\/strong>, cuya ayuda es esencial para el desarrollo de nuestros proyectos formativos. Gracias a su apoyo, podemos llevar estos programas a todos los municipios de Castilla-La Mancha, garantizando que las personas con discapacidad tengan las mismas oportunidades sin importar su ubicaci\u00f3n.&#8221; &#8220;Es fundamental que sigamos trabajando juntos para construir una sociedad m\u00e1s inclusiva, accesible y equitativa para todos\u201d ha a\u00f1adido.<\/p>\n<p>La <strong>alcaldesa del municipio, Charo Navas<\/strong>, ha destacado que \u201cesta formaci\u00f3n contribuye a mejorar las oportunidades laborales y el acceso al empleo para las personas con discapacidad en la localidad. Ha se\u00f1alado que esto ha sido, y sigue siendo, una de las principales prioridades del equipo de Gobierno, el brindar oportunidades a todos los grupos y aprovechar las diversas habilidades para lograr una integraci\u00f3n aut\u00e9ntica\u201d.<\/p>\n<p>Desde Castilla-La Mancha Inclusiva tambi\u00e9n se ha recordado a los alumnos y alumnas que en colaboraci\u00f3n con el ayuntamiento prestamos servicios de empleo de manera peri\u00f3dica desde el que se les puede orientar y acompa\u00f1ar en el proceso de b\u00fasqueda de empleo.<\/p>\n<p>&nbsp;<\/p>\n<div class=\"et_pb_slider et_pb_slider_fullwidth_off et_pb_gallery_post_type\">\n\t\t\t\t<div class=\"et_pb_slides\">\n\t\t\t\t\t<div class=\"et_pb_slide\" style=\"background: url(https:\/\/clm-inclusiva.org\/wp-content\/uploads\/2025\/02\/Imagen-de-WhatsApp-2025-02-12-a-las-13.04.26_6b9cf8ee.jpg);\"><\/div><div class=\"et_pb_slide\" style=\"background: url(https:\/\/clm-inclusiva.org\/wp-content\/uploads\/2025\/02\/Imagen-de-WhatsApp-2025-02-12-a-las-13.04.27_562f4531.jpg);\"><\/div><div class=\"et_pb_slide\" style=\"background: url(https:\/\/clm-inclusiva.org\/wp-content\/uploads\/2025\/02\/Imagen-de-WhatsApp-2025-02-12-a-las-13.04.30_4b4234e3.jpg);\"><\/div><div class=\"et_pb_slide\" style=\"background: url(https:\/\/clm-inclusiva.org\/wp-content\/uploads\/2025\/02\/Imagen-de-WhatsApp-2025-02-12-a-las-13.04.31_8c342d46.jpg);\"><\/div><div class=\"et_pb_slide\" style=\"background: url(https:\/\/clm-inclusiva.org\/wp-content\/uploads\/2025\/02\/Imagen-de-WhatsApp-2025-02-12-a-las-13.04.31_30493a5f.jpg);\"><\/div><div class=\"et_pb_slide\" style=\"background: url(https:\/\/clm-inclusiva.org\/wp-content\/uploads\/2025\/02\/Imagen-de-WhatsApp-2025-02-12-a-las-13.04.31_69950d3d.jpg);\"><\/div><div class=\"et_pb_slide\" style=\"background: url(https:\/\/clm-inclusiva.org\/wp-content\/uploads\/2025\/02\/Imagen-de-WhatsApp-2025-02-12-a-las-13.08.42_06c24e29.jpg);\"><\/div>\n\t\t\t\t<\/div>\n\t\t\t<\/div>\n","protected":false},"excerpt":{"rendered":"<p>El programa, desarrollado en colaboraci\u00f3n con el Ayuntamiento de Ol\u00edas del Rey, ha formado a los 15 participantes en competencias clave para mejorar su empleabilidad en el sector el\u00e9ctrico y electr\u00f3nico. Se ha clausurado en Ol\u00edas del Rey (Toledo) el proyecto \u201cOperario\/a de montaje y mantenimiento el\u00e9ctrico y electr\u00f3nico\u201d, desarrollado en el marco de la [&hellip;]<\/p>\n","protected":false},"author":1,"featured_media":5373,"comment_status":"open","ping_status":"open","sticky":false,"template":"","format":"standard","meta":{"_et_pb_use_builder":"","_et_pb_old_content":"","_et_gb_content_width":"","footnotes":""},"categories":[119,47,5,6,97,115],"tags":[],"yoast_head":"<!-- This site is optimized with the Yoast SEO plugin v21.3 - https:\/\/yoast.com\/wordpress\/plugins\/seo\/ -->\n<title>Clausurado en Ol\u00edas del Rey el proyecto de formaci\u00f3n \u2018Operario\/a de montaje y mantenimiento el\u00e9ctrico y electr\u00f3nico\u2019 - Clm-Inclusiva<\/title>\n<meta name=\"robots\" content=\"index, follow, max-snippet:-1, max-image-preview:large, max-video-preview:-1\" \/>\n<link rel=\"canonical\" href=\"https:\/\/clm-inclusiva.org\/?p=5372\" \/>\n<meta property=\"og:locale\" content=\"es_ES\" \/>\n<meta property=\"og:type\" content=\"article\" \/>\n<meta property=\"og:title\" content=\"Clausurado en Ol\u00edas del Rey el proyecto de formaci\u00f3n \u2018Operario\/a de montaje y mantenimiento el\u00e9ctrico y electr\u00f3nico\u2019 - Clm-Inclusiva\" \/>\n<meta property=\"og:description\" content=\"El programa, desarrollado en colaboraci\u00f3n con el Ayuntamiento de Ol\u00edas del Rey, ha formado a los 15 participantes en competencias clave para mejorar su empleabilidad en el sector el\u00e9ctrico y electr\u00f3nico. Se ha clausurado en Ol\u00edas del Rey (Toledo) el proyecto \u201cOperario\/a de montaje y mantenimiento el\u00e9ctrico y electr\u00f3nico\u201d, desarrollado en el marco de la [&hellip;]\" \/>\n<meta property=\"og:url\" content=\"https:\/\/clm-inclusiva.org\/?p=5372\" \/>\n<meta property=\"og:site_name\" content=\"Clm-Inclusiva\" \/>\n<meta property=\"article:publisher\" content=\"https:\/\/www.facebook.com\/castillalamancha.inclusiva\/\" \/>\n<meta property=\"article:published_time\" content=\"2025-02-12T13:29:56+00:00\" \/>\n<meta property=\"og:image\" content=\"http:\/\/clm-inclusiva.org\/wp-content\/uploads\/2025\/02\/FOTO-DE-GRUPO.jpg\" \/>\n\t<meta property=\"og:image:width\" content=\"1600\" \/>\n\t<meta property=\"og:image:height\" content=\"1200\" \/>\n\t<meta property=\"og:image:type\" content=\"image\/jpeg\" \/>\n<meta name=\"author\" content=\"clm-inclusiva\" \/>\n<meta name=\"twitter:card\" content=\"summary_large_image\" \/>\n<meta name=\"twitter:creator\" content=\"@ClmInclusiva\" \/>\n<meta name=\"twitter:site\" content=\"@ClmInclusiva\" \/>\n<meta name=\"twitter:label1\" content=\"Escrito por\" \/>\n\t<meta name=\"twitter:data1\" content=\"clm-inclusiva\" \/>\n\t<meta name=\"twitter:label2\" content=\"Tiempo de lectura\" \/>\n\t<meta name=\"twitter:data2\" content=\"3 minutos\" \/>\n<script type=\"application\/ld+json\" class=\"yoast-schema-graph\">{\"@context\":\"https:\/\/schema.org\",\"@graph\":[{\"@type\":\"Article\",\"@id\":\"https:\/\/clm-inclusiva.org\/?p=5372#article\",\"isPartOf\":{\"@id\":\"https:\/\/clm-inclusiva.org\/?p=5372\"},\"author\":{\"name\":\"clm-inclusiva\",\"@id\":\"https:\/\/clm-inclusiva.org\/#\/schema\/person\/0cff84aaa5bb8fd3521c55d1578d902b\"},\"headline\":\"Clausurado en Ol\u00edas del Rey el proyecto de formaci\u00f3n \u2018Operario\/a de montaje y mantenimiento el\u00e9ctrico y electr\u00f3nico\u2019\",\"datePublished\":\"2025-02-12T13:29:56+00:00\",\"dateModified\":\"2025-02-12T13:29:56+00:00\",\"mainEntityOfPage\":{\"@id\":\"https:\/\/clm-inclusiva.org\/?p=5372\"},\"wordCount\":592,\"commentCount\":0,\"publisher\":{\"@id\":\"https:\/\/clm-inclusiva.org\/#organization\"},\"articleSection\":[\"Castilla-La Mancha\",\"cocemfe\",\"Discapacidad\",\"Empleo\",\"formaci\u00f3n\",\"Ol\u00edas del Rey\"],\"inLanguage\":\"es\",\"potentialAction\":[{\"@type\":\"CommentAction\",\"name\":\"Comment\",\"target\":[\"https:\/\/clm-inclusiva.org\/?p=5372#respond\"]}]},{\"@type\":\"WebPage\",\"@id\":\"https:\/\/clm-inclusiva.org\/?p=5372\",\"url\":\"https:\/\/clm-inclusiva.org\/?p=5372\",\"name\":\"Clausurado en Ol\u00edas del Rey el proyecto de formaci\u00f3n \u2018Operario\/a de montaje y mantenimiento el\u00e9ctrico y electr\u00f3nico\u2019 - Clm-Inclusiva\",\"isPartOf\":{\"@id\":\"https:\/\/clm-inclusiva.org\/#website\"},\"datePublished\":\"2025-02-12T13:29:56+00:00\",\"dateModified\":\"2025-02-12T13:29:56+00:00\",\"breadcrumb\":{\"@id\":\"https:\/\/clm-inclusiva.org\/?p=5372#breadcrumb\"},\"inLanguage\":\"es\",\"potentialAction\":[{\"@type\":\"ReadAction\",\"target\":[\"https:\/\/clm-inclusiva.org\/?p=5372\"]}]},{\"@type\":\"BreadcrumbList\",\"@id\":\"https:\/\/clm-inclusiva.org\/?p=5372#breadcrumb\",\"itemListElement\":[{\"@type\":\"ListItem\",\"position\":1,\"name\":\"Portada\",\"item\":\"https:\/\/clm-inclusiva.org\/\"},{\"@type\":\"ListItem\",\"position\":2,\"name\":\"Clausurado en Ol\u00edas del Rey el proyecto de formaci\u00f3n \u2018Operario\/a de montaje y mantenimiento el\u00e9ctrico y electr\u00f3nico\u2019\"}]},{\"@type\":\"WebSite\",\"@id\":\"https:\/\/clm-inclusiva.org\/#website\",\"url\":\"https:\/\/clm-inclusiva.org\/\",\"name\":\"Clm-Inclusiva\",\"description\":\"Confederaci\u00f3n de entidades de personas con discapacidad f\u00edsica y org\u00e1nica CLM\",\"publisher\":{\"@id\":\"https:\/\/clm-inclusiva.org\/#organization\"},\"potentialAction\":[{\"@type\":\"SearchAction\",\"target\":{\"@type\":\"EntryPoint\",\"urlTemplate\":\"https:\/\/clm-inclusiva.org\/?s={search_term_string}\"},\"query-input\":\"required name=search_term_string\"}],\"inLanguage\":\"es\"},{\"@type\":\"Organization\",\"@id\":\"https:\/\/clm-inclusiva.org\/#organization\",\"name\":\"Clm-Inclusiva\",\"url\":\"https:\/\/clm-inclusiva.org\/\",\"logo\":{\"@type\":\"ImageObject\",\"inLanguage\":\"es\",\"@id\":\"https:\/\/clm-inclusiva.org\/#\/schema\/logo\/image\/\",\"url\":\"http:\/\/clm-inclusiva.org\/wp-content\/uploads\/2019\/04\/banner-e1533720812836.jpg\",\"contentUrl\":\"http:\/\/clm-inclusiva.org\/wp-content\/uploads\/2019\/04\/banner-e1533720812836.jpg\",\"width\":600,\"height\":332,\"caption\":\"Clm-Inclusiva\"},\"image\":{\"@id\":\"https:\/\/clm-inclusiva.org\/#\/schema\/logo\/image\/\"},\"sameAs\":[\"https:\/\/www.facebook.com\/castillalamancha.inclusiva\/\",\"https:\/\/twitter.com\/ClmInclusiva\"]},{\"@type\":\"Person\",\"@id\":\"https:\/\/clm-inclusiva.org\/#\/schema\/person\/0cff84aaa5bb8fd3521c55d1578d902b\",\"name\":\"clm-inclusiva\",\"image\":{\"@type\":\"ImageObject\",\"inLanguage\":\"es\",\"@id\":\"https:\/\/clm-inclusiva.org\/#\/schema\/person\/image\/\",\"url\":\"https:\/\/secure.gravatar.com\/avatar\/88948567af770dc9cd5597b329011884?s=96&d=blank&r=g\",\"contentUrl\":\"https:\/\/secure.gravatar.com\/avatar\/88948567af770dc9cd5597b329011884?s=96&d=blank&r=g\",\"caption\":\"clm-inclusiva\"},\"sameAs\":[\"http:\/\/clm-inclusiva.org\"],\"url\":\"https:\/\/clm-inclusiva.org\/?author=1\"}]}<\/script>\n<!-- \/ Yoast SEO plugin. -->","yoast_head_json":{"title":"Clausurado en Ol\u00edas del Rey el proyecto de formaci\u00f3n \u2018Operario\/a de montaje y mantenimiento el\u00e9ctrico y electr\u00f3nico\u2019 - Clm-Inclusiva","robots":{"index":"index","follow":"follow","max-snippet":"max-snippet:-1","max-image-preview":"max-image-preview:large","max-video-preview":"max-video-preview:-1"},"canonical":"https:\/\/clm-inclusiva.org\/?p=5372","og_locale":"es_ES","og_type":"article","og_title":"Clausurado en Ol\u00edas del Rey el proyecto de formaci\u00f3n \u2018Operario\/a de montaje y mantenimiento el\u00e9ctrico y electr\u00f3nico\u2019 - Clm-Inclusiva","og_description":"El programa, desarrollado en colaboraci\u00f3n con el Ayuntamiento de Ol\u00edas del Rey, ha formado a los 15 participantes en competencias clave para mejorar su empleabilidad en el sector el\u00e9ctrico y electr\u00f3nico. Se ha clausurado en Ol\u00edas del Rey (Toledo) el proyecto \u201cOperario\/a de montaje y mantenimiento el\u00e9ctrico y electr\u00f3nico\u201d, desarrollado en el marco de la [&hellip;]","og_url":"https:\/\/clm-inclusiva.org\/?p=5372","og_site_name":"Clm-Inclusiva","article_publisher":"https:\/\/www.facebook.com\/castillalamancha.inclusiva\/","article_published_time":"2025-02-12T13:29:56+00:00","og_image":[{"width":1600,"height":1200,"url":"http:\/\/clm-inclusiva.org\/wp-content\/uploads\/2025\/02\/FOTO-DE-GRUPO.jpg","type":"image\/jpeg"}],"author":"clm-inclusiva","twitter_card":"summary_large_image","twitter_creator":"@ClmInclusiva","twitter_site":"@ClmInclusiva","twitter_misc":{"Escrito por":"clm-inclusiva","Tiempo de lectura":"3 minutos"},"schema":{"@context":"https:\/\/schema.org","@graph":[{"@type":"Article","@id":"https:\/\/clm-inclusiva.org\/?p=5372#article","isPartOf":{"@id":"https:\/\/clm-inclusiva.org\/?p=5372"},"author":{"name":"clm-inclusiva","@id":"https:\/\/clm-inclusiva.org\/#\/schema\/person\/0cff84aaa5bb8fd3521c55d1578d902b"},"headline":"Clausurado en Ol\u00edas del Rey el proyecto de formaci\u00f3n \u2018Operario\/a de montaje y mantenimiento el\u00e9ctrico y electr\u00f3nico\u2019","datePublished":"2025-02-12T13:29:56+00:00","dateModified":"2025-02-12T13:29:56+00:00","mainEntityOfPage":{"@id":"https:\/\/clm-inclusiva.org\/?p=5372"},"wordCount":592,"commentCount":0,"publisher":{"@id":"https:\/\/clm-inclusiva.org\/#organization"},"articleSection":["Castilla-La Mancha","cocemfe","Discapacidad","Empleo","formaci\u00f3n","Ol\u00edas del Rey"],"inLanguage":"es","potentialAction":[{"@type":"CommentAction","name":"Comment","target":["https:\/\/clm-inclusiva.org\/?p=5372#respond"]}]},{"@type":"WebPage","@id":"https:\/\/clm-inclusiva.org\/?p=5372","url":"https:\/\/clm-inclusiva.org\/?p=5372","name":"Clausurado en Ol\u00edas del Rey el proyecto de formaci\u00f3n \u2018Operario\/a de montaje y mantenimiento el\u00e9ctrico y electr\u00f3nico\u2019 - Clm-Inclusiva","isPartOf":{"@id":"https:\/\/clm-inclusiva.org\/#website"},"datePublished":"2025-02-12T13:29:56+00:00","dateModified":"2025-02-12T13:29:56+00:00","breadcrumb":{"@id":"https:\/\/clm-inclusiva.org\/?p=5372#breadcrumb"},"inLanguage":"es","potentialAction":[{"@type":"ReadAction","target":["https:\/\/clm-inclusiva.org\/?p=5372"]}]},{"@type":"BreadcrumbList","@id":"https:\/\/clm-inclusiva.org\/?p=5372#breadcrumb","itemListElement":[{"@type":"ListItem","position":1,"name":"Portada","item":"https:\/\/clm-inclusiva.org\/"},{"@type":"ListItem","position":2,"name":"Clausurado en Ol\u00edas del Rey el proyecto de formaci\u00f3n \u2018Operario\/a de montaje y mantenimiento el\u00e9ctrico y electr\u00f3nico\u2019"}]},{"@type":"WebSite","@id":"https:\/\/clm-inclusiva.org\/#website","url":"https:\/\/clm-inclusiva.org\/","name":"Clm-Inclusiva","description":"Confederaci\u00f3n de entidades de personas con discapacidad f\u00edsica y org\u00e1nica CLM","publisher":{"@id":"https:\/\/clm-inclusiva.org\/#organization"},"potentialAction":[{"@type":"SearchAction","target":{"@type":"EntryPoint","urlTemplate":"https:\/\/clm-inclusiva.org\/?s={search_term_string}"},"query-input":"required name=search_term_string"}],"inLanguage":"es"},{"@type":"Organization","@id":"https:\/\/clm-inclusiva.org\/#organization","name":"Clm-Inclusiva","url":"https:\/\/clm-inclusiva.org\/","logo":{"@type":"ImageObject","inLanguage":"es","@id":"https:\/\/clm-inclusiva.org\/#\/schema\/logo\/image\/","url":"http:\/\/clm-inclusiva.org\/wp-content\/uploads\/2019\/04\/banner-e1533720812836.jpg","contentUrl":"http:\/\/clm-inclusiva.org\/wp-content\/uploads\/2019\/04\/banner-e1533720812836.jpg","width":600,"height":332,"caption":"Clm-Inclusiva"},"image":{"@id":"https:\/\/clm-inclusiva.org\/#\/schema\/logo\/image\/"},"sameAs":["https:\/\/www.facebook.com\/castillalamancha.inclusiva\/","https:\/\/twitter.com\/ClmInclusiva"]},{"@type":"Person","@id":"https:\/\/clm-inclusiva.org\/#\/schema\/person\/0cff84aaa5bb8fd3521c55d1578d902b","name":"clm-inclusiva","image":{"@type":"ImageObject","inLanguage":"es","@id":"https:\/\/clm-inclusiva.org\/#\/schema\/person\/image\/","url":"https:\/\/secure.gravatar.com\/avatar\/88948567af770dc9cd5597b329011884?s=96&d=blank&r=g","contentUrl":"https:\/\/secure.gravatar.com\/avatar\/88948567af770dc9cd5597b329011884?s=96&d=blank&r=g","caption":"clm-inclusiva"},"sameAs":["http:\/\/clm-inclusiva.org"],"url":"https:\/\/clm-inclusiva.org\/?author=1"}]}},"_links":{"self":[{"href":"https:\/\/clm-inclusiva.org\/index.php?rest_route=\/wp\/v2\/posts\/5372"}],"collection":[{"href":"https:\/\/clm-inclusiva.org\/index.php?rest_route=\/wp\/v2\/posts"}],"about":[{"href":"https:\/\/clm-inclusiva.org\/index.php?rest_route=\/wp\/v2\/types\/post"}],"author":[{"embeddable":true,"href":"https:\/\/clm-inclusiva.org\/index.php?rest_route=\/wp\/v2\/users\/1"}],"replies":[{"embeddable":true,"href":"https:\/\/clm-inclusiva.org\/index.php?rest_route=%2Fwp%2Fv2%2Fcomments&post=5372"}],"version-history":[{"count":2,"href":"https:\/\/clm-inclusiva.org\/index.php?rest_route=\/wp\/v2\/posts\/5372\/revisions"}],"predecessor-version":[{"id":5382,"href":"https:\/\/clm-inclusiva.org\/index.php?rest_route=\/wp\/v2\/posts\/5372\/revisions\/5382"}],"wp:featuredmedia":[{"embeddable":true,"href":"https:\/\/clm-inclusiva.org\/index.php?rest_route=\/wp\/v2\/media\/5373"}],"wp:attachment":[{"href":"https:\/\/clm-inclusiva.org\/index.php?rest_route=%2Fwp%2Fv2%2Fmedia&parent=5372"}],"wp:term":[{"taxonomy":"category","embeddable":true,"href":"https:\/\/clm-inclusiva.org\/index.php?rest_route=%2Fwp%2Fv2%2Fcategories&post=5372"},{"taxonomy":"post_tag","embeddable":true,"href":"https:\/\/clm-inclusiva.org\/index.php?rest_route=%2Fwp%2Fv2%2Ftags&post=5372"}],"curies":[{"name":"wp","href":"https:\/\/api.w.org\/{rel}","templated":true}]}}