{"id":5369,"date":"2025-02-11T09:58:35","date_gmt":"2025-02-11T07:58:35","guid":{"rendered":"https:\/\/clm-inclusiva.org\/?p=5369"},"modified":"2025-02-11T09:58:35","modified_gmt":"2025-02-11T07:58:35","slug":"castilla-la-mancha-inclusiva-cocemfe-selecciona-alumnado-en-ciudad-real","status":"publish","type":"post","link":"https:\/\/clm-inclusiva.org\/?p=5369","title":{"rendered":"Castilla-La Mancha Inclusiva COCEMFE selecciona alumnado en Ciudad Real"},"content":{"rendered":"<ul>\n<li>\n<h3>Fundaci\u00f3n ONCE y Castilla-La Mancha Inclusiva formar\u00e1n a 10 personas con discapacidad en la especialidad de Telemarketing, Community Manager y Redes Sociales en Ciudad Real.<\/h3>\n<\/li>\n<li>\n<h3>La acci\u00f3n formativa es parte de la operaci\u00f3n Uno a Uno \u201cConecta con tu futuro Ciudad Real\u201d financiada por Once y la\u00a0Uni\u00f3n\u00a0Europea.<\/h3>\n<\/li>\n<li>\n<h3>Se ha iniciado el proceso de selecci\u00f3n del alumnado para esta nueva formaci\u00f3n que incluye formaci\u00f3n en puesto de trabajo y becas para facilitar\u00a0la\u00a0asistencia.<\/h3>\n<\/li>\n<\/ul>\n<p>Desde Castilla-La Mancha Inclusiva COCEMFE iniciamos el proceso de b\u00fasqueda de alumnado para la nueva formaci\u00f3n en Telemarketing, Community Manager y Redes Sociales que comenzar\u00e1 el pr\u00f3ximo<strong> 18 de marzo<\/strong> en<strong> Ciudad Real.<\/strong><\/p>\n<p>A partir del 18 de marzo, iniciaremos en Ciudad Real la formaci\u00f3n de Telemarketing, Community Manager y Redes Sociales, orientada a personas con un 33% o m\u00e1s de discapacidad, que se encuentren en situaci\u00f3n de desempleo o inactividad. Este programa, con una duraci\u00f3n de <strong>320 horas<\/strong>, brindar\u00e1 tanto conocimientos te\u00f3ricos como pr\u00e1cticos, con <strong>120 horas en el puesto de trabajo<\/strong>, lo que facilitar\u00e1 la integraci\u00f3n efectiva de los participantes en el mercado laboral. La formaci\u00f3n de <strong>Ciudad Real est\u00e1 espec\u00edficamente dise\u00f1ada para j\u00f3venes entre\u00a016\u00a0y\u00a029\u00a0a\u00f1os<\/strong>.<\/p>\n<p>Estos programas est\u00e1n dise\u00f1ados para ofrecer a los participantes una formaci\u00f3n integral que incluye tanto conocimientos te\u00f3ricos como pr\u00e1cticos, con el objetivo de mejorar su empleabilidad y facilitar su integraci\u00f3n en el entorno laboral.<\/p>\n<p>Como destaca <strong>Enrique Alarc\u00f3n, presidente de la confederaci\u00f3n<\/strong>, \u201ccon esta formaci\u00f3n, no solo buscamos mejorar la empleabilidad de los participantes, sino tambi\u00e9n fomentar su integraci\u00f3n en el entorno laboral, proporcionando una experiencia completa que les permita desarrollar habilidades en un sector en constante crecimiento. Adem\u00e1s, a\u00f1ade, <strong>estamos particularmente enfocados en j\u00f3venes entre 16 y 29 a\u00f1os,<\/strong> porque sabemos que el acceso temprano a la formaci\u00f3n y la experiencia laboral es clave para su futuro profesional.<\/p>\n<p>En CLM Inclusiva, estamos comprometidos con hacer de la inclusi\u00f3n una realidad concreta en nuestra regi\u00f3n, asegurando que las personas con discapacidad tengan la oportunidad de participar activamente en el \u00e1mbito laboral y contribuir al progreso de una sociedad m\u00e1s diversa, accesible y equitativa.<\/p>\n<p>Esta formaci\u00f3n forma parte de la convocatoria de ayudas econ\u00f3micas para la selecci\u00f3n de Operaciones para el Refuerzo de la Empleabilidad para personas J\u00f3venes con Discapacidad \u201cUno a Uno\u201d- a\u00f1o 2024-2025 Programa Estatal FSE+ de Empleo Juvenil 2021-2027.<\/p>\n","protected":false},"excerpt":{"rendered":"<p>Fundaci\u00f3n ONCE y Castilla-La Mancha Inclusiva formar\u00e1n a 10 personas con discapacidad en la especialidad de Telemarketing, Community Manager y Redes Sociales en Ciudad Real. La acci\u00f3n formativa es parte de la operaci\u00f3n Uno a Uno \u201cConecta con tu futuro Ciudad Real\u201d financiada por Once y la\u00a0Uni\u00f3n\u00a0Europea. Se ha iniciado el proceso de selecci\u00f3n del [&hellip;]<\/p>\n","protected":false},"author":1,"featured_media":5370,"comment_status":"open","ping_status":"open","sticky":false,"template":"","format":"standard","meta":{"_et_pb_use_builder":"","_et_pb_old_content":"","_et_gb_content_width":"","footnotes":""},"categories":[119,48,4,47,5,6,97,64,9],"tags":[],"yoast_head":"<!-- This site is optimized with the Yoast SEO plugin v21.3 - https:\/\/yoast.com\/wordpress\/plugins\/seo\/ -->\n<title>Castilla-La Mancha Inclusiva COCEMFE selecciona alumnado en Ciudad Real - Clm-Inclusiva<\/title>\n<meta name=\"robots\" content=\"index, follow, max-snippet:-1, max-image-preview:large, max-video-preview:-1\" \/>\n<link rel=\"canonical\" href=\"https:\/\/clm-inclusiva.org\/?p=5369\" \/>\n<meta property=\"og:locale\" content=\"es_ES\" \/>\n<meta property=\"og:type\" content=\"article\" \/>\n<meta property=\"og:title\" content=\"Castilla-La Mancha Inclusiva COCEMFE selecciona alumnado en Ciudad Real - Clm-Inclusiva\" \/>\n<meta property=\"og:description\" content=\"Fundaci\u00f3n ONCE y Castilla-La Mancha Inclusiva formar\u00e1n a 10 personas con discapacidad en la especialidad de Telemarketing, Community Manager y Redes Sociales en Ciudad Real. La acci\u00f3n formativa es parte de la operaci\u00f3n Uno a Uno \u201cConecta con tu futuro Ciudad Real\u201d financiada por Once y la\u00a0Uni\u00f3n\u00a0Europea. Se ha iniciado el proceso de selecci\u00f3n del [&hellip;]\" \/>\n<meta property=\"og:url\" content=\"https:\/\/clm-inclusiva.org\/?p=5369\" \/>\n<meta property=\"og:site_name\" content=\"Clm-Inclusiva\" \/>\n<meta property=\"article:publisher\" content=\"https:\/\/www.facebook.com\/castillalamancha.inclusiva\/\" \/>\n<meta property=\"article:published_time\" content=\"2025-02-11T07:58:35+00:00\" \/>\n<meta property=\"og:image\" content=\"http:\/\/clm-inclusiva.org\/wp-content\/uploads\/2025\/02\/CIUDAD-REAL.jpg\" \/>\n\t<meta property=\"og:image:width\" content=\"1587\" \/>\n\t<meta property=\"og:image:height\" content=\"2245\" \/>\n\t<meta property=\"og:image:type\" content=\"image\/jpeg\" \/>\n<meta name=\"author\" content=\"clm-inclusiva\" \/>\n<meta name=\"twitter:card\" content=\"summary_large_image\" \/>\n<meta name=\"twitter:creator\" content=\"@ClmInclusiva\" \/>\n<meta name=\"twitter:site\" content=\"@ClmInclusiva\" \/>\n<meta name=\"twitter:label1\" content=\"Escrito por\" \/>\n\t<meta name=\"twitter:data1\" content=\"clm-inclusiva\" \/>\n\t<meta name=\"twitter:label2\" content=\"Tiempo de lectura\" \/>\n\t<meta name=\"twitter:data2\" content=\"2 minutos\" \/>\n<script type=\"application\/ld+json\" class=\"yoast-schema-graph\">{\"@context\":\"https:\/\/schema.org\",\"@graph\":[{\"@type\":\"Article\",\"@id\":\"https:\/\/clm-inclusiva.org\/?p=5369#article\",\"isPartOf\":{\"@id\":\"https:\/\/clm-inclusiva.org\/?p=5369\"},\"author\":{\"name\":\"clm-inclusiva\",\"@id\":\"https:\/\/clm-inclusiva.org\/#\/schema\/person\/0cff84aaa5bb8fd3521c55d1578d902b\"},\"headline\":\"Castilla-La Mancha Inclusiva COCEMFE selecciona alumnado en Ciudad Real\",\"datePublished\":\"2025-02-11T07:58:35+00:00\",\"dateModified\":\"2025-02-11T07:58:35+00:00\",\"mainEntityOfPage\":{\"@id\":\"https:\/\/clm-inclusiva.org\/?p=5369\"},\"wordCount\":434,\"commentCount\":0,\"publisher\":{\"@id\":\"https:\/\/clm-inclusiva.org\/#organization\"},\"articleSection\":[\"Castilla-La Mancha\",\"Ciudad Real\",\"Clm inclusiva\",\"cocemfe\",\"Discapacidad\",\"Empleo\",\"formaci\u00f3n\",\"fundaci\u00f3n once\",\"Trabajo\"],\"inLanguage\":\"es\",\"potentialAction\":[{\"@type\":\"CommentAction\",\"name\":\"Comment\",\"target\":[\"https:\/\/clm-inclusiva.org\/?p=5369#respond\"]}]},{\"@type\":\"WebPage\",\"@id\":\"https:\/\/clm-inclusiva.org\/?p=5369\",\"url\":\"https:\/\/clm-inclusiva.org\/?p=5369\",\"name\":\"Castilla-La Mancha Inclusiva COCEMFE selecciona alumnado en Ciudad Real - Clm-Inclusiva\",\"isPartOf\":{\"@id\":\"https:\/\/clm-inclusiva.org\/#website\"},\"datePublished\":\"2025-02-11T07:58:35+00:00\",\"dateModified\":\"2025-02-11T07:58:35+00:00\",\"breadcrumb\":{\"@id\":\"https:\/\/clm-inclusiva.org\/?p=5369#breadcrumb\"},\"inLanguage\":\"es\",\"potentialAction\":[{\"@type\":\"ReadAction\",\"target\":[\"https:\/\/clm-inclusiva.org\/?p=5369\"]}]},{\"@type\":\"BreadcrumbList\",\"@id\":\"https:\/\/clm-inclusiva.org\/?p=5369#breadcrumb\",\"itemListElement\":[{\"@type\":\"ListItem\",\"position\":1,\"name\":\"Portada\",\"item\":\"https:\/\/clm-inclusiva.org\/\"},{\"@type\":\"ListItem\",\"position\":2,\"name\":\"Castilla-La Mancha Inclusiva COCEMFE selecciona alumnado en Ciudad Real\"}]},{\"@type\":\"WebSite\",\"@id\":\"https:\/\/clm-inclusiva.org\/#website\",\"url\":\"https:\/\/clm-inclusiva.org\/\",\"name\":\"Clm-Inclusiva\",\"description\":\"Confederaci\u00f3n de entidades de personas con discapacidad f\u00edsica y org\u00e1nica CLM\",\"publisher\":{\"@id\":\"https:\/\/clm-inclusiva.org\/#organization\"},\"potentialAction\":[{\"@type\":\"SearchAction\",\"target\":{\"@type\":\"EntryPoint\",\"urlTemplate\":\"https:\/\/clm-inclusiva.org\/?s={search_term_string}\"},\"query-input\":\"required name=search_term_string\"}],\"inLanguage\":\"es\"},{\"@type\":\"Organization\",\"@id\":\"https:\/\/clm-inclusiva.org\/#organization\",\"name\":\"Clm-Inclusiva\",\"url\":\"https:\/\/clm-inclusiva.org\/\",\"logo\":{\"@type\":\"ImageObject\",\"inLanguage\":\"es\",\"@id\":\"https:\/\/clm-inclusiva.org\/#\/schema\/logo\/image\/\",\"url\":\"http:\/\/clm-inclusiva.org\/wp-content\/uploads\/2019\/04\/banner-e1533720812836.jpg\",\"contentUrl\":\"http:\/\/clm-inclusiva.org\/wp-content\/uploads\/2019\/04\/banner-e1533720812836.jpg\",\"width\":600,\"height\":332,\"caption\":\"Clm-Inclusiva\"},\"image\":{\"@id\":\"https:\/\/clm-inclusiva.org\/#\/schema\/logo\/image\/\"},\"sameAs\":[\"https:\/\/www.facebook.com\/castillalamancha.inclusiva\/\",\"https:\/\/twitter.com\/ClmInclusiva\"]},{\"@type\":\"Person\",\"@id\":\"https:\/\/clm-inclusiva.org\/#\/schema\/person\/0cff84aaa5bb8fd3521c55d1578d902b\",\"name\":\"clm-inclusiva\",\"image\":{\"@type\":\"ImageObject\",\"inLanguage\":\"es\",\"@id\":\"https:\/\/clm-inclusiva.org\/#\/schema\/person\/image\/\",\"url\":\"https:\/\/secure.gravatar.com\/avatar\/88948567af770dc9cd5597b329011884?s=96&d=blank&r=g\",\"contentUrl\":\"https:\/\/secure.gravatar.com\/avatar\/88948567af770dc9cd5597b329011884?s=96&d=blank&r=g\",\"caption\":\"clm-inclusiva\"},\"sameAs\":[\"http:\/\/clm-inclusiva.org\"],\"url\":\"https:\/\/clm-inclusiva.org\/?author=1\"}]}<\/script>\n<!-- \/ Yoast SEO plugin. -->","yoast_head_json":{"title":"Castilla-La Mancha Inclusiva COCEMFE selecciona alumnado en Ciudad Real - Clm-Inclusiva","robots":{"index":"index","follow":"follow","max-snippet":"max-snippet:-1","max-image-preview":"max-image-preview:large","max-video-preview":"max-video-preview:-1"},"canonical":"https:\/\/clm-inclusiva.org\/?p=5369","og_locale":"es_ES","og_type":"article","og_title":"Castilla-La Mancha Inclusiva COCEMFE selecciona alumnado en Ciudad Real - Clm-Inclusiva","og_description":"Fundaci\u00f3n ONCE y Castilla-La Mancha Inclusiva formar\u00e1n a 10 personas con discapacidad en la especialidad de Telemarketing, Community Manager y Redes Sociales en Ciudad Real. La acci\u00f3n formativa es parte de la operaci\u00f3n Uno a Uno \u201cConecta con tu futuro Ciudad Real\u201d financiada por Once y la\u00a0Uni\u00f3n\u00a0Europea. Se ha iniciado el proceso de selecci\u00f3n del [&hellip;]","og_url":"https:\/\/clm-inclusiva.org\/?p=5369","og_site_name":"Clm-Inclusiva","article_publisher":"https:\/\/www.facebook.com\/castillalamancha.inclusiva\/","article_published_time":"2025-02-11T07:58:35+00:00","og_image":[{"width":1587,"height":2245,"url":"http:\/\/clm-inclusiva.org\/wp-content\/uploads\/2025\/02\/CIUDAD-REAL.jpg","type":"image\/jpeg"}],"author":"clm-inclusiva","twitter_card":"summary_large_image","twitter_creator":"@ClmInclusiva","twitter_site":"@ClmInclusiva","twitter_misc":{"Escrito por":"clm-inclusiva","Tiempo de lectura":"2 minutos"},"schema":{"@context":"https:\/\/schema.org","@graph":[{"@type":"Article","@id":"https:\/\/clm-inclusiva.org\/?p=5369#article","isPartOf":{"@id":"https:\/\/clm-inclusiva.org\/?p=5369"},"author":{"name":"clm-inclusiva","@id":"https:\/\/clm-inclusiva.org\/#\/schema\/person\/0cff84aaa5bb8fd3521c55d1578d902b"},"headline":"Castilla-La Mancha Inclusiva COCEMFE selecciona alumnado en Ciudad Real","datePublished":"2025-02-11T07:58:35+00:00","dateModified":"2025-02-11T07:58:35+00:00","mainEntityOfPage":{"@id":"https:\/\/clm-inclusiva.org\/?p=5369"},"wordCount":434,"commentCount":0,"publisher":{"@id":"https:\/\/clm-inclusiva.org\/#organization"},"articleSection":["Castilla-La Mancha","Ciudad Real","Clm inclusiva","cocemfe","Discapacidad","Empleo","formaci\u00f3n","fundaci\u00f3n once","Trabajo"],"inLanguage":"es","potentialAction":[{"@type":"CommentAction","name":"Comment","target":["https:\/\/clm-inclusiva.org\/?p=5369#respond"]}]},{"@type":"WebPage","@id":"https:\/\/clm-inclusiva.org\/?p=5369","url":"https:\/\/clm-inclusiva.org\/?p=5369","name":"Castilla-La Mancha Inclusiva COCEMFE selecciona alumnado en Ciudad Real - Clm-Inclusiva","isPartOf":{"@id":"https:\/\/clm-inclusiva.org\/#website"},"datePublished":"2025-02-11T07:58:35+00:00","dateModified":"2025-02-11T07:58:35+00:00","breadcrumb":{"@id":"https:\/\/clm-inclusiva.org\/?p=5369#breadcrumb"},"inLanguage":"es","potentialAction":[{"@type":"ReadAction","target":["https:\/\/clm-inclusiva.org\/?p=5369"]}]},{"@type":"BreadcrumbList","@id":"https:\/\/clm-inclusiva.org\/?p=5369#breadcrumb","itemListElement":[{"@type":"ListItem","position":1,"name":"Portada","item":"https:\/\/clm-inclusiva.org\/"},{"@type":"ListItem","position":2,"name":"Castilla-La Mancha Inclusiva COCEMFE selecciona alumnado en Ciudad Real"}]},{"@type":"WebSite","@id":"https:\/\/clm-inclusiva.org\/#website","url":"https:\/\/clm-inclusiva.org\/","name":"Clm-Inclusiva","description":"Confederaci\u00f3n de entidades de personas con discapacidad f\u00edsica y org\u00e1nica CLM","publisher":{"@id":"https:\/\/clm-inclusiva.org\/#organization"},"potentialAction":[{"@type":"SearchAction","target":{"@type":"EntryPoint","urlTemplate":"https:\/\/clm-inclusiva.org\/?s={search_term_string}"},"query-input":"required name=search_term_string"}],"inLanguage":"es"},{"@type":"Organization","@id":"https:\/\/clm-inclusiva.org\/#organization","name":"Clm-Inclusiva","url":"https:\/\/clm-inclusiva.org\/","logo":{"@type":"ImageObject","inLanguage":"es","@id":"https:\/\/clm-inclusiva.org\/#\/schema\/logo\/image\/","url":"http:\/\/clm-inclusiva.org\/wp-content\/uploads\/2019\/04\/banner-e1533720812836.jpg","contentUrl":"http:\/\/clm-inclusiva.org\/wp-content\/uploads\/2019\/04\/banner-e1533720812836.jpg","width":600,"height":332,"caption":"Clm-Inclusiva"},"image":{"@id":"https:\/\/clm-inclusiva.org\/#\/schema\/logo\/image\/"},"sameAs":["https:\/\/www.facebook.com\/castillalamancha.inclusiva\/","https:\/\/twitter.com\/ClmInclusiva"]},{"@type":"Person","@id":"https:\/\/clm-inclusiva.org\/#\/schema\/person\/0cff84aaa5bb8fd3521c55d1578d902b","name":"clm-inclusiva","image":{"@type":"ImageObject","inLanguage":"es","@id":"https:\/\/clm-inclusiva.org\/#\/schema\/person\/image\/","url":"https:\/\/secure.gravatar.com\/avatar\/88948567af770dc9cd5597b329011884?s=96&d=blank&r=g","contentUrl":"https:\/\/secure.gravatar.com\/avatar\/88948567af770dc9cd5597b329011884?s=96&d=blank&r=g","caption":"clm-inclusiva"},"sameAs":["http:\/\/clm-inclusiva.org"],"url":"https:\/\/clm-inclusiva.org\/?author=1"}]}},"_links":{"self":[{"href":"https:\/\/clm-inclusiva.org\/index.php?rest_route=\/wp\/v2\/posts\/5369"}],"collection":[{"href":"https:\/\/clm-inclusiva.org\/index.php?rest_route=\/wp\/v2\/posts"}],"about":[{"href":"https:\/\/clm-inclusiva.org\/index.php?rest_route=\/wp\/v2\/types\/post"}],"author":[{"embeddable":true,"href":"https:\/\/clm-inclusiva.org\/index.php?rest_route=\/wp\/v2\/users\/1"}],"replies":[{"embeddable":true,"href":"https:\/\/clm-inclusiva.org\/index.php?rest_route=%2Fwp%2Fv2%2Fcomments&post=5369"}],"version-history":[{"count":1,"href":"https:\/\/clm-inclusiva.org\/index.php?rest_route=\/wp\/v2\/posts\/5369\/revisions"}],"predecessor-version":[{"id":5371,"href":"https:\/\/clm-inclusiva.org\/index.php?rest_route=\/wp\/v2\/posts\/5369\/revisions\/5371"}],"wp:featuredmedia":[{"embeddable":true,"href":"https:\/\/clm-inclusiva.org\/index.php?rest_route=\/wp\/v2\/media\/5370"}],"wp:attachment":[{"href":"https:\/\/clm-inclusiva.org\/index.php?rest_route=%2Fwp%2Fv2%2Fmedia&parent=5369"}],"wp:term":[{"taxonomy":"category","embeddable":true,"href":"https:\/\/clm-inclusiva.org\/index.php?rest_route=%2Fwp%2Fv2%2Fcategories&post=5369"},{"taxonomy":"post_tag","embeddable":true,"href":"https:\/\/clm-inclusiva.org\/index.php?rest_route=%2Fwp%2Fv2%2Ftags&post=5369"}],"curies":[{"name":"wp","href":"https:\/\/api.w.org\/{rel}","templated":true}]}}