{"id":5365,"date":"2025-02-07T11:08:34","date_gmt":"2025-02-07T09:08:34","guid":{"rendered":"https:\/\/clm-inclusiva.org\/?p=5365"},"modified":"2025-02-07T11:08:34","modified_gmt":"2025-02-07T09:08:34","slug":"castilla-la-mancha-inclusiva-comienza-el-proceso-de-busqueda-de-alumnado-en-cuenca-y-tarancon","status":"publish","type":"post","link":"https:\/\/clm-inclusiva.org\/?p=5365","title":{"rendered":"Castilla-La Mancha Inclusiva comienza el proceso de b\u00fasqueda de alumnado en Cuenca y Taranc\u00f3n"},"content":{"rendered":"<ul>\n<li>\n<h3>Fundaci\u00f3n ONCE y Castilla-La Mancha Inclusiva formar\u00e1n a 15 personas con discapacidad en las especialidades de Atenci\u00f3n Sociosanitaria y Asistente Personas en Cuenca, y Auxiliar Administrativo y Ofim\u00e1tica B\u00e1sica en Taranc\u00f3n (Cuenca).<\/h3>\n<\/li>\n<li>\n<h3>Las acciones formativas son parte de las operaciones Uno a Uno \u201cConecta con tu futuro Cuenca\u201d y Psicosocial \u201cConecta con tu futuro Taranc\u00f3n\u201d financiadas por Once y la\u00a0Uni\u00f3n\u00a0Europea.<\/h3>\n<\/li>\n<li>\n<h3>Se ha iniciado el proceso de selecci\u00f3n del alumnado para estas nuevas formaciones que incluyen formaci\u00f3n en puesto de trabajo y becas para facilitar\u00a0la\u00a0asistencia.<\/h3>\n<\/li>\n<\/ul>\n<p>Desde Castilla-La Mancha Inclusiva COCEMFE iniciamos el proceso de b\u00fasqueda de alumnado para las nuevas formaciones en <strong>Atenci\u00f3n Sociosanitaria y Asistente Personas en Cuenca, <\/strong>que comenzar\u00e1 el pr\u00f3ximo<strong> 18 de marzo; y Auxiliar Administrativo y Ofim\u00e1tica B\u00e1sica en Taranc\u00f3n (Cuenca)<\/strong><strong>.<\/strong> Esta \u00faltima comenzar\u00e1 el<strong> 2 de abril.<\/strong><\/p>\n<p>A partir del 18 de marzo, iniciaremos en Cuenca la formaci\u00f3n de <strong>Atenci\u00f3n Sociosanitaria<\/strong> y <strong>Asistente de Personas<\/strong>, orientados a personas con un 33% o m\u00e1s de discapacidad, que se encuentren en situaci\u00f3n de desempleo o inactividad. Este programa, con una duraci\u00f3n de <strong>320 horas<\/strong>, brindar\u00e1 tanto conocimientos te\u00f3ricos como pr\u00e1cticos, con <strong>120 horas en el puesto de trabajo<\/strong>, lo que facilitar\u00e1 la integraci\u00f3n efectiva de los participantes en el mercado laboral.<\/p>\n<p>Por otro lado, en Taranc\u00f3n, a partir del 2 de abril, ofreceremos la formaci\u00f3n de <strong>Auxiliar Administrativo y Ofim\u00e1tica B\u00e1sica<\/strong>, dise\u00f1ado especialmente para personas en situaci\u00f3n de desempleo, con un enfoque inclusivo para aquellas con <strong>discapacidad psicosocial<\/strong>. Este programa de <strong>350 horas<\/strong> proporcionar\u00e1 las herramientas necesarias para desempe\u00f1arse en el \u00e1mbito administrativo y dominar las herramientas de ofim\u00e1tica esenciales, una competencia altamente demandada en la actualidad.<\/p>\n<p>Estos programas est\u00e1n dise\u00f1ados para ofrecer a los participantes una formaci\u00f3n integral que incluye tanto conocimientos te\u00f3ricos como pr\u00e1cticos, con el objetivo de mejorar su empleabilidad y facilitar su integraci\u00f3n en el entorno laboral.<\/p>\n<p>\u201cDesde Castilla-La Mancha Inclusiva COCEMFE, estamos comprometidos con la inclusi\u00f3n y el apoyo a las personas con discapacidad, trabajando por un entorno m\u00e1s justo y accesible para todos\u201d explica<strong> Enrique Alarc\u00f3n, presidente de la confederaci\u00f3n.<\/strong><\/p>\n<p>Estos programas, a\u00f1ade, \u201cno solo son una oportunidad para mejorar la empleabilidad de nuestros participantes, sino tambi\u00e9n un paso importante hacia una sociedad m\u00e1s inclusiva, donde las personas con discapacidad tengan las mismas oportunidades de formaci\u00f3n y empleo que el resto de la poblaci\u00f3n\u201d.<\/p>\n<p>Desde CLM Inclusiva, seguimos trabajando para garantizar que la inclusi\u00f3n sea una realidad tangible en nuestra regi\u00f3n, y que las personas con discapacidad puedan participar plenamente en la vida laboral, contribuyendo al desarrollo de una sociedad m\u00e1s diversa, accesible y justa.<\/p>\n<p>Estas formaciones forman parte de la convocatoria de ayudas econ\u00f3micas para la selecci\u00f3n de Operaciones para el Refuerzo de la Empleabilidad para personas con Discapacidad \u201cPsicosocial\u201d \u2013 a\u00f1o 2024-2025 Programa Estatal FSE+ de Inclusi\u00f3n Social, Garant\u00eda Infantil y Lucha contra la Pobreza 2021-2027. As\u00ed como de la convocatoria de ayudas econ\u00f3micas para la selecci\u00f3n de Operaciones para el Refuerzo de la Empleabilidad para personas con Discapacidad \u201cUno a Uno\u201d- a\u00f1o 2024-2025 Programa Estatal FSE+ de Inclusi\u00f3n Social, Garant\u00eda Infantil y Lucha contra la Pobreza 2021-2027.<\/p>\n<p>&nbsp;<\/p>\n<div class=\"et_pb_slider et_pb_slider_fullwidth_off et_pb_gallery_post_type\">\n\t\t\t\t<div class=\"et_pb_slides\">\n\t\t\t\t\t<div class=\"et_pb_slide\" style=\"background: url(https:\/\/clm-inclusiva.org\/wp-content\/uploads\/2025\/02\/CUENCA.jpg);\"><\/div><div class=\"et_pb_slide\" style=\"background: url(https:\/\/clm-inclusiva.org\/wp-content\/uploads\/2025\/02\/TARANCON.jpg);\"><\/div>\n\t\t\t\t<\/div>\n\t\t\t<\/div>\n","protected":false},"excerpt":{"rendered":"<p>Fundaci\u00f3n ONCE y Castilla-La Mancha Inclusiva formar\u00e1n a 15 personas con discapacidad en las especialidades de Atenci\u00f3n Sociosanitaria y Asistente Personas en Cuenca, y Auxiliar Administrativo y Ofim\u00e1tica B\u00e1sica en Taranc\u00f3n (Cuenca). Las acciones formativas son parte de las operaciones Uno a Uno \u201cConecta con tu futuro Cuenca\u201d y Psicosocial \u201cConecta con tu futuro Taranc\u00f3n\u201d [&hellip;]<\/p>\n","protected":false},"author":1,"featured_media":5366,"comment_status":"open","ping_status":"open","sticky":false,"template":"","format":"standard","meta":{"_et_pb_use_builder":"","_et_pb_old_content":"","_et_gb_content_width":"","footnotes":""},"categories":[119,4,50,6,97,64,121],"tags":[],"yoast_head":"<!-- This site is optimized with the Yoast SEO plugin v21.3 - https:\/\/yoast.com\/wordpress\/plugins\/seo\/ -->\n<title>Castilla-La Mancha Inclusiva comienza el proceso de b\u00fasqueda de alumnado en Cuenca y Taranc\u00f3n - Clm-Inclusiva<\/title>\n<meta name=\"robots\" content=\"index, follow, max-snippet:-1, max-image-preview:large, max-video-preview:-1\" \/>\n<link rel=\"canonical\" href=\"https:\/\/clm-inclusiva.org\/?p=5365\" \/>\n<meta property=\"og:locale\" content=\"es_ES\" \/>\n<meta property=\"og:type\" content=\"article\" \/>\n<meta property=\"og:title\" content=\"Castilla-La Mancha Inclusiva comienza el proceso de b\u00fasqueda de alumnado en Cuenca y Taranc\u00f3n - Clm-Inclusiva\" \/>\n<meta property=\"og:description\" content=\"Fundaci\u00f3n ONCE y Castilla-La Mancha Inclusiva formar\u00e1n a 15 personas con discapacidad en las especialidades de Atenci\u00f3n Sociosanitaria y Asistente Personas en Cuenca, y Auxiliar Administrativo y Ofim\u00e1tica B\u00e1sica en Taranc\u00f3n (Cuenca). Las acciones formativas son parte de las operaciones Uno a Uno \u201cConecta con tu futuro Cuenca\u201d y Psicosocial \u201cConecta con tu futuro Taranc\u00f3n\u201d [&hellip;]\" \/>\n<meta property=\"og:url\" content=\"https:\/\/clm-inclusiva.org\/?p=5365\" \/>\n<meta property=\"og:site_name\" content=\"Clm-Inclusiva\" \/>\n<meta property=\"article:publisher\" content=\"https:\/\/www.facebook.com\/castillalamancha.inclusiva\/\" \/>\n<meta property=\"article:published_time\" content=\"2025-02-07T09:08:34+00:00\" \/>\n<meta property=\"og:image\" content=\"http:\/\/clm-inclusiva.org\/wp-content\/uploads\/2025\/02\/CUENCA.jpg\" \/>\n\t<meta property=\"og:image:width\" content=\"1587\" \/>\n\t<meta property=\"og:image:height\" content=\"2245\" \/>\n\t<meta property=\"og:image:type\" content=\"image\/jpeg\" \/>\n<meta name=\"author\" content=\"clm-inclusiva\" \/>\n<meta name=\"twitter:card\" content=\"summary_large_image\" \/>\n<meta name=\"twitter:creator\" content=\"@ClmInclusiva\" \/>\n<meta name=\"twitter:site\" content=\"@ClmInclusiva\" \/>\n<meta name=\"twitter:label1\" content=\"Escrito por\" \/>\n\t<meta name=\"twitter:data1\" content=\"clm-inclusiva\" \/>\n\t<meta name=\"twitter:label2\" content=\"Tiempo de lectura\" \/>\n\t<meta name=\"twitter:data2\" content=\"3 minutos\" \/>\n<script type=\"application\/ld+json\" class=\"yoast-schema-graph\">{\"@context\":\"https:\/\/schema.org\",\"@graph\":[{\"@type\":\"Article\",\"@id\":\"https:\/\/clm-inclusiva.org\/?p=5365#article\",\"isPartOf\":{\"@id\":\"https:\/\/clm-inclusiva.org\/?p=5365\"},\"author\":{\"name\":\"clm-inclusiva\",\"@id\":\"https:\/\/clm-inclusiva.org\/#\/schema\/person\/0cff84aaa5bb8fd3521c55d1578d902b\"},\"headline\":\"Castilla-La Mancha Inclusiva comienza el proceso de b\u00fasqueda de alumnado en Cuenca y Taranc\u00f3n\",\"datePublished\":\"2025-02-07T09:08:34+00:00\",\"dateModified\":\"2025-02-07T09:08:34+00:00\",\"mainEntityOfPage\":{\"@id\":\"https:\/\/clm-inclusiva.org\/?p=5365\"},\"wordCount\":582,\"commentCount\":0,\"publisher\":{\"@id\":\"https:\/\/clm-inclusiva.org\/#organization\"},\"articleSection\":[\"Castilla-La Mancha\",\"Clm inclusiva\",\"Cuenca\",\"Empleo\",\"formaci\u00f3n\",\"fundaci\u00f3n once\",\"Taranc\u00f3n\"],\"inLanguage\":\"es\",\"potentialAction\":[{\"@type\":\"CommentAction\",\"name\":\"Comment\",\"target\":[\"https:\/\/clm-inclusiva.org\/?p=5365#respond\"]}]},{\"@type\":\"WebPage\",\"@id\":\"https:\/\/clm-inclusiva.org\/?p=5365\",\"url\":\"https:\/\/clm-inclusiva.org\/?p=5365\",\"name\":\"Castilla-La Mancha Inclusiva comienza el proceso de b\u00fasqueda de alumnado en Cuenca y Taranc\u00f3n - Clm-Inclusiva\",\"isPartOf\":{\"@id\":\"https:\/\/clm-inclusiva.org\/#website\"},\"datePublished\":\"2025-02-07T09:08:34+00:00\",\"dateModified\":\"2025-02-07T09:08:34+00:00\",\"breadcrumb\":{\"@id\":\"https:\/\/clm-inclusiva.org\/?p=5365#breadcrumb\"},\"inLanguage\":\"es\",\"potentialAction\":[{\"@type\":\"ReadAction\",\"target\":[\"https:\/\/clm-inclusiva.org\/?p=5365\"]}]},{\"@type\":\"BreadcrumbList\",\"@id\":\"https:\/\/clm-inclusiva.org\/?p=5365#breadcrumb\",\"itemListElement\":[{\"@type\":\"ListItem\",\"position\":1,\"name\":\"Portada\",\"item\":\"https:\/\/clm-inclusiva.org\/\"},{\"@type\":\"ListItem\",\"position\":2,\"name\":\"Castilla-La Mancha Inclusiva comienza el proceso de b\u00fasqueda de alumnado en Cuenca y Taranc\u00f3n\"}]},{\"@type\":\"WebSite\",\"@id\":\"https:\/\/clm-inclusiva.org\/#website\",\"url\":\"https:\/\/clm-inclusiva.org\/\",\"name\":\"Clm-Inclusiva\",\"description\":\"Confederaci\u00f3n de entidades de personas con discapacidad f\u00edsica y org\u00e1nica CLM\",\"publisher\":{\"@id\":\"https:\/\/clm-inclusiva.org\/#organization\"},\"potentialAction\":[{\"@type\":\"SearchAction\",\"target\":{\"@type\":\"EntryPoint\",\"urlTemplate\":\"https:\/\/clm-inclusiva.org\/?s={search_term_string}\"},\"query-input\":\"required name=search_term_string\"}],\"inLanguage\":\"es\"},{\"@type\":\"Organization\",\"@id\":\"https:\/\/clm-inclusiva.org\/#organization\",\"name\":\"Clm-Inclusiva\",\"url\":\"https:\/\/clm-inclusiva.org\/\",\"logo\":{\"@type\":\"ImageObject\",\"inLanguage\":\"es\",\"@id\":\"https:\/\/clm-inclusiva.org\/#\/schema\/logo\/image\/\",\"url\":\"http:\/\/clm-inclusiva.org\/wp-content\/uploads\/2019\/04\/banner-e1533720812836.jpg\",\"contentUrl\":\"http:\/\/clm-inclusiva.org\/wp-content\/uploads\/2019\/04\/banner-e1533720812836.jpg\",\"width\":600,\"height\":332,\"caption\":\"Clm-Inclusiva\"},\"image\":{\"@id\":\"https:\/\/clm-inclusiva.org\/#\/schema\/logo\/image\/\"},\"sameAs\":[\"https:\/\/www.facebook.com\/castillalamancha.inclusiva\/\",\"https:\/\/twitter.com\/ClmInclusiva\"]},{\"@type\":\"Person\",\"@id\":\"https:\/\/clm-inclusiva.org\/#\/schema\/person\/0cff84aaa5bb8fd3521c55d1578d902b\",\"name\":\"clm-inclusiva\",\"image\":{\"@type\":\"ImageObject\",\"inLanguage\":\"es\",\"@id\":\"https:\/\/clm-inclusiva.org\/#\/schema\/person\/image\/\",\"url\":\"https:\/\/secure.gravatar.com\/avatar\/88948567af770dc9cd5597b329011884?s=96&d=blank&r=g\",\"contentUrl\":\"https:\/\/secure.gravatar.com\/avatar\/88948567af770dc9cd5597b329011884?s=96&d=blank&r=g\",\"caption\":\"clm-inclusiva\"},\"sameAs\":[\"http:\/\/clm-inclusiva.org\"],\"url\":\"https:\/\/clm-inclusiva.org\/?author=1\"}]}<\/script>\n<!-- \/ Yoast SEO plugin. -->","yoast_head_json":{"title":"Castilla-La Mancha Inclusiva comienza el proceso de b\u00fasqueda de alumnado en Cuenca y Taranc\u00f3n - Clm-Inclusiva","robots":{"index":"index","follow":"follow","max-snippet":"max-snippet:-1","max-image-preview":"max-image-preview:large","max-video-preview":"max-video-preview:-1"},"canonical":"https:\/\/clm-inclusiva.org\/?p=5365","og_locale":"es_ES","og_type":"article","og_title":"Castilla-La Mancha Inclusiva comienza el proceso de b\u00fasqueda de alumnado en Cuenca y Taranc\u00f3n - Clm-Inclusiva","og_description":"Fundaci\u00f3n ONCE y Castilla-La Mancha Inclusiva formar\u00e1n a 15 personas con discapacidad en las especialidades de Atenci\u00f3n Sociosanitaria y Asistente Personas en Cuenca, y Auxiliar Administrativo y Ofim\u00e1tica B\u00e1sica en Taranc\u00f3n (Cuenca). Las acciones formativas son parte de las operaciones Uno a Uno \u201cConecta con tu futuro Cuenca\u201d y Psicosocial \u201cConecta con tu futuro Taranc\u00f3n\u201d [&hellip;]","og_url":"https:\/\/clm-inclusiva.org\/?p=5365","og_site_name":"Clm-Inclusiva","article_publisher":"https:\/\/www.facebook.com\/castillalamancha.inclusiva\/","article_published_time":"2025-02-07T09:08:34+00:00","og_image":[{"width":1587,"height":2245,"url":"http:\/\/clm-inclusiva.org\/wp-content\/uploads\/2025\/02\/CUENCA.jpg","type":"image\/jpeg"}],"author":"clm-inclusiva","twitter_card":"summary_large_image","twitter_creator":"@ClmInclusiva","twitter_site":"@ClmInclusiva","twitter_misc":{"Escrito por":"clm-inclusiva","Tiempo de lectura":"3 minutos"},"schema":{"@context":"https:\/\/schema.org","@graph":[{"@type":"Article","@id":"https:\/\/clm-inclusiva.org\/?p=5365#article","isPartOf":{"@id":"https:\/\/clm-inclusiva.org\/?p=5365"},"author":{"name":"clm-inclusiva","@id":"https:\/\/clm-inclusiva.org\/#\/schema\/person\/0cff84aaa5bb8fd3521c55d1578d902b"},"headline":"Castilla-La Mancha Inclusiva comienza el proceso de b\u00fasqueda de alumnado en Cuenca y Taranc\u00f3n","datePublished":"2025-02-07T09:08:34+00:00","dateModified":"2025-02-07T09:08:34+00:00","mainEntityOfPage":{"@id":"https:\/\/clm-inclusiva.org\/?p=5365"},"wordCount":582,"commentCount":0,"publisher":{"@id":"https:\/\/clm-inclusiva.org\/#organization"},"articleSection":["Castilla-La Mancha","Clm inclusiva","Cuenca","Empleo","formaci\u00f3n","fundaci\u00f3n once","Taranc\u00f3n"],"inLanguage":"es","potentialAction":[{"@type":"CommentAction","name":"Comment","target":["https:\/\/clm-inclusiva.org\/?p=5365#respond"]}]},{"@type":"WebPage","@id":"https:\/\/clm-inclusiva.org\/?p=5365","url":"https:\/\/clm-inclusiva.org\/?p=5365","name":"Castilla-La Mancha Inclusiva comienza el proceso de b\u00fasqueda de alumnado en Cuenca y Taranc\u00f3n - Clm-Inclusiva","isPartOf":{"@id":"https:\/\/clm-inclusiva.org\/#website"},"datePublished":"2025-02-07T09:08:34+00:00","dateModified":"2025-02-07T09:08:34+00:00","breadcrumb":{"@id":"https:\/\/clm-inclusiva.org\/?p=5365#breadcrumb"},"inLanguage":"es","potentialAction":[{"@type":"ReadAction","target":["https:\/\/clm-inclusiva.org\/?p=5365"]}]},{"@type":"BreadcrumbList","@id":"https:\/\/clm-inclusiva.org\/?p=5365#breadcrumb","itemListElement":[{"@type":"ListItem","position":1,"name":"Portada","item":"https:\/\/clm-inclusiva.org\/"},{"@type":"ListItem","position":2,"name":"Castilla-La Mancha Inclusiva comienza el proceso de b\u00fasqueda de alumnado en Cuenca y Taranc\u00f3n"}]},{"@type":"WebSite","@id":"https:\/\/clm-inclusiva.org\/#website","url":"https:\/\/clm-inclusiva.org\/","name":"Clm-Inclusiva","description":"Confederaci\u00f3n de entidades de personas con discapacidad f\u00edsica y org\u00e1nica CLM","publisher":{"@id":"https:\/\/clm-inclusiva.org\/#organization"},"potentialAction":[{"@type":"SearchAction","target":{"@type":"EntryPoint","urlTemplate":"https:\/\/clm-inclusiva.org\/?s={search_term_string}"},"query-input":"required name=search_term_string"}],"inLanguage":"es"},{"@type":"Organization","@id":"https:\/\/clm-inclusiva.org\/#organization","name":"Clm-Inclusiva","url":"https:\/\/clm-inclusiva.org\/","logo":{"@type":"ImageObject","inLanguage":"es","@id":"https:\/\/clm-inclusiva.org\/#\/schema\/logo\/image\/","url":"http:\/\/clm-inclusiva.org\/wp-content\/uploads\/2019\/04\/banner-e1533720812836.jpg","contentUrl":"http:\/\/clm-inclusiva.org\/wp-content\/uploads\/2019\/04\/banner-e1533720812836.jpg","width":600,"height":332,"caption":"Clm-Inclusiva"},"image":{"@id":"https:\/\/clm-inclusiva.org\/#\/schema\/logo\/image\/"},"sameAs":["https:\/\/www.facebook.com\/castillalamancha.inclusiva\/","https:\/\/twitter.com\/ClmInclusiva"]},{"@type":"Person","@id":"https:\/\/clm-inclusiva.org\/#\/schema\/person\/0cff84aaa5bb8fd3521c55d1578d902b","name":"clm-inclusiva","image":{"@type":"ImageObject","inLanguage":"es","@id":"https:\/\/clm-inclusiva.org\/#\/schema\/person\/image\/","url":"https:\/\/secure.gravatar.com\/avatar\/88948567af770dc9cd5597b329011884?s=96&d=blank&r=g","contentUrl":"https:\/\/secure.gravatar.com\/avatar\/88948567af770dc9cd5597b329011884?s=96&d=blank&r=g","caption":"clm-inclusiva"},"sameAs":["http:\/\/clm-inclusiva.org"],"url":"https:\/\/clm-inclusiva.org\/?author=1"}]}},"_links":{"self":[{"href":"https:\/\/clm-inclusiva.org\/index.php?rest_route=\/wp\/v2\/posts\/5365"}],"collection":[{"href":"https:\/\/clm-inclusiva.org\/index.php?rest_route=\/wp\/v2\/posts"}],"about":[{"href":"https:\/\/clm-inclusiva.org\/index.php?rest_route=\/wp\/v2\/types\/post"}],"author":[{"embeddable":true,"href":"https:\/\/clm-inclusiva.org\/index.php?rest_route=\/wp\/v2\/users\/1"}],"replies":[{"embeddable":true,"href":"https:\/\/clm-inclusiva.org\/index.php?rest_route=%2Fwp%2Fv2%2Fcomments&post=5365"}],"version-history":[{"count":1,"href":"https:\/\/clm-inclusiva.org\/index.php?rest_route=\/wp\/v2\/posts\/5365\/revisions"}],"predecessor-version":[{"id":5368,"href":"https:\/\/clm-inclusiva.org\/index.php?rest_route=\/wp\/v2\/posts\/5365\/revisions\/5368"}],"wp:featuredmedia":[{"embeddable":true,"href":"https:\/\/clm-inclusiva.org\/index.php?rest_route=\/wp\/v2\/media\/5366"}],"wp:attachment":[{"href":"https:\/\/clm-inclusiva.org\/index.php?rest_route=%2Fwp%2Fv2%2Fmedia&parent=5365"}],"wp:term":[{"taxonomy":"category","embeddable":true,"href":"https:\/\/clm-inclusiva.org\/index.php?rest_route=%2Fwp%2Fv2%2Fcategories&post=5365"},{"taxonomy":"post_tag","embeddable":true,"href":"https:\/\/clm-inclusiva.org\/index.php?rest_route=%2Fwp%2Fv2%2Ftags&post=5365"}],"curies":[{"name":"wp","href":"https:\/\/api.w.org\/{rel}","templated":true}]}}