{"id":5361,"date":"2025-01-30T10:36:09","date_gmt":"2025-01-30T08:36:09","guid":{"rendered":"https:\/\/clm-inclusiva.org\/?p=5361"},"modified":"2025-01-30T11:28:56","modified_gmt":"2025-01-30T09:28:56","slug":"castilla-la-mancha-inclusiva-junto-a-fundacion-once-formaran-a-25-personas-con-discapacidad-en-la-region","status":"publish","type":"post","link":"https:\/\/clm-inclusiva.org\/?p=5361","title":{"rendered":"Castilla-La Mancha Inclusiva junto a Fundaci\u00f3n ONCE formar\u00e1n a 25 personas con discapacidad en la regi\u00f3n"},"content":{"rendered":"<ul>\n<li>\n<h3>Permitir\u00e1 formar a 25 personas con discapacidad en las especialidades de Telemarketing, Community Manager y Redes Sociales en Ciudad Real; Atenci\u00f3n Sociosanitaria y Asistente Personas en Cuenca, y Auxiliar Administrativo y Ofim\u00e1tica B\u00e1sica en Taranc\u00f3n (Cuenca).<\/h3>\n<\/li>\n<li>\n<h3>Se ha iniciado el proceso de selecci\u00f3n del alumnado para estas nuevas formaciones que incluyen formaci\u00f3n en puesto de trabajo y becas para facilitar\u00a0la\u00a0asistencia.<\/h3>\n<\/li>\n<\/ul>\n<p>Desde Castilla-La Mancha Inclusiva COCEMFE iniciamos el proceso de b\u00fasqueda de alumnado para las nuevas formaciones en <strong>Telemarketing, Community Manager y Redes Sociales en Ciudad Real; Atenci\u00f3n Sociosanitaria y Asistente Personas en Cuenca, <\/strong>que comenzar\u00e1n el pr\u00f3ximo<strong> 18 de marzo; y Auxiliar Administrativo y Ofim\u00e1tica B\u00e1sica en Taranc\u00f3n (Cuenca)<\/strong><strong>.<\/strong> Esta \u00faltima comenzar\u00e1 el<strong> 2 de abril.<\/strong><\/p>\n<p>En cuanto a las formaciones que se impartir\u00e1n en <strong>Ciudad Real y Cuenca<\/strong>, est\u00e1n dirigidas a personas con d<strong>iscapacidad igual o superior al 33 % o incapacidad<\/strong> que se encuentren en situaci\u00f3n de desempleo o inactividad. La formaci\u00f3n de <strong>Ciudad Real est\u00e1 espec\u00edficamente dise\u00f1ada para j\u00f3venes entre\u00a016\u00a0y\u00a029\u00a0a\u00f1os<\/strong>.<\/p>\n<p>Las formaciones tendr\u00e1n una duraci\u00f3n total de <strong>320 horas<\/strong>, distribuidas en <strong>200 horas en aula<\/strong> y <strong>120 horas en el puesto de trabajo<\/strong>, lo que permitir\u00e1 a los participantes adquirir tanto conocimientos te\u00f3ricos como habilidades pr\u00e1cticas para poder integrarse de manera efectiva en el mercado laboral. Para todas las formaciones ser\u00e1 imprescindible tener discapacidad igual o superior al 33 % o con incapacidad.<\/p>\n<p>Por su parte, la formaci\u00f3n que se va a llevar a cabo en <strong>Taranc\u00f3n<\/strong>, est\u00e1 especialmente orientada a personas en situaci\u00f3n de desempleo o inactividad, con un enfoque inclusivo para personas con <strong>discapacidad psicosocial igual o superior al 33%<\/strong>.<\/p>\n<p>La formaci\u00f3n tendr\u00e1 una <strong>duraci\u00f3n total de 350 horas<\/strong>, proporcionando a los participantes los conocimientos y habilidades necesarias para desarrollarse en el \u00e1mbito administrativo y dominar herramientas b\u00e1sicas de ofim\u00e1tica, competencias altamente valoradas en el mercado laboral actual.<\/p>\n<p>Estos programas est\u00e1n dise\u00f1ados para ofrecer a los participantes una formaci\u00f3n integral que incluye tanto conocimientos te\u00f3ricos como pr\u00e1cticos, con el objetivo de mejorar su empleabilidad y facilitar su integraci\u00f3n en el entorno laboral.<\/p>\n<p>Para <strong>Enrique Alarc\u00f3n, presidente de la confederaci\u00f3n<\/strong>, \u201ca trav\u00e9s de este proceso de formaci\u00f3n, buscamos contribuir a la inserci\u00f3n laboral de personas con discapacidad, proporcionando las herramientas necesarias para el desarrollo de su carrera profesional en sectores de alto crecimiento. Nuestro empe\u00f1o es atender las necesidades de cada persona en la regi\u00f3n\u201d. <strong>Con especial atenci\u00f3n a los j\u00f3venes y al medio rural<\/strong>, a\u00f1ade.<\/p>\n<p><strong>Mejora de Empleabilidad para Personas con Discapacidad en CLM Inclusiva COCEMFE<\/strong><\/p>\n<p>Desde 2019, Fundaci\u00f3n Once ha confiado en CLM Inclusiva COCEMFE para el desarrollo de 15 las operaciones en el marco de las sucesivas convocatorias para el refuerzo de la empleabilidad para personas con discapacidad financiadas por la Uni\u00f3n Europea. Este apoyo ha significado la mejora de la empleabilidad de 150 personas con discapacidad, la firma de m\u00e1s de 70 convenios con entidades para la realizaci\u00f3n de formaci\u00f3n en el puesto de trabajo y la inserci\u00f3n de un 30 % de las personas formadas.<\/p>\n<p>Varios han sido los factores de \u00e9xito de estas iniciativas, entre ellos la elecci\u00f3n de especialidades formativas demandadas por el empresariado de la zona, la inclusi\u00f3n de las acciones formativas en el marco de los itinerarios de inserci\u00f3n y activaci\u00f3n laboral de la persona atendida, la adaptaci\u00f3n de los procesos formativos a la discapacidad de cada persona y el acompa\u00f1amiento en el puesto de trabajo tanto al alumnado como a la empresa.<\/p>\n<p>En 2024, ante la necesidad de atender de manera adecuada creciente demanda de atenci\u00f3n en los Servicios de Empleo de CLM Inclusiva COCEMFE por parte de personas en situaci\u00f3n de desempleo con discapacidad psicosocial, se desarroll\u00f3 en el marco de la convocatoria la primera operaci\u00f3n dirigida a este colectivo con importantes resultados en el desarrollo personal y profesional del alumnado. En esta anualidad Fundaci\u00f3n Once ha confiado nuevamente en la entidad para el desarrollo una nueva intervenci\u00f3n de estas caracter\u00edsticas que se llevar\u00e1 a cabo en el municipio conquense\u00a0de\u00a0Taranc\u00f3n.<\/p>\n<p>Estas formaciones forman parte de la convocatoria de ayudas econ\u00f3micas para la selecci\u00f3n de Operaciones para el Refuerzo de la Empleabilidad para personas con Discapacidad \u201cPsicosocial\u201d \u2013 a\u00f1o 2024-2025 Programa Estatal FSE+ de Inclusi\u00f3n Social, Garant\u00eda Infantil y Lucha contra la Pobreza 2021-2027. As\u00ed como de la convocatoria de ayudas econ\u00f3micas para la selecci\u00f3n de Operaciones para el Refuerzo de la Empleabilidad para personas con Discapacidad \u201cUno a Uno\u201d- a\u00f1o 2024-2025 Programa Estatal FSE+ de Inclusi\u00f3n Social, Garant\u00eda Infantil y Lucha contra la Pobreza 2021-2027.<\/p>\n","protected":false},"excerpt":{"rendered":"<p>Permitir\u00e1 formar a 25 personas con discapacidad en las especialidades de Telemarketing, Community Manager y Redes Sociales en Ciudad Real; Atenci\u00f3n Sociosanitaria y Asistente Personas en Cuenca, y Auxiliar Administrativo y Ofim\u00e1tica B\u00e1sica en Taranc\u00f3n (Cuenca). Se ha iniciado el proceso de selecci\u00f3n del alumnado para estas nuevas formaciones que incluyen formaci\u00f3n en puesto de [&hellip;]<\/p>\n","protected":false},"author":1,"featured_media":5362,"comment_status":"open","ping_status":"open","sticky":false,"template":"","format":"standard","meta":{"_et_pb_use_builder":"","_et_pb_old_content":"","_et_gb_content_width":"","footnotes":""},"categories":[119,48,50,5,97,64,120,53],"tags":[],"yoast_head":"<!-- This site is optimized with the Yoast SEO plugin v21.3 - https:\/\/yoast.com\/wordpress\/plugins\/seo\/ -->\n<title>Castilla-La Mancha Inclusiva junto a Fundaci\u00f3n ONCE formar\u00e1n a 25 personas con discapacidad en la regi\u00f3n - Clm-Inclusiva<\/title>\n<meta name=\"robots\" content=\"index, follow, max-snippet:-1, max-image-preview:large, max-video-preview:-1\" \/>\n<link rel=\"canonical\" href=\"https:\/\/clm-inclusiva.org\/?p=5361\" \/>\n<meta property=\"og:locale\" content=\"es_ES\" \/>\n<meta property=\"og:type\" content=\"article\" \/>\n<meta property=\"og:title\" content=\"Castilla-La Mancha Inclusiva junto a Fundaci\u00f3n ONCE formar\u00e1n a 25 personas con discapacidad en la regi\u00f3n - Clm-Inclusiva\" \/>\n<meta property=\"og:description\" content=\"Permitir\u00e1 formar a 25 personas con discapacidad en las especialidades de Telemarketing, Community Manager y Redes Sociales en Ciudad Real; Atenci\u00f3n Sociosanitaria y Asistente Personas en Cuenca, y Auxiliar Administrativo y Ofim\u00e1tica B\u00e1sica en Taranc\u00f3n (Cuenca). Se ha iniciado el proceso de selecci\u00f3n del alumnado para estas nuevas formaciones que incluyen formaci\u00f3n en puesto de [&hellip;]\" \/>\n<meta property=\"og:url\" content=\"https:\/\/clm-inclusiva.org\/?p=5361\" \/>\n<meta property=\"og:site_name\" content=\"Clm-Inclusiva\" \/>\n<meta property=\"article:publisher\" content=\"https:\/\/www.facebook.com\/castillalamancha.inclusiva\/\" \/>\n<meta property=\"article:published_time\" content=\"2025-01-30T08:36:09+00:00\" \/>\n<meta property=\"article:modified_time\" content=\"2025-01-30T09:28:56+00:00\" \/>\n<meta property=\"og:image\" content=\"http:\/\/clm-inclusiva.org\/wp-content\/uploads\/2025\/01\/FORMACION.jpg\" \/>\n\t<meta property=\"og:image:width\" content=\"1600\" \/>\n\t<meta property=\"og:image:height\" content=\"1200\" \/>\n\t<meta property=\"og:image:type\" content=\"image\/jpeg\" \/>\n<meta name=\"author\" content=\"clm-inclusiva\" \/>\n<meta name=\"twitter:card\" content=\"summary_large_image\" \/>\n<meta name=\"twitter:creator\" content=\"@ClmInclusiva\" \/>\n<meta name=\"twitter:site\" content=\"@ClmInclusiva\" \/>\n<meta name=\"twitter:label1\" content=\"Escrito por\" \/>\n\t<meta name=\"twitter:data1\" content=\"clm-inclusiva\" \/>\n\t<meta name=\"twitter:label2\" content=\"Tiempo de lectura\" \/>\n\t<meta name=\"twitter:data2\" content=\"4 minutos\" \/>\n<script type=\"application\/ld+json\" class=\"yoast-schema-graph\">{\"@context\":\"https:\/\/schema.org\",\"@graph\":[{\"@type\":\"Article\",\"@id\":\"https:\/\/clm-inclusiva.org\/?p=5361#article\",\"isPartOf\":{\"@id\":\"https:\/\/clm-inclusiva.org\/?p=5361\"},\"author\":{\"name\":\"clm-inclusiva\",\"@id\":\"https:\/\/clm-inclusiva.org\/#\/schema\/person\/0cff84aaa5bb8fd3521c55d1578d902b\"},\"headline\":\"Castilla-La Mancha Inclusiva junto a Fundaci\u00f3n ONCE formar\u00e1n a 25 personas con discapacidad en la regi\u00f3n\",\"datePublished\":\"2025-01-30T08:36:09+00:00\",\"dateModified\":\"2025-01-30T09:28:56+00:00\",\"mainEntityOfPage\":{\"@id\":\"https:\/\/clm-inclusiva.org\/?p=5361\"},\"wordCount\":822,\"commentCount\":0,\"publisher\":{\"@id\":\"https:\/\/clm-inclusiva.org\/#organization\"},\"articleSection\":[\"Castilla-La Mancha\",\"Ciudad Real\",\"Cuenca\",\"Discapacidad\",\"formaci\u00f3n\",\"fundaci\u00f3n once\",\"Medio rural\",\"once\"],\"inLanguage\":\"es\",\"potentialAction\":[{\"@type\":\"CommentAction\",\"name\":\"Comment\",\"target\":[\"https:\/\/clm-inclusiva.org\/?p=5361#respond\"]}]},{\"@type\":\"WebPage\",\"@id\":\"https:\/\/clm-inclusiva.org\/?p=5361\",\"url\":\"https:\/\/clm-inclusiva.org\/?p=5361\",\"name\":\"Castilla-La Mancha Inclusiva junto a Fundaci\u00f3n ONCE formar\u00e1n a 25 personas con discapacidad en la regi\u00f3n - Clm-Inclusiva\",\"isPartOf\":{\"@id\":\"https:\/\/clm-inclusiva.org\/#website\"},\"datePublished\":\"2025-01-30T08:36:09+00:00\",\"dateModified\":\"2025-01-30T09:28:56+00:00\",\"breadcrumb\":{\"@id\":\"https:\/\/clm-inclusiva.org\/?p=5361#breadcrumb\"},\"inLanguage\":\"es\",\"potentialAction\":[{\"@type\":\"ReadAction\",\"target\":[\"https:\/\/clm-inclusiva.org\/?p=5361\"]}]},{\"@type\":\"BreadcrumbList\",\"@id\":\"https:\/\/clm-inclusiva.org\/?p=5361#breadcrumb\",\"itemListElement\":[{\"@type\":\"ListItem\",\"position\":1,\"name\":\"Portada\",\"item\":\"https:\/\/clm-inclusiva.org\/\"},{\"@type\":\"ListItem\",\"position\":2,\"name\":\"Castilla-La Mancha Inclusiva junto a Fundaci\u00f3n ONCE formar\u00e1n a 25 personas con discapacidad en la regi\u00f3n\"}]},{\"@type\":\"WebSite\",\"@id\":\"https:\/\/clm-inclusiva.org\/#website\",\"url\":\"https:\/\/clm-inclusiva.org\/\",\"name\":\"Clm-Inclusiva\",\"description\":\"Confederaci\u00f3n de entidades de personas con discapacidad f\u00edsica y org\u00e1nica CLM\",\"publisher\":{\"@id\":\"https:\/\/clm-inclusiva.org\/#organization\"},\"potentialAction\":[{\"@type\":\"SearchAction\",\"target\":{\"@type\":\"EntryPoint\",\"urlTemplate\":\"https:\/\/clm-inclusiva.org\/?s={search_term_string}\"},\"query-input\":\"required name=search_term_string\"}],\"inLanguage\":\"es\"},{\"@type\":\"Organization\",\"@id\":\"https:\/\/clm-inclusiva.org\/#organization\",\"name\":\"Clm-Inclusiva\",\"url\":\"https:\/\/clm-inclusiva.org\/\",\"logo\":{\"@type\":\"ImageObject\",\"inLanguage\":\"es\",\"@id\":\"https:\/\/clm-inclusiva.org\/#\/schema\/logo\/image\/\",\"url\":\"http:\/\/clm-inclusiva.org\/wp-content\/uploads\/2019\/04\/banner-e1533720812836.jpg\",\"contentUrl\":\"http:\/\/clm-inclusiva.org\/wp-content\/uploads\/2019\/04\/banner-e1533720812836.jpg\",\"width\":600,\"height\":332,\"caption\":\"Clm-Inclusiva\"},\"image\":{\"@id\":\"https:\/\/clm-inclusiva.org\/#\/schema\/logo\/image\/\"},\"sameAs\":[\"https:\/\/www.facebook.com\/castillalamancha.inclusiva\/\",\"https:\/\/twitter.com\/ClmInclusiva\"]},{\"@type\":\"Person\",\"@id\":\"https:\/\/clm-inclusiva.org\/#\/schema\/person\/0cff84aaa5bb8fd3521c55d1578d902b\",\"name\":\"clm-inclusiva\",\"image\":{\"@type\":\"ImageObject\",\"inLanguage\":\"es\",\"@id\":\"https:\/\/clm-inclusiva.org\/#\/schema\/person\/image\/\",\"url\":\"https:\/\/secure.gravatar.com\/avatar\/88948567af770dc9cd5597b329011884?s=96&d=blank&r=g\",\"contentUrl\":\"https:\/\/secure.gravatar.com\/avatar\/88948567af770dc9cd5597b329011884?s=96&d=blank&r=g\",\"caption\":\"clm-inclusiva\"},\"sameAs\":[\"http:\/\/clm-inclusiva.org\"],\"url\":\"https:\/\/clm-inclusiva.org\/?author=1\"}]}<\/script>\n<!-- \/ Yoast SEO plugin. -->","yoast_head_json":{"title":"Castilla-La Mancha Inclusiva junto a Fundaci\u00f3n ONCE formar\u00e1n a 25 personas con discapacidad en la regi\u00f3n - Clm-Inclusiva","robots":{"index":"index","follow":"follow","max-snippet":"max-snippet:-1","max-image-preview":"max-image-preview:large","max-video-preview":"max-video-preview:-1"},"canonical":"https:\/\/clm-inclusiva.org\/?p=5361","og_locale":"es_ES","og_type":"article","og_title":"Castilla-La Mancha Inclusiva junto a Fundaci\u00f3n ONCE formar\u00e1n a 25 personas con discapacidad en la regi\u00f3n - Clm-Inclusiva","og_description":"Permitir\u00e1 formar a 25 personas con discapacidad en las especialidades de Telemarketing, Community Manager y Redes Sociales en Ciudad Real; Atenci\u00f3n Sociosanitaria y Asistente Personas en Cuenca, y Auxiliar Administrativo y Ofim\u00e1tica B\u00e1sica en Taranc\u00f3n (Cuenca). Se ha iniciado el proceso de selecci\u00f3n del alumnado para estas nuevas formaciones que incluyen formaci\u00f3n en puesto de [&hellip;]","og_url":"https:\/\/clm-inclusiva.org\/?p=5361","og_site_name":"Clm-Inclusiva","article_publisher":"https:\/\/www.facebook.com\/castillalamancha.inclusiva\/","article_published_time":"2025-01-30T08:36:09+00:00","article_modified_time":"2025-01-30T09:28:56+00:00","og_image":[{"width":1600,"height":1200,"url":"http:\/\/clm-inclusiva.org\/wp-content\/uploads\/2025\/01\/FORMACION.jpg","type":"image\/jpeg"}],"author":"clm-inclusiva","twitter_card":"summary_large_image","twitter_creator":"@ClmInclusiva","twitter_site":"@ClmInclusiva","twitter_misc":{"Escrito por":"clm-inclusiva","Tiempo de lectura":"4 minutos"},"schema":{"@context":"https:\/\/schema.org","@graph":[{"@type":"Article","@id":"https:\/\/clm-inclusiva.org\/?p=5361#article","isPartOf":{"@id":"https:\/\/clm-inclusiva.org\/?p=5361"},"author":{"name":"clm-inclusiva","@id":"https:\/\/clm-inclusiva.org\/#\/schema\/person\/0cff84aaa5bb8fd3521c55d1578d902b"},"headline":"Castilla-La Mancha Inclusiva junto a Fundaci\u00f3n ONCE formar\u00e1n a 25 personas con discapacidad en la regi\u00f3n","datePublished":"2025-01-30T08:36:09+00:00","dateModified":"2025-01-30T09:28:56+00:00","mainEntityOfPage":{"@id":"https:\/\/clm-inclusiva.org\/?p=5361"},"wordCount":822,"commentCount":0,"publisher":{"@id":"https:\/\/clm-inclusiva.org\/#organization"},"articleSection":["Castilla-La Mancha","Ciudad Real","Cuenca","Discapacidad","formaci\u00f3n","fundaci\u00f3n once","Medio rural","once"],"inLanguage":"es","potentialAction":[{"@type":"CommentAction","name":"Comment","target":["https:\/\/clm-inclusiva.org\/?p=5361#respond"]}]},{"@type":"WebPage","@id":"https:\/\/clm-inclusiva.org\/?p=5361","url":"https:\/\/clm-inclusiva.org\/?p=5361","name":"Castilla-La Mancha Inclusiva junto a Fundaci\u00f3n ONCE formar\u00e1n a 25 personas con discapacidad en la regi\u00f3n - Clm-Inclusiva","isPartOf":{"@id":"https:\/\/clm-inclusiva.org\/#website"},"datePublished":"2025-01-30T08:36:09+00:00","dateModified":"2025-01-30T09:28:56+00:00","breadcrumb":{"@id":"https:\/\/clm-inclusiva.org\/?p=5361#breadcrumb"},"inLanguage":"es","potentialAction":[{"@type":"ReadAction","target":["https:\/\/clm-inclusiva.org\/?p=5361"]}]},{"@type":"BreadcrumbList","@id":"https:\/\/clm-inclusiva.org\/?p=5361#breadcrumb","itemListElement":[{"@type":"ListItem","position":1,"name":"Portada","item":"https:\/\/clm-inclusiva.org\/"},{"@type":"ListItem","position":2,"name":"Castilla-La Mancha Inclusiva junto a Fundaci\u00f3n ONCE formar\u00e1n a 25 personas con discapacidad en la regi\u00f3n"}]},{"@type":"WebSite","@id":"https:\/\/clm-inclusiva.org\/#website","url":"https:\/\/clm-inclusiva.org\/","name":"Clm-Inclusiva","description":"Confederaci\u00f3n de entidades de personas con discapacidad f\u00edsica y org\u00e1nica CLM","publisher":{"@id":"https:\/\/clm-inclusiva.org\/#organization"},"potentialAction":[{"@type":"SearchAction","target":{"@type":"EntryPoint","urlTemplate":"https:\/\/clm-inclusiva.org\/?s={search_term_string}"},"query-input":"required name=search_term_string"}],"inLanguage":"es"},{"@type":"Organization","@id":"https:\/\/clm-inclusiva.org\/#organization","name":"Clm-Inclusiva","url":"https:\/\/clm-inclusiva.org\/","logo":{"@type":"ImageObject","inLanguage":"es","@id":"https:\/\/clm-inclusiva.org\/#\/schema\/logo\/image\/","url":"http:\/\/clm-inclusiva.org\/wp-content\/uploads\/2019\/04\/banner-e1533720812836.jpg","contentUrl":"http:\/\/clm-inclusiva.org\/wp-content\/uploads\/2019\/04\/banner-e1533720812836.jpg","width":600,"height":332,"caption":"Clm-Inclusiva"},"image":{"@id":"https:\/\/clm-inclusiva.org\/#\/schema\/logo\/image\/"},"sameAs":["https:\/\/www.facebook.com\/castillalamancha.inclusiva\/","https:\/\/twitter.com\/ClmInclusiva"]},{"@type":"Person","@id":"https:\/\/clm-inclusiva.org\/#\/schema\/person\/0cff84aaa5bb8fd3521c55d1578d902b","name":"clm-inclusiva","image":{"@type":"ImageObject","inLanguage":"es","@id":"https:\/\/clm-inclusiva.org\/#\/schema\/person\/image\/","url":"https:\/\/secure.gravatar.com\/avatar\/88948567af770dc9cd5597b329011884?s=96&d=blank&r=g","contentUrl":"https:\/\/secure.gravatar.com\/avatar\/88948567af770dc9cd5597b329011884?s=96&d=blank&r=g","caption":"clm-inclusiva"},"sameAs":["http:\/\/clm-inclusiva.org"],"url":"https:\/\/clm-inclusiva.org\/?author=1"}]}},"_links":{"self":[{"href":"https:\/\/clm-inclusiva.org\/index.php?rest_route=\/wp\/v2\/posts\/5361"}],"collection":[{"href":"https:\/\/clm-inclusiva.org\/index.php?rest_route=\/wp\/v2\/posts"}],"about":[{"href":"https:\/\/clm-inclusiva.org\/index.php?rest_route=\/wp\/v2\/types\/post"}],"author":[{"embeddable":true,"href":"https:\/\/clm-inclusiva.org\/index.php?rest_route=\/wp\/v2\/users\/1"}],"replies":[{"embeddable":true,"href":"https:\/\/clm-inclusiva.org\/index.php?rest_route=%2Fwp%2Fv2%2Fcomments&post=5361"}],"version-history":[{"count":1,"href":"https:\/\/clm-inclusiva.org\/index.php?rest_route=\/wp\/v2\/posts\/5361\/revisions"}],"predecessor-version":[{"id":5363,"href":"https:\/\/clm-inclusiva.org\/index.php?rest_route=\/wp\/v2\/posts\/5361\/revisions\/5363"}],"wp:featuredmedia":[{"embeddable":true,"href":"https:\/\/clm-inclusiva.org\/index.php?rest_route=\/wp\/v2\/media\/5362"}],"wp:attachment":[{"href":"https:\/\/clm-inclusiva.org\/index.php?rest_route=%2Fwp%2Fv2%2Fmedia&parent=5361"}],"wp:term":[{"taxonomy":"category","embeddable":true,"href":"https:\/\/clm-inclusiva.org\/index.php?rest_route=%2Fwp%2Fv2%2Fcategories&post=5361"},{"taxonomy":"post_tag","embeddable":true,"href":"https:\/\/clm-inclusiva.org\/index.php?rest_route=%2Fwp%2Fv2%2Ftags&post=5361"}],"curies":[{"name":"wp","href":"https:\/\/api.w.org\/{rel}","templated":true}]}}