{"id":5342,"date":"2025-01-16T09:20:56","date_gmt":"2025-01-16T07:20:56","guid":{"rendered":"https:\/\/clm-inclusiva.org\/?p=5342"},"modified":"2025-01-16T09:33:19","modified_gmt":"2025-01-16T07:33:19","slug":"el-servicio-de-empleo-de-clm-inclusiva-cocemfe-reafirma-su-compromiso-con-el-medio-rural-demostrando-que-es-posible-acercar-recursos-promover-la-igualdad-de-oportunidades-y-transformar-vidas","status":"publish","type":"post","link":"https:\/\/clm-inclusiva.org\/?p=5342","title":{"rendered":"El Servicio de Empleo de CLM Inclusiva COCEMFE reafirma su compromiso con el medio rural, demostrando que es posible acercar recursos, promover la igualdad de oportunidades y transformar vidas"},"content":{"rendered":"<ul>\n<li>\n<h3><strong>El pasado mes de abril la Confederaci\u00f3n fue reconocida con premio especial \u201cValores Solidarios\u201d que otorga Cooperativas Agro-alimentarias de Castilla-La Mancha.<\/strong><\/h3>\n<\/li>\n<li>\n<h3><strong>Fruto del reconocimiento y la colaboraci\u00f3n entre las entidades se han llevado a cabo diferentes programas de intermediaci\u00f3n laboral y formativas, destacando m\u00e1s de 800 acciones personalizadas con poblaci\u00f3n de municipios rurales durante este a\u00f1o.<\/strong><\/h3>\n<\/li>\n<\/ul>\n<p>A lo largo de 2024, el Servicio de Empleo de CLM Inclusiva COCEMFE ha enfrentado con \u00e9xito el desaf\u00edo de acercar sus servicios al medio rural. Gracias a un enfoque innovador, hemos conseguido impactar positivamente en la vida de 170 personas con discapacidad, residentes en 85 municipios rurales.<\/p>\n<p>Para lograrlo, hemos implementado un sistema integral de informaci\u00f3n y orientaci\u00f3n que combina medios telem\u00e1ticos con atenci\u00f3n presencial, seg\u00fan las necesidades de cada caso. Las personas interesadas han podido registrarse en nuestra bolsa de empleo, ya sea por tel\u00e9fono o mediante nuestra plataforma online. Tras el registro, un orientador u orientadora de su provincia se pone en contacto con ellas para conocer su situaci\u00f3n, intereses y definir las posibilidades de apoyo. Desde ese momento, cada persona tiene acceso a informaci\u00f3n sobre acciones formativas, ofertas laborales y el acompa\u00f1amiento personalizado durante todo el proceso de inserci\u00f3n laboral.<\/p>\n<p>El equipo de orientaci\u00f3n laboral ha llevado a cabo m\u00e1s de 800 acciones personalizadas con poblaci\u00f3n de municipios rurales durante este a\u00f1o. Este modelo de trabajo no solo acerca recursos al medio rural, sino que tambi\u00e9n elimina barreras para personas con movilidad reducida, facilitando su acceso al empleo.<\/p>\n<p>Y es que la Confederaci\u00f3n, el pasado mes de abril, fue galardonada con el premio especial \u201cValores Solidarios\u201d que otorga Cooperativas Agro-alimentarias Castilla-La Mancha. Ello ha propiciado que la entidad pudiera destinar e intensificar, durante este 2024, diferentes servicios y recursos orientados al medio rural.<\/p>\n<h3><strong>Promoviendo la inclusi\u00f3n en las empresas rurales<\/strong><\/h3>\n<p>Adem\u00e1s de trabajar directamente con las personas, nuestro equipo ha centrado esfuerzos en fomentar la incorporaci\u00f3n de la discapacidad en el tejido empresarial rural. Por medio de este acercamiento, se ha contactado con m\u00e1s de 50 empresas, gestionado 90 ofertas de empleo y logrado la contrataci\u00f3n de 55 personas. Este di\u00e1logo constante con las empresas tambi\u00e9n ha permitido identificar necesidades espec\u00edficas de cualificaci\u00f3n profesional, dise\u00f1ando acciones formativas adaptadas a la demanda con programas de pr\u00e1cticas en empresas en algunos casos, para que las personas participantes puedan aplicar sus aprendizajes en entornos laborales reales<\/p>\n<p>Entre las acciones formativas destacadas este a\u00f1o se encuentran programas en \u00e1reas clave como: <strong>Montaje y mantenimiento el\u00e9ctrico y electr\u00f3nico, Intervenciones de apoyo para actividades cotidianas en personas con dependencia y discapacidad, Desarrollo de Capacidades en Jardiner\u00eda, Atenci\u00f3n al cliente online, o Competencias digitales.<\/strong><\/p>\n<p>&nbsp;<\/p>\n<div class=\"et_pb_slider et_pb_slider_fullwidth_off et_pb_gallery_post_type\">\n\t\t\t\t<div class=\"et_pb_slides\">\n\t\t\t\t\t<div class=\"et_pb_slide\" style=\"background: url(https:\/\/clm-inclusiva.org\/wp-content\/uploads\/2025\/01\/FORMACION-JARDINERIA.jpg);\"><\/div><div class=\"et_pb_slide\" style=\"background: url(https:\/\/clm-inclusiva.org\/wp-content\/uploads\/2025\/01\/REUNION-CON-USUARIOS-AS.jpg);\"><\/div>\n\t\t\t\t<\/div>\n\t\t\t<\/div>\n","protected":false},"excerpt":{"rendered":"<p>El pasado mes de abril la Confederaci\u00f3n fue reconocida con premio especial \u201cValores Solidarios\u201d que otorga Cooperativas Agro-alimentarias de Castilla-La Mancha. Fruto del reconocimiento y la colaboraci\u00f3n entre las entidades se han llevado a cabo diferentes programas de intermediaci\u00f3n laboral y formativas, destacando m\u00e1s de 800 acciones personalizadas con poblaci\u00f3n de municipios rurales durante este [&hellip;]<\/p>\n","protected":false},"author":1,"featured_media":5343,"comment_status":"open","ping_status":"open","sticky":false,"template":"","format":"standard","meta":{"_et_pb_use_builder":"","_et_pb_old_content":"","_et_gb_content_width":"","footnotes":""},"categories":[119,4,47,118,6,97,120,34],"tags":[],"yoast_head":"<!-- This site is optimized with the Yoast SEO plugin v21.3 - https:\/\/yoast.com\/wordpress\/plugins\/seo\/ -->\n<title>El Servicio de Empleo de CLM Inclusiva COCEMFE reafirma su compromiso con el medio rural, demostrando que es posible acercar recursos, promover la igualdad de oportunidades y transformar vidas - Clm-Inclusiva<\/title>\n<meta name=\"robots\" content=\"index, follow, max-snippet:-1, max-image-preview:large, max-video-preview:-1\" \/>\n<link rel=\"canonical\" href=\"https:\/\/clm-inclusiva.org\/?p=5342\" \/>\n<meta property=\"og:locale\" content=\"es_ES\" \/>\n<meta property=\"og:type\" content=\"article\" \/>\n<meta property=\"og:title\" content=\"El Servicio de Empleo de CLM Inclusiva COCEMFE reafirma su compromiso con el medio rural, demostrando que es posible acercar recursos, promover la igualdad de oportunidades y transformar vidas - Clm-Inclusiva\" \/>\n<meta property=\"og:description\" content=\"El pasado mes de abril la Confederaci\u00f3n fue reconocida con premio especial \u201cValores Solidarios\u201d que otorga Cooperativas Agro-alimentarias de Castilla-La Mancha. Fruto del reconocimiento y la colaboraci\u00f3n entre las entidades se han llevado a cabo diferentes programas de intermediaci\u00f3n laboral y formativas, destacando m\u00e1s de 800 acciones personalizadas con poblaci\u00f3n de municipios rurales durante este [&hellip;]\" \/>\n<meta property=\"og:url\" content=\"https:\/\/clm-inclusiva.org\/?p=5342\" \/>\n<meta property=\"og:site_name\" content=\"Clm-Inclusiva\" \/>\n<meta property=\"article:publisher\" content=\"https:\/\/www.facebook.com\/castillalamancha.inclusiva\/\" \/>\n<meta property=\"article:published_time\" content=\"2025-01-16T07:20:56+00:00\" \/>\n<meta property=\"article:modified_time\" content=\"2025-01-16T07:33:19+00:00\" \/>\n<meta property=\"og:image\" content=\"http:\/\/clm-inclusiva.org\/wp-content\/uploads\/2025\/01\/REUNION-CON-USUARIOS-AS.jpg\" \/>\n\t<meta property=\"og:image:width\" content=\"2048\" \/>\n\t<meta property=\"og:image:height\" content=\"1536\" \/>\n\t<meta property=\"og:image:type\" content=\"image\/jpeg\" \/>\n<meta name=\"author\" content=\"clm-inclusiva\" \/>\n<meta name=\"twitter:card\" content=\"summary_large_image\" \/>\n<meta name=\"twitter:creator\" content=\"@ClmInclusiva\" \/>\n<meta name=\"twitter:site\" content=\"@ClmInclusiva\" \/>\n<meta name=\"twitter:label1\" content=\"Escrito por\" \/>\n\t<meta name=\"twitter:data1\" content=\"clm-inclusiva\" \/>\n\t<meta name=\"twitter:label2\" content=\"Tiempo de lectura\" \/>\n\t<meta name=\"twitter:data2\" content=\"2 minutos\" \/>\n<script type=\"application\/ld+json\" class=\"yoast-schema-graph\">{\"@context\":\"https:\/\/schema.org\",\"@graph\":[{\"@type\":\"Article\",\"@id\":\"https:\/\/clm-inclusiva.org\/?p=5342#article\",\"isPartOf\":{\"@id\":\"https:\/\/clm-inclusiva.org\/?p=5342\"},\"author\":{\"name\":\"clm-inclusiva\",\"@id\":\"https:\/\/clm-inclusiva.org\/#\/schema\/person\/0cff84aaa5bb8fd3521c55d1578d902b\"},\"headline\":\"El Servicio de Empleo de CLM Inclusiva COCEMFE reafirma su compromiso con el medio rural, demostrando que es posible acercar recursos, promover la igualdad de oportunidades y transformar vidas\",\"datePublished\":\"2025-01-16T07:20:56+00:00\",\"dateModified\":\"2025-01-16T07:33:19+00:00\",\"mainEntityOfPage\":{\"@id\":\"https:\/\/clm-inclusiva.org\/?p=5342\"},\"wordCount\":499,\"commentCount\":0,\"publisher\":{\"@id\":\"https:\/\/clm-inclusiva.org\/#organization\"},\"articleSection\":[\"Castilla-La Mancha\",\"Clm inclusiva\",\"cocemfe\",\"Cooperativas Agroalimentarias\",\"Empleo\",\"formaci\u00f3n\",\"Medio rural\",\"Reconocimientos\"],\"inLanguage\":\"es\",\"potentialAction\":[{\"@type\":\"CommentAction\",\"name\":\"Comment\",\"target\":[\"https:\/\/clm-inclusiva.org\/?p=5342#respond\"]}]},{\"@type\":\"WebPage\",\"@id\":\"https:\/\/clm-inclusiva.org\/?p=5342\",\"url\":\"https:\/\/clm-inclusiva.org\/?p=5342\",\"name\":\"El Servicio de Empleo de CLM Inclusiva COCEMFE reafirma su compromiso con el medio rural, demostrando que es posible acercar recursos, promover la igualdad de oportunidades y transformar vidas - Clm-Inclusiva\",\"isPartOf\":{\"@id\":\"https:\/\/clm-inclusiva.org\/#website\"},\"datePublished\":\"2025-01-16T07:20:56+00:00\",\"dateModified\":\"2025-01-16T07:33:19+00:00\",\"breadcrumb\":{\"@id\":\"https:\/\/clm-inclusiva.org\/?p=5342#breadcrumb\"},\"inLanguage\":\"es\",\"potentialAction\":[{\"@type\":\"ReadAction\",\"target\":[\"https:\/\/clm-inclusiva.org\/?p=5342\"]}]},{\"@type\":\"BreadcrumbList\",\"@id\":\"https:\/\/clm-inclusiva.org\/?p=5342#breadcrumb\",\"itemListElement\":[{\"@type\":\"ListItem\",\"position\":1,\"name\":\"Portada\",\"item\":\"https:\/\/clm-inclusiva.org\/\"},{\"@type\":\"ListItem\",\"position\":2,\"name\":\"El Servicio de Empleo de CLM Inclusiva COCEMFE reafirma su compromiso con el medio rural, demostrando que es posible acercar recursos, promover la igualdad de oportunidades y transformar vidas\"}]},{\"@type\":\"WebSite\",\"@id\":\"https:\/\/clm-inclusiva.org\/#website\",\"url\":\"https:\/\/clm-inclusiva.org\/\",\"name\":\"Clm-Inclusiva\",\"description\":\"Confederaci\u00f3n de entidades de personas con discapacidad f\u00edsica y org\u00e1nica CLM\",\"publisher\":{\"@id\":\"https:\/\/clm-inclusiva.org\/#organization\"},\"potentialAction\":[{\"@type\":\"SearchAction\",\"target\":{\"@type\":\"EntryPoint\",\"urlTemplate\":\"https:\/\/clm-inclusiva.org\/?s={search_term_string}\"},\"query-input\":\"required name=search_term_string\"}],\"inLanguage\":\"es\"},{\"@type\":\"Organization\",\"@id\":\"https:\/\/clm-inclusiva.org\/#organization\",\"name\":\"Clm-Inclusiva\",\"url\":\"https:\/\/clm-inclusiva.org\/\",\"logo\":{\"@type\":\"ImageObject\",\"inLanguage\":\"es\",\"@id\":\"https:\/\/clm-inclusiva.org\/#\/schema\/logo\/image\/\",\"url\":\"http:\/\/clm-inclusiva.org\/wp-content\/uploads\/2019\/04\/banner-e1533720812836.jpg\",\"contentUrl\":\"http:\/\/clm-inclusiva.org\/wp-content\/uploads\/2019\/04\/banner-e1533720812836.jpg\",\"width\":600,\"height\":332,\"caption\":\"Clm-Inclusiva\"},\"image\":{\"@id\":\"https:\/\/clm-inclusiva.org\/#\/schema\/logo\/image\/\"},\"sameAs\":[\"https:\/\/www.facebook.com\/castillalamancha.inclusiva\/\",\"https:\/\/twitter.com\/ClmInclusiva\"]},{\"@type\":\"Person\",\"@id\":\"https:\/\/clm-inclusiva.org\/#\/schema\/person\/0cff84aaa5bb8fd3521c55d1578d902b\",\"name\":\"clm-inclusiva\",\"image\":{\"@type\":\"ImageObject\",\"inLanguage\":\"es\",\"@id\":\"https:\/\/clm-inclusiva.org\/#\/schema\/person\/image\/\",\"url\":\"https:\/\/secure.gravatar.com\/avatar\/88948567af770dc9cd5597b329011884?s=96&d=blank&r=g\",\"contentUrl\":\"https:\/\/secure.gravatar.com\/avatar\/88948567af770dc9cd5597b329011884?s=96&d=blank&r=g\",\"caption\":\"clm-inclusiva\"},\"sameAs\":[\"http:\/\/clm-inclusiva.org\"],\"url\":\"https:\/\/clm-inclusiva.org\/?author=1\"}]}<\/script>\n<!-- \/ Yoast SEO plugin. -->","yoast_head_json":{"title":"El Servicio de Empleo de CLM Inclusiva COCEMFE reafirma su compromiso con el medio rural, demostrando que es posible acercar recursos, promover la igualdad de oportunidades y transformar vidas - Clm-Inclusiva","robots":{"index":"index","follow":"follow","max-snippet":"max-snippet:-1","max-image-preview":"max-image-preview:large","max-video-preview":"max-video-preview:-1"},"canonical":"https:\/\/clm-inclusiva.org\/?p=5342","og_locale":"es_ES","og_type":"article","og_title":"El Servicio de Empleo de CLM Inclusiva COCEMFE reafirma su compromiso con el medio rural, demostrando que es posible acercar recursos, promover la igualdad de oportunidades y transformar vidas - Clm-Inclusiva","og_description":"El pasado mes de abril la Confederaci\u00f3n fue reconocida con premio especial \u201cValores Solidarios\u201d que otorga Cooperativas Agro-alimentarias de Castilla-La Mancha. Fruto del reconocimiento y la colaboraci\u00f3n entre las entidades se han llevado a cabo diferentes programas de intermediaci\u00f3n laboral y formativas, destacando m\u00e1s de 800 acciones personalizadas con poblaci\u00f3n de municipios rurales durante este [&hellip;]","og_url":"https:\/\/clm-inclusiva.org\/?p=5342","og_site_name":"Clm-Inclusiva","article_publisher":"https:\/\/www.facebook.com\/castillalamancha.inclusiva\/","article_published_time":"2025-01-16T07:20:56+00:00","article_modified_time":"2025-01-16T07:33:19+00:00","og_image":[{"width":2048,"height":1536,"url":"http:\/\/clm-inclusiva.org\/wp-content\/uploads\/2025\/01\/REUNION-CON-USUARIOS-AS.jpg","type":"image\/jpeg"}],"author":"clm-inclusiva","twitter_card":"summary_large_image","twitter_creator":"@ClmInclusiva","twitter_site":"@ClmInclusiva","twitter_misc":{"Escrito por":"clm-inclusiva","Tiempo de lectura":"2 minutos"},"schema":{"@context":"https:\/\/schema.org","@graph":[{"@type":"Article","@id":"https:\/\/clm-inclusiva.org\/?p=5342#article","isPartOf":{"@id":"https:\/\/clm-inclusiva.org\/?p=5342"},"author":{"name":"clm-inclusiva","@id":"https:\/\/clm-inclusiva.org\/#\/schema\/person\/0cff84aaa5bb8fd3521c55d1578d902b"},"headline":"El Servicio de Empleo de CLM Inclusiva COCEMFE reafirma su compromiso con el medio rural, demostrando que es posible acercar recursos, promover la igualdad de oportunidades y transformar vidas","datePublished":"2025-01-16T07:20:56+00:00","dateModified":"2025-01-16T07:33:19+00:00","mainEntityOfPage":{"@id":"https:\/\/clm-inclusiva.org\/?p=5342"},"wordCount":499,"commentCount":0,"publisher":{"@id":"https:\/\/clm-inclusiva.org\/#organization"},"articleSection":["Castilla-La Mancha","Clm inclusiva","cocemfe","Cooperativas Agroalimentarias","Empleo","formaci\u00f3n","Medio rural","Reconocimientos"],"inLanguage":"es","potentialAction":[{"@type":"CommentAction","name":"Comment","target":["https:\/\/clm-inclusiva.org\/?p=5342#respond"]}]},{"@type":"WebPage","@id":"https:\/\/clm-inclusiva.org\/?p=5342","url":"https:\/\/clm-inclusiva.org\/?p=5342","name":"El Servicio de Empleo de CLM Inclusiva COCEMFE reafirma su compromiso con el medio rural, demostrando que es posible acercar recursos, promover la igualdad de oportunidades y transformar vidas - Clm-Inclusiva","isPartOf":{"@id":"https:\/\/clm-inclusiva.org\/#website"},"datePublished":"2025-01-16T07:20:56+00:00","dateModified":"2025-01-16T07:33:19+00:00","breadcrumb":{"@id":"https:\/\/clm-inclusiva.org\/?p=5342#breadcrumb"},"inLanguage":"es","potentialAction":[{"@type":"ReadAction","target":["https:\/\/clm-inclusiva.org\/?p=5342"]}]},{"@type":"BreadcrumbList","@id":"https:\/\/clm-inclusiva.org\/?p=5342#breadcrumb","itemListElement":[{"@type":"ListItem","position":1,"name":"Portada","item":"https:\/\/clm-inclusiva.org\/"},{"@type":"ListItem","position":2,"name":"El Servicio de Empleo de CLM Inclusiva COCEMFE reafirma su compromiso con el medio rural, demostrando que es posible acercar recursos, promover la igualdad de oportunidades y transformar vidas"}]},{"@type":"WebSite","@id":"https:\/\/clm-inclusiva.org\/#website","url":"https:\/\/clm-inclusiva.org\/","name":"Clm-Inclusiva","description":"Confederaci\u00f3n de entidades de personas con discapacidad f\u00edsica y org\u00e1nica CLM","publisher":{"@id":"https:\/\/clm-inclusiva.org\/#organization"},"potentialAction":[{"@type":"SearchAction","target":{"@type":"EntryPoint","urlTemplate":"https:\/\/clm-inclusiva.org\/?s={search_term_string}"},"query-input":"required name=search_term_string"}],"inLanguage":"es"},{"@type":"Organization","@id":"https:\/\/clm-inclusiva.org\/#organization","name":"Clm-Inclusiva","url":"https:\/\/clm-inclusiva.org\/","logo":{"@type":"ImageObject","inLanguage":"es","@id":"https:\/\/clm-inclusiva.org\/#\/schema\/logo\/image\/","url":"http:\/\/clm-inclusiva.org\/wp-content\/uploads\/2019\/04\/banner-e1533720812836.jpg","contentUrl":"http:\/\/clm-inclusiva.org\/wp-content\/uploads\/2019\/04\/banner-e1533720812836.jpg","width":600,"height":332,"caption":"Clm-Inclusiva"},"image":{"@id":"https:\/\/clm-inclusiva.org\/#\/schema\/logo\/image\/"},"sameAs":["https:\/\/www.facebook.com\/castillalamancha.inclusiva\/","https:\/\/twitter.com\/ClmInclusiva"]},{"@type":"Person","@id":"https:\/\/clm-inclusiva.org\/#\/schema\/person\/0cff84aaa5bb8fd3521c55d1578d902b","name":"clm-inclusiva","image":{"@type":"ImageObject","inLanguage":"es","@id":"https:\/\/clm-inclusiva.org\/#\/schema\/person\/image\/","url":"https:\/\/secure.gravatar.com\/avatar\/88948567af770dc9cd5597b329011884?s=96&d=blank&r=g","contentUrl":"https:\/\/secure.gravatar.com\/avatar\/88948567af770dc9cd5597b329011884?s=96&d=blank&r=g","caption":"clm-inclusiva"},"sameAs":["http:\/\/clm-inclusiva.org"],"url":"https:\/\/clm-inclusiva.org\/?author=1"}]}},"_links":{"self":[{"href":"https:\/\/clm-inclusiva.org\/index.php?rest_route=\/wp\/v2\/posts\/5342"}],"collection":[{"href":"https:\/\/clm-inclusiva.org\/index.php?rest_route=\/wp\/v2\/posts"}],"about":[{"href":"https:\/\/clm-inclusiva.org\/index.php?rest_route=\/wp\/v2\/types\/post"}],"author":[{"embeddable":true,"href":"https:\/\/clm-inclusiva.org\/index.php?rest_route=\/wp\/v2\/users\/1"}],"replies":[{"embeddable":true,"href":"https:\/\/clm-inclusiva.org\/index.php?rest_route=%2Fwp%2Fv2%2Fcomments&post=5342"}],"version-history":[{"count":4,"href":"https:\/\/clm-inclusiva.org\/index.php?rest_route=\/wp\/v2\/posts\/5342\/revisions"}],"predecessor-version":[{"id":5349,"href":"https:\/\/clm-inclusiva.org\/index.php?rest_route=\/wp\/v2\/posts\/5342\/revisions\/5349"}],"wp:featuredmedia":[{"embeddable":true,"href":"https:\/\/clm-inclusiva.org\/index.php?rest_route=\/wp\/v2\/media\/5343"}],"wp:attachment":[{"href":"https:\/\/clm-inclusiva.org\/index.php?rest_route=%2Fwp%2Fv2%2Fmedia&parent=5342"}],"wp:term":[{"taxonomy":"category","embeddable":true,"href":"https:\/\/clm-inclusiva.org\/index.php?rest_route=%2Fwp%2Fv2%2Fcategories&post=5342"},{"taxonomy":"post_tag","embeddable":true,"href":"https:\/\/clm-inclusiva.org\/index.php?rest_route=%2Fwp%2Fv2%2Ftags&post=5342"}],"curies":[{"name":"wp","href":"https:\/\/api.w.org\/{rel}","templated":true}]}}