{"id":5331,"date":"2024-12-04T09:34:02","date_gmt":"2024-12-04T07:34:02","guid":{"rendered":"https:\/\/clm-inclusiva.org\/?p=5331"},"modified":"2024-12-04T09:34:02","modified_gmt":"2024-12-04T07:34:02","slug":"inaugurado-el-proyecto-de-formacion-operario-a-de-montaje-y-mantenimiento-electrico-y-electronico-en-olias-del-rey-para-mejorar-la-empleabilidad-de-las-personas-con-discapacidad","status":"publish","type":"post","link":"https:\/\/clm-inclusiva.org\/?p=5331","title":{"rendered":"Inaugurado el proyecto de formaci\u00f3n &#8220;Operario\/a de montaje y mantenimiento el\u00e9ctrico y electr\u00f3nico&#8221; en Ol\u00edas del Rey para mejorar la empleabilidad de las personas con discapacidad"},"content":{"rendered":"<ul>\n<li>\n<h3>El proyecto <strong>\u201cOperario\/a de montaje y mantenimiento el\u00e9ctrico y electr\u00f3nico\u201d<\/strong> se desarrolla en el marco de la convocatoria de subvenciones de la Junta de Comunidades de para la Realizaci\u00f3n de Acciones de Formaci\u00f3n Modular destinada a la Cualificaci\u00f3n y Recualificaci\u00f3n de la poblaci\u00f3n activa, en el Marco del componente 20 \u201cPlan estrat\u00e9gico de impulso de la formaci\u00f3n profesional\u201d del Plan de Recuperaci\u00f3n, Transformaci\u00f3n y Resiliencia, financiado por la Uni\u00f3n Europea &#8211; Next Generation EU.<\/h3>\n<\/li>\n<li>\n<h3>Se enmarca dentro del convenio para la implementaci\u00f3n de un Servicio de Captaci\u00f3n de Empleo, lanzado en colaboraci\u00f3n con el Ayuntamiento de Ol\u00edas del Rey, con el objetivo de mejorar la empleabilidad y facilitar el acceso al empleo de las personas con discapacidad en la localidad.<\/h3>\n<\/li>\n<\/ul>\n<p>Inaugurado en Ol\u00edas del Rey (Toledo) el proyecto <strong>\u201cOperario\/a de montaje y mantenimiento el\u00e9ctrico y electr\u00f3nico\u201d<\/strong> que se desarrolla en el marco de la convocatoria de subvenciones de la Junta de Comunidades de para la Realizaci\u00f3n de Acciones de Formaci\u00f3n Modular destinada a la Cualificaci\u00f3n y Recualificaci\u00f3n de la poblaci\u00f3n activa, en el Marco del componente 20 \u201cPlan estrat\u00e9gico de impulso de la formaci\u00f3n profesional\u201d del Plan de Recuperaci\u00f3n, Transformaci\u00f3n y Resiliencia, financiado por la Uni\u00f3n Europea &#8211; Next Generation EU.<\/p>\n<p><strong>Promovido por Castilla-La Mancha Inclusiva en colaboraci\u00f3n con el Ayuntamiento de Ol\u00edas del Rey<\/strong> que pone a disposici\u00f3n del alumnado tanto las instalaciones como sus recursos t\u00e9cnicos, municipales permitiendo una atenci\u00f3n y acompa\u00f1amiento integral del alumnado que favorece su integraci\u00f3n laboral y social. Se cuenta as\u00ed mismo como <strong>entidad formadora con Amiab<\/strong>.<\/p>\n<p>La formaci\u00f3n tiene como <strong>objetivo<\/strong>, el desarrollo y consolidaci\u00f3n de competencias t\u00e9cnicas y pr\u00e1cticas en operarios\/as para realizar tareas de montaje y mantenimiento en sistemas el\u00e9ctricos y electr\u00f3nicos, asegurando altos est\u00e1ndares de calidad, seguridad y eficiencia, con el fin de mejorar su empleabilidad y favorece su inserci\u00f3n como operario\/a montador\/a de equipos el\u00e9ctrico y electr\u00f3nico.<\/p>\n<p>El proyecto incluye tres acciones formativas de 60 horas cada una:<\/p>\n<ul>\n<li><strong>Operaciones de ensamblado de Equipos el\u00e9ctricos y electr\u00f3nicos. <\/strong>Fecha de inicio: 2 de diciembre de 2024 fecha de fin: 19 de diciembre de 2024<\/li>\n<li><strong>Operaciones de conexionado en Equipos el\u00e9ctricos y electr\u00f3nicos. <\/strong>Fecha de inicio: 8 de enero de 2025 fecha de fin: 27 de enero de 2025<\/li>\n<li><strong>Operaciones de Mantenimiento en Equipos el\u00e9ctricos y electr\u00f3nicos. <\/strong>Fecha de inicio: 28 de enero de 2025 fecha de fin: 12 de febrero de 2025.<\/li>\n<\/ul>\n<p>El dise\u00f1o modular de la formaci\u00f3n, que ofrece acciones independientes pero complementarias entre s\u00ed, facilitan la asistencia y especializaci\u00f3n en uno o en todas las materias en funci\u00f3n de las necesidades de cada una de las personas que participan favoreciendo la personalizaci\u00f3n de la misma.<\/p>\n<p>El alumnado est\u00e1 compuesto por 10 personas en situaci\u00f3n de desempleo en b\u00fasqueda de empleo pertenecientes a los colectivos de especial vulnerabilidad. 8 hombres y dos mujeres, con edades comprendidas entre los 16 y los 55 a\u00f1os, 2 de ellos menores de 30 a\u00f1os (un joven de 16 a\u00f1os), y 3 personas entre 31 y 45 y 5 personas mayores de esta edad. El 70 % cuenta con alg\u00fan tipo de discapacidad.<\/p>\n<p><strong><u>CONVENIO PARA LA PUESTA EN MARCHA DE UN SERVICIO DE INSERCI\u00d3N LABORAL <\/u><\/strong><\/p>\n<p>Una formaci\u00f3n que se enmarca dentro del convenio que estamos desarrollando con el Ayuntamiento de Ol\u00edas del Rey desde mayo de este a\u00f1o. Con este, como ha apuntado la <strong>Alcaldesa del municipio, Charo Navas<\/strong> \u201cse aporta un Servicio de Capacitaci\u00f3n Laboral con el fin de promover la mejor de la empleabilidad y el acceso al empleo de las personas con discapacidad en la localidad, algo que ha sido y sigue siendo una prioridad de este equipo de Gobierno, el ofrecer oportunidades a todos los colectivos y aprovechar las distintas capacidades, que permitan una integraci\u00f3n real\u201d.<\/p>\n<p>As\u00ed, la Confederaci\u00f3n de entidades de personas con discapacidad f\u00edsica y org\u00e1nica de Castilla-La Mancha, en colaboraci\u00f3n directa con los servicios sociales del ayuntamiento, prestan una atenci\u00f3n peri\u00f3dica y presencial en la localidad con el fin de mejorar \u201cel empleo, la calidad de vida, la participaci\u00f3n social y el cumplimiento efectivo de los derechos de las personas con discapacidad en Ol\u00edas del Rey\u201d como ha destacado Navas.<\/p>\n<p>El Convenio tambi\u00e9n contempla acciones o proyectos de colaboraci\u00f3n, en cualquier otro \u00e1mbito que suponga una mejora de la calidad de vida para las personas con discapacidad, accesibilidad, dise\u00f1o universal, educaci\u00f3n y en especial aquellos orientados a facilitar el aprendizaje de nuevas capacidades y habilidades de car\u00e1cter laboral para facilitar el acceso al empleo normalizado.<\/p>\n<p>As\u00ed como acciones dirigidas a visibilizar el trabajo que realizan las entidades que se esfuerzan por conseguir la participaci\u00f3n activa y la plena inclusi\u00f3n de las personas con discapacidad, y cuya labor contribuye a la construcci\u00f3n de una sociedad m\u00e1s inclusiva y diversa.<\/p>\n<p>El <strong>Coordinador Regional de CLM Inclusiva,<\/strong> <strong>Carlos Mora<\/strong>, ha destacado <em>\u201c<\/em>la importancia de trasladar a Ol\u00edas del Rey el modelo de colaboraci\u00f3n en una triple alianza que debe contar con las entidades sociales junto a las empresas privadas y por su puesto la administraci\u00f3n p\u00fablica\u201d. Asegurando que \u201cdesde la entidad regional vamos a dedicar los recursos que sean necesarios para establecer un servicio de intermediaci\u00f3n laboral estable, continuista y que d\u00e9 respuesta a las necesidades de las personas con discapacidad de la localidad<em>\u201d.<\/em><\/p>\n<p>En el acto de inauguraci\u00f3n tambi\u00e9n estuvieron presentes Rosario Tordesillas, concejala de Bienestar Social, Elsa Arellano, concejala de Educaci\u00f3n, Jos\u00e9 Manuel Ferreiro, concejal de Econom\u00eda, Hacienda y Empleo y Jorge de Le\u00f3n, coordinador de Servicios Sociales. Tom\u00e1s Gomez, t\u00e9cnico de empleo de CLM Inclusiva y, Margarita Jim\u00e9nez, coordinadora de ejecuci\u00f3n de proyectos formativos de Amiab.<\/p>\n<p>&nbsp;<\/p>\n<div class=\"et_pb_slider et_pb_slider_fullwidth_off et_pb_gallery_post_type\">\n\t\t\t\t<div class=\"et_pb_slides\">\n\t\t\t\t\t<div class=\"et_pb_slide\" style=\"background: url(https:\/\/clm-inclusiva.org\/wp-content\/uploads\/2024\/12\/FOTO-2-scaled.jpg);\"><\/div>\n\t\t\t\t<\/div>\n\t\t\t<\/div>\n","protected":false},"excerpt":{"rendered":"<p>El proyecto \u201cOperario\/a de montaje y mantenimiento el\u00e9ctrico y electr\u00f3nico\u201d se desarrolla en el marco de la convocatoria de subvenciones de la Junta de Comunidades de para la Realizaci\u00f3n de Acciones de Formaci\u00f3n Modular destinada a la Cualificaci\u00f3n y Recualificaci\u00f3n de la poblaci\u00f3n activa, en el Marco del componente 20 \u201cPlan estrat\u00e9gico de impulso de [&hellip;]<\/p>\n","protected":false},"author":1,"featured_media":5332,"comment_status":"open","ping_status":"open","sticky":false,"template":"","format":"standard","meta":{"_et_pb_use_builder":"","_et_pb_old_content":"","_et_gb_content_width":"","footnotes":""},"categories":[4,5,6,97,115,42,9],"tags":[],"yoast_head":"<!-- This site is optimized with the Yoast SEO plugin v21.3 - https:\/\/yoast.com\/wordpress\/plugins\/seo\/ -->\n<title>Inaugurado el proyecto de formaci\u00f3n &quot;Operario\/a de montaje y mantenimiento el\u00e9ctrico y electr\u00f3nico&quot; en Ol\u00edas del Rey para mejorar la empleabilidad de las personas con discapacidad - Clm-Inclusiva<\/title>\n<meta name=\"robots\" content=\"index, follow, max-snippet:-1, max-image-preview:large, max-video-preview:-1\" \/>\n<link rel=\"canonical\" href=\"https:\/\/clm-inclusiva.org\/?p=5331\" \/>\n<meta property=\"og:locale\" content=\"es_ES\" \/>\n<meta property=\"og:type\" content=\"article\" \/>\n<meta property=\"og:title\" content=\"Inaugurado el proyecto de formaci\u00f3n &quot;Operario\/a de montaje y mantenimiento el\u00e9ctrico y electr\u00f3nico&quot; en Ol\u00edas del Rey para mejorar la empleabilidad de las personas con discapacidad - Clm-Inclusiva\" \/>\n<meta property=\"og:description\" content=\"El proyecto \u201cOperario\/a de montaje y mantenimiento el\u00e9ctrico y electr\u00f3nico\u201d se desarrolla en el marco de la convocatoria de subvenciones de la Junta de Comunidades de para la Realizaci\u00f3n de Acciones de Formaci\u00f3n Modular destinada a la Cualificaci\u00f3n y Recualificaci\u00f3n de la poblaci\u00f3n activa, en el Marco del componente 20 \u201cPlan estrat\u00e9gico de impulso de [&hellip;]\" \/>\n<meta property=\"og:url\" content=\"https:\/\/clm-inclusiva.org\/?p=5331\" \/>\n<meta property=\"og:site_name\" content=\"Clm-Inclusiva\" \/>\n<meta property=\"article:publisher\" content=\"https:\/\/www.facebook.com\/castillalamancha.inclusiva\/\" \/>\n<meta property=\"article:published_time\" content=\"2024-12-04T07:34:02+00:00\" \/>\n<meta property=\"og:image\" content=\"http:\/\/clm-inclusiva.org\/wp-content\/uploads\/2024\/12\/FOTO-1-scaled.jpg\" \/>\n\t<meta property=\"og:image:width\" content=\"2560\" \/>\n\t<meta property=\"og:image:height\" content=\"1771\" \/>\n\t<meta property=\"og:image:type\" content=\"image\/jpeg\" \/>\n<meta name=\"author\" content=\"clm-inclusiva\" \/>\n<meta name=\"twitter:card\" content=\"summary_large_image\" \/>\n<meta name=\"twitter:creator\" content=\"@ClmInclusiva\" \/>\n<meta name=\"twitter:site\" content=\"@ClmInclusiva\" \/>\n<meta name=\"twitter:label1\" content=\"Escrito por\" \/>\n\t<meta name=\"twitter:data1\" content=\"clm-inclusiva\" \/>\n\t<meta name=\"twitter:label2\" content=\"Tiempo de lectura\" \/>\n\t<meta name=\"twitter:data2\" content=\"5 minutos\" \/>\n<script type=\"application\/ld+json\" class=\"yoast-schema-graph\">{\"@context\":\"https:\/\/schema.org\",\"@graph\":[{\"@type\":\"Article\",\"@id\":\"https:\/\/clm-inclusiva.org\/?p=5331#article\",\"isPartOf\":{\"@id\":\"https:\/\/clm-inclusiva.org\/?p=5331\"},\"author\":{\"name\":\"clm-inclusiva\",\"@id\":\"https:\/\/clm-inclusiva.org\/#\/schema\/person\/0cff84aaa5bb8fd3521c55d1578d902b\"},\"headline\":\"Inaugurado el proyecto de formaci\u00f3n &#8220;Operario\/a de montaje y mantenimiento el\u00e9ctrico y electr\u00f3nico&#8221; en Ol\u00edas del Rey para mejorar la empleabilidad de las personas con discapacidad\",\"datePublished\":\"2024-12-04T07:34:02+00:00\",\"dateModified\":\"2024-12-04T07:34:02+00:00\",\"mainEntityOfPage\":{\"@id\":\"https:\/\/clm-inclusiva.org\/?p=5331\"},\"wordCount\":1029,\"commentCount\":0,\"publisher\":{\"@id\":\"https:\/\/clm-inclusiva.org\/#organization\"},\"articleSection\":[\"Clm inclusiva\",\"Discapacidad\",\"Empleo\",\"formaci\u00f3n\",\"Ol\u00edas del Rey\",\"Toledo\",\"Trabajo\"],\"inLanguage\":\"es\",\"potentialAction\":[{\"@type\":\"CommentAction\",\"name\":\"Comment\",\"target\":[\"https:\/\/clm-inclusiva.org\/?p=5331#respond\"]}]},{\"@type\":\"WebPage\",\"@id\":\"https:\/\/clm-inclusiva.org\/?p=5331\",\"url\":\"https:\/\/clm-inclusiva.org\/?p=5331\",\"name\":\"Inaugurado el proyecto de formaci\u00f3n \\\"Operario\/a de montaje y mantenimiento el\u00e9ctrico y electr\u00f3nico\\\" en Ol\u00edas del Rey para mejorar la empleabilidad de las personas con discapacidad - Clm-Inclusiva\",\"isPartOf\":{\"@id\":\"https:\/\/clm-inclusiva.org\/#website\"},\"datePublished\":\"2024-12-04T07:34:02+00:00\",\"dateModified\":\"2024-12-04T07:34:02+00:00\",\"breadcrumb\":{\"@id\":\"https:\/\/clm-inclusiva.org\/?p=5331#breadcrumb\"},\"inLanguage\":\"es\",\"potentialAction\":[{\"@type\":\"ReadAction\",\"target\":[\"https:\/\/clm-inclusiva.org\/?p=5331\"]}]},{\"@type\":\"BreadcrumbList\",\"@id\":\"https:\/\/clm-inclusiva.org\/?p=5331#breadcrumb\",\"itemListElement\":[{\"@type\":\"ListItem\",\"position\":1,\"name\":\"Portada\",\"item\":\"https:\/\/clm-inclusiva.org\/\"},{\"@type\":\"ListItem\",\"position\":2,\"name\":\"Inaugurado el proyecto de formaci\u00f3n &#8220;Operario\/a de montaje y mantenimiento el\u00e9ctrico y electr\u00f3nico&#8221; en Ol\u00edas del Rey para mejorar la empleabilidad de las personas con discapacidad\"}]},{\"@type\":\"WebSite\",\"@id\":\"https:\/\/clm-inclusiva.org\/#website\",\"url\":\"https:\/\/clm-inclusiva.org\/\",\"name\":\"Clm-Inclusiva\",\"description\":\"Confederaci\u00f3n de entidades de personas con discapacidad f\u00edsica y org\u00e1nica CLM\",\"publisher\":{\"@id\":\"https:\/\/clm-inclusiva.org\/#organization\"},\"potentialAction\":[{\"@type\":\"SearchAction\",\"target\":{\"@type\":\"EntryPoint\",\"urlTemplate\":\"https:\/\/clm-inclusiva.org\/?s={search_term_string}\"},\"query-input\":\"required name=search_term_string\"}],\"inLanguage\":\"es\"},{\"@type\":\"Organization\",\"@id\":\"https:\/\/clm-inclusiva.org\/#organization\",\"name\":\"Clm-Inclusiva\",\"url\":\"https:\/\/clm-inclusiva.org\/\",\"logo\":{\"@type\":\"ImageObject\",\"inLanguage\":\"es\",\"@id\":\"https:\/\/clm-inclusiva.org\/#\/schema\/logo\/image\/\",\"url\":\"http:\/\/clm-inclusiva.org\/wp-content\/uploads\/2019\/04\/banner-e1533720812836.jpg\",\"contentUrl\":\"http:\/\/clm-inclusiva.org\/wp-content\/uploads\/2019\/04\/banner-e1533720812836.jpg\",\"width\":600,\"height\":332,\"caption\":\"Clm-Inclusiva\"},\"image\":{\"@id\":\"https:\/\/clm-inclusiva.org\/#\/schema\/logo\/image\/\"},\"sameAs\":[\"https:\/\/www.facebook.com\/castillalamancha.inclusiva\/\",\"https:\/\/twitter.com\/ClmInclusiva\"]},{\"@type\":\"Person\",\"@id\":\"https:\/\/clm-inclusiva.org\/#\/schema\/person\/0cff84aaa5bb8fd3521c55d1578d902b\",\"name\":\"clm-inclusiva\",\"image\":{\"@type\":\"ImageObject\",\"inLanguage\":\"es\",\"@id\":\"https:\/\/clm-inclusiva.org\/#\/schema\/person\/image\/\",\"url\":\"https:\/\/secure.gravatar.com\/avatar\/88948567af770dc9cd5597b329011884?s=96&d=blank&r=g\",\"contentUrl\":\"https:\/\/secure.gravatar.com\/avatar\/88948567af770dc9cd5597b329011884?s=96&d=blank&r=g\",\"caption\":\"clm-inclusiva\"},\"sameAs\":[\"http:\/\/clm-inclusiva.org\"],\"url\":\"https:\/\/clm-inclusiva.org\/?author=1\"}]}<\/script>\n<!-- \/ Yoast SEO plugin. -->","yoast_head_json":{"title":"Inaugurado el proyecto de formaci\u00f3n \"Operario\/a de montaje y mantenimiento el\u00e9ctrico y electr\u00f3nico\" en Ol\u00edas del Rey para mejorar la empleabilidad de las personas con discapacidad - Clm-Inclusiva","robots":{"index":"index","follow":"follow","max-snippet":"max-snippet:-1","max-image-preview":"max-image-preview:large","max-video-preview":"max-video-preview:-1"},"canonical":"https:\/\/clm-inclusiva.org\/?p=5331","og_locale":"es_ES","og_type":"article","og_title":"Inaugurado el proyecto de formaci\u00f3n \"Operario\/a de montaje y mantenimiento el\u00e9ctrico y electr\u00f3nico\" en Ol\u00edas del Rey para mejorar la empleabilidad de las personas con discapacidad - Clm-Inclusiva","og_description":"El proyecto \u201cOperario\/a de montaje y mantenimiento el\u00e9ctrico y electr\u00f3nico\u201d se desarrolla en el marco de la convocatoria de subvenciones de la Junta de Comunidades de para la Realizaci\u00f3n de Acciones de Formaci\u00f3n Modular destinada a la Cualificaci\u00f3n y Recualificaci\u00f3n de la poblaci\u00f3n activa, en el Marco del componente 20 \u201cPlan estrat\u00e9gico de impulso de [&hellip;]","og_url":"https:\/\/clm-inclusiva.org\/?p=5331","og_site_name":"Clm-Inclusiva","article_publisher":"https:\/\/www.facebook.com\/castillalamancha.inclusiva\/","article_published_time":"2024-12-04T07:34:02+00:00","og_image":[{"width":2560,"height":1771,"url":"http:\/\/clm-inclusiva.org\/wp-content\/uploads\/2024\/12\/FOTO-1-scaled.jpg","type":"image\/jpeg"}],"author":"clm-inclusiva","twitter_card":"summary_large_image","twitter_creator":"@ClmInclusiva","twitter_site":"@ClmInclusiva","twitter_misc":{"Escrito por":"clm-inclusiva","Tiempo de lectura":"5 minutos"},"schema":{"@context":"https:\/\/schema.org","@graph":[{"@type":"Article","@id":"https:\/\/clm-inclusiva.org\/?p=5331#article","isPartOf":{"@id":"https:\/\/clm-inclusiva.org\/?p=5331"},"author":{"name":"clm-inclusiva","@id":"https:\/\/clm-inclusiva.org\/#\/schema\/person\/0cff84aaa5bb8fd3521c55d1578d902b"},"headline":"Inaugurado el proyecto de formaci\u00f3n &#8220;Operario\/a de montaje y mantenimiento el\u00e9ctrico y electr\u00f3nico&#8221; en Ol\u00edas del Rey para mejorar la empleabilidad de las personas con discapacidad","datePublished":"2024-12-04T07:34:02+00:00","dateModified":"2024-12-04T07:34:02+00:00","mainEntityOfPage":{"@id":"https:\/\/clm-inclusiva.org\/?p=5331"},"wordCount":1029,"commentCount":0,"publisher":{"@id":"https:\/\/clm-inclusiva.org\/#organization"},"articleSection":["Clm inclusiva","Discapacidad","Empleo","formaci\u00f3n","Ol\u00edas del Rey","Toledo","Trabajo"],"inLanguage":"es","potentialAction":[{"@type":"CommentAction","name":"Comment","target":["https:\/\/clm-inclusiva.org\/?p=5331#respond"]}]},{"@type":"WebPage","@id":"https:\/\/clm-inclusiva.org\/?p=5331","url":"https:\/\/clm-inclusiva.org\/?p=5331","name":"Inaugurado el proyecto de formaci\u00f3n \"Operario\/a de montaje y mantenimiento el\u00e9ctrico y electr\u00f3nico\" en Ol\u00edas del Rey para mejorar la empleabilidad de las personas con discapacidad - Clm-Inclusiva","isPartOf":{"@id":"https:\/\/clm-inclusiva.org\/#website"},"datePublished":"2024-12-04T07:34:02+00:00","dateModified":"2024-12-04T07:34:02+00:00","breadcrumb":{"@id":"https:\/\/clm-inclusiva.org\/?p=5331#breadcrumb"},"inLanguage":"es","potentialAction":[{"@type":"ReadAction","target":["https:\/\/clm-inclusiva.org\/?p=5331"]}]},{"@type":"BreadcrumbList","@id":"https:\/\/clm-inclusiva.org\/?p=5331#breadcrumb","itemListElement":[{"@type":"ListItem","position":1,"name":"Portada","item":"https:\/\/clm-inclusiva.org\/"},{"@type":"ListItem","position":2,"name":"Inaugurado el proyecto de formaci\u00f3n &#8220;Operario\/a de montaje y mantenimiento el\u00e9ctrico y electr\u00f3nico&#8221; en Ol\u00edas del Rey para mejorar la empleabilidad de las personas con discapacidad"}]},{"@type":"WebSite","@id":"https:\/\/clm-inclusiva.org\/#website","url":"https:\/\/clm-inclusiva.org\/","name":"Clm-Inclusiva","description":"Confederaci\u00f3n de entidades de personas con discapacidad f\u00edsica y org\u00e1nica CLM","publisher":{"@id":"https:\/\/clm-inclusiva.org\/#organization"},"potentialAction":[{"@type":"SearchAction","target":{"@type":"EntryPoint","urlTemplate":"https:\/\/clm-inclusiva.org\/?s={search_term_string}"},"query-input":"required name=search_term_string"}],"inLanguage":"es"},{"@type":"Organization","@id":"https:\/\/clm-inclusiva.org\/#organization","name":"Clm-Inclusiva","url":"https:\/\/clm-inclusiva.org\/","logo":{"@type":"ImageObject","inLanguage":"es","@id":"https:\/\/clm-inclusiva.org\/#\/schema\/logo\/image\/","url":"http:\/\/clm-inclusiva.org\/wp-content\/uploads\/2019\/04\/banner-e1533720812836.jpg","contentUrl":"http:\/\/clm-inclusiva.org\/wp-content\/uploads\/2019\/04\/banner-e1533720812836.jpg","width":600,"height":332,"caption":"Clm-Inclusiva"},"image":{"@id":"https:\/\/clm-inclusiva.org\/#\/schema\/logo\/image\/"},"sameAs":["https:\/\/www.facebook.com\/castillalamancha.inclusiva\/","https:\/\/twitter.com\/ClmInclusiva"]},{"@type":"Person","@id":"https:\/\/clm-inclusiva.org\/#\/schema\/person\/0cff84aaa5bb8fd3521c55d1578d902b","name":"clm-inclusiva","image":{"@type":"ImageObject","inLanguage":"es","@id":"https:\/\/clm-inclusiva.org\/#\/schema\/person\/image\/","url":"https:\/\/secure.gravatar.com\/avatar\/88948567af770dc9cd5597b329011884?s=96&d=blank&r=g","contentUrl":"https:\/\/secure.gravatar.com\/avatar\/88948567af770dc9cd5597b329011884?s=96&d=blank&r=g","caption":"clm-inclusiva"},"sameAs":["http:\/\/clm-inclusiva.org"],"url":"https:\/\/clm-inclusiva.org\/?author=1"}]}},"_links":{"self":[{"href":"https:\/\/clm-inclusiva.org\/index.php?rest_route=\/wp\/v2\/posts\/5331"}],"collection":[{"href":"https:\/\/clm-inclusiva.org\/index.php?rest_route=\/wp\/v2\/posts"}],"about":[{"href":"https:\/\/clm-inclusiva.org\/index.php?rest_route=\/wp\/v2\/types\/post"}],"author":[{"embeddable":true,"href":"https:\/\/clm-inclusiva.org\/index.php?rest_route=\/wp\/v2\/users\/1"}],"replies":[{"embeddable":true,"href":"https:\/\/clm-inclusiva.org\/index.php?rest_route=%2Fwp%2Fv2%2Fcomments&post=5331"}],"version-history":[{"count":1,"href":"https:\/\/clm-inclusiva.org\/index.php?rest_route=\/wp\/v2\/posts\/5331\/revisions"}],"predecessor-version":[{"id":5334,"href":"https:\/\/clm-inclusiva.org\/index.php?rest_route=\/wp\/v2\/posts\/5331\/revisions\/5334"}],"wp:featuredmedia":[{"embeddable":true,"href":"https:\/\/clm-inclusiva.org\/index.php?rest_route=\/wp\/v2\/media\/5332"}],"wp:attachment":[{"href":"https:\/\/clm-inclusiva.org\/index.php?rest_route=%2Fwp%2Fv2%2Fmedia&parent=5331"}],"wp:term":[{"taxonomy":"category","embeddable":true,"href":"https:\/\/clm-inclusiva.org\/index.php?rest_route=%2Fwp%2Fv2%2Fcategories&post=5331"},{"taxonomy":"post_tag","embeddable":true,"href":"https:\/\/clm-inclusiva.org\/index.php?rest_route=%2Fwp%2Fv2%2Ftags&post=5331"}],"curies":[{"name":"wp","href":"https:\/\/api.w.org\/{rel}","templated":true}]}}