{"id":5327,"date":"2024-10-28T13:12:44","date_gmt":"2024-10-28T11:12:44","guid":{"rendered":"https:\/\/clm-inclusiva.org\/?p=5327"},"modified":"2024-10-28T13:12:44","modified_gmt":"2024-10-28T11:12:44","slug":"enrique-alarcon-presidente-de-castilla-la-mancha-inclusiva-cocemfe-destaca-el-trabajo-realizado-por-el-g7-para-la-discapacidad","status":"publish","type":"post","link":"https:\/\/clm-inclusiva.org\/?p=5327","title":{"rendered":"Enrique Alarc\u00f3n, presidente de Castilla-La Mancha Inclusiva COCEMFE destaca el trabajo realizado por el G7 para la discapacidad"},"content":{"rendered":"<ul>\n<li>\n<h3>El presidente de la confederaci\u00f3n que durante estos d\u00edas participa dentro del S\u00ednodo, poni\u00e9ndole voz a las personas con discapacidad, destaca la importancia que tiene este acontecimiento, donde el Papa Francisco ante el G7 est\u00e1 defendiendo la dignidad de las personas con discapacidad.<\/h3>\n<\/li>\n<\/ul>\n<p>Los <strong>Ministros del G7<\/strong> se han reunido para tratar <strong>asuntos relacionados con las personas con discapacidad desde una perspectiva de los Derechos Humanos y la inclusi\u00f3n<\/strong>. Esta reuni\u00f3n se enmarca dentro de los actos que el G7 est\u00e1 desarrollando en Italia. Un encuentro para intercambiar mutuamente informaci\u00f3n y compartir experiencias, con el objetivo com\u00fan de buscar soluciones a problemas.<\/p>\n<p>Los mismos se han comprometido a garantizar que todas las personas disfruten de los mismos derechos a una participaci\u00f3n e inclusi\u00f3n plenas, efectivas y significativas en todos los aspectos de la vida social, cultural, educativa, econ\u00f3mica, civil y pol\u00edtica. Tambi\u00e9n se comprometen \u201ca <strong>fomentar la inclusi\u00f3n de las personas con discapacidad<\/strong> en actividades deportivas, culturales y recreativas, as\u00ed como en la prevenci\u00f3n de emergencias y la gesti\u00f3n del riesgo de cat\u00e1strofes\u201d.<\/p>\n<p><strong>Enrique Alarc\u00f3n<\/strong>, presidente de la entidad, destaca \u201cel <strong>importante valor que tiene una reuni\u00f3n a nivel global del grupo del G7<\/strong> para <strong>dar voz a las personas con discapacidad<\/strong> y para reivindicar la puesta en funcionamiento de los derechos de todas y cada una de las personas en cada uno de los pa\u00edses del mundo; sobre todo en aquellos pa\u00edses donde la mayor parte de la poblaci\u00f3n con discapacidad carece de todos los derechos y no tienen acceso a ning\u00fan tipo de asistencia, rehabilitaci\u00f3n, educaci\u00f3n, trabajo, etc.\u201d.<\/p>\n<p>Igualmente, <strong>Enrique Alarc\u00f3n<\/strong>, quiere <strong>agradecer las palabras del Papa Francisco <\/strong>ante los ministros del G7, \u201creivindicando la importancia del acceso al mundo del trabajo, de la dignidad personal y la autonom\u00eda como condicionantes que deben establecerse a nivel mundial\u201d.<\/p>\n<p>Durante la reuni\u00f3n han destacado \u201cla importancia de la cooperaci\u00f3n internacional para promover los derechos de las personas con discapacidad en todo el mundo. La inclusi\u00f3n de la discapacidad es un facilitador esencial del desarrollo sostenible, y estamos decididos a intensificar nuestra acci\u00f3n para no dejar a nadie atr\u00e1s\u201d.<\/p>\n<p>As\u00ed pues, han anunciado que \u201capoyaremos los compromisos para la Cumbre Mundial sobre Discapacidad que se celebrar\u00e1 en Berl\u00edn los d\u00edas 2 y 3 de abril de 2025.<\/p>\n<p>Estamos convencidos de que las prioridades debatidas no agotan todas las cuestiones relacionadas con la vida cotidiana de las personas con discapacidad y nos comprometemos a proseguir el debate durante las reuniones que tendr\u00e1n lugar durante las pr\u00f3ximas presidencias del G7\u201d.<\/p>\n","protected":false},"excerpt":{"rendered":"<p>El presidente de la confederaci\u00f3n que durante estos d\u00edas participa dentro del S\u00ednodo, poni\u00e9ndole voz a las personas con discapacidad, destaca la importancia que tiene este acontecimiento, donde el Papa Francisco ante el G7 est\u00e1 defendiendo la dignidad de las personas con discapacidad. Los Ministros del G7 se han reunido para tratar asuntos relacionados con [&hellip;]<\/p>\n","protected":false},"author":1,"featured_media":5328,"comment_status":"open","ping_status":"open","sticky":false,"template":"","format":"standard","meta":{"_et_pb_use_builder":"","_et_pb_old_content":"","_et_gb_content_width":"","footnotes":""},"categories":[4,5,111,112,113],"tags":[114],"yoast_head":"<!-- This site is optimized with the Yoast SEO plugin v21.3 - https:\/\/yoast.com\/wordpress\/plugins\/seo\/ -->\n<title>Enrique Alarc\u00f3n, presidente de Castilla-La Mancha Inclusiva COCEMFE destaca el trabajo realizado por el G7 para la discapacidad - Clm-Inclusiva<\/title>\n<meta name=\"robots\" content=\"index, follow, max-snippet:-1, max-image-preview:large, max-video-preview:-1\" \/>\n<link rel=\"canonical\" href=\"https:\/\/clm-inclusiva.org\/?p=5327\" \/>\n<meta property=\"og:locale\" content=\"es_ES\" \/>\n<meta property=\"og:type\" content=\"article\" \/>\n<meta property=\"og:title\" content=\"Enrique Alarc\u00f3n, presidente de Castilla-La Mancha Inclusiva COCEMFE destaca el trabajo realizado por el G7 para la discapacidad - Clm-Inclusiva\" \/>\n<meta property=\"og:description\" content=\"El presidente de la confederaci\u00f3n que durante estos d\u00edas participa dentro del S\u00ednodo, poni\u00e9ndole voz a las personas con discapacidad, destaca la importancia que tiene este acontecimiento, donde el Papa Francisco ante el G7 est\u00e1 defendiendo la dignidad de las personas con discapacidad. Los Ministros del G7 se han reunido para tratar asuntos relacionados con [&hellip;]\" \/>\n<meta property=\"og:url\" content=\"https:\/\/clm-inclusiva.org\/?p=5327\" \/>\n<meta property=\"og:site_name\" content=\"Clm-Inclusiva\" \/>\n<meta property=\"article:publisher\" content=\"https:\/\/www.facebook.com\/castillalamancha.inclusiva\/\" \/>\n<meta property=\"article:published_time\" content=\"2024-10-28T11:12:44+00:00\" \/>\n<meta property=\"og:image\" content=\"http:\/\/clm-inclusiva.org\/wp-content\/uploads\/2024\/10\/ENRIQUE-ALARCON-PRESIDENTE-DE-CLM-INCLUSIVA.jpg\" \/>\n\t<meta property=\"og:image:width\" content=\"1600\" \/>\n\t<meta property=\"og:image:height\" content=\"1204\" \/>\n\t<meta property=\"og:image:type\" content=\"image\/jpeg\" \/>\n<meta name=\"author\" content=\"clm-inclusiva\" \/>\n<meta name=\"twitter:card\" content=\"summary_large_image\" \/>\n<meta name=\"twitter:creator\" content=\"@ClmInclusiva\" \/>\n<meta name=\"twitter:site\" content=\"@ClmInclusiva\" \/>\n<meta name=\"twitter:label1\" content=\"Escrito por\" \/>\n\t<meta name=\"twitter:data1\" content=\"clm-inclusiva\" \/>\n\t<meta name=\"twitter:label2\" content=\"Tiempo de lectura\" \/>\n\t<meta name=\"twitter:data2\" content=\"2 minutos\" \/>\n<script type=\"application\/ld+json\" class=\"yoast-schema-graph\">{\"@context\":\"https:\/\/schema.org\",\"@graph\":[{\"@type\":\"Article\",\"@id\":\"https:\/\/clm-inclusiva.org\/?p=5327#article\",\"isPartOf\":{\"@id\":\"https:\/\/clm-inclusiva.org\/?p=5327\"},\"author\":{\"name\":\"clm-inclusiva\",\"@id\":\"https:\/\/clm-inclusiva.org\/#\/schema\/person\/0cff84aaa5bb8fd3521c55d1578d902b\"},\"headline\":\"Enrique Alarc\u00f3n, presidente de Castilla-La Mancha Inclusiva COCEMFE destaca el trabajo realizado por el G7 para la discapacidad\",\"datePublished\":\"2024-10-28T11:12:44+00:00\",\"dateModified\":\"2024-10-28T11:12:44+00:00\",\"mainEntityOfPage\":{\"@id\":\"https:\/\/clm-inclusiva.org\/?p=5327\"},\"wordCount\":469,\"commentCount\":0,\"publisher\":{\"@id\":\"https:\/\/clm-inclusiva.org\/#organization\"},\"keywords\":[\"G\"],\"articleSection\":[\"Clm inclusiva\",\"Discapacidad\",\"G7\",\"Ministros de la discapacidad\",\"S\u00ednodo papal\"],\"inLanguage\":\"es\",\"potentialAction\":[{\"@type\":\"CommentAction\",\"name\":\"Comment\",\"target\":[\"https:\/\/clm-inclusiva.org\/?p=5327#respond\"]}]},{\"@type\":\"WebPage\",\"@id\":\"https:\/\/clm-inclusiva.org\/?p=5327\",\"url\":\"https:\/\/clm-inclusiva.org\/?p=5327\",\"name\":\"Enrique Alarc\u00f3n, presidente de Castilla-La Mancha Inclusiva COCEMFE destaca el trabajo realizado por el G7 para la discapacidad - Clm-Inclusiva\",\"isPartOf\":{\"@id\":\"https:\/\/clm-inclusiva.org\/#website\"},\"datePublished\":\"2024-10-28T11:12:44+00:00\",\"dateModified\":\"2024-10-28T11:12:44+00:00\",\"breadcrumb\":{\"@id\":\"https:\/\/clm-inclusiva.org\/?p=5327#breadcrumb\"},\"inLanguage\":\"es\",\"potentialAction\":[{\"@type\":\"ReadAction\",\"target\":[\"https:\/\/clm-inclusiva.org\/?p=5327\"]}]},{\"@type\":\"BreadcrumbList\",\"@id\":\"https:\/\/clm-inclusiva.org\/?p=5327#breadcrumb\",\"itemListElement\":[{\"@type\":\"ListItem\",\"position\":1,\"name\":\"Portada\",\"item\":\"https:\/\/clm-inclusiva.org\/\"},{\"@type\":\"ListItem\",\"position\":2,\"name\":\"Enrique Alarc\u00f3n, presidente de Castilla-La Mancha Inclusiva COCEMFE destaca el trabajo realizado por el G7 para la discapacidad\"}]},{\"@type\":\"WebSite\",\"@id\":\"https:\/\/clm-inclusiva.org\/#website\",\"url\":\"https:\/\/clm-inclusiva.org\/\",\"name\":\"Clm-Inclusiva\",\"description\":\"Confederaci\u00f3n de entidades de personas con discapacidad f\u00edsica y org\u00e1nica CLM\",\"publisher\":{\"@id\":\"https:\/\/clm-inclusiva.org\/#organization\"},\"potentialAction\":[{\"@type\":\"SearchAction\",\"target\":{\"@type\":\"EntryPoint\",\"urlTemplate\":\"https:\/\/clm-inclusiva.org\/?s={search_term_string}\"},\"query-input\":\"required name=search_term_string\"}],\"inLanguage\":\"es\"},{\"@type\":\"Organization\",\"@id\":\"https:\/\/clm-inclusiva.org\/#organization\",\"name\":\"Clm-Inclusiva\",\"url\":\"https:\/\/clm-inclusiva.org\/\",\"logo\":{\"@type\":\"ImageObject\",\"inLanguage\":\"es\",\"@id\":\"https:\/\/clm-inclusiva.org\/#\/schema\/logo\/image\/\",\"url\":\"http:\/\/clm-inclusiva.org\/wp-content\/uploads\/2019\/04\/banner-e1533720812836.jpg\",\"contentUrl\":\"http:\/\/clm-inclusiva.org\/wp-content\/uploads\/2019\/04\/banner-e1533720812836.jpg\",\"width\":600,\"height\":332,\"caption\":\"Clm-Inclusiva\"},\"image\":{\"@id\":\"https:\/\/clm-inclusiva.org\/#\/schema\/logo\/image\/\"},\"sameAs\":[\"https:\/\/www.facebook.com\/castillalamancha.inclusiva\/\",\"https:\/\/twitter.com\/ClmInclusiva\"]},{\"@type\":\"Person\",\"@id\":\"https:\/\/clm-inclusiva.org\/#\/schema\/person\/0cff84aaa5bb8fd3521c55d1578d902b\",\"name\":\"clm-inclusiva\",\"image\":{\"@type\":\"ImageObject\",\"inLanguage\":\"es\",\"@id\":\"https:\/\/clm-inclusiva.org\/#\/schema\/person\/image\/\",\"url\":\"https:\/\/secure.gravatar.com\/avatar\/88948567af770dc9cd5597b329011884?s=96&d=blank&r=g\",\"contentUrl\":\"https:\/\/secure.gravatar.com\/avatar\/88948567af770dc9cd5597b329011884?s=96&d=blank&r=g\",\"caption\":\"clm-inclusiva\"},\"sameAs\":[\"http:\/\/clm-inclusiva.org\"],\"url\":\"https:\/\/clm-inclusiva.org\/?author=1\"}]}<\/script>\n<!-- \/ Yoast SEO plugin. -->","yoast_head_json":{"title":"Enrique Alarc\u00f3n, presidente de Castilla-La Mancha Inclusiva COCEMFE destaca el trabajo realizado por el G7 para la discapacidad - Clm-Inclusiva","robots":{"index":"index","follow":"follow","max-snippet":"max-snippet:-1","max-image-preview":"max-image-preview:large","max-video-preview":"max-video-preview:-1"},"canonical":"https:\/\/clm-inclusiva.org\/?p=5327","og_locale":"es_ES","og_type":"article","og_title":"Enrique Alarc\u00f3n, presidente de Castilla-La Mancha Inclusiva COCEMFE destaca el trabajo realizado por el G7 para la discapacidad - Clm-Inclusiva","og_description":"El presidente de la confederaci\u00f3n que durante estos d\u00edas participa dentro del S\u00ednodo, poni\u00e9ndole voz a las personas con discapacidad, destaca la importancia que tiene este acontecimiento, donde el Papa Francisco ante el G7 est\u00e1 defendiendo la dignidad de las personas con discapacidad. Los Ministros del G7 se han reunido para tratar asuntos relacionados con [&hellip;]","og_url":"https:\/\/clm-inclusiva.org\/?p=5327","og_site_name":"Clm-Inclusiva","article_publisher":"https:\/\/www.facebook.com\/castillalamancha.inclusiva\/","article_published_time":"2024-10-28T11:12:44+00:00","og_image":[{"width":1600,"height":1204,"url":"http:\/\/clm-inclusiva.org\/wp-content\/uploads\/2024\/10\/ENRIQUE-ALARCON-PRESIDENTE-DE-CLM-INCLUSIVA.jpg","type":"image\/jpeg"}],"author":"clm-inclusiva","twitter_card":"summary_large_image","twitter_creator":"@ClmInclusiva","twitter_site":"@ClmInclusiva","twitter_misc":{"Escrito por":"clm-inclusiva","Tiempo de lectura":"2 minutos"},"schema":{"@context":"https:\/\/schema.org","@graph":[{"@type":"Article","@id":"https:\/\/clm-inclusiva.org\/?p=5327#article","isPartOf":{"@id":"https:\/\/clm-inclusiva.org\/?p=5327"},"author":{"name":"clm-inclusiva","@id":"https:\/\/clm-inclusiva.org\/#\/schema\/person\/0cff84aaa5bb8fd3521c55d1578d902b"},"headline":"Enrique Alarc\u00f3n, presidente de Castilla-La Mancha Inclusiva COCEMFE destaca el trabajo realizado por el G7 para la discapacidad","datePublished":"2024-10-28T11:12:44+00:00","dateModified":"2024-10-28T11:12:44+00:00","mainEntityOfPage":{"@id":"https:\/\/clm-inclusiva.org\/?p=5327"},"wordCount":469,"commentCount":0,"publisher":{"@id":"https:\/\/clm-inclusiva.org\/#organization"},"keywords":["G"],"articleSection":["Clm inclusiva","Discapacidad","G7","Ministros de la discapacidad","S\u00ednodo papal"],"inLanguage":"es","potentialAction":[{"@type":"CommentAction","name":"Comment","target":["https:\/\/clm-inclusiva.org\/?p=5327#respond"]}]},{"@type":"WebPage","@id":"https:\/\/clm-inclusiva.org\/?p=5327","url":"https:\/\/clm-inclusiva.org\/?p=5327","name":"Enrique Alarc\u00f3n, presidente de Castilla-La Mancha Inclusiva COCEMFE destaca el trabajo realizado por el G7 para la discapacidad - Clm-Inclusiva","isPartOf":{"@id":"https:\/\/clm-inclusiva.org\/#website"},"datePublished":"2024-10-28T11:12:44+00:00","dateModified":"2024-10-28T11:12:44+00:00","breadcrumb":{"@id":"https:\/\/clm-inclusiva.org\/?p=5327#breadcrumb"},"inLanguage":"es","potentialAction":[{"@type":"ReadAction","target":["https:\/\/clm-inclusiva.org\/?p=5327"]}]},{"@type":"BreadcrumbList","@id":"https:\/\/clm-inclusiva.org\/?p=5327#breadcrumb","itemListElement":[{"@type":"ListItem","position":1,"name":"Portada","item":"https:\/\/clm-inclusiva.org\/"},{"@type":"ListItem","position":2,"name":"Enrique Alarc\u00f3n, presidente de Castilla-La Mancha Inclusiva COCEMFE destaca el trabajo realizado por el G7 para la discapacidad"}]},{"@type":"WebSite","@id":"https:\/\/clm-inclusiva.org\/#website","url":"https:\/\/clm-inclusiva.org\/","name":"Clm-Inclusiva","description":"Confederaci\u00f3n de entidades de personas con discapacidad f\u00edsica y org\u00e1nica CLM","publisher":{"@id":"https:\/\/clm-inclusiva.org\/#organization"},"potentialAction":[{"@type":"SearchAction","target":{"@type":"EntryPoint","urlTemplate":"https:\/\/clm-inclusiva.org\/?s={search_term_string}"},"query-input":"required name=search_term_string"}],"inLanguage":"es"},{"@type":"Organization","@id":"https:\/\/clm-inclusiva.org\/#organization","name":"Clm-Inclusiva","url":"https:\/\/clm-inclusiva.org\/","logo":{"@type":"ImageObject","inLanguage":"es","@id":"https:\/\/clm-inclusiva.org\/#\/schema\/logo\/image\/","url":"http:\/\/clm-inclusiva.org\/wp-content\/uploads\/2019\/04\/banner-e1533720812836.jpg","contentUrl":"http:\/\/clm-inclusiva.org\/wp-content\/uploads\/2019\/04\/banner-e1533720812836.jpg","width":600,"height":332,"caption":"Clm-Inclusiva"},"image":{"@id":"https:\/\/clm-inclusiva.org\/#\/schema\/logo\/image\/"},"sameAs":["https:\/\/www.facebook.com\/castillalamancha.inclusiva\/","https:\/\/twitter.com\/ClmInclusiva"]},{"@type":"Person","@id":"https:\/\/clm-inclusiva.org\/#\/schema\/person\/0cff84aaa5bb8fd3521c55d1578d902b","name":"clm-inclusiva","image":{"@type":"ImageObject","inLanguage":"es","@id":"https:\/\/clm-inclusiva.org\/#\/schema\/person\/image\/","url":"https:\/\/secure.gravatar.com\/avatar\/88948567af770dc9cd5597b329011884?s=96&d=blank&r=g","contentUrl":"https:\/\/secure.gravatar.com\/avatar\/88948567af770dc9cd5597b329011884?s=96&d=blank&r=g","caption":"clm-inclusiva"},"sameAs":["http:\/\/clm-inclusiva.org"],"url":"https:\/\/clm-inclusiva.org\/?author=1"}]}},"_links":{"self":[{"href":"https:\/\/clm-inclusiva.org\/index.php?rest_route=\/wp\/v2\/posts\/5327"}],"collection":[{"href":"https:\/\/clm-inclusiva.org\/index.php?rest_route=\/wp\/v2\/posts"}],"about":[{"href":"https:\/\/clm-inclusiva.org\/index.php?rest_route=\/wp\/v2\/types\/post"}],"author":[{"embeddable":true,"href":"https:\/\/clm-inclusiva.org\/index.php?rest_route=\/wp\/v2\/users\/1"}],"replies":[{"embeddable":true,"href":"https:\/\/clm-inclusiva.org\/index.php?rest_route=%2Fwp%2Fv2%2Fcomments&post=5327"}],"version-history":[{"count":1,"href":"https:\/\/clm-inclusiva.org\/index.php?rest_route=\/wp\/v2\/posts\/5327\/revisions"}],"predecessor-version":[{"id":5329,"href":"https:\/\/clm-inclusiva.org\/index.php?rest_route=\/wp\/v2\/posts\/5327\/revisions\/5329"}],"wp:featuredmedia":[{"embeddable":true,"href":"https:\/\/clm-inclusiva.org\/index.php?rest_route=\/wp\/v2\/media\/5328"}],"wp:attachment":[{"href":"https:\/\/clm-inclusiva.org\/index.php?rest_route=%2Fwp%2Fv2%2Fmedia&parent=5327"}],"wp:term":[{"taxonomy":"category","embeddable":true,"href":"https:\/\/clm-inclusiva.org\/index.php?rest_route=%2Fwp%2Fv2%2Fcategories&post=5327"},{"taxonomy":"post_tag","embeddable":true,"href":"https:\/\/clm-inclusiva.org\/index.php?rest_route=%2Fwp%2Fv2%2Ftags&post=5327"}],"curies":[{"name":"wp","href":"https:\/\/api.w.org\/{rel}","templated":true}]}}