{"id":5321,"date":"2024-10-22T13:24:36","date_gmt":"2024-10-22T11:24:36","guid":{"rendered":"https:\/\/clm-inclusiva.org\/?p=5321"},"modified":"2024-10-22T13:24:36","modified_gmt":"2024-10-22T11:24:36","slug":"castilla-la-mancha-inclusiva-y-cocemfe-albacete-exigen-que-hasta-que-el-teletransporte-sea-viable-se-cumplan-las-leyes-de-accesibilidad","status":"publish","type":"post","link":"https:\/\/clm-inclusiva.org\/?p=5321","title":{"rendered":"Castilla-La Mancha Inclusiva y COCEMFE Albacete exigen que hasta que el teletransporte sea viable se cumplan las leyes de accesibilidad"},"content":{"rendered":"<ul>\n<li>\n<h3>Castilla-La Mancha Inclusiva y COCEMFE Albacete ha presentado este martes la campa\u00f1a de comunicaci\u00f3n \u201cTeletransporte contra la discriminaci\u00f3n\u201d para exigir que se cumplan las leyes de accesibilidad en los medios de transporte<\/h3>\n<\/li>\n<li>\n<h3>Marcelino Escobar, vicepresidente de CLM Inclusiva, ha hecho hincapi\u00e9 en que \u201cla inaccesibilidad en el transporte afecta derechos esenciales como el acceso a la salud, educaci\u00f3n y empleo\u201d<\/h3>\n<\/li>\n<li>\n<h3>A trav\u00e9s de esta iniciativa organizada por COCEMFE nacional junto a su Movimiento Asociativo, se pide a administraciones, empresas y sociedad en general que tomen conciencia de esta discriminaci\u00f3n que impide la plena inclusi\u00f3n de las personas con discapacidad f\u00edsica y org\u00e1nica en la sociedad<\/h3>\n<\/li>\n<\/ul>\n<p>Castilla-La Mancha Inclusiva y COCEMFE Albacete ha organizado este martes <strong>un acto reivindicativo en Albacete para denunciar la falta de accesibilidad en los medios de transporte<\/strong> y exigir que se cumplan las leyes de accesibilidad.<\/p>\n<p>Esta acci\u00f3n forma parte de la <strong>campa\u00f1a organizada por COCEMFE nacional \u201cTeletransporte contra la discriminaci\u00f3n\u201d<\/strong>, la cual, inspirada en el universo Star Trek, ha consistido en un intento fallido de \u2018teletransportar\u2019 a una persona con discapacidad desde Madrid hasta Albacete, sorteando las barreras de accesibilidad a las que se tienen que enfrentar a diario las personas con discapacidad f\u00edsica y org\u00e1nica. \u201cA pesar de los avances normativos en accesibilidad, <strong>el objetivo de plena accesibilidad en el transporte p\u00fablico no se ha alcanzado<\/strong>\u201d, ha destacado Marcelino Escobar, vicepresidente de CLM Inclusiva y presidente de COCEMFE Albacate, haciendo hincapi\u00e9 en que \u201c<strong>existe una notable falta de informaci\u00f3n<\/strong> precisa y actualizada sobre el grado de accesibilidad de los diferentes medios de transporte\u201d.<\/p>\n<p>En este sentido, Marcelino Escobar, representante de la entidad ha incidido en que \u201chemos lanzado esta campa\u00f1a para<strong> concienciar a la sociedad y medios de comunicaci\u00f3n, pero sobre todo a administraciones y empresas de transportes<\/strong> sobre los problemas de accesibilidad que enfrentan las personas con discapacidad f\u00edsica y org\u00e1nica a la hora de utilizar los transportes y para <strong>reivindicar que se cumplan las leyes de accesibilidad<\/strong>\u201d.<\/p>\n<p>\u201cHasta que el teletransporte sea viable, <strong>hay que resolver la inaccesibilidad en trenes, autobuses, metros y aviones y mejorar los servicios de asistencia<\/strong>, la formaci\u00f3n del personal de transporte y la protecci\u00f3n de nuestros equipos de movilidad y equipos m\u00e9dicos\u201d, ha detallado el vicepresidente de CLM Inclusiva, que ha pedido \u201cm\u00e1s taxis adaptados, instalar enchufes electr\u00f3nicos y priorizar a quienes no est\u00e1n para largas esperas, y m\u00e1s informaci\u00f3n, servicios adaptados e infraestructuras accesibles, especialmente en zonas rurales y municipios peque\u00f1os\u201d.<\/p>\n<p>Por \u00faltimo, ha remarcado que \u201c<strong>la inaccesibilidad en el transporte afecta derechos esenciales <\/strong>como el acceso a la salud, educaci\u00f3n y empleo, comprometiendo la inclusi\u00f3n plena de las personas con discapacidad f\u00edsica y org\u00e1nica en la sociedad\u201d.<\/p>\n<p>Tambi\u00e9n ha intervenido Jos\u00e9 Luis Povedano, secretario de COCEMFE Albacete que ha centrado su intervenci\u00f3n en el <strong>incremento de la inversi\u00f3n en infraestructuras adecuadas.<\/strong> Esto conllevan mejorar la oferta de taxis adaptados, el acondicionamiento de los autobuses urbanos, as\u00ed como el transporte ferroviario y a\u00e9reo.<\/p>\n<p>A su vez, varios de los <strong>asistentes pudieron dar testimonio<\/strong> de las barreras de accesibilidad en el transporte que enfrentan diariamente.<\/p>\n<p>Esta campa\u00f1a est\u00e1 financiada a trav\u00e9s de las subvenciones para la realizaci\u00f3n de actividades de inter\u00e9s general consideradas de inter\u00e9s social de la convocatoria del 0,7 del Ministerio de Derechos Sociales, Consumo y Agenda 2030.<\/p>\n<p>&nbsp;<\/p>\n<div class=\"et_pb_slider et_pb_slider_fullwidth_off et_pb_gallery_post_type\">\n\t\t\t\t<div class=\"et_pb_slides\">\n\t\t\t\t\t<div class=\"et_pb_slide\" style=\"background: url(https:\/\/clm-inclusiva.org\/wp-content\/uploads\/2024\/10\/FOTO-2-3-scaled.jpg);\"><\/div><div class=\"et_pb_slide\" style=\"background: url(https:\/\/clm-inclusiva.org\/wp-content\/uploads\/2024\/10\/FOTO-3-scaled.jpg);\"><\/div>\n\t\t\t\t<\/div>\n\t\t\t<\/div>\n","protected":false},"excerpt":{"rendered":"<p>Castilla-La Mancha Inclusiva y COCEMFE Albacete ha presentado este martes la campa\u00f1a de comunicaci\u00f3n \u201cTeletransporte contra la discriminaci\u00f3n\u201d para exigir que se cumplan las leyes de accesibilidad en los medios de transporte Marcelino Escobar, vicepresidente de CLM Inclusiva, ha hecho hincapi\u00e9 en que \u201cla inaccesibilidad en el transporte afecta derechos esenciales como el acceso a [&hellip;]<\/p>\n","protected":false},"author":1,"featured_media":5322,"comment_status":"open","ping_status":"open","sticky":false,"template":"","format":"standard","meta":{"_et_pb_use_builder":"","_et_pb_old_content":"","_et_gb_content_width":"","footnotes":""},"categories":[2,10,45,4,47,5],"tags":[],"yoast_head":"<!-- This site is optimized with the Yoast SEO plugin v21.3 - https:\/\/yoast.com\/wordpress\/plugins\/seo\/ -->\n<title>Castilla-La Mancha Inclusiva y COCEMFE Albacete exigen que hasta que el teletransporte sea viable se cumplan las leyes de accesibilidad - Clm-Inclusiva<\/title>\n<meta name=\"robots\" content=\"index, follow, max-snippet:-1, max-image-preview:large, max-video-preview:-1\" \/>\n<link rel=\"canonical\" href=\"https:\/\/clm-inclusiva.org\/?p=5321\" \/>\n<meta property=\"og:locale\" content=\"es_ES\" \/>\n<meta property=\"og:type\" content=\"article\" \/>\n<meta property=\"og:title\" content=\"Castilla-La Mancha Inclusiva y COCEMFE Albacete exigen que hasta que el teletransporte sea viable se cumplan las leyes de accesibilidad - Clm-Inclusiva\" \/>\n<meta property=\"og:description\" content=\"Castilla-La Mancha Inclusiva y COCEMFE Albacete ha presentado este martes la campa\u00f1a de comunicaci\u00f3n \u201cTeletransporte contra la discriminaci\u00f3n\u201d para exigir que se cumplan las leyes de accesibilidad en los medios de transporte Marcelino Escobar, vicepresidente de CLM Inclusiva, ha hecho hincapi\u00e9 en que \u201cla inaccesibilidad en el transporte afecta derechos esenciales como el acceso a [&hellip;]\" \/>\n<meta property=\"og:url\" content=\"https:\/\/clm-inclusiva.org\/?p=5321\" \/>\n<meta property=\"og:site_name\" content=\"Clm-Inclusiva\" \/>\n<meta property=\"article:publisher\" content=\"https:\/\/www.facebook.com\/castillalamancha.inclusiva\/\" \/>\n<meta property=\"article:published_time\" content=\"2024-10-22T11:24:36+00:00\" \/>\n<meta property=\"og:image\" content=\"http:\/\/clm-inclusiva.org\/wp-content\/uploads\/2024\/10\/FOTO-1-2-scaled.jpg\" \/>\n\t<meta property=\"og:image:width\" content=\"2560\" \/>\n\t<meta property=\"og:image:height\" content=\"1707\" \/>\n\t<meta property=\"og:image:type\" content=\"image\/jpeg\" \/>\n<meta name=\"author\" content=\"clm-inclusiva\" \/>\n<meta name=\"twitter:card\" content=\"summary_large_image\" \/>\n<meta name=\"twitter:creator\" content=\"@ClmInclusiva\" \/>\n<meta name=\"twitter:site\" content=\"@ClmInclusiva\" \/>\n<meta name=\"twitter:label1\" content=\"Escrito por\" \/>\n\t<meta name=\"twitter:data1\" content=\"clm-inclusiva\" \/>\n\t<meta name=\"twitter:label2\" content=\"Tiempo de lectura\" \/>\n\t<meta name=\"twitter:data2\" content=\"3 minutos\" \/>\n<script type=\"application\/ld+json\" class=\"yoast-schema-graph\">{\"@context\":\"https:\/\/schema.org\",\"@graph\":[{\"@type\":\"Article\",\"@id\":\"https:\/\/clm-inclusiva.org\/?p=5321#article\",\"isPartOf\":{\"@id\":\"https:\/\/clm-inclusiva.org\/?p=5321\"},\"author\":{\"name\":\"clm-inclusiva\",\"@id\":\"https:\/\/clm-inclusiva.org\/#\/schema\/person\/0cff84aaa5bb8fd3521c55d1578d902b\"},\"headline\":\"Castilla-La Mancha Inclusiva y COCEMFE Albacete exigen que hasta que el teletransporte sea viable se cumplan las leyes de accesibilidad\",\"datePublished\":\"2024-10-22T11:24:36+00:00\",\"dateModified\":\"2024-10-22T11:24:36+00:00\",\"mainEntityOfPage\":{\"@id\":\"https:\/\/clm-inclusiva.org\/?p=5321\"},\"wordCount\":606,\"commentCount\":0,\"publisher\":{\"@id\":\"https:\/\/clm-inclusiva.org\/#organization\"},\"articleSection\":[\"Accesibilidad\",\"Actividades\",\"Albacete\",\"Clm inclusiva\",\"cocemfe\",\"Discapacidad\"],\"inLanguage\":\"es\",\"potentialAction\":[{\"@type\":\"CommentAction\",\"name\":\"Comment\",\"target\":[\"https:\/\/clm-inclusiva.org\/?p=5321#respond\"]}]},{\"@type\":\"WebPage\",\"@id\":\"https:\/\/clm-inclusiva.org\/?p=5321\",\"url\":\"https:\/\/clm-inclusiva.org\/?p=5321\",\"name\":\"Castilla-La Mancha Inclusiva y COCEMFE Albacete exigen que hasta que el teletransporte sea viable se cumplan las leyes de accesibilidad - Clm-Inclusiva\",\"isPartOf\":{\"@id\":\"https:\/\/clm-inclusiva.org\/#website\"},\"datePublished\":\"2024-10-22T11:24:36+00:00\",\"dateModified\":\"2024-10-22T11:24:36+00:00\",\"breadcrumb\":{\"@id\":\"https:\/\/clm-inclusiva.org\/?p=5321#breadcrumb\"},\"inLanguage\":\"es\",\"potentialAction\":[{\"@type\":\"ReadAction\",\"target\":[\"https:\/\/clm-inclusiva.org\/?p=5321\"]}]},{\"@type\":\"BreadcrumbList\",\"@id\":\"https:\/\/clm-inclusiva.org\/?p=5321#breadcrumb\",\"itemListElement\":[{\"@type\":\"ListItem\",\"position\":1,\"name\":\"Portada\",\"item\":\"https:\/\/clm-inclusiva.org\/\"},{\"@type\":\"ListItem\",\"position\":2,\"name\":\"Castilla-La Mancha Inclusiva y COCEMFE Albacete exigen que hasta que el teletransporte sea viable se cumplan las leyes de accesibilidad\"}]},{\"@type\":\"WebSite\",\"@id\":\"https:\/\/clm-inclusiva.org\/#website\",\"url\":\"https:\/\/clm-inclusiva.org\/\",\"name\":\"Clm-Inclusiva\",\"description\":\"Confederaci\u00f3n de entidades de personas con discapacidad f\u00edsica y org\u00e1nica CLM\",\"publisher\":{\"@id\":\"https:\/\/clm-inclusiva.org\/#organization\"},\"potentialAction\":[{\"@type\":\"SearchAction\",\"target\":{\"@type\":\"EntryPoint\",\"urlTemplate\":\"https:\/\/clm-inclusiva.org\/?s={search_term_string}\"},\"query-input\":\"required name=search_term_string\"}],\"inLanguage\":\"es\"},{\"@type\":\"Organization\",\"@id\":\"https:\/\/clm-inclusiva.org\/#organization\",\"name\":\"Clm-Inclusiva\",\"url\":\"https:\/\/clm-inclusiva.org\/\",\"logo\":{\"@type\":\"ImageObject\",\"inLanguage\":\"es\",\"@id\":\"https:\/\/clm-inclusiva.org\/#\/schema\/logo\/image\/\",\"url\":\"http:\/\/clm-inclusiva.org\/wp-content\/uploads\/2019\/04\/banner-e1533720812836.jpg\",\"contentUrl\":\"http:\/\/clm-inclusiva.org\/wp-content\/uploads\/2019\/04\/banner-e1533720812836.jpg\",\"width\":600,\"height\":332,\"caption\":\"Clm-Inclusiva\"},\"image\":{\"@id\":\"https:\/\/clm-inclusiva.org\/#\/schema\/logo\/image\/\"},\"sameAs\":[\"https:\/\/www.facebook.com\/castillalamancha.inclusiva\/\",\"https:\/\/twitter.com\/ClmInclusiva\"]},{\"@type\":\"Person\",\"@id\":\"https:\/\/clm-inclusiva.org\/#\/schema\/person\/0cff84aaa5bb8fd3521c55d1578d902b\",\"name\":\"clm-inclusiva\",\"image\":{\"@type\":\"ImageObject\",\"inLanguage\":\"es\",\"@id\":\"https:\/\/clm-inclusiva.org\/#\/schema\/person\/image\/\",\"url\":\"https:\/\/secure.gravatar.com\/avatar\/88948567af770dc9cd5597b329011884?s=96&d=blank&r=g\",\"contentUrl\":\"https:\/\/secure.gravatar.com\/avatar\/88948567af770dc9cd5597b329011884?s=96&d=blank&r=g\",\"caption\":\"clm-inclusiva\"},\"sameAs\":[\"http:\/\/clm-inclusiva.org\"],\"url\":\"https:\/\/clm-inclusiva.org\/?author=1\"}]}<\/script>\n<!-- \/ Yoast SEO plugin. -->","yoast_head_json":{"title":"Castilla-La Mancha Inclusiva y COCEMFE Albacete exigen que hasta que el teletransporte sea viable se cumplan las leyes de accesibilidad - Clm-Inclusiva","robots":{"index":"index","follow":"follow","max-snippet":"max-snippet:-1","max-image-preview":"max-image-preview:large","max-video-preview":"max-video-preview:-1"},"canonical":"https:\/\/clm-inclusiva.org\/?p=5321","og_locale":"es_ES","og_type":"article","og_title":"Castilla-La Mancha Inclusiva y COCEMFE Albacete exigen que hasta que el teletransporte sea viable se cumplan las leyes de accesibilidad - Clm-Inclusiva","og_description":"Castilla-La Mancha Inclusiva y COCEMFE Albacete ha presentado este martes la campa\u00f1a de comunicaci\u00f3n \u201cTeletransporte contra la discriminaci\u00f3n\u201d para exigir que se cumplan las leyes de accesibilidad en los medios de transporte Marcelino Escobar, vicepresidente de CLM Inclusiva, ha hecho hincapi\u00e9 en que \u201cla inaccesibilidad en el transporte afecta derechos esenciales como el acceso a [&hellip;]","og_url":"https:\/\/clm-inclusiva.org\/?p=5321","og_site_name":"Clm-Inclusiva","article_publisher":"https:\/\/www.facebook.com\/castillalamancha.inclusiva\/","article_published_time":"2024-10-22T11:24:36+00:00","og_image":[{"width":2560,"height":1707,"url":"http:\/\/clm-inclusiva.org\/wp-content\/uploads\/2024\/10\/FOTO-1-2-scaled.jpg","type":"image\/jpeg"}],"author":"clm-inclusiva","twitter_card":"summary_large_image","twitter_creator":"@ClmInclusiva","twitter_site":"@ClmInclusiva","twitter_misc":{"Escrito por":"clm-inclusiva","Tiempo de lectura":"3 minutos"},"schema":{"@context":"https:\/\/schema.org","@graph":[{"@type":"Article","@id":"https:\/\/clm-inclusiva.org\/?p=5321#article","isPartOf":{"@id":"https:\/\/clm-inclusiva.org\/?p=5321"},"author":{"name":"clm-inclusiva","@id":"https:\/\/clm-inclusiva.org\/#\/schema\/person\/0cff84aaa5bb8fd3521c55d1578d902b"},"headline":"Castilla-La Mancha Inclusiva y COCEMFE Albacete exigen que hasta que el teletransporte sea viable se cumplan las leyes de accesibilidad","datePublished":"2024-10-22T11:24:36+00:00","dateModified":"2024-10-22T11:24:36+00:00","mainEntityOfPage":{"@id":"https:\/\/clm-inclusiva.org\/?p=5321"},"wordCount":606,"commentCount":0,"publisher":{"@id":"https:\/\/clm-inclusiva.org\/#organization"},"articleSection":["Accesibilidad","Actividades","Albacete","Clm inclusiva","cocemfe","Discapacidad"],"inLanguage":"es","potentialAction":[{"@type":"CommentAction","name":"Comment","target":["https:\/\/clm-inclusiva.org\/?p=5321#respond"]}]},{"@type":"WebPage","@id":"https:\/\/clm-inclusiva.org\/?p=5321","url":"https:\/\/clm-inclusiva.org\/?p=5321","name":"Castilla-La Mancha Inclusiva y COCEMFE Albacete exigen que hasta que el teletransporte sea viable se cumplan las leyes de accesibilidad - Clm-Inclusiva","isPartOf":{"@id":"https:\/\/clm-inclusiva.org\/#website"},"datePublished":"2024-10-22T11:24:36+00:00","dateModified":"2024-10-22T11:24:36+00:00","breadcrumb":{"@id":"https:\/\/clm-inclusiva.org\/?p=5321#breadcrumb"},"inLanguage":"es","potentialAction":[{"@type":"ReadAction","target":["https:\/\/clm-inclusiva.org\/?p=5321"]}]},{"@type":"BreadcrumbList","@id":"https:\/\/clm-inclusiva.org\/?p=5321#breadcrumb","itemListElement":[{"@type":"ListItem","position":1,"name":"Portada","item":"https:\/\/clm-inclusiva.org\/"},{"@type":"ListItem","position":2,"name":"Castilla-La Mancha Inclusiva y COCEMFE Albacete exigen que hasta que el teletransporte sea viable se cumplan las leyes de accesibilidad"}]},{"@type":"WebSite","@id":"https:\/\/clm-inclusiva.org\/#website","url":"https:\/\/clm-inclusiva.org\/","name":"Clm-Inclusiva","description":"Confederaci\u00f3n de entidades de personas con discapacidad f\u00edsica y org\u00e1nica CLM","publisher":{"@id":"https:\/\/clm-inclusiva.org\/#organization"},"potentialAction":[{"@type":"SearchAction","target":{"@type":"EntryPoint","urlTemplate":"https:\/\/clm-inclusiva.org\/?s={search_term_string}"},"query-input":"required name=search_term_string"}],"inLanguage":"es"},{"@type":"Organization","@id":"https:\/\/clm-inclusiva.org\/#organization","name":"Clm-Inclusiva","url":"https:\/\/clm-inclusiva.org\/","logo":{"@type":"ImageObject","inLanguage":"es","@id":"https:\/\/clm-inclusiva.org\/#\/schema\/logo\/image\/","url":"http:\/\/clm-inclusiva.org\/wp-content\/uploads\/2019\/04\/banner-e1533720812836.jpg","contentUrl":"http:\/\/clm-inclusiva.org\/wp-content\/uploads\/2019\/04\/banner-e1533720812836.jpg","width":600,"height":332,"caption":"Clm-Inclusiva"},"image":{"@id":"https:\/\/clm-inclusiva.org\/#\/schema\/logo\/image\/"},"sameAs":["https:\/\/www.facebook.com\/castillalamancha.inclusiva\/","https:\/\/twitter.com\/ClmInclusiva"]},{"@type":"Person","@id":"https:\/\/clm-inclusiva.org\/#\/schema\/person\/0cff84aaa5bb8fd3521c55d1578d902b","name":"clm-inclusiva","image":{"@type":"ImageObject","inLanguage":"es","@id":"https:\/\/clm-inclusiva.org\/#\/schema\/person\/image\/","url":"https:\/\/secure.gravatar.com\/avatar\/88948567af770dc9cd5597b329011884?s=96&d=blank&r=g","contentUrl":"https:\/\/secure.gravatar.com\/avatar\/88948567af770dc9cd5597b329011884?s=96&d=blank&r=g","caption":"clm-inclusiva"},"sameAs":["http:\/\/clm-inclusiva.org"],"url":"https:\/\/clm-inclusiva.org\/?author=1"}]}},"_links":{"self":[{"href":"https:\/\/clm-inclusiva.org\/index.php?rest_route=\/wp\/v2\/posts\/5321"}],"collection":[{"href":"https:\/\/clm-inclusiva.org\/index.php?rest_route=\/wp\/v2\/posts"}],"about":[{"href":"https:\/\/clm-inclusiva.org\/index.php?rest_route=\/wp\/v2\/types\/post"}],"author":[{"embeddable":true,"href":"https:\/\/clm-inclusiva.org\/index.php?rest_route=\/wp\/v2\/users\/1"}],"replies":[{"embeddable":true,"href":"https:\/\/clm-inclusiva.org\/index.php?rest_route=%2Fwp%2Fv2%2Fcomments&post=5321"}],"version-history":[{"count":1,"href":"https:\/\/clm-inclusiva.org\/index.php?rest_route=\/wp\/v2\/posts\/5321\/revisions"}],"predecessor-version":[{"id":5325,"href":"https:\/\/clm-inclusiva.org\/index.php?rest_route=\/wp\/v2\/posts\/5321\/revisions\/5325"}],"wp:featuredmedia":[{"embeddable":true,"href":"https:\/\/clm-inclusiva.org\/index.php?rest_route=\/wp\/v2\/media\/5322"}],"wp:attachment":[{"href":"https:\/\/clm-inclusiva.org\/index.php?rest_route=%2Fwp%2Fv2%2Fmedia&parent=5321"}],"wp:term":[{"taxonomy":"category","embeddable":true,"href":"https:\/\/clm-inclusiva.org\/index.php?rest_route=%2Fwp%2Fv2%2Fcategories&post=5321"},{"taxonomy":"post_tag","embeddable":true,"href":"https:\/\/clm-inclusiva.org\/index.php?rest_route=%2Fwp%2Fv2%2Ftags&post=5321"}],"curies":[{"name":"wp","href":"https:\/\/api.w.org\/{rel}","templated":true}]}}