{"id":5313,"date":"2024-10-21T11:32:13","date_gmt":"2024-10-21T09:32:13","guid":{"rendered":"https:\/\/clm-inclusiva.org\/?p=5313"},"modified":"2024-10-21T13:24:56","modified_gmt":"2024-10-21T11:24:56","slug":"logistica-un-sector-referente-para-las-personas-con-discapacidad-en-castilla-la-mancha","status":"publish","type":"post","link":"https:\/\/clm-inclusiva.org\/?p=5313","title":{"rendered":"Log\u00edstica, un sector referente para las personas con discapacidad en Castilla-La Mancha"},"content":{"rendered":"<ul>\n<li>\n<h3>Ha sido inaugurado en Toledo el proyecto formativo &#8220;Log\u00edstica de Pedidos&#8221; dentro del itinerario de Optimizaci\u00f3n de Procesos Log\u00edsticos.<\/h3>\n<\/li>\n<li>\n<h3>Esta formaci\u00f3n modular est\u00e1 dise\u00f1ada para la cualificaci\u00f3n y recualificaci\u00f3n de la poblaci\u00f3n activa, como parte del componente 20 del Plan Estrat\u00e9gico de Impulso de la Formaci\u00f3n Profesional, financiado por la Uni\u00f3n Europea &#8211; Next Generation EU.<\/h3>\n<\/li>\n<li>\n<h3>Al finalizar el a\u00f1o 2024 la confederaci\u00f3n habr\u00e1 formado en Castilla-La Mancha a m\u00e1s de 100 personas, 25 en Toledo.<\/h3>\n<\/li>\n<\/ul>\n<p><strong>La Confederaci\u00f3n de entidades de personas con discapacidad f\u00edsica y org\u00e1nica de Castilla-La Mancha, CLM Inclusiva COCEMFE<\/strong>, ha inaugurado en Toledo una nueva formaci\u00f3n: &#8220;Log\u00edstica de Pedidos&#8221; dentro del itinerario de Optimizaci\u00f3n de Procesos Log\u00edsticos,<\/p>\n<p>Se ha dado la bienvenida a <strong>doce alumnos<\/strong>, una mujer y once hombres. Tres de ellos tienen discapacidad, el resto son personas vulnerables y, excepto uno, todos ellos est\u00e1n desempleados. En cuanto a la edad, se encuentran en un rango de entre 22 y 52 a\u00f1os.<\/p>\n<p>El curso que tendr\u00e1 60 horas de formaci\u00f3n te\u00f3rica est\u00e1 dirigido a poblaci\u00f3n en b\u00fasqueda de empleo, ocupada o desempleada, y perteneciente a colectivos\u00a0vulnerables.<\/p>\n<p>El itinerario completo se divide en <strong>dos acciones formativas<\/strong>: Log\u00edstica de pedidos; y Avances Tecnol\u00f3gicos en el manejo de carretillas elevadoras.<\/p>\n<p><strong>El proyecto<\/strong> est\u00e1 <strong>orientado a<\/strong> dotar al alumnado de los conocimientos y habilidades necesarios para llevar a cabo de manera efectiva las tareas b\u00e1sicas relacionadas con la gesti\u00f3n de almacenes, la log\u00edstica de pedidos y el manejo de carretillas\u00a0elevadoras.<\/p>\n<p>Un mercado laboral que tiene mucha importancia en Toledo y su provincia debido a su potencial crecimiento en un sector estrat\u00e9gico y de desarrollo econ\u00f3mico y para el empleo.<\/p>\n<p>En la <strong>inauguraci\u00f3n estuvieron presentes<\/strong> Tom\u00e1s G\u00f3mez, t\u00e9cnico de empleo de la entidad y el coordinador regional Carlos Mora. Han estado acompa\u00f1ados por Cristina Miguel Iglesias y Margarita Jim\u00e9nez de Amiab Toledo.<\/p>\n<p>As\u00ed lo ha asegurado el coordinador regional, Carlos Mora que ha querido poner en valor \u201cla formaci\u00f3n que se est\u00e1 desarrollando ya que la log\u00edstica es uno de los <strong>nichos de mercado que m\u00e1s salida laborar puede tener\u201d. <\/strong>Tambi\u00e9n les ha querido agradecer por sumarse a esta acci\u00f3n formativa, recordando que desde CLM Inclusiva estamos a su disposici\u00f3n.<\/p>\n<p>Por su parte, Tom\u00e1s G\u00f3mez, t\u00e9cnico de empleo y entidades de la confederaci\u00f3n ha recordado a los alumnos y las alumnas que, una vez finalice la formaci\u00f3n \u201c<strong>acudan al servicio de intermediaci\u00f3n laboral<\/strong> para actualizar el curr\u00edculum y enviarlo a todas las empresas en nuestra bolsa de empleo, con el fin de lograr la inserci\u00f3n laboral\u201d.<\/p>\n<p>Este proyecto <strong>forma parte de la programaci\u00f3n 2024 \u2013 2025 de CLM Inclusiva COCEMFE<\/strong> en el marco de dicho programa que tambi\u00e9n incluye los proyectos de &#8220;Desarrollo de Capacidades de Jardiner\u00eda&#8221; en Cuenca, \u201cGesti\u00f3n de Quejas y Reclamaciones en Servicios online en Ciudad Real, \u201cApoyo para Actividades Cotidianas en personas con Dependencia y Discapacidad\u201d en Alc\u00e1zar de San Juan; \u201cOperario\/a de montaje y mantenimiento el\u00e9ctrico y electr\u00f3nico en Ol\u00edas del Rey, as\u00ed como el Plan de \u201cCapacitaci\u00f3n en herramientas digitales\u201d para el empleo que se desarrollar\u00e1 en las capitales de provincia. <strong>Dicha programaci\u00f3n permitir\u00e1 ofrecer formaci\u00f3n acreditable para el empleo a m\u00e1s de\u00a0100\u00a0personas.<\/strong><\/p>\n<p>Esta formaci\u00f3n modular est\u00e1 dise\u00f1ada para la cualificaci\u00f3n y recualificaci\u00f3n de la poblaci\u00f3n activa, como parte del componente 20 del Plan Estrat\u00e9gico de Impulso de la Formaci\u00f3n Profesional, financiado por la Uni\u00f3n Europea &#8211; Next Generation EU.<\/p>\n<p>&nbsp;<\/p>\n<div class=\"et_pb_slider et_pb_slider_fullwidth_off et_pb_gallery_post_type\">\n\t\t\t\t<div class=\"et_pb_slides\">\n\t\t\t\t\t<div class=\"et_pb_slide\" style=\"background: url(https:\/\/clm-inclusiva.org\/wp-content\/uploads\/2024\/10\/FOTO-2-2-scaled.jpg);\"><\/div>\n\t\t\t\t<\/div>\n\t\t\t<\/div>\n","protected":false},"excerpt":{"rendered":"<p>Ha sido inaugurado en Toledo el proyecto formativo &#8220;Log\u00edstica de Pedidos&#8221; dentro del itinerario de Optimizaci\u00f3n de Procesos Log\u00edsticos. Esta formaci\u00f3n modular est\u00e1 dise\u00f1ada para la cualificaci\u00f3n y recualificaci\u00f3n de la poblaci\u00f3n activa, como parte del componente 20 del Plan Estrat\u00e9gico de Impulso de la Formaci\u00f3n Profesional, financiado por la Uni\u00f3n Europea &#8211; Next Generation [&hellip;]<\/p>\n","protected":false},"author":1,"featured_media":5318,"comment_status":"open","ping_status":"open","sticky":false,"template":"","format":"standard","meta":{"_et_pb_use_builder":"","_et_pb_old_content":"","_et_gb_content_width":"","footnotes":""},"categories":[4,5,6,97,42,9],"tags":[],"yoast_head":"<!-- This site is optimized with the Yoast SEO plugin v21.3 - https:\/\/yoast.com\/wordpress\/plugins\/seo\/ -->\n<title>Log\u00edstica, un sector referente para las personas con discapacidad en Castilla-La Mancha - Clm-Inclusiva<\/title>\n<meta name=\"robots\" content=\"index, follow, max-snippet:-1, max-image-preview:large, max-video-preview:-1\" \/>\n<link rel=\"canonical\" href=\"https:\/\/clm-inclusiva.org\/?p=5313\" \/>\n<meta property=\"og:locale\" content=\"es_ES\" \/>\n<meta property=\"og:type\" content=\"article\" \/>\n<meta property=\"og:title\" content=\"Log\u00edstica, un sector referente para las personas con discapacidad en Castilla-La Mancha - Clm-Inclusiva\" \/>\n<meta property=\"og:description\" content=\"Ha sido inaugurado en Toledo el proyecto formativo &#8220;Log\u00edstica de Pedidos&#8221; dentro del itinerario de Optimizaci\u00f3n de Procesos Log\u00edsticos. Esta formaci\u00f3n modular est\u00e1 dise\u00f1ada para la cualificaci\u00f3n y recualificaci\u00f3n de la poblaci\u00f3n activa, como parte del componente 20 del Plan Estrat\u00e9gico de Impulso de la Formaci\u00f3n Profesional, financiado por la Uni\u00f3n Europea &#8211; Next Generation [&hellip;]\" \/>\n<meta property=\"og:url\" content=\"https:\/\/clm-inclusiva.org\/?p=5313\" \/>\n<meta property=\"og:site_name\" content=\"Clm-Inclusiva\" \/>\n<meta property=\"article:publisher\" content=\"https:\/\/www.facebook.com\/castillalamancha.inclusiva\/\" \/>\n<meta property=\"article:published_time\" content=\"2024-10-21T09:32:13+00:00\" \/>\n<meta property=\"article:modified_time\" content=\"2024-10-21T11:24:56+00:00\" \/>\n<meta property=\"og:image\" content=\"http:\/\/clm-inclusiva.org\/wp-content\/uploads\/2024\/10\/FOTO-1-1-scaled.jpg\" \/>\n\t<meta property=\"og:image:width\" content=\"2560\" \/>\n\t<meta property=\"og:image:height\" content=\"1707\" \/>\n\t<meta property=\"og:image:type\" content=\"image\/jpeg\" \/>\n<meta name=\"author\" content=\"clm-inclusiva\" \/>\n<meta name=\"twitter:card\" content=\"summary_large_image\" \/>\n<meta name=\"twitter:creator\" content=\"@ClmInclusiva\" \/>\n<meta name=\"twitter:site\" content=\"@ClmInclusiva\" \/>\n<meta name=\"twitter:label1\" content=\"Escrito por\" \/>\n\t<meta name=\"twitter:data1\" content=\"clm-inclusiva\" \/>\n\t<meta name=\"twitter:label2\" content=\"Tiempo de lectura\" \/>\n\t<meta name=\"twitter:data2\" content=\"3 minutos\" \/>\n<script type=\"application\/ld+json\" class=\"yoast-schema-graph\">{\"@context\":\"https:\/\/schema.org\",\"@graph\":[{\"@type\":\"Article\",\"@id\":\"https:\/\/clm-inclusiva.org\/?p=5313#article\",\"isPartOf\":{\"@id\":\"https:\/\/clm-inclusiva.org\/?p=5313\"},\"author\":{\"name\":\"clm-inclusiva\",\"@id\":\"https:\/\/clm-inclusiva.org\/#\/schema\/person\/0cff84aaa5bb8fd3521c55d1578d902b\"},\"headline\":\"Log\u00edstica, un sector referente para las personas con discapacidad en Castilla-La Mancha\",\"datePublished\":\"2024-10-21T09:32:13+00:00\",\"dateModified\":\"2024-10-21T11:24:56+00:00\",\"mainEntityOfPage\":{\"@id\":\"https:\/\/clm-inclusiva.org\/?p=5313\"},\"wordCount\":639,\"commentCount\":0,\"publisher\":{\"@id\":\"https:\/\/clm-inclusiva.org\/#organization\"},\"articleSection\":[\"Clm inclusiva\",\"Discapacidad\",\"Empleo\",\"formaci\u00f3n\",\"Toledo\",\"Trabajo\"],\"inLanguage\":\"es\",\"potentialAction\":[{\"@type\":\"CommentAction\",\"name\":\"Comment\",\"target\":[\"https:\/\/clm-inclusiva.org\/?p=5313#respond\"]}]},{\"@type\":\"WebPage\",\"@id\":\"https:\/\/clm-inclusiva.org\/?p=5313\",\"url\":\"https:\/\/clm-inclusiva.org\/?p=5313\",\"name\":\"Log\u00edstica, un sector referente para las personas con discapacidad en Castilla-La Mancha - Clm-Inclusiva\",\"isPartOf\":{\"@id\":\"https:\/\/clm-inclusiva.org\/#website\"},\"datePublished\":\"2024-10-21T09:32:13+00:00\",\"dateModified\":\"2024-10-21T11:24:56+00:00\",\"breadcrumb\":{\"@id\":\"https:\/\/clm-inclusiva.org\/?p=5313#breadcrumb\"},\"inLanguage\":\"es\",\"potentialAction\":[{\"@type\":\"ReadAction\",\"target\":[\"https:\/\/clm-inclusiva.org\/?p=5313\"]}]},{\"@type\":\"BreadcrumbList\",\"@id\":\"https:\/\/clm-inclusiva.org\/?p=5313#breadcrumb\",\"itemListElement\":[{\"@type\":\"ListItem\",\"position\":1,\"name\":\"Portada\",\"item\":\"https:\/\/clm-inclusiva.org\/\"},{\"@type\":\"ListItem\",\"position\":2,\"name\":\"Log\u00edstica, un sector referente para las personas con discapacidad en Castilla-La Mancha\"}]},{\"@type\":\"WebSite\",\"@id\":\"https:\/\/clm-inclusiva.org\/#website\",\"url\":\"https:\/\/clm-inclusiva.org\/\",\"name\":\"Clm-Inclusiva\",\"description\":\"Confederaci\u00f3n de entidades de personas con discapacidad f\u00edsica y org\u00e1nica CLM\",\"publisher\":{\"@id\":\"https:\/\/clm-inclusiva.org\/#organization\"},\"potentialAction\":[{\"@type\":\"SearchAction\",\"target\":{\"@type\":\"EntryPoint\",\"urlTemplate\":\"https:\/\/clm-inclusiva.org\/?s={search_term_string}\"},\"query-input\":\"required name=search_term_string\"}],\"inLanguage\":\"es\"},{\"@type\":\"Organization\",\"@id\":\"https:\/\/clm-inclusiva.org\/#organization\",\"name\":\"Clm-Inclusiva\",\"url\":\"https:\/\/clm-inclusiva.org\/\",\"logo\":{\"@type\":\"ImageObject\",\"inLanguage\":\"es\",\"@id\":\"https:\/\/clm-inclusiva.org\/#\/schema\/logo\/image\/\",\"url\":\"http:\/\/clm-inclusiva.org\/wp-content\/uploads\/2019\/04\/banner-e1533720812836.jpg\",\"contentUrl\":\"http:\/\/clm-inclusiva.org\/wp-content\/uploads\/2019\/04\/banner-e1533720812836.jpg\",\"width\":600,\"height\":332,\"caption\":\"Clm-Inclusiva\"},\"image\":{\"@id\":\"https:\/\/clm-inclusiva.org\/#\/schema\/logo\/image\/\"},\"sameAs\":[\"https:\/\/www.facebook.com\/castillalamancha.inclusiva\/\",\"https:\/\/twitter.com\/ClmInclusiva\"]},{\"@type\":\"Person\",\"@id\":\"https:\/\/clm-inclusiva.org\/#\/schema\/person\/0cff84aaa5bb8fd3521c55d1578d902b\",\"name\":\"clm-inclusiva\",\"image\":{\"@type\":\"ImageObject\",\"inLanguage\":\"es\",\"@id\":\"https:\/\/clm-inclusiva.org\/#\/schema\/person\/image\/\",\"url\":\"https:\/\/secure.gravatar.com\/avatar\/88948567af770dc9cd5597b329011884?s=96&d=blank&r=g\",\"contentUrl\":\"https:\/\/secure.gravatar.com\/avatar\/88948567af770dc9cd5597b329011884?s=96&d=blank&r=g\",\"caption\":\"clm-inclusiva\"},\"sameAs\":[\"http:\/\/clm-inclusiva.org\"],\"url\":\"https:\/\/clm-inclusiva.org\/?author=1\"}]}<\/script>\n<!-- \/ Yoast SEO plugin. -->","yoast_head_json":{"title":"Log\u00edstica, un sector referente para las personas con discapacidad en Castilla-La Mancha - Clm-Inclusiva","robots":{"index":"index","follow":"follow","max-snippet":"max-snippet:-1","max-image-preview":"max-image-preview:large","max-video-preview":"max-video-preview:-1"},"canonical":"https:\/\/clm-inclusiva.org\/?p=5313","og_locale":"es_ES","og_type":"article","og_title":"Log\u00edstica, un sector referente para las personas con discapacidad en Castilla-La Mancha - Clm-Inclusiva","og_description":"Ha sido inaugurado en Toledo el proyecto formativo &#8220;Log\u00edstica de Pedidos&#8221; dentro del itinerario de Optimizaci\u00f3n de Procesos Log\u00edsticos. Esta formaci\u00f3n modular est\u00e1 dise\u00f1ada para la cualificaci\u00f3n y recualificaci\u00f3n de la poblaci\u00f3n activa, como parte del componente 20 del Plan Estrat\u00e9gico de Impulso de la Formaci\u00f3n Profesional, financiado por la Uni\u00f3n Europea &#8211; Next Generation [&hellip;]","og_url":"https:\/\/clm-inclusiva.org\/?p=5313","og_site_name":"Clm-Inclusiva","article_publisher":"https:\/\/www.facebook.com\/castillalamancha.inclusiva\/","article_published_time":"2024-10-21T09:32:13+00:00","article_modified_time":"2024-10-21T11:24:56+00:00","og_image":[{"width":2560,"height":1707,"url":"http:\/\/clm-inclusiva.org\/wp-content\/uploads\/2024\/10\/FOTO-1-1-scaled.jpg","type":"image\/jpeg"}],"author":"clm-inclusiva","twitter_card":"summary_large_image","twitter_creator":"@ClmInclusiva","twitter_site":"@ClmInclusiva","twitter_misc":{"Escrito por":"clm-inclusiva","Tiempo de lectura":"3 minutos"},"schema":{"@context":"https:\/\/schema.org","@graph":[{"@type":"Article","@id":"https:\/\/clm-inclusiva.org\/?p=5313#article","isPartOf":{"@id":"https:\/\/clm-inclusiva.org\/?p=5313"},"author":{"name":"clm-inclusiva","@id":"https:\/\/clm-inclusiva.org\/#\/schema\/person\/0cff84aaa5bb8fd3521c55d1578d902b"},"headline":"Log\u00edstica, un sector referente para las personas con discapacidad en Castilla-La Mancha","datePublished":"2024-10-21T09:32:13+00:00","dateModified":"2024-10-21T11:24:56+00:00","mainEntityOfPage":{"@id":"https:\/\/clm-inclusiva.org\/?p=5313"},"wordCount":639,"commentCount":0,"publisher":{"@id":"https:\/\/clm-inclusiva.org\/#organization"},"articleSection":["Clm inclusiva","Discapacidad","Empleo","formaci\u00f3n","Toledo","Trabajo"],"inLanguage":"es","potentialAction":[{"@type":"CommentAction","name":"Comment","target":["https:\/\/clm-inclusiva.org\/?p=5313#respond"]}]},{"@type":"WebPage","@id":"https:\/\/clm-inclusiva.org\/?p=5313","url":"https:\/\/clm-inclusiva.org\/?p=5313","name":"Log\u00edstica, un sector referente para las personas con discapacidad en Castilla-La Mancha - Clm-Inclusiva","isPartOf":{"@id":"https:\/\/clm-inclusiva.org\/#website"},"datePublished":"2024-10-21T09:32:13+00:00","dateModified":"2024-10-21T11:24:56+00:00","breadcrumb":{"@id":"https:\/\/clm-inclusiva.org\/?p=5313#breadcrumb"},"inLanguage":"es","potentialAction":[{"@type":"ReadAction","target":["https:\/\/clm-inclusiva.org\/?p=5313"]}]},{"@type":"BreadcrumbList","@id":"https:\/\/clm-inclusiva.org\/?p=5313#breadcrumb","itemListElement":[{"@type":"ListItem","position":1,"name":"Portada","item":"https:\/\/clm-inclusiva.org\/"},{"@type":"ListItem","position":2,"name":"Log\u00edstica, un sector referente para las personas con discapacidad en Castilla-La Mancha"}]},{"@type":"WebSite","@id":"https:\/\/clm-inclusiva.org\/#website","url":"https:\/\/clm-inclusiva.org\/","name":"Clm-Inclusiva","description":"Confederaci\u00f3n de entidades de personas con discapacidad f\u00edsica y org\u00e1nica CLM","publisher":{"@id":"https:\/\/clm-inclusiva.org\/#organization"},"potentialAction":[{"@type":"SearchAction","target":{"@type":"EntryPoint","urlTemplate":"https:\/\/clm-inclusiva.org\/?s={search_term_string}"},"query-input":"required name=search_term_string"}],"inLanguage":"es"},{"@type":"Organization","@id":"https:\/\/clm-inclusiva.org\/#organization","name":"Clm-Inclusiva","url":"https:\/\/clm-inclusiva.org\/","logo":{"@type":"ImageObject","inLanguage":"es","@id":"https:\/\/clm-inclusiva.org\/#\/schema\/logo\/image\/","url":"http:\/\/clm-inclusiva.org\/wp-content\/uploads\/2019\/04\/banner-e1533720812836.jpg","contentUrl":"http:\/\/clm-inclusiva.org\/wp-content\/uploads\/2019\/04\/banner-e1533720812836.jpg","width":600,"height":332,"caption":"Clm-Inclusiva"},"image":{"@id":"https:\/\/clm-inclusiva.org\/#\/schema\/logo\/image\/"},"sameAs":["https:\/\/www.facebook.com\/castillalamancha.inclusiva\/","https:\/\/twitter.com\/ClmInclusiva"]},{"@type":"Person","@id":"https:\/\/clm-inclusiva.org\/#\/schema\/person\/0cff84aaa5bb8fd3521c55d1578d902b","name":"clm-inclusiva","image":{"@type":"ImageObject","inLanguage":"es","@id":"https:\/\/clm-inclusiva.org\/#\/schema\/person\/image\/","url":"https:\/\/secure.gravatar.com\/avatar\/88948567af770dc9cd5597b329011884?s=96&d=blank&r=g","contentUrl":"https:\/\/secure.gravatar.com\/avatar\/88948567af770dc9cd5597b329011884?s=96&d=blank&r=g","caption":"clm-inclusiva"},"sameAs":["http:\/\/clm-inclusiva.org"],"url":"https:\/\/clm-inclusiva.org\/?author=1"}]}},"_links":{"self":[{"href":"https:\/\/clm-inclusiva.org\/index.php?rest_route=\/wp\/v2\/posts\/5313"}],"collection":[{"href":"https:\/\/clm-inclusiva.org\/index.php?rest_route=\/wp\/v2\/posts"}],"about":[{"href":"https:\/\/clm-inclusiva.org\/index.php?rest_route=\/wp\/v2\/types\/post"}],"author":[{"embeddable":true,"href":"https:\/\/clm-inclusiva.org\/index.php?rest_route=\/wp\/v2\/users\/1"}],"replies":[{"embeddable":true,"href":"https:\/\/clm-inclusiva.org\/index.php?rest_route=%2Fwp%2Fv2%2Fcomments&post=5313"}],"version-history":[{"count":3,"href":"https:\/\/clm-inclusiva.org\/index.php?rest_route=\/wp\/v2\/posts\/5313\/revisions"}],"predecessor-version":[{"id":5320,"href":"https:\/\/clm-inclusiva.org\/index.php?rest_route=\/wp\/v2\/posts\/5313\/revisions\/5320"}],"wp:featuredmedia":[{"embeddable":true,"href":"https:\/\/clm-inclusiva.org\/index.php?rest_route=\/wp\/v2\/media\/5318"}],"wp:attachment":[{"href":"https:\/\/clm-inclusiva.org\/index.php?rest_route=%2Fwp%2Fv2%2Fmedia&parent=5313"}],"wp:term":[{"taxonomy":"category","embeddable":true,"href":"https:\/\/clm-inclusiva.org\/index.php?rest_route=%2Fwp%2Fv2%2Fcategories&post=5313"},{"taxonomy":"post_tag","embeddable":true,"href":"https:\/\/clm-inclusiva.org\/index.php?rest_route=%2Fwp%2Fv2%2Ftags&post=5313"}],"curies":[{"name":"wp","href":"https:\/\/api.w.org\/{rel}","templated":true}]}}