{"id":5305,"date":"2024-10-18T11:57:23","date_gmt":"2024-10-18T09:57:23","guid":{"rendered":"https:\/\/clm-inclusiva.org\/?p=5305"},"modified":"2024-10-18T13:54:30","modified_gmt":"2024-10-18T11:54:30","slug":"clm-inclusiva-cocemfe-finalizara-2024-formando-en-cuenca-a-30-personas-con-discapacidad","status":"publish","type":"post","link":"https:\/\/clm-inclusiva.org\/?p=5305","title":{"rendered":"Castilla-La Mancha Inclusiva COCEMFE finalizar\u00e1 2024 formando en Cuenca a 30 personas con discapacidad"},"content":{"rendered":"<ul>\n<li>\n<h3>Inaugurado en Cuenca el proyecto formativo &#8220;Actividades b\u00e1sicas en viveros: producci\u00f3n y mantenimiento de plantas&#8221; dentro del itinerario de Desarrollo de Capacidades en Jardiner\u00eda.<\/h3>\n<\/li>\n<li>\n<h3>Esta formaci\u00f3n modular est\u00e1 dise\u00f1ada para la cualificaci\u00f3n y recualificaci\u00f3n de la poblaci\u00f3n activa, como parte del componente 20 del Plan Estrat\u00e9gico de Impulso de la Formaci\u00f3n Profesional, financiado por la Uni\u00f3n Europea &#8211; Next Generation EU.<\/h3>\n<\/li>\n<li>\n<h3>Al finalizar el a\u00f1o 2024 la confederaci\u00f3n habr\u00e1 formado en Castilla-La Mancha a m\u00e1s de 100 personas, 30 en Cuenca.<\/h3>\n<\/li>\n<\/ul>\n<h3><\/h3>\n<p><strong>La Confederaci\u00f3n de entidades de personas con discapacidad f\u00edsica y org\u00e1nica de Castilla-La Mancha, CLM Inclusiva COCEMFE<\/strong>, ha inaugurado en Cuenca una nueva formaci\u00f3n: &#8220;Actividades b\u00e1sicas en viveros: producci\u00f3n y mantenimiento de plantas&#8221; dentro del itinerario de Desarrollo de Capacidades en Jardiner\u00eda.<\/p>\n<p>Se ha dado la bienvenida a <strong>diez alumnos<\/strong>, una mujer y nueve hombres. Seis de ellos tienen discapacidad, el resto son personas vulnerables y todos ellos est\u00e1n desempleados. En cuanto a la edad, se encuentran en un rango de entre 25 y 45 a\u00f1os, uno de ellos menor de 25 a\u00f1os.<\/p>\n<p>El curso que tendr\u00e1 30 horas de formaci\u00f3n te\u00f3rica est\u00e1 dirigido a poblaci\u00f3n en b\u00fasqueda de empleo, ocupada o desempleada, y perteneciente a colectivos\u00a0vulnerables.<\/p>\n<p>El itinerario completo se divide en <strong>tres acciones<\/strong>: Actividades b\u00e1sicas en viveros: producci\u00f3n y mantenimiento de plantas; Elementos clave para dise\u00f1ar y desarrollar \u00e1reas ajardinadas, parques y entornos verdes; Acciones esenciales en el mantenimiento de \u00e1reas verdes.<\/p>\n<p><strong>El proyecto<\/strong> est\u00e1 <strong>orientado a<\/strong> dotar al alumnado de los conocimientos necesarios para instalar y mantener espacios ajardinados y espacios verdes est\u00e9ticamente agradables y funcionales, promoviendo el bienestar de la comunidad y la conservaci\u00f3n del\u00a0medio\u00a0ambiente.<\/p>\n<p>Este proyecto <strong>forma parte de la programaci\u00f3n 2024 \u2013 2025 de CLM Inclusiva COCEMFE<\/strong> en el marco de dicho programa que tambi\u00e9n incluye los proyectos de \u201cOptimizaci\u00f3n de Procesos Log\u00edsticos\u201d en Toledo, \u201cGesti\u00f3n de Quejas y Reclamaciones en Servicios online en Ciudad Real, \u201cApoyo para Actividades Cotidianas en personas con Dependencia y Discapacidad\u201d en Alc\u00e1zar de San Juan; \u201cOperario\/a de montaje y mantenimiento el\u00e9ctrico y electr\u00f3nico en Ol\u00edas del Rey, as\u00ed como el Plan de \u201cCapacitaci\u00f3n en herramientas digitales\u201d para el empleo que se desarrollar\u00e1 en las capitales de provincia. <strong>Dicha programaci\u00f3n permitir\u00e1 ofrecer formaci\u00f3n acreditable para el empleo a m\u00e1s de\u00a0100\u00a0personas.<\/strong><\/p>\n<p>En la <strong>inauguraci\u00f3n estuvieron presentes<\/strong> Carlos Mora, coordinador regional y Silvia Montero orientadora laboral y t\u00e9cnica de empleo de programas de CLM Inclusiva COCEMFE.<\/p>\n<p>El coordinador regional, Carlos Mora ha querido poner en valor \u201cla <strong>apuesta por la continuidad de la formaci\u00f3n en la provincia de Cuenca<\/strong> como garant\u00eda de \u00e9xito en sectores como la jardiner\u00eda para la inclusi\u00f3n laboral de las personas con discapacidad\u201d. Tambi\u00e9n ha querido agradecer la colaboraci\u00f3n de<strong> las entidades socias como son COCEMFE Cuenca y el Grupo AMIAB.<\/strong><\/p>\n<p>Por su parte, Silvia Montero, t\u00e9cnica de CLM Inclusiva COCEMFE ha recomendado, una vez finalizada la formaci\u00f3n, <strong>\u201cpasar por el servicio de intermediaci\u00f3n laboral<\/strong> para actualizar el curr\u00edculum y as\u00ed hacerlo llegar a todas las empresas que forman parte de nuestra bolsa de empleo para poder conseguir el objetivo final que es la inserci\u00f3n laboral\u201d.<\/p>\n<p>Esta formaci\u00f3n modular est\u00e1 dise\u00f1ada para la cualificaci\u00f3n y recualificaci\u00f3n de la poblaci\u00f3n activa, como parte del componente 20 del Plan Estrat\u00e9gico de Impulso de la Formaci\u00f3n Profesional, financiado por la Uni\u00f3n Europea &#8211; Next Generation EU.<\/p>\n<p>&nbsp;<\/p>\n<p><img decoding=\"async\" loading=\"lazy\" class=\"alignnone size-medium wp-image-5308\" src=\"http:\/\/clm-inclusiva.org\/wp-content\/uploads\/2024\/10\/FOTO-1-300x200.jpg\" alt=\"\" width=\"300\" height=\"200\" \/> <img decoding=\"async\" loading=\"lazy\" class=\"alignnone size-medium wp-image-5309\" src=\"http:\/\/clm-inclusiva.org\/wp-content\/uploads\/2024\/10\/FOTO-2-300x200.jpg\" alt=\"\" width=\"300\" height=\"200\" \/><\/p>\n","protected":false},"excerpt":{"rendered":"<p>Inaugurado en Cuenca el proyecto formativo &#8220;Actividades b\u00e1sicas en viveros: producci\u00f3n y mantenimiento de plantas&#8221; dentro del itinerario de Desarrollo de Capacidades en Jardiner\u00eda. Esta formaci\u00f3n modular est\u00e1 dise\u00f1ada para la cualificaci\u00f3n y recualificaci\u00f3n de la poblaci\u00f3n activa, como parte del componente 20 del Plan Estrat\u00e9gico de Impulso de la Formaci\u00f3n Profesional, financiado por la [&hellip;]<\/p>\n","protected":false},"author":1,"featured_media":5307,"comment_status":"open","ping_status":"open","sticky":false,"template":"","format":"standard","meta":{"_et_pb_use_builder":"","_et_pb_old_content":"","_et_gb_content_width":"","footnotes":""},"categories":[4,50,5,6,97],"tags":[],"yoast_head":"<!-- This site is optimized with the Yoast SEO plugin v21.3 - https:\/\/yoast.com\/wordpress\/plugins\/seo\/ -->\n<title>Castilla-La Mancha Inclusiva COCEMFE finalizar\u00e1 2024 formando en Cuenca a 30 personas con discapacidad - Clm-Inclusiva<\/title>\n<meta name=\"robots\" content=\"index, follow, max-snippet:-1, max-image-preview:large, max-video-preview:-1\" \/>\n<link rel=\"canonical\" href=\"https:\/\/clm-inclusiva.org\/?p=5305\" \/>\n<meta property=\"og:locale\" content=\"es_ES\" \/>\n<meta property=\"og:type\" content=\"article\" \/>\n<meta property=\"og:title\" content=\"Castilla-La Mancha Inclusiva COCEMFE finalizar\u00e1 2024 formando en Cuenca a 30 personas con discapacidad - Clm-Inclusiva\" \/>\n<meta property=\"og:description\" content=\"Inaugurado en Cuenca el proyecto formativo &#8220;Actividades b\u00e1sicas en viveros: producci\u00f3n y mantenimiento de plantas&#8221; dentro del itinerario de Desarrollo de Capacidades en Jardiner\u00eda. Esta formaci\u00f3n modular est\u00e1 dise\u00f1ada para la cualificaci\u00f3n y recualificaci\u00f3n de la poblaci\u00f3n activa, como parte del componente 20 del Plan Estrat\u00e9gico de Impulso de la Formaci\u00f3n Profesional, financiado por la [&hellip;]\" \/>\n<meta property=\"og:url\" content=\"https:\/\/clm-inclusiva.org\/?p=5305\" \/>\n<meta property=\"og:site_name\" content=\"Clm-Inclusiva\" \/>\n<meta property=\"article:publisher\" content=\"https:\/\/www.facebook.com\/castillalamancha.inclusiva\/\" \/>\n<meta property=\"article:published_time\" content=\"2024-10-18T09:57:23+00:00\" \/>\n<meta property=\"article:modified_time\" content=\"2024-10-18T11:54:30+00:00\" \/>\n<meta property=\"og:image\" content=\"http:\/\/clm-inclusiva.org\/wp-content\/uploads\/2024\/10\/FOTO-GRUPO-scaled.jpg\" \/>\n\t<meta property=\"og:image:width\" content=\"2560\" \/>\n\t<meta property=\"og:image:height\" content=\"1707\" \/>\n\t<meta property=\"og:image:type\" content=\"image\/jpeg\" \/>\n<meta name=\"author\" content=\"clm-inclusiva\" \/>\n<meta name=\"twitter:card\" content=\"summary_large_image\" \/>\n<meta name=\"twitter:creator\" content=\"@ClmInclusiva\" \/>\n<meta name=\"twitter:site\" content=\"@ClmInclusiva\" \/>\n<meta name=\"twitter:label1\" content=\"Escrito por\" \/>\n\t<meta name=\"twitter:data1\" content=\"clm-inclusiva\" \/>\n\t<meta name=\"twitter:label2\" content=\"Tiempo de lectura\" \/>\n\t<meta name=\"twitter:data2\" content=\"3 minutos\" \/>\n<script type=\"application\/ld+json\" class=\"yoast-schema-graph\">{\"@context\":\"https:\/\/schema.org\",\"@graph\":[{\"@type\":\"Article\",\"@id\":\"https:\/\/clm-inclusiva.org\/?p=5305#article\",\"isPartOf\":{\"@id\":\"https:\/\/clm-inclusiva.org\/?p=5305\"},\"author\":{\"name\":\"clm-inclusiva\",\"@id\":\"https:\/\/clm-inclusiva.org\/#\/schema\/person\/0cff84aaa5bb8fd3521c55d1578d902b\"},\"headline\":\"Castilla-La Mancha Inclusiva COCEMFE finalizar\u00e1 2024 formando en Cuenca a 30 personas con discapacidad\",\"datePublished\":\"2024-10-18T09:57:23+00:00\",\"dateModified\":\"2024-10-18T11:54:30+00:00\",\"mainEntityOfPage\":{\"@id\":\"https:\/\/clm-inclusiva.org\/?p=5305\"},\"wordCount\":620,\"commentCount\":0,\"publisher\":{\"@id\":\"https:\/\/clm-inclusiva.org\/#organization\"},\"articleSection\":[\"Clm inclusiva\",\"Cuenca\",\"Discapacidad\",\"Empleo\",\"formaci\u00f3n\"],\"inLanguage\":\"es\",\"potentialAction\":[{\"@type\":\"CommentAction\",\"name\":\"Comment\",\"target\":[\"https:\/\/clm-inclusiva.org\/?p=5305#respond\"]}]},{\"@type\":\"WebPage\",\"@id\":\"https:\/\/clm-inclusiva.org\/?p=5305\",\"url\":\"https:\/\/clm-inclusiva.org\/?p=5305\",\"name\":\"Castilla-La Mancha Inclusiva COCEMFE finalizar\u00e1 2024 formando en Cuenca a 30 personas con discapacidad - Clm-Inclusiva\",\"isPartOf\":{\"@id\":\"https:\/\/clm-inclusiva.org\/#website\"},\"datePublished\":\"2024-10-18T09:57:23+00:00\",\"dateModified\":\"2024-10-18T11:54:30+00:00\",\"breadcrumb\":{\"@id\":\"https:\/\/clm-inclusiva.org\/?p=5305#breadcrumb\"},\"inLanguage\":\"es\",\"potentialAction\":[{\"@type\":\"ReadAction\",\"target\":[\"https:\/\/clm-inclusiva.org\/?p=5305\"]}]},{\"@type\":\"BreadcrumbList\",\"@id\":\"https:\/\/clm-inclusiva.org\/?p=5305#breadcrumb\",\"itemListElement\":[{\"@type\":\"ListItem\",\"position\":1,\"name\":\"Portada\",\"item\":\"https:\/\/clm-inclusiva.org\/\"},{\"@type\":\"ListItem\",\"position\":2,\"name\":\"Castilla-La Mancha Inclusiva COCEMFE finalizar\u00e1 2024 formando en Cuenca a 30 personas con discapacidad\"}]},{\"@type\":\"WebSite\",\"@id\":\"https:\/\/clm-inclusiva.org\/#website\",\"url\":\"https:\/\/clm-inclusiva.org\/\",\"name\":\"Clm-Inclusiva\",\"description\":\"Confederaci\u00f3n de entidades de personas con discapacidad f\u00edsica y org\u00e1nica CLM\",\"publisher\":{\"@id\":\"https:\/\/clm-inclusiva.org\/#organization\"},\"potentialAction\":[{\"@type\":\"SearchAction\",\"target\":{\"@type\":\"EntryPoint\",\"urlTemplate\":\"https:\/\/clm-inclusiva.org\/?s={search_term_string}\"},\"query-input\":\"required name=search_term_string\"}],\"inLanguage\":\"es\"},{\"@type\":\"Organization\",\"@id\":\"https:\/\/clm-inclusiva.org\/#organization\",\"name\":\"Clm-Inclusiva\",\"url\":\"https:\/\/clm-inclusiva.org\/\",\"logo\":{\"@type\":\"ImageObject\",\"inLanguage\":\"es\",\"@id\":\"https:\/\/clm-inclusiva.org\/#\/schema\/logo\/image\/\",\"url\":\"http:\/\/clm-inclusiva.org\/wp-content\/uploads\/2019\/04\/banner-e1533720812836.jpg\",\"contentUrl\":\"http:\/\/clm-inclusiva.org\/wp-content\/uploads\/2019\/04\/banner-e1533720812836.jpg\",\"width\":600,\"height\":332,\"caption\":\"Clm-Inclusiva\"},\"image\":{\"@id\":\"https:\/\/clm-inclusiva.org\/#\/schema\/logo\/image\/\"},\"sameAs\":[\"https:\/\/www.facebook.com\/castillalamancha.inclusiva\/\",\"https:\/\/twitter.com\/ClmInclusiva\"]},{\"@type\":\"Person\",\"@id\":\"https:\/\/clm-inclusiva.org\/#\/schema\/person\/0cff84aaa5bb8fd3521c55d1578d902b\",\"name\":\"clm-inclusiva\",\"image\":{\"@type\":\"ImageObject\",\"inLanguage\":\"es\",\"@id\":\"https:\/\/clm-inclusiva.org\/#\/schema\/person\/image\/\",\"url\":\"https:\/\/secure.gravatar.com\/avatar\/88948567af770dc9cd5597b329011884?s=96&d=blank&r=g\",\"contentUrl\":\"https:\/\/secure.gravatar.com\/avatar\/88948567af770dc9cd5597b329011884?s=96&d=blank&r=g\",\"caption\":\"clm-inclusiva\"},\"sameAs\":[\"http:\/\/clm-inclusiva.org\"],\"url\":\"https:\/\/clm-inclusiva.org\/?author=1\"}]}<\/script>\n<!-- \/ Yoast SEO plugin. -->","yoast_head_json":{"title":"Castilla-La Mancha Inclusiva COCEMFE finalizar\u00e1 2024 formando en Cuenca a 30 personas con discapacidad - Clm-Inclusiva","robots":{"index":"index","follow":"follow","max-snippet":"max-snippet:-1","max-image-preview":"max-image-preview:large","max-video-preview":"max-video-preview:-1"},"canonical":"https:\/\/clm-inclusiva.org\/?p=5305","og_locale":"es_ES","og_type":"article","og_title":"Castilla-La Mancha Inclusiva COCEMFE finalizar\u00e1 2024 formando en Cuenca a 30 personas con discapacidad - Clm-Inclusiva","og_description":"Inaugurado en Cuenca el proyecto formativo &#8220;Actividades b\u00e1sicas en viveros: producci\u00f3n y mantenimiento de plantas&#8221; dentro del itinerario de Desarrollo de Capacidades en Jardiner\u00eda. Esta formaci\u00f3n modular est\u00e1 dise\u00f1ada para la cualificaci\u00f3n y recualificaci\u00f3n de la poblaci\u00f3n activa, como parte del componente 20 del Plan Estrat\u00e9gico de Impulso de la Formaci\u00f3n Profesional, financiado por la [&hellip;]","og_url":"https:\/\/clm-inclusiva.org\/?p=5305","og_site_name":"Clm-Inclusiva","article_publisher":"https:\/\/www.facebook.com\/castillalamancha.inclusiva\/","article_published_time":"2024-10-18T09:57:23+00:00","article_modified_time":"2024-10-18T11:54:30+00:00","og_image":[{"width":2560,"height":1707,"url":"http:\/\/clm-inclusiva.org\/wp-content\/uploads\/2024\/10\/FOTO-GRUPO-scaled.jpg","type":"image\/jpeg"}],"author":"clm-inclusiva","twitter_card":"summary_large_image","twitter_creator":"@ClmInclusiva","twitter_site":"@ClmInclusiva","twitter_misc":{"Escrito por":"clm-inclusiva","Tiempo de lectura":"3 minutos"},"schema":{"@context":"https:\/\/schema.org","@graph":[{"@type":"Article","@id":"https:\/\/clm-inclusiva.org\/?p=5305#article","isPartOf":{"@id":"https:\/\/clm-inclusiva.org\/?p=5305"},"author":{"name":"clm-inclusiva","@id":"https:\/\/clm-inclusiva.org\/#\/schema\/person\/0cff84aaa5bb8fd3521c55d1578d902b"},"headline":"Castilla-La Mancha Inclusiva COCEMFE finalizar\u00e1 2024 formando en Cuenca a 30 personas con discapacidad","datePublished":"2024-10-18T09:57:23+00:00","dateModified":"2024-10-18T11:54:30+00:00","mainEntityOfPage":{"@id":"https:\/\/clm-inclusiva.org\/?p=5305"},"wordCount":620,"commentCount":0,"publisher":{"@id":"https:\/\/clm-inclusiva.org\/#organization"},"articleSection":["Clm inclusiva","Cuenca","Discapacidad","Empleo","formaci\u00f3n"],"inLanguage":"es","potentialAction":[{"@type":"CommentAction","name":"Comment","target":["https:\/\/clm-inclusiva.org\/?p=5305#respond"]}]},{"@type":"WebPage","@id":"https:\/\/clm-inclusiva.org\/?p=5305","url":"https:\/\/clm-inclusiva.org\/?p=5305","name":"Castilla-La Mancha Inclusiva COCEMFE finalizar\u00e1 2024 formando en Cuenca a 30 personas con discapacidad - Clm-Inclusiva","isPartOf":{"@id":"https:\/\/clm-inclusiva.org\/#website"},"datePublished":"2024-10-18T09:57:23+00:00","dateModified":"2024-10-18T11:54:30+00:00","breadcrumb":{"@id":"https:\/\/clm-inclusiva.org\/?p=5305#breadcrumb"},"inLanguage":"es","potentialAction":[{"@type":"ReadAction","target":["https:\/\/clm-inclusiva.org\/?p=5305"]}]},{"@type":"BreadcrumbList","@id":"https:\/\/clm-inclusiva.org\/?p=5305#breadcrumb","itemListElement":[{"@type":"ListItem","position":1,"name":"Portada","item":"https:\/\/clm-inclusiva.org\/"},{"@type":"ListItem","position":2,"name":"Castilla-La Mancha Inclusiva COCEMFE finalizar\u00e1 2024 formando en Cuenca a 30 personas con discapacidad"}]},{"@type":"WebSite","@id":"https:\/\/clm-inclusiva.org\/#website","url":"https:\/\/clm-inclusiva.org\/","name":"Clm-Inclusiva","description":"Confederaci\u00f3n de entidades de personas con discapacidad f\u00edsica y org\u00e1nica CLM","publisher":{"@id":"https:\/\/clm-inclusiva.org\/#organization"},"potentialAction":[{"@type":"SearchAction","target":{"@type":"EntryPoint","urlTemplate":"https:\/\/clm-inclusiva.org\/?s={search_term_string}"},"query-input":"required name=search_term_string"}],"inLanguage":"es"},{"@type":"Organization","@id":"https:\/\/clm-inclusiva.org\/#organization","name":"Clm-Inclusiva","url":"https:\/\/clm-inclusiva.org\/","logo":{"@type":"ImageObject","inLanguage":"es","@id":"https:\/\/clm-inclusiva.org\/#\/schema\/logo\/image\/","url":"http:\/\/clm-inclusiva.org\/wp-content\/uploads\/2019\/04\/banner-e1533720812836.jpg","contentUrl":"http:\/\/clm-inclusiva.org\/wp-content\/uploads\/2019\/04\/banner-e1533720812836.jpg","width":600,"height":332,"caption":"Clm-Inclusiva"},"image":{"@id":"https:\/\/clm-inclusiva.org\/#\/schema\/logo\/image\/"},"sameAs":["https:\/\/www.facebook.com\/castillalamancha.inclusiva\/","https:\/\/twitter.com\/ClmInclusiva"]},{"@type":"Person","@id":"https:\/\/clm-inclusiva.org\/#\/schema\/person\/0cff84aaa5bb8fd3521c55d1578d902b","name":"clm-inclusiva","image":{"@type":"ImageObject","inLanguage":"es","@id":"https:\/\/clm-inclusiva.org\/#\/schema\/person\/image\/","url":"https:\/\/secure.gravatar.com\/avatar\/88948567af770dc9cd5597b329011884?s=96&d=blank&r=g","contentUrl":"https:\/\/secure.gravatar.com\/avatar\/88948567af770dc9cd5597b329011884?s=96&d=blank&r=g","caption":"clm-inclusiva"},"sameAs":["http:\/\/clm-inclusiva.org"],"url":"https:\/\/clm-inclusiva.org\/?author=1"}]}},"_links":{"self":[{"href":"https:\/\/clm-inclusiva.org\/index.php?rest_route=\/wp\/v2\/posts\/5305"}],"collection":[{"href":"https:\/\/clm-inclusiva.org\/index.php?rest_route=\/wp\/v2\/posts"}],"about":[{"href":"https:\/\/clm-inclusiva.org\/index.php?rest_route=\/wp\/v2\/types\/post"}],"author":[{"embeddable":true,"href":"https:\/\/clm-inclusiva.org\/index.php?rest_route=\/wp\/v2\/users\/1"}],"replies":[{"embeddable":true,"href":"https:\/\/clm-inclusiva.org\/index.php?rest_route=%2Fwp%2Fv2%2Fcomments&post=5305"}],"version-history":[{"count":4,"href":"https:\/\/clm-inclusiva.org\/index.php?rest_route=\/wp\/v2\/posts\/5305\/revisions"}],"predecessor-version":[{"id":5312,"href":"https:\/\/clm-inclusiva.org\/index.php?rest_route=\/wp\/v2\/posts\/5305\/revisions\/5312"}],"wp:featuredmedia":[{"embeddable":true,"href":"https:\/\/clm-inclusiva.org\/index.php?rest_route=\/wp\/v2\/media\/5307"}],"wp:attachment":[{"href":"https:\/\/clm-inclusiva.org\/index.php?rest_route=%2Fwp%2Fv2%2Fmedia&parent=5305"}],"wp:term":[{"taxonomy":"category","embeddable":true,"href":"https:\/\/clm-inclusiva.org\/index.php?rest_route=%2Fwp%2Fv2%2Fcategories&post=5305"},{"taxonomy":"post_tag","embeddable":true,"href":"https:\/\/clm-inclusiva.org\/index.php?rest_route=%2Fwp%2Fv2%2Ftags&post=5305"}],"curies":[{"name":"wp","href":"https:\/\/api.w.org\/{rel}","templated":true}]}}