{"id":5299,"date":"2024-10-16T09:17:17","date_gmt":"2024-10-16T07:17:17","guid":{"rendered":"https:\/\/clm-inclusiva.org\/?p=5299"},"modified":"2024-10-16T09:17:17","modified_gmt":"2024-10-16T07:17:17","slug":"clm-inclusiva-se-une-a-cocemfe-y-reclama-financiacion-para-poder-seguir-promoviendo-la-inclusion-de-las-personas-con-discapacidad","status":"publish","type":"post","link":"https:\/\/clm-inclusiva.org\/?p=5299","title":{"rendered":"CLM Inclusiva se une a COCEMFE y reclama financiaci\u00f3n para poder seguir promoviendo la inclusi\u00f3n de las personas con discapacidad"},"content":{"rendered":"<ul>\n<li>\n<h3>La financiaci\u00f3n para los proyectos que realizan COCEMFE y su Movimiento Asociativo de car\u00e1cter estatal con cargo al 0,7 ha experimentado un descenso cercano al 40% en los \u00faltimos cuatro a\u00f1os.<\/h3>\n<\/li>\n<li>\n<h3>S\u00f3lo se ha concedido un 27% del importe solicitado para los 69 proyectos que COCEMFE y sus entidades realizar\u00e1n en 2025.<\/h3>\n<\/li>\n<li>\n<h3><strong>\u201c<\/strong><strong>Es necesario afianzar los servicios y los puestos de empleo\u201d <\/strong><strong>se\u00f1ala el presidente de CLM Inclusiva COCEMFE, Enrique Alarc\u00f3n.<\/strong><\/h3>\n<\/li>\n<\/ul>\n<p>Tras conocer<strong> la financiaci\u00f3n para los proyectos presentados para realizar en 2025<\/strong> previsto en la resoluci\u00f3n provisional de la convocatoria de subvenciones del tramo estatal del 0,7, <strong>Castilla-La Mancha Inclusiva junto con COCEMFE y su Movimiento Asociativo reclaman al Gobierno que garantice<\/strong> <strong>una financiaci\u00f3n suficiente y estable<\/strong> que permita a las entidades seguir promoviendo la inclusi\u00f3n de las personas con discapacidad f\u00edsica y org\u00e1nica.<\/p>\n<p>As\u00ed lo han se\u00f1alado tras la reuni\u00f3n del \u00d3rgano de Representantes de Entidades Estatales (OREE) de COCEMFE que se ha celebrado este martes y en el que se ha hecho hincapi\u00e9 en que \u201cla financiaci\u00f3n para los proyectos que realizan <strong>CLM<\/strong> <strong>Inclusiva, COCEMFE y su Movimiento Asociativo <\/strong>de car\u00e1cter estatal con cargo al 0,7 <strong>ha experimentado un descenso cercano al 40% en los \u00faltimos cuatro a\u00f1os<\/strong>\u201d.<\/p>\n<p>Adem\u00e1s, <strong>solo se ha concedido un 27% del importe solicitado<\/strong> para los 69 proyectos que COCEMFE y sus entidades realizar\u00e1n en 2025, siendo esta resoluci\u00f3n provisional especialmente perjudicial para organizaciones de COCEMFE de car\u00e1cter estatal que atienden a personas con enfermedades muy discapacitantes o de car\u00e1cter minoritario.<\/p>\n<p>\u201cCon estas subvenciones, COCEMFE y nuestro Movimiento Asociativo <strong>reforzamos la acci\u00f3n de nuestras entidades m\u00e1s peque\u00f1as de car\u00e1cter territorial <\/strong>para que estas puedan centrarse en atender a las personas y disponer de nuevas metodolog\u00edas y herramientas de intervenci\u00f3n\u201d, ha se\u00f1alado el presidente de COCEMFE, Anxo Queiruga.<\/p>\n<p>En este sentido, Queiruga ha hecho hincapi\u00e9 en que \u201c<strong>esta falta de financiaci\u00f3n, sumada al exceso de burocratizaci\u00f3n<\/strong> al que nos vemos sometidas las entidades para solicitar, gestionar y justificar estas subvenciones <strong>provoca que se deteriore la atenci\u00f3n que realizamos a nuestro grupo social<\/strong>\u201d, ya que \u201cdedicamos muchos esfuerzos y recursos a esta tarea, en vez de a atender las necesidades de las personas en situaci\u00f3n de mayor vulnerabilidad\u201d.<\/p>\n<p><strong>Enrique Alarc\u00f3n, presidente de CLM Inclusiva<\/strong>, quiere mostrar su total apoyo a la reivindicaci\u00f3n que est\u00e1 llevando a cabo COCEMFE Estatal \u201cen cuanto a <strong>reclamaci\u00f3n de m\u00e1s fondos <\/strong>para garantizar que las organizaciones de personas con discapacidad podamos seguir trabajando y defendiendo sus derechos\u201d. \u201cEs <strong>necesario afianzar los servicios y los puestos de empleo<\/strong>\u201d ha a\u00f1adido.<\/p>\n<p>\u201cGracias al trabajo que realiza COCEMFE y su Movimiento Asociativo, m\u00e1s de 2,6 millones de personas con discapacidad f\u00edsica y org\u00e1nica y sus familias en Espa\u00f1a est\u00e1n representadas ante el Gobierno y las administraciones, y cuentan con m\u00e1s oportunidades de desarrollar la vida que desean\u201d, afirma Queiruga, haciendo hincapi\u00e9 en las m\u00e1s de 1.420.976 personas <strong>que se beneficiaron de forma directa de los servicios prestados y actividades realizadas el a\u00f1o pasado <\/strong>por COCEMFE y sus 92 entidades.<\/p>\n<p>Por todo ello, <strong>CLM<\/strong> <strong>Inclusiva COCEMFE y COCEMFE<\/strong> exige <strong>un cambio de modelo que proporcione una financiaci\u00f3n estable<\/strong> para garantizar que las organizaciones de personas con discapacidad f\u00edsica y org\u00e1nica sigan proporcionando apoyo a las organizaciones territoriales y a las propias personas con discapacidad, as\u00ed como la imprescindible acci\u00f3n de incidencia pol\u00edtica y defensa de derechos de este grupo social.<\/p>\n<p>La <strong>Confederaci\u00f3n de entidades de personas con discapacidad f\u00edsica y org\u00e1nica Castilla-La Mancha INCLUSIVA COCEMFE<\/strong> se constituy\u00f3 en el a\u00f1o 2017. Agrupa a casi un centenar de entidades que representan casi a 10.000 personas con discapacidad. Se encuentra compuesta por las federaciones provinciales, COCEMFE Albacete, COCEMFE Guadalajara, COCEMFE Toledo, COCEMFE Cuenca y Ciudad Real INCLUSIVA, as\u00ed como las entidades de car\u00e1cter regional AFANION, LUNA, AIDISCAM CLM y la asociaci\u00f3n nacional AMIAB. El objetivo fundamental de la confederaci\u00f3n es articular y vertebrar en nuestra regi\u00f3n el asociacionismo de la discapacidad f\u00edsica y org\u00e1nica, desde la unidad y respeto al pluralismo, para desarrollar una acci\u00f3n representativa efectiva en defensas de los derechos e intereses de las personas con discapacidad y sus familias.<\/p>\n","protected":false},"excerpt":{"rendered":"<p>La financiaci\u00f3n para los proyectos que realizan COCEMFE y su Movimiento Asociativo de car\u00e1cter estatal con cargo al 0,7 ha experimentado un descenso cercano al 40% en los \u00faltimos cuatro a\u00f1os. S\u00f3lo se ha concedido un 27% del importe solicitado para los 69 proyectos que COCEMFE y sus entidades realizar\u00e1n en 2025. \u201cEs necesario afianzar [&hellip;]<\/p>\n","protected":false},"author":1,"featured_media":5303,"comment_status":"open","ping_status":"open","sticky":false,"template":"","format":"standard","meta":{"_et_pb_use_builder":"","_et_pb_old_content":"","_et_gb_content_width":"","footnotes":""},"categories":[4,47,5,6,110],"tags":[],"yoast_head":"<!-- This site is optimized with the Yoast SEO plugin v21.3 - https:\/\/yoast.com\/wordpress\/plugins\/seo\/ -->\n<title>CLM Inclusiva se une a COCEMFE y reclama financiaci\u00f3n para poder seguir promoviendo la inclusi\u00f3n de las personas con discapacidad - Clm-Inclusiva<\/title>\n<meta name=\"robots\" content=\"index, follow, max-snippet:-1, max-image-preview:large, max-video-preview:-1\" \/>\n<link rel=\"canonical\" href=\"https:\/\/clm-inclusiva.org\/?p=5299\" \/>\n<meta property=\"og:locale\" content=\"es_ES\" \/>\n<meta property=\"og:type\" content=\"article\" \/>\n<meta property=\"og:title\" content=\"CLM Inclusiva se une a COCEMFE y reclama financiaci\u00f3n para poder seguir promoviendo la inclusi\u00f3n de las personas con discapacidad - Clm-Inclusiva\" \/>\n<meta property=\"og:description\" content=\"La financiaci\u00f3n para los proyectos que realizan COCEMFE y su Movimiento Asociativo de car\u00e1cter estatal con cargo al 0,7 ha experimentado un descenso cercano al 40% en los \u00faltimos cuatro a\u00f1os. S\u00f3lo se ha concedido un 27% del importe solicitado para los 69 proyectos que COCEMFE y sus entidades realizar\u00e1n en 2025. \u201cEs necesario afianzar [&hellip;]\" \/>\n<meta property=\"og:url\" content=\"https:\/\/clm-inclusiva.org\/?p=5299\" \/>\n<meta property=\"og:site_name\" content=\"Clm-Inclusiva\" \/>\n<meta property=\"article:publisher\" content=\"https:\/\/www.facebook.com\/castillalamancha.inclusiva\/\" \/>\n<meta property=\"article:published_time\" content=\"2024-10-16T07:17:17+00:00\" \/>\n<meta property=\"og:image\" content=\"http:\/\/clm-inclusiva.org\/wp-content\/uploads\/2024\/10\/20241015_113902-scaled.jpg\" \/>\n\t<meta property=\"og:image:width\" content=\"2560\" \/>\n\t<meta property=\"og:image:height\" content=\"1441\" \/>\n\t<meta property=\"og:image:type\" content=\"image\/jpeg\" \/>\n<meta name=\"author\" content=\"clm-inclusiva\" \/>\n<meta name=\"twitter:card\" content=\"summary_large_image\" \/>\n<meta name=\"twitter:creator\" content=\"@ClmInclusiva\" \/>\n<meta name=\"twitter:site\" content=\"@ClmInclusiva\" \/>\n<meta name=\"twitter:label1\" content=\"Escrito por\" \/>\n\t<meta name=\"twitter:data1\" content=\"clm-inclusiva\" \/>\n\t<meta name=\"twitter:label2\" content=\"Tiempo de lectura\" \/>\n\t<meta name=\"twitter:data2\" content=\"4 minutos\" \/>\n<script type=\"application\/ld+json\" class=\"yoast-schema-graph\">{\"@context\":\"https:\/\/schema.org\",\"@graph\":[{\"@type\":\"Article\",\"@id\":\"https:\/\/clm-inclusiva.org\/?p=5299#article\",\"isPartOf\":{\"@id\":\"https:\/\/clm-inclusiva.org\/?p=5299\"},\"author\":{\"name\":\"clm-inclusiva\",\"@id\":\"https:\/\/clm-inclusiva.org\/#\/schema\/person\/0cff84aaa5bb8fd3521c55d1578d902b\"},\"headline\":\"CLM Inclusiva se une a COCEMFE y reclama financiaci\u00f3n para poder seguir promoviendo la inclusi\u00f3n de las personas con discapacidad\",\"datePublished\":\"2024-10-16T07:17:17+00:00\",\"dateModified\":\"2024-10-16T07:17:17+00:00\",\"mainEntityOfPage\":{\"@id\":\"https:\/\/clm-inclusiva.org\/?p=5299\"},\"wordCount\":744,\"commentCount\":0,\"publisher\":{\"@id\":\"https:\/\/clm-inclusiva.org\/#organization\"},\"articleSection\":[\"Clm inclusiva\",\"cocemfe\",\"Discapacidad\",\"Empleo\",\"Financiaci\u00f3n\"],\"inLanguage\":\"es\",\"potentialAction\":[{\"@type\":\"CommentAction\",\"name\":\"Comment\",\"target\":[\"https:\/\/clm-inclusiva.org\/?p=5299#respond\"]}]},{\"@type\":\"WebPage\",\"@id\":\"https:\/\/clm-inclusiva.org\/?p=5299\",\"url\":\"https:\/\/clm-inclusiva.org\/?p=5299\",\"name\":\"CLM Inclusiva se une a COCEMFE y reclama financiaci\u00f3n para poder seguir promoviendo la inclusi\u00f3n de las personas con discapacidad - Clm-Inclusiva\",\"isPartOf\":{\"@id\":\"https:\/\/clm-inclusiva.org\/#website\"},\"datePublished\":\"2024-10-16T07:17:17+00:00\",\"dateModified\":\"2024-10-16T07:17:17+00:00\",\"breadcrumb\":{\"@id\":\"https:\/\/clm-inclusiva.org\/?p=5299#breadcrumb\"},\"inLanguage\":\"es\",\"potentialAction\":[{\"@type\":\"ReadAction\",\"target\":[\"https:\/\/clm-inclusiva.org\/?p=5299\"]}]},{\"@type\":\"BreadcrumbList\",\"@id\":\"https:\/\/clm-inclusiva.org\/?p=5299#breadcrumb\",\"itemListElement\":[{\"@type\":\"ListItem\",\"position\":1,\"name\":\"Portada\",\"item\":\"https:\/\/clm-inclusiva.org\/\"},{\"@type\":\"ListItem\",\"position\":2,\"name\":\"CLM Inclusiva se une a COCEMFE y reclama financiaci\u00f3n para poder seguir promoviendo la inclusi\u00f3n de las personas con discapacidad\"}]},{\"@type\":\"WebSite\",\"@id\":\"https:\/\/clm-inclusiva.org\/#website\",\"url\":\"https:\/\/clm-inclusiva.org\/\",\"name\":\"Clm-Inclusiva\",\"description\":\"Confederaci\u00f3n de entidades de personas con discapacidad f\u00edsica y org\u00e1nica CLM\",\"publisher\":{\"@id\":\"https:\/\/clm-inclusiva.org\/#organization\"},\"potentialAction\":[{\"@type\":\"SearchAction\",\"target\":{\"@type\":\"EntryPoint\",\"urlTemplate\":\"https:\/\/clm-inclusiva.org\/?s={search_term_string}\"},\"query-input\":\"required name=search_term_string\"}],\"inLanguage\":\"es\"},{\"@type\":\"Organization\",\"@id\":\"https:\/\/clm-inclusiva.org\/#organization\",\"name\":\"Clm-Inclusiva\",\"url\":\"https:\/\/clm-inclusiva.org\/\",\"logo\":{\"@type\":\"ImageObject\",\"inLanguage\":\"es\",\"@id\":\"https:\/\/clm-inclusiva.org\/#\/schema\/logo\/image\/\",\"url\":\"http:\/\/clm-inclusiva.org\/wp-content\/uploads\/2019\/04\/banner-e1533720812836.jpg\",\"contentUrl\":\"http:\/\/clm-inclusiva.org\/wp-content\/uploads\/2019\/04\/banner-e1533720812836.jpg\",\"width\":600,\"height\":332,\"caption\":\"Clm-Inclusiva\"},\"image\":{\"@id\":\"https:\/\/clm-inclusiva.org\/#\/schema\/logo\/image\/\"},\"sameAs\":[\"https:\/\/www.facebook.com\/castillalamancha.inclusiva\/\",\"https:\/\/twitter.com\/ClmInclusiva\"]},{\"@type\":\"Person\",\"@id\":\"https:\/\/clm-inclusiva.org\/#\/schema\/person\/0cff84aaa5bb8fd3521c55d1578d902b\",\"name\":\"clm-inclusiva\",\"image\":{\"@type\":\"ImageObject\",\"inLanguage\":\"es\",\"@id\":\"https:\/\/clm-inclusiva.org\/#\/schema\/person\/image\/\",\"url\":\"https:\/\/secure.gravatar.com\/avatar\/88948567af770dc9cd5597b329011884?s=96&d=blank&r=g\",\"contentUrl\":\"https:\/\/secure.gravatar.com\/avatar\/88948567af770dc9cd5597b329011884?s=96&d=blank&r=g\",\"caption\":\"clm-inclusiva\"},\"sameAs\":[\"http:\/\/clm-inclusiva.org\"],\"url\":\"https:\/\/clm-inclusiva.org\/?author=1\"}]}<\/script>\n<!-- \/ Yoast SEO plugin. -->","yoast_head_json":{"title":"CLM Inclusiva se une a COCEMFE y reclama financiaci\u00f3n para poder seguir promoviendo la inclusi\u00f3n de las personas con discapacidad - Clm-Inclusiva","robots":{"index":"index","follow":"follow","max-snippet":"max-snippet:-1","max-image-preview":"max-image-preview:large","max-video-preview":"max-video-preview:-1"},"canonical":"https:\/\/clm-inclusiva.org\/?p=5299","og_locale":"es_ES","og_type":"article","og_title":"CLM Inclusiva se une a COCEMFE y reclama financiaci\u00f3n para poder seguir promoviendo la inclusi\u00f3n de las personas con discapacidad - Clm-Inclusiva","og_description":"La financiaci\u00f3n para los proyectos que realizan COCEMFE y su Movimiento Asociativo de car\u00e1cter estatal con cargo al 0,7 ha experimentado un descenso cercano al 40% en los \u00faltimos cuatro a\u00f1os. S\u00f3lo se ha concedido un 27% del importe solicitado para los 69 proyectos que COCEMFE y sus entidades realizar\u00e1n en 2025. \u201cEs necesario afianzar [&hellip;]","og_url":"https:\/\/clm-inclusiva.org\/?p=5299","og_site_name":"Clm-Inclusiva","article_publisher":"https:\/\/www.facebook.com\/castillalamancha.inclusiva\/","article_published_time":"2024-10-16T07:17:17+00:00","og_image":[{"width":2560,"height":1441,"url":"http:\/\/clm-inclusiva.org\/wp-content\/uploads\/2024\/10\/20241015_113902-scaled.jpg","type":"image\/jpeg"}],"author":"clm-inclusiva","twitter_card":"summary_large_image","twitter_creator":"@ClmInclusiva","twitter_site":"@ClmInclusiva","twitter_misc":{"Escrito por":"clm-inclusiva","Tiempo de lectura":"4 minutos"},"schema":{"@context":"https:\/\/schema.org","@graph":[{"@type":"Article","@id":"https:\/\/clm-inclusiva.org\/?p=5299#article","isPartOf":{"@id":"https:\/\/clm-inclusiva.org\/?p=5299"},"author":{"name":"clm-inclusiva","@id":"https:\/\/clm-inclusiva.org\/#\/schema\/person\/0cff84aaa5bb8fd3521c55d1578d902b"},"headline":"CLM Inclusiva se une a COCEMFE y reclama financiaci\u00f3n para poder seguir promoviendo la inclusi\u00f3n de las personas con discapacidad","datePublished":"2024-10-16T07:17:17+00:00","dateModified":"2024-10-16T07:17:17+00:00","mainEntityOfPage":{"@id":"https:\/\/clm-inclusiva.org\/?p=5299"},"wordCount":744,"commentCount":0,"publisher":{"@id":"https:\/\/clm-inclusiva.org\/#organization"},"articleSection":["Clm inclusiva","cocemfe","Discapacidad","Empleo","Financiaci\u00f3n"],"inLanguage":"es","potentialAction":[{"@type":"CommentAction","name":"Comment","target":["https:\/\/clm-inclusiva.org\/?p=5299#respond"]}]},{"@type":"WebPage","@id":"https:\/\/clm-inclusiva.org\/?p=5299","url":"https:\/\/clm-inclusiva.org\/?p=5299","name":"CLM Inclusiva se une a COCEMFE y reclama financiaci\u00f3n para poder seguir promoviendo la inclusi\u00f3n de las personas con discapacidad - Clm-Inclusiva","isPartOf":{"@id":"https:\/\/clm-inclusiva.org\/#website"},"datePublished":"2024-10-16T07:17:17+00:00","dateModified":"2024-10-16T07:17:17+00:00","breadcrumb":{"@id":"https:\/\/clm-inclusiva.org\/?p=5299#breadcrumb"},"inLanguage":"es","potentialAction":[{"@type":"ReadAction","target":["https:\/\/clm-inclusiva.org\/?p=5299"]}]},{"@type":"BreadcrumbList","@id":"https:\/\/clm-inclusiva.org\/?p=5299#breadcrumb","itemListElement":[{"@type":"ListItem","position":1,"name":"Portada","item":"https:\/\/clm-inclusiva.org\/"},{"@type":"ListItem","position":2,"name":"CLM Inclusiva se une a COCEMFE y reclama financiaci\u00f3n para poder seguir promoviendo la inclusi\u00f3n de las personas con discapacidad"}]},{"@type":"WebSite","@id":"https:\/\/clm-inclusiva.org\/#website","url":"https:\/\/clm-inclusiva.org\/","name":"Clm-Inclusiva","description":"Confederaci\u00f3n de entidades de personas con discapacidad f\u00edsica y org\u00e1nica CLM","publisher":{"@id":"https:\/\/clm-inclusiva.org\/#organization"},"potentialAction":[{"@type":"SearchAction","target":{"@type":"EntryPoint","urlTemplate":"https:\/\/clm-inclusiva.org\/?s={search_term_string}"},"query-input":"required name=search_term_string"}],"inLanguage":"es"},{"@type":"Organization","@id":"https:\/\/clm-inclusiva.org\/#organization","name":"Clm-Inclusiva","url":"https:\/\/clm-inclusiva.org\/","logo":{"@type":"ImageObject","inLanguage":"es","@id":"https:\/\/clm-inclusiva.org\/#\/schema\/logo\/image\/","url":"http:\/\/clm-inclusiva.org\/wp-content\/uploads\/2019\/04\/banner-e1533720812836.jpg","contentUrl":"http:\/\/clm-inclusiva.org\/wp-content\/uploads\/2019\/04\/banner-e1533720812836.jpg","width":600,"height":332,"caption":"Clm-Inclusiva"},"image":{"@id":"https:\/\/clm-inclusiva.org\/#\/schema\/logo\/image\/"},"sameAs":["https:\/\/www.facebook.com\/castillalamancha.inclusiva\/","https:\/\/twitter.com\/ClmInclusiva"]},{"@type":"Person","@id":"https:\/\/clm-inclusiva.org\/#\/schema\/person\/0cff84aaa5bb8fd3521c55d1578d902b","name":"clm-inclusiva","image":{"@type":"ImageObject","inLanguage":"es","@id":"https:\/\/clm-inclusiva.org\/#\/schema\/person\/image\/","url":"https:\/\/secure.gravatar.com\/avatar\/88948567af770dc9cd5597b329011884?s=96&d=blank&r=g","contentUrl":"https:\/\/secure.gravatar.com\/avatar\/88948567af770dc9cd5597b329011884?s=96&d=blank&r=g","caption":"clm-inclusiva"},"sameAs":["http:\/\/clm-inclusiva.org"],"url":"https:\/\/clm-inclusiva.org\/?author=1"}]}},"_links":{"self":[{"href":"https:\/\/clm-inclusiva.org\/index.php?rest_route=\/wp\/v2\/posts\/5299"}],"collection":[{"href":"https:\/\/clm-inclusiva.org\/index.php?rest_route=\/wp\/v2\/posts"}],"about":[{"href":"https:\/\/clm-inclusiva.org\/index.php?rest_route=\/wp\/v2\/types\/post"}],"author":[{"embeddable":true,"href":"https:\/\/clm-inclusiva.org\/index.php?rest_route=\/wp\/v2\/users\/1"}],"replies":[{"embeddable":true,"href":"https:\/\/clm-inclusiva.org\/index.php?rest_route=%2Fwp%2Fv2%2Fcomments&post=5299"}],"version-history":[{"count":4,"href":"https:\/\/clm-inclusiva.org\/index.php?rest_route=\/wp\/v2\/posts\/5299\/revisions"}],"predecessor-version":[{"id":5304,"href":"https:\/\/clm-inclusiva.org\/index.php?rest_route=\/wp\/v2\/posts\/5299\/revisions\/5304"}],"wp:featuredmedia":[{"embeddable":true,"href":"https:\/\/clm-inclusiva.org\/index.php?rest_route=\/wp\/v2\/media\/5303"}],"wp:attachment":[{"href":"https:\/\/clm-inclusiva.org\/index.php?rest_route=%2Fwp%2Fv2%2Fmedia&parent=5299"}],"wp:term":[{"taxonomy":"category","embeddable":true,"href":"https:\/\/clm-inclusiva.org\/index.php?rest_route=%2Fwp%2Fv2%2Fcategories&post=5299"},{"taxonomy":"post_tag","embeddable":true,"href":"https:\/\/clm-inclusiva.org\/index.php?rest_route=%2Fwp%2Fv2%2Ftags&post=5299"}],"curies":[{"name":"wp","href":"https:\/\/api.w.org\/{rel}","templated":true}]}}