{"id":5276,"date":"2024-09-27T16:09:14","date_gmt":"2024-09-27T14:09:14","guid":{"rendered":"https:\/\/clm-inclusiva.org\/?p=5276"},"modified":"2024-09-27T16:09:14","modified_gmt":"2024-09-27T14:09:14","slug":"clm-inclusiva-cocemfe-clausura-en-villarrobledo-la-accion-formativa-asistente-recepcionista-de-telefono-y-online-a-clientela-que-se-enmarca-dentro-de-la-operacion-uno-a-uno-conecta-con-tu-futur","status":"publish","type":"post","link":"https:\/\/clm-inclusiva.org\/?p=5276","title":{"rendered":"CLM Inclusiva COCEMFE clausura en Villarrobledo la acci\u00f3n formativa &#8220;Asistente\/recepcionista de tel\u00e9fono y online a clientela&#8221;, que se enmarca dentro de la operaci\u00f3n Uno a Uno &#8220;Conecta con tu Futuro&#8221;"},"content":{"rendered":"<h3>El proyecto propuesto ha consolidado a las personas participantes para que puedan acceder a oportunidades laborales y contribuir en la econom\u00eda de Villarrobledo.<\/h3>\n<p><strong>La Confederaci\u00f3n de entidades de personas con discapacidad f\u00edsica y org\u00e1nica de Castilla-La Mancha, CLM INCLUSIVA COCEMFE<\/strong>, ha clausurado en<strong> Villarrobledo, Albacete<\/strong> la operaci\u00f3n para la formaci\u00f3n dirigida a personas con discapacidad bajo el t\u00edtulo de <strong>\u201cAsistente\/recepcionista de tel\u00e9fono y online a clientela\u201d<\/strong> que se enmarca dentro de la operaci\u00f3n<strong> Uno A Uno \u201cConecta con tu futuro<\/strong>\u201d.<\/p>\n<p>Con una duraci\u00f3n total de <strong>320 horas<\/strong>, se ha formado a <strong>10 personas con discapacidad<\/strong>. La formaci\u00f3n se ha repartido en <strong>200 horas de formaci\u00f3n te\u00f3rica <\/strong>y <strong>120 horas de formaci\u00f3n pr\u00e1ctica en empresas.<\/strong><\/p>\n<p>Durante los meses en los que se ha desarrollado la formaci\u00f3n, se han <strong>cumplido los objetivos pautados<\/strong>. El alumnado ha aprendido a interactuar de manera efectiva con clientes a trav\u00e9s de diversos canales de comunicaci\u00f3n, como llamadas telef\u00f3nicas y comunicaci\u00f3n en l\u00ednea, brindando atenci\u00f3n profesional y de calidad, y considerando las necesidades espec\u00edficas de las personas con discapacidad.<\/p>\n<p>Adem\u00e1s, los alumnos y las alumnas que han participado en la formaci\u00f3n han adquirido habilidades para poder acceder a oportunidades laborales y contribuir positivamente a la sociedad y la econom\u00eda de Villarrobledo.<\/p>\n<p><strong>Carlos Mora, Coordinador Regional de la Confederaci\u00f3n<\/strong>, ha agradecido la \u201cabsoluta disponibilidad por parte del ayuntamiento y del tejido empresarial local, su compromiso y buena voluntad\u201d. El coordinador, adem\u00e1s, ha mostrado la voluntad de la confederaci\u00f3n en seguir poniendo en marcha proyectos formativos en la localidad albacete\u00f1a.<\/p>\n<p>Por parte de <strong>Catalina Haro, vicepresidenta de COCEMFE Albacete y miembro de la Junta Directiva de CLM Inclusiva COCEMFE<\/strong>, ha querido poner en valor \u201clo importante que es para tener una vida plena poder formarse y trabajar\u201d. Por ello, ha animado a los alumnos y alumnas ya que, seg\u00fan ha asegurado \u201ccon el \u00e9xito rotundo de esta formaci\u00f3n est\u00e1 segura de que tambi\u00e9n lo tendr\u00e1n en la b\u00fasqueda de trabajo\u201d.<\/p>\n<p>Al acto han asistido Valent\u00edn Bueno, alcalde de Villarrobledo, Cristina Garc\u00eda, concejala de Bienestar Social del ayuntamiento de Villarrobledo, Isidro Fuentes, presidente de COCEMFE\u00a0Villarrobledo, as\u00ed como los representantes de las empresas colaboradoras: AMIAB Formaci\u00f3n y Consultor\u00eda; Centro de Est\u00e9tica Teresa; Librer\u00eda Studio; NTRA. SRA. De la Caridad Servicios Funerarios y Aseguradores S.L; Pinchazos Vargas, donde los alumnos y las alumnas han realizado las pr\u00e1cticas.<\/p>\n<p>Desde nuestra entidad agradecemos a todos ello su colaboraci\u00f3n y su compromiso con la inclusi\u00f3n laboral de las personas con discapacidad.<\/p>\n<p>Esta formaci\u00f3n est\u00e1 financiada por la Fundaci\u00f3n ONCE y la Uni\u00f3n Europea en el marco de la Convocatoria de ayudas econ\u00f3micas para la selecci\u00f3n de operaciones para el refuerzo de la empleabilidad para personas con discapacidad &#8220;UNO A UNO&#8221; 2023- 2024 para los programas: 12.- programa de inclusi\u00f3n social.<\/p>\n<p>&nbsp;<\/p>\n<div class=\"et_pb_slider et_pb_slider_fullwidth_off et_pb_gallery_post_type\">\n\t\t\t\t<div class=\"et_pb_slides\">\n\t\t\t\t\t<div class=\"et_pb_slide\" style=\"background: url(https:\/\/clm-inclusiva.org\/wp-content\/uploads\/2024\/09\/IMG_4291-scaled.jpg);\"><\/div><div class=\"et_pb_slide\" style=\"background: url(https:\/\/clm-inclusiva.org\/wp-content\/uploads\/2024\/09\/IMG_4296-scaled.jpg);\"><\/div><div class=\"et_pb_slide\" style=\"background: url(https:\/\/clm-inclusiva.org\/wp-content\/uploads\/2024\/09\/IMG_4299-scaled.jpg);\"><\/div><div class=\"et_pb_slide\" style=\"background: url(https:\/\/clm-inclusiva.org\/wp-content\/uploads\/2024\/09\/IMG_4301-scaled.jpg);\"><\/div><div class=\"et_pb_slide\" style=\"background: url(https:\/\/clm-inclusiva.org\/wp-content\/uploads\/2024\/09\/IMG_4302-scaled.jpg);\"><\/div><div class=\"et_pb_slide\" style=\"background: url(https:\/\/clm-inclusiva.org\/wp-content\/uploads\/2024\/09\/IMG_4305-scaled.jpg);\"><\/div><div class=\"et_pb_slide\" style=\"background: url(https:\/\/clm-inclusiva.org\/wp-content\/uploads\/2024\/09\/IMG_4306-scaled.jpg);\"><\/div><div class=\"et_pb_slide\" style=\"background: url(https:\/\/clm-inclusiva.org\/wp-content\/uploads\/2024\/09\/IMG_4309-scaled.jpg);\"><\/div><div class=\"et_pb_slide\" style=\"background: url(https:\/\/clm-inclusiva.org\/wp-content\/uploads\/2024\/09\/IMG_4311-scaled.jpg);\"><\/div><div class=\"et_pb_slide\" style=\"background: url(https:\/\/clm-inclusiva.org\/wp-content\/uploads\/2024\/09\/IMG_4313-scaled.jpg);\"><\/div><div class=\"et_pb_slide\" style=\"background: url(https:\/\/clm-inclusiva.org\/wp-content\/uploads\/2024\/09\/IMG_4315-scaled.jpg);\"><\/div><div class=\"et_pb_slide\" style=\"background: url(https:\/\/clm-inclusiva.org\/wp-content\/uploads\/2024\/09\/IMG_4317-scaled.jpg);\"><\/div><div class=\"et_pb_slide\" style=\"background: url(https:\/\/clm-inclusiva.org\/wp-content\/uploads\/2024\/09\/IMG_4319-scaled.jpg);\"><\/div><div class=\"et_pb_slide\" style=\"background: url(https:\/\/clm-inclusiva.org\/wp-content\/uploads\/2024\/09\/IMG_4321-scaled.jpg);\"><\/div><div class=\"et_pb_slide\" style=\"background: url(https:\/\/clm-inclusiva.org\/wp-content\/uploads\/2024\/09\/IMG_4266-scaled.jpg);\"><\/div>\n\t\t\t\t<\/div>\n\t\t\t<\/div>\n","protected":false},"excerpt":{"rendered":"<p>El proyecto propuesto ha consolidado a las personas participantes para que puedan acceder a oportunidades laborales y contribuir en la econom\u00eda de Villarrobledo. La Confederaci\u00f3n de entidades de personas con discapacidad f\u00edsica y org\u00e1nica de Castilla-La Mancha, CLM INCLUSIVA COCEMFE, ha clausurado en Villarrobledo, Albacete la operaci\u00f3n para la formaci\u00f3n dirigida a personas con discapacidad [&hellip;]<\/p>\n","protected":false},"author":1,"featured_media":5277,"comment_status":"open","ping_status":"open","sticky":false,"template":"","format":"standard","meta":{"_et_pb_use_builder":"","_et_pb_old_content":"","_et_gb_content_width":"","footnotes":""},"categories":[4,47,5,6,97,9,106],"tags":[],"yoast_head":"<!-- This site is optimized with the Yoast SEO plugin v21.3 - https:\/\/yoast.com\/wordpress\/plugins\/seo\/ -->\n<title>CLM Inclusiva COCEMFE clausura en Villarrobledo la acci\u00f3n formativa &quot;Asistente\/recepcionista de tel\u00e9fono y online a clientela&quot;, que se enmarca dentro de la operaci\u00f3n Uno a Uno &quot;Conecta con tu Futuro&quot; - Clm-Inclusiva<\/title>\n<meta name=\"robots\" content=\"index, follow, max-snippet:-1, max-image-preview:large, max-video-preview:-1\" \/>\n<link rel=\"canonical\" href=\"https:\/\/clm-inclusiva.org\/?p=5276\" \/>\n<meta property=\"og:locale\" content=\"es_ES\" \/>\n<meta property=\"og:type\" content=\"article\" \/>\n<meta property=\"og:title\" content=\"CLM Inclusiva COCEMFE clausura en Villarrobledo la acci\u00f3n formativa &quot;Asistente\/recepcionista de tel\u00e9fono y online a clientela&quot;, que se enmarca dentro de la operaci\u00f3n Uno a Uno &quot;Conecta con tu Futuro&quot; - Clm-Inclusiva\" \/>\n<meta property=\"og:description\" content=\"El proyecto propuesto ha consolidado a las personas participantes para que puedan acceder a oportunidades laborales y contribuir en la econom\u00eda de Villarrobledo. La Confederaci\u00f3n de entidades de personas con discapacidad f\u00edsica y org\u00e1nica de Castilla-La Mancha, CLM INCLUSIVA COCEMFE, ha clausurado en Villarrobledo, Albacete la operaci\u00f3n para la formaci\u00f3n dirigida a personas con discapacidad [&hellip;]\" \/>\n<meta property=\"og:url\" content=\"https:\/\/clm-inclusiva.org\/?p=5276\" \/>\n<meta property=\"og:site_name\" content=\"Clm-Inclusiva\" \/>\n<meta property=\"article:publisher\" content=\"https:\/\/www.facebook.com\/castillalamancha.inclusiva\/\" \/>\n<meta property=\"article:published_time\" content=\"2024-09-27T14:09:14+00:00\" \/>\n<meta property=\"og:image\" content=\"http:\/\/clm-inclusiva.org\/wp-content\/uploads\/2024\/09\/FOTO-GRUPO-scaled.jpg\" \/>\n\t<meta property=\"og:image:width\" content=\"2560\" \/>\n\t<meta property=\"og:image:height\" content=\"1707\" \/>\n\t<meta property=\"og:image:type\" content=\"image\/jpeg\" \/>\n<meta name=\"author\" content=\"clm-inclusiva\" \/>\n<meta name=\"twitter:card\" content=\"summary_large_image\" \/>\n<meta name=\"twitter:creator\" content=\"@ClmInclusiva\" \/>\n<meta name=\"twitter:site\" content=\"@ClmInclusiva\" \/>\n<meta name=\"twitter:label1\" content=\"Escrito por\" \/>\n\t<meta name=\"twitter:data1\" content=\"clm-inclusiva\" \/>\n\t<meta name=\"twitter:label2\" content=\"Tiempo de lectura\" \/>\n\t<meta name=\"twitter:data2\" content=\"3 minutos\" \/>\n<script type=\"application\/ld+json\" class=\"yoast-schema-graph\">{\"@context\":\"https:\/\/schema.org\",\"@graph\":[{\"@type\":\"Article\",\"@id\":\"https:\/\/clm-inclusiva.org\/?p=5276#article\",\"isPartOf\":{\"@id\":\"https:\/\/clm-inclusiva.org\/?p=5276\"},\"author\":{\"name\":\"clm-inclusiva\",\"@id\":\"https:\/\/clm-inclusiva.org\/#\/schema\/person\/0cff84aaa5bb8fd3521c55d1578d902b\"},\"headline\":\"CLM Inclusiva COCEMFE clausura en Villarrobledo la acci\u00f3n formativa &#8220;Asistente\/recepcionista de tel\u00e9fono y online a clientela&#8221;, que se enmarca dentro de la operaci\u00f3n Uno a Uno &#8220;Conecta con tu Futuro&#8221;\",\"datePublished\":\"2024-09-27T14:09:14+00:00\",\"dateModified\":\"2024-09-27T14:09:14+00:00\",\"mainEntityOfPage\":{\"@id\":\"https:\/\/clm-inclusiva.org\/?p=5276\"},\"wordCount\":540,\"commentCount\":0,\"publisher\":{\"@id\":\"https:\/\/clm-inclusiva.org\/#organization\"},\"articleSection\":[\"Clm inclusiva\",\"cocemfe\",\"Discapacidad\",\"Empleo\",\"formaci\u00f3n\",\"Trabajo\",\"Villarrobledo\"],\"inLanguage\":\"es\",\"potentialAction\":[{\"@type\":\"CommentAction\",\"name\":\"Comment\",\"target\":[\"https:\/\/clm-inclusiva.org\/?p=5276#respond\"]}]},{\"@type\":\"WebPage\",\"@id\":\"https:\/\/clm-inclusiva.org\/?p=5276\",\"url\":\"https:\/\/clm-inclusiva.org\/?p=5276\",\"name\":\"CLM Inclusiva COCEMFE clausura en Villarrobledo la acci\u00f3n formativa \\\"Asistente\/recepcionista de tel\u00e9fono y online a clientela\\\", que se enmarca dentro de la operaci\u00f3n Uno a Uno \\\"Conecta con tu Futuro\\\" - Clm-Inclusiva\",\"isPartOf\":{\"@id\":\"https:\/\/clm-inclusiva.org\/#website\"},\"datePublished\":\"2024-09-27T14:09:14+00:00\",\"dateModified\":\"2024-09-27T14:09:14+00:00\",\"breadcrumb\":{\"@id\":\"https:\/\/clm-inclusiva.org\/?p=5276#breadcrumb\"},\"inLanguage\":\"es\",\"potentialAction\":[{\"@type\":\"ReadAction\",\"target\":[\"https:\/\/clm-inclusiva.org\/?p=5276\"]}]},{\"@type\":\"BreadcrumbList\",\"@id\":\"https:\/\/clm-inclusiva.org\/?p=5276#breadcrumb\",\"itemListElement\":[{\"@type\":\"ListItem\",\"position\":1,\"name\":\"Portada\",\"item\":\"https:\/\/clm-inclusiva.org\/\"},{\"@type\":\"ListItem\",\"position\":2,\"name\":\"CLM Inclusiva COCEMFE clausura en Villarrobledo la acci\u00f3n formativa &#8220;Asistente\/recepcionista de tel\u00e9fono y online a clientela&#8221;, que se enmarca dentro de la operaci\u00f3n Uno a Uno &#8220;Conecta con tu Futuro&#8221;\"}]},{\"@type\":\"WebSite\",\"@id\":\"https:\/\/clm-inclusiva.org\/#website\",\"url\":\"https:\/\/clm-inclusiva.org\/\",\"name\":\"Clm-Inclusiva\",\"description\":\"Confederaci\u00f3n de entidades de personas con discapacidad f\u00edsica y org\u00e1nica CLM\",\"publisher\":{\"@id\":\"https:\/\/clm-inclusiva.org\/#organization\"},\"potentialAction\":[{\"@type\":\"SearchAction\",\"target\":{\"@type\":\"EntryPoint\",\"urlTemplate\":\"https:\/\/clm-inclusiva.org\/?s={search_term_string}\"},\"query-input\":\"required name=search_term_string\"}],\"inLanguage\":\"es\"},{\"@type\":\"Organization\",\"@id\":\"https:\/\/clm-inclusiva.org\/#organization\",\"name\":\"Clm-Inclusiva\",\"url\":\"https:\/\/clm-inclusiva.org\/\",\"logo\":{\"@type\":\"ImageObject\",\"inLanguage\":\"es\",\"@id\":\"https:\/\/clm-inclusiva.org\/#\/schema\/logo\/image\/\",\"url\":\"http:\/\/clm-inclusiva.org\/wp-content\/uploads\/2019\/04\/banner-e1533720812836.jpg\",\"contentUrl\":\"http:\/\/clm-inclusiva.org\/wp-content\/uploads\/2019\/04\/banner-e1533720812836.jpg\",\"width\":600,\"height\":332,\"caption\":\"Clm-Inclusiva\"},\"image\":{\"@id\":\"https:\/\/clm-inclusiva.org\/#\/schema\/logo\/image\/\"},\"sameAs\":[\"https:\/\/www.facebook.com\/castillalamancha.inclusiva\/\",\"https:\/\/twitter.com\/ClmInclusiva\"]},{\"@type\":\"Person\",\"@id\":\"https:\/\/clm-inclusiva.org\/#\/schema\/person\/0cff84aaa5bb8fd3521c55d1578d902b\",\"name\":\"clm-inclusiva\",\"image\":{\"@type\":\"ImageObject\",\"inLanguage\":\"es\",\"@id\":\"https:\/\/clm-inclusiva.org\/#\/schema\/person\/image\/\",\"url\":\"https:\/\/secure.gravatar.com\/avatar\/88948567af770dc9cd5597b329011884?s=96&d=blank&r=g\",\"contentUrl\":\"https:\/\/secure.gravatar.com\/avatar\/88948567af770dc9cd5597b329011884?s=96&d=blank&r=g\",\"caption\":\"clm-inclusiva\"},\"sameAs\":[\"http:\/\/clm-inclusiva.org\"],\"url\":\"https:\/\/clm-inclusiva.org\/?author=1\"}]}<\/script>\n<!-- \/ Yoast SEO plugin. -->","yoast_head_json":{"title":"CLM Inclusiva COCEMFE clausura en Villarrobledo la acci\u00f3n formativa \"Asistente\/recepcionista de tel\u00e9fono y online a clientela\", que se enmarca dentro de la operaci\u00f3n Uno a Uno \"Conecta con tu Futuro\" - Clm-Inclusiva","robots":{"index":"index","follow":"follow","max-snippet":"max-snippet:-1","max-image-preview":"max-image-preview:large","max-video-preview":"max-video-preview:-1"},"canonical":"https:\/\/clm-inclusiva.org\/?p=5276","og_locale":"es_ES","og_type":"article","og_title":"CLM Inclusiva COCEMFE clausura en Villarrobledo la acci\u00f3n formativa \"Asistente\/recepcionista de tel\u00e9fono y online a clientela\", que se enmarca dentro de la operaci\u00f3n Uno a Uno \"Conecta con tu Futuro\" - Clm-Inclusiva","og_description":"El proyecto propuesto ha consolidado a las personas participantes para que puedan acceder a oportunidades laborales y contribuir en la econom\u00eda de Villarrobledo. La Confederaci\u00f3n de entidades de personas con discapacidad f\u00edsica y org\u00e1nica de Castilla-La Mancha, CLM INCLUSIVA COCEMFE, ha clausurado en Villarrobledo, Albacete la operaci\u00f3n para la formaci\u00f3n dirigida a personas con discapacidad [&hellip;]","og_url":"https:\/\/clm-inclusiva.org\/?p=5276","og_site_name":"Clm-Inclusiva","article_publisher":"https:\/\/www.facebook.com\/castillalamancha.inclusiva\/","article_published_time":"2024-09-27T14:09:14+00:00","og_image":[{"width":2560,"height":1707,"url":"http:\/\/clm-inclusiva.org\/wp-content\/uploads\/2024\/09\/FOTO-GRUPO-scaled.jpg","type":"image\/jpeg"}],"author":"clm-inclusiva","twitter_card":"summary_large_image","twitter_creator":"@ClmInclusiva","twitter_site":"@ClmInclusiva","twitter_misc":{"Escrito por":"clm-inclusiva","Tiempo de lectura":"3 minutos"},"schema":{"@context":"https:\/\/schema.org","@graph":[{"@type":"Article","@id":"https:\/\/clm-inclusiva.org\/?p=5276#article","isPartOf":{"@id":"https:\/\/clm-inclusiva.org\/?p=5276"},"author":{"name":"clm-inclusiva","@id":"https:\/\/clm-inclusiva.org\/#\/schema\/person\/0cff84aaa5bb8fd3521c55d1578d902b"},"headline":"CLM Inclusiva COCEMFE clausura en Villarrobledo la acci\u00f3n formativa &#8220;Asistente\/recepcionista de tel\u00e9fono y online a clientela&#8221;, que se enmarca dentro de la operaci\u00f3n Uno a Uno &#8220;Conecta con tu Futuro&#8221;","datePublished":"2024-09-27T14:09:14+00:00","dateModified":"2024-09-27T14:09:14+00:00","mainEntityOfPage":{"@id":"https:\/\/clm-inclusiva.org\/?p=5276"},"wordCount":540,"commentCount":0,"publisher":{"@id":"https:\/\/clm-inclusiva.org\/#organization"},"articleSection":["Clm inclusiva","cocemfe","Discapacidad","Empleo","formaci\u00f3n","Trabajo","Villarrobledo"],"inLanguage":"es","potentialAction":[{"@type":"CommentAction","name":"Comment","target":["https:\/\/clm-inclusiva.org\/?p=5276#respond"]}]},{"@type":"WebPage","@id":"https:\/\/clm-inclusiva.org\/?p=5276","url":"https:\/\/clm-inclusiva.org\/?p=5276","name":"CLM Inclusiva COCEMFE clausura en Villarrobledo la acci\u00f3n formativa \"Asistente\/recepcionista de tel\u00e9fono y online a clientela\", que se enmarca dentro de la operaci\u00f3n Uno a Uno \"Conecta con tu Futuro\" - Clm-Inclusiva","isPartOf":{"@id":"https:\/\/clm-inclusiva.org\/#website"},"datePublished":"2024-09-27T14:09:14+00:00","dateModified":"2024-09-27T14:09:14+00:00","breadcrumb":{"@id":"https:\/\/clm-inclusiva.org\/?p=5276#breadcrumb"},"inLanguage":"es","potentialAction":[{"@type":"ReadAction","target":["https:\/\/clm-inclusiva.org\/?p=5276"]}]},{"@type":"BreadcrumbList","@id":"https:\/\/clm-inclusiva.org\/?p=5276#breadcrumb","itemListElement":[{"@type":"ListItem","position":1,"name":"Portada","item":"https:\/\/clm-inclusiva.org\/"},{"@type":"ListItem","position":2,"name":"CLM Inclusiva COCEMFE clausura en Villarrobledo la acci\u00f3n formativa &#8220;Asistente\/recepcionista de tel\u00e9fono y online a clientela&#8221;, que se enmarca dentro de la operaci\u00f3n Uno a Uno &#8220;Conecta con tu Futuro&#8221;"}]},{"@type":"WebSite","@id":"https:\/\/clm-inclusiva.org\/#website","url":"https:\/\/clm-inclusiva.org\/","name":"Clm-Inclusiva","description":"Confederaci\u00f3n de entidades de personas con discapacidad f\u00edsica y org\u00e1nica CLM","publisher":{"@id":"https:\/\/clm-inclusiva.org\/#organization"},"potentialAction":[{"@type":"SearchAction","target":{"@type":"EntryPoint","urlTemplate":"https:\/\/clm-inclusiva.org\/?s={search_term_string}"},"query-input":"required name=search_term_string"}],"inLanguage":"es"},{"@type":"Organization","@id":"https:\/\/clm-inclusiva.org\/#organization","name":"Clm-Inclusiva","url":"https:\/\/clm-inclusiva.org\/","logo":{"@type":"ImageObject","inLanguage":"es","@id":"https:\/\/clm-inclusiva.org\/#\/schema\/logo\/image\/","url":"http:\/\/clm-inclusiva.org\/wp-content\/uploads\/2019\/04\/banner-e1533720812836.jpg","contentUrl":"http:\/\/clm-inclusiva.org\/wp-content\/uploads\/2019\/04\/banner-e1533720812836.jpg","width":600,"height":332,"caption":"Clm-Inclusiva"},"image":{"@id":"https:\/\/clm-inclusiva.org\/#\/schema\/logo\/image\/"},"sameAs":["https:\/\/www.facebook.com\/castillalamancha.inclusiva\/","https:\/\/twitter.com\/ClmInclusiva"]},{"@type":"Person","@id":"https:\/\/clm-inclusiva.org\/#\/schema\/person\/0cff84aaa5bb8fd3521c55d1578d902b","name":"clm-inclusiva","image":{"@type":"ImageObject","inLanguage":"es","@id":"https:\/\/clm-inclusiva.org\/#\/schema\/person\/image\/","url":"https:\/\/secure.gravatar.com\/avatar\/88948567af770dc9cd5597b329011884?s=96&d=blank&r=g","contentUrl":"https:\/\/secure.gravatar.com\/avatar\/88948567af770dc9cd5597b329011884?s=96&d=blank&r=g","caption":"clm-inclusiva"},"sameAs":["http:\/\/clm-inclusiva.org"],"url":"https:\/\/clm-inclusiva.org\/?author=1"}]}},"_links":{"self":[{"href":"https:\/\/clm-inclusiva.org\/index.php?rest_route=\/wp\/v2\/posts\/5276"}],"collection":[{"href":"https:\/\/clm-inclusiva.org\/index.php?rest_route=\/wp\/v2\/posts"}],"about":[{"href":"https:\/\/clm-inclusiva.org\/index.php?rest_route=\/wp\/v2\/types\/post"}],"author":[{"embeddable":true,"href":"https:\/\/clm-inclusiva.org\/index.php?rest_route=\/wp\/v2\/users\/1"}],"replies":[{"embeddable":true,"href":"https:\/\/clm-inclusiva.org\/index.php?rest_route=%2Fwp%2Fv2%2Fcomments&post=5276"}],"version-history":[{"count":1,"href":"https:\/\/clm-inclusiva.org\/index.php?rest_route=\/wp\/v2\/posts\/5276\/revisions"}],"predecessor-version":[{"id":5293,"href":"https:\/\/clm-inclusiva.org\/index.php?rest_route=\/wp\/v2\/posts\/5276\/revisions\/5293"}],"wp:featuredmedia":[{"embeddable":true,"href":"https:\/\/clm-inclusiva.org\/index.php?rest_route=\/wp\/v2\/media\/5277"}],"wp:attachment":[{"href":"https:\/\/clm-inclusiva.org\/index.php?rest_route=%2Fwp%2Fv2%2Fmedia&parent=5276"}],"wp:term":[{"taxonomy":"category","embeddable":true,"href":"https:\/\/clm-inclusiva.org\/index.php?rest_route=%2Fwp%2Fv2%2Fcategories&post=5276"},{"taxonomy":"post_tag","embeddable":true,"href":"https:\/\/clm-inclusiva.org\/index.php?rest_route=%2Fwp%2Fv2%2Ftags&post=5276"}],"curies":[{"name":"wp","href":"https:\/\/api.w.org\/{rel}","templated":true}]}}