{"id":5248,"date":"2024-09-13T11:33:39","date_gmt":"2024-09-13T09:33:39","guid":{"rendered":"https:\/\/clm-inclusiva.org\/?p=5248"},"modified":"2024-09-13T11:35:05","modified_gmt":"2024-09-13T09:35:05","slug":"luna-albacete-hace-entrega-en-la-feria-de-la-capital-de-reconocimientos-a-mujeres-influyentes-en-el-ambito-de-la-discapacidad","status":"publish","type":"post","link":"https:\/\/clm-inclusiva.org\/?p=5248","title":{"rendered":"LUNA Albacete hace entrega, en la Feria de la capital, de reconocimientos a mujeres influyentes en el \u00e1mbito de la discapacidad"},"content":{"rendered":"<h3>Castilla- La Mancha Inclusiva COCEMFE ha acompa\u00f1ado a la Asociaci\u00f3n de Mujeres y Ni\u00f1as con Discapacidad, LUNA, en un acto durante la Feria de Albacete en el que ha entregado varios reconocimientos.<\/h3>\n<p>LUNA Albacete, la Asociaci\u00f3n de Mujeres y Ni\u00f1as con Discapacidad ha celebrado, en la Feria de Albacete, un acto en el que ha entregado tres reconocimientos a personas influyentes en el \u00e1mbito de la discapacidad.<\/p>\n<p>Los reconocimientos han reca\u00eddo en Mar\u00eda \u00c1ngeles Gonz\u00e1lez Rold\u00e1n como agradecimiento a su Trayectoria Profesional. Y, a t\u00edtulo p\u00f3stumo, a Encarnaci\u00f3n Rodr\u00edguez y\u00a0Ana\u00a0Quintanilla, por su implicaci\u00f3n con esta entidad de la que formaron parte y fueron fundadoras.<\/p>\n<p>Un acto al que han asistido miembros de la junta directiva de la CLM Inclusiva COCEMFE donde se ha puesto en valor la necesidad de seguir trabajando por un objetivo com\u00fan como es el de seguir trabajando por los derechos y la inclusi\u00f3n de las personas con discapacidad.<\/p>\n<p>Para Enrique Alarc\u00f3n, presidente de CLM Inclusiva COCEMFE actos como este \u201cponen de manifiesto la necesidad de seguir luchado por la inclusi\u00f3n y la igualdad efectiva de las personas con discapacidad, en especial de las mujeres y las ni\u00f1as.<\/p>\n<p>Alarc\u00f3n que ha querido tener un recuerdo especial a Encarnaci\u00f3n Rodr\u00edguez y Ana Quintanilla, reivindicando la situaci\u00f3n de las mujeres en el mundo rural que sufren, todav\u00eda privadas, de muchos derechos fundamentales\u201d.<\/p>\n<p>Para Teresa L\u00f3pez, vicepresidenta de LUNA Albacete este es un evento \u201cque sirve para dar visibilidad porque las mujeres con discapacidad tenemos el doble de discriminaci\u00f3n\u201d.<\/p>\n<p>Adem\u00e1s, desde la entidad quieren destacar que han entregado tres reconocimientos a tres mujeres que, como ha explicado Cristina P\u00e9rez, secretaria de LUNA Albacete, \u201cfueron capaces de no ver su discapacidad para hacer con su esp\u00edritu y su lucha m\u00e1s visible la realidad de las dem\u00e1s\u201d.<\/p>\n<p>La entrega de reconocimientos ha estado amenizada por el grupo DesClowNexi\u00f3n. Tras el acto se ha podido disfrutar de encuentro entre socias y un aperitivo con los asistentes.<\/p>\n<p>&nbsp;<\/p>\n<div class=\"et_pb_slider et_pb_slider_fullwidth_off et_pb_gallery_post_type\">\n\t\t\t\t<div class=\"et_pb_slides\">\n\t\t\t\t\t<div class=\"et_pb_slide\" style=\"background: url(https:\/\/clm-inclusiva.org\/wp-content\/uploads\/2024\/09\/Reconocimiento-a-Ana-Quintanilla-a-titulo-postumo-scaled-e1726219972904.jpg);\"><\/div><div class=\"et_pb_slide\" style=\"background: url(https:\/\/clm-inclusiva.org\/wp-content\/uploads\/2024\/09\/Reconocimiento-a-Encarnacion-Rodriguez-a-titulo-postumo-scaled.jpg);\"><\/div><div class=\"et_pb_slide\" style=\"background: url(https:\/\/clm-inclusiva.org\/wp-content\/uploads\/2024\/09\/Reconocimiento-a-Maria-Angeles-Gonzalez-scaled.jpg);\"><\/div>\n\t\t\t\t<\/div>\n\t\t\t<\/div>\n","protected":false},"excerpt":{"rendered":"<p>Castilla- La Mancha Inclusiva COCEMFE ha acompa\u00f1ado a la Asociaci\u00f3n de Mujeres y Ni\u00f1as con Discapacidad, LUNA, en un acto durante la Feria de Albacete en el que ha entregado varios reconocimientos. LUNA Albacete, la Asociaci\u00f3n de Mujeres y Ni\u00f1as con Discapacidad ha celebrado, en la Feria de Albacete, un acto en el que ha [&hellip;]<\/p>\n","protected":false},"author":1,"featured_media":5250,"comment_status":"open","ping_status":"open","sticky":false,"template":"","format":"standard","meta":{"_et_pb_use_builder":"","_et_pb_old_content":"","_et_gb_content_width":"","footnotes":""},"categories":[4,62,34],"tags":[],"yoast_head":"<!-- This site is optimized with the Yoast SEO plugin v21.3 - https:\/\/yoast.com\/wordpress\/plugins\/seo\/ -->\n<title>LUNA Albacete hace entrega, en la Feria de la capital, de reconocimientos a mujeres influyentes en el \u00e1mbito de la discapacidad - Clm-Inclusiva<\/title>\n<meta name=\"robots\" content=\"index, follow, max-snippet:-1, max-image-preview:large, max-video-preview:-1\" \/>\n<link rel=\"canonical\" href=\"https:\/\/clm-inclusiva.org\/?p=5248\" \/>\n<meta property=\"og:locale\" content=\"es_ES\" \/>\n<meta property=\"og:type\" content=\"article\" \/>\n<meta property=\"og:title\" content=\"LUNA Albacete hace entrega, en la Feria de la capital, de reconocimientos a mujeres influyentes en el \u00e1mbito de la discapacidad - Clm-Inclusiva\" \/>\n<meta property=\"og:description\" content=\"Castilla- La Mancha Inclusiva COCEMFE ha acompa\u00f1ado a la Asociaci\u00f3n de Mujeres y Ni\u00f1as con Discapacidad, LUNA, en un acto durante la Feria de Albacete en el que ha entregado varios reconocimientos. LUNA Albacete, la Asociaci\u00f3n de Mujeres y Ni\u00f1as con Discapacidad ha celebrado, en la Feria de Albacete, un acto en el que ha [&hellip;]\" \/>\n<meta property=\"og:url\" content=\"https:\/\/clm-inclusiva.org\/?p=5248\" \/>\n<meta property=\"og:site_name\" content=\"Clm-Inclusiva\" \/>\n<meta property=\"article:publisher\" content=\"https:\/\/www.facebook.com\/castillalamancha.inclusiva\/\" \/>\n<meta property=\"article:published_time\" content=\"2024-09-13T09:33:39+00:00\" \/>\n<meta property=\"article:modified_time\" content=\"2024-09-13T09:35:05+00:00\" \/>\n<meta property=\"og:image\" content=\"http:\/\/clm-inclusiva.org\/wp-content\/uploads\/2024\/09\/FOTO-DE-FAMILIA-scaled.jpg\" \/>\n\t<meta property=\"og:image:width\" content=\"2560\" \/>\n\t<meta property=\"og:image:height\" content=\"1707\" \/>\n\t<meta property=\"og:image:type\" content=\"image\/jpeg\" \/>\n<meta name=\"author\" content=\"clm-inclusiva\" \/>\n<meta name=\"twitter:card\" content=\"summary_large_image\" \/>\n<meta name=\"twitter:creator\" content=\"@ClmInclusiva\" \/>\n<meta name=\"twitter:site\" content=\"@ClmInclusiva\" \/>\n<meta name=\"twitter:label1\" content=\"Escrito por\" \/>\n\t<meta name=\"twitter:data1\" content=\"clm-inclusiva\" \/>\n\t<meta name=\"twitter:label2\" content=\"Tiempo de lectura\" \/>\n\t<meta name=\"twitter:data2\" content=\"2 minutos\" \/>\n<script type=\"application\/ld+json\" class=\"yoast-schema-graph\">{\"@context\":\"https:\/\/schema.org\",\"@graph\":[{\"@type\":\"Article\",\"@id\":\"https:\/\/clm-inclusiva.org\/?p=5248#article\",\"isPartOf\":{\"@id\":\"https:\/\/clm-inclusiva.org\/?p=5248\"},\"author\":{\"name\":\"clm-inclusiva\",\"@id\":\"https:\/\/clm-inclusiva.org\/#\/schema\/person\/0cff84aaa5bb8fd3521c55d1578d902b\"},\"headline\":\"LUNA Albacete hace entrega, en la Feria de la capital, de reconocimientos a mujeres influyentes en el \u00e1mbito de la discapacidad\",\"datePublished\":\"2024-09-13T09:33:39+00:00\",\"dateModified\":\"2024-09-13T09:35:05+00:00\",\"mainEntityOfPage\":{\"@id\":\"https:\/\/clm-inclusiva.org\/?p=5248\"},\"wordCount\":381,\"commentCount\":0,\"publisher\":{\"@id\":\"https:\/\/clm-inclusiva.org\/#organization\"},\"articleSection\":[\"Clm inclusiva\",\"federaci\u00f3n luna\",\"Reconocimientos\"],\"inLanguage\":\"es\",\"potentialAction\":[{\"@type\":\"CommentAction\",\"name\":\"Comment\",\"target\":[\"https:\/\/clm-inclusiva.org\/?p=5248#respond\"]}]},{\"@type\":\"WebPage\",\"@id\":\"https:\/\/clm-inclusiva.org\/?p=5248\",\"url\":\"https:\/\/clm-inclusiva.org\/?p=5248\",\"name\":\"LUNA Albacete hace entrega, en la Feria de la capital, de reconocimientos a mujeres influyentes en el \u00e1mbito de la discapacidad - Clm-Inclusiva\",\"isPartOf\":{\"@id\":\"https:\/\/clm-inclusiva.org\/#website\"},\"datePublished\":\"2024-09-13T09:33:39+00:00\",\"dateModified\":\"2024-09-13T09:35:05+00:00\",\"breadcrumb\":{\"@id\":\"https:\/\/clm-inclusiva.org\/?p=5248#breadcrumb\"},\"inLanguage\":\"es\",\"potentialAction\":[{\"@type\":\"ReadAction\",\"target\":[\"https:\/\/clm-inclusiva.org\/?p=5248\"]}]},{\"@type\":\"BreadcrumbList\",\"@id\":\"https:\/\/clm-inclusiva.org\/?p=5248#breadcrumb\",\"itemListElement\":[{\"@type\":\"ListItem\",\"position\":1,\"name\":\"Portada\",\"item\":\"https:\/\/clm-inclusiva.org\/\"},{\"@type\":\"ListItem\",\"position\":2,\"name\":\"LUNA Albacete hace entrega, en la Feria de la capital, de reconocimientos a mujeres influyentes en el \u00e1mbito de la discapacidad\"}]},{\"@type\":\"WebSite\",\"@id\":\"https:\/\/clm-inclusiva.org\/#website\",\"url\":\"https:\/\/clm-inclusiva.org\/\",\"name\":\"Clm-Inclusiva\",\"description\":\"Confederaci\u00f3n de entidades de personas con discapacidad f\u00edsica y org\u00e1nica CLM\",\"publisher\":{\"@id\":\"https:\/\/clm-inclusiva.org\/#organization\"},\"potentialAction\":[{\"@type\":\"SearchAction\",\"target\":{\"@type\":\"EntryPoint\",\"urlTemplate\":\"https:\/\/clm-inclusiva.org\/?s={search_term_string}\"},\"query-input\":\"required name=search_term_string\"}],\"inLanguage\":\"es\"},{\"@type\":\"Organization\",\"@id\":\"https:\/\/clm-inclusiva.org\/#organization\",\"name\":\"Clm-Inclusiva\",\"url\":\"https:\/\/clm-inclusiva.org\/\",\"logo\":{\"@type\":\"ImageObject\",\"inLanguage\":\"es\",\"@id\":\"https:\/\/clm-inclusiva.org\/#\/schema\/logo\/image\/\",\"url\":\"http:\/\/clm-inclusiva.org\/wp-content\/uploads\/2019\/04\/banner-e1533720812836.jpg\",\"contentUrl\":\"http:\/\/clm-inclusiva.org\/wp-content\/uploads\/2019\/04\/banner-e1533720812836.jpg\",\"width\":600,\"height\":332,\"caption\":\"Clm-Inclusiva\"},\"image\":{\"@id\":\"https:\/\/clm-inclusiva.org\/#\/schema\/logo\/image\/\"},\"sameAs\":[\"https:\/\/www.facebook.com\/castillalamancha.inclusiva\/\",\"https:\/\/twitter.com\/ClmInclusiva\"]},{\"@type\":\"Person\",\"@id\":\"https:\/\/clm-inclusiva.org\/#\/schema\/person\/0cff84aaa5bb8fd3521c55d1578d902b\",\"name\":\"clm-inclusiva\",\"image\":{\"@type\":\"ImageObject\",\"inLanguage\":\"es\",\"@id\":\"https:\/\/clm-inclusiva.org\/#\/schema\/person\/image\/\",\"url\":\"https:\/\/secure.gravatar.com\/avatar\/88948567af770dc9cd5597b329011884?s=96&d=blank&r=g\",\"contentUrl\":\"https:\/\/secure.gravatar.com\/avatar\/88948567af770dc9cd5597b329011884?s=96&d=blank&r=g\",\"caption\":\"clm-inclusiva\"},\"sameAs\":[\"http:\/\/clm-inclusiva.org\"],\"url\":\"https:\/\/clm-inclusiva.org\/?author=1\"}]}<\/script>\n<!-- \/ Yoast SEO plugin. -->","yoast_head_json":{"title":"LUNA Albacete hace entrega, en la Feria de la capital, de reconocimientos a mujeres influyentes en el \u00e1mbito de la discapacidad - Clm-Inclusiva","robots":{"index":"index","follow":"follow","max-snippet":"max-snippet:-1","max-image-preview":"max-image-preview:large","max-video-preview":"max-video-preview:-1"},"canonical":"https:\/\/clm-inclusiva.org\/?p=5248","og_locale":"es_ES","og_type":"article","og_title":"LUNA Albacete hace entrega, en la Feria de la capital, de reconocimientos a mujeres influyentes en el \u00e1mbito de la discapacidad - Clm-Inclusiva","og_description":"Castilla- La Mancha Inclusiva COCEMFE ha acompa\u00f1ado a la Asociaci\u00f3n de Mujeres y Ni\u00f1as con Discapacidad, LUNA, en un acto durante la Feria de Albacete en el que ha entregado varios reconocimientos. LUNA Albacete, la Asociaci\u00f3n de Mujeres y Ni\u00f1as con Discapacidad ha celebrado, en la Feria de Albacete, un acto en el que ha [&hellip;]","og_url":"https:\/\/clm-inclusiva.org\/?p=5248","og_site_name":"Clm-Inclusiva","article_publisher":"https:\/\/www.facebook.com\/castillalamancha.inclusiva\/","article_published_time":"2024-09-13T09:33:39+00:00","article_modified_time":"2024-09-13T09:35:05+00:00","og_image":[{"width":2560,"height":1707,"url":"http:\/\/clm-inclusiva.org\/wp-content\/uploads\/2024\/09\/FOTO-DE-FAMILIA-scaled.jpg","type":"image\/jpeg"}],"author":"clm-inclusiva","twitter_card":"summary_large_image","twitter_creator":"@ClmInclusiva","twitter_site":"@ClmInclusiva","twitter_misc":{"Escrito por":"clm-inclusiva","Tiempo de lectura":"2 minutos"},"schema":{"@context":"https:\/\/schema.org","@graph":[{"@type":"Article","@id":"https:\/\/clm-inclusiva.org\/?p=5248#article","isPartOf":{"@id":"https:\/\/clm-inclusiva.org\/?p=5248"},"author":{"name":"clm-inclusiva","@id":"https:\/\/clm-inclusiva.org\/#\/schema\/person\/0cff84aaa5bb8fd3521c55d1578d902b"},"headline":"LUNA Albacete hace entrega, en la Feria de la capital, de reconocimientos a mujeres influyentes en el \u00e1mbito de la discapacidad","datePublished":"2024-09-13T09:33:39+00:00","dateModified":"2024-09-13T09:35:05+00:00","mainEntityOfPage":{"@id":"https:\/\/clm-inclusiva.org\/?p=5248"},"wordCount":381,"commentCount":0,"publisher":{"@id":"https:\/\/clm-inclusiva.org\/#organization"},"articleSection":["Clm inclusiva","federaci\u00f3n luna","Reconocimientos"],"inLanguage":"es","potentialAction":[{"@type":"CommentAction","name":"Comment","target":["https:\/\/clm-inclusiva.org\/?p=5248#respond"]}]},{"@type":"WebPage","@id":"https:\/\/clm-inclusiva.org\/?p=5248","url":"https:\/\/clm-inclusiva.org\/?p=5248","name":"LUNA Albacete hace entrega, en la Feria de la capital, de reconocimientos a mujeres influyentes en el \u00e1mbito de la discapacidad - Clm-Inclusiva","isPartOf":{"@id":"https:\/\/clm-inclusiva.org\/#website"},"datePublished":"2024-09-13T09:33:39+00:00","dateModified":"2024-09-13T09:35:05+00:00","breadcrumb":{"@id":"https:\/\/clm-inclusiva.org\/?p=5248#breadcrumb"},"inLanguage":"es","potentialAction":[{"@type":"ReadAction","target":["https:\/\/clm-inclusiva.org\/?p=5248"]}]},{"@type":"BreadcrumbList","@id":"https:\/\/clm-inclusiva.org\/?p=5248#breadcrumb","itemListElement":[{"@type":"ListItem","position":1,"name":"Portada","item":"https:\/\/clm-inclusiva.org\/"},{"@type":"ListItem","position":2,"name":"LUNA Albacete hace entrega, en la Feria de la capital, de reconocimientos a mujeres influyentes en el \u00e1mbito de la discapacidad"}]},{"@type":"WebSite","@id":"https:\/\/clm-inclusiva.org\/#website","url":"https:\/\/clm-inclusiva.org\/","name":"Clm-Inclusiva","description":"Confederaci\u00f3n de entidades de personas con discapacidad f\u00edsica y org\u00e1nica CLM","publisher":{"@id":"https:\/\/clm-inclusiva.org\/#organization"},"potentialAction":[{"@type":"SearchAction","target":{"@type":"EntryPoint","urlTemplate":"https:\/\/clm-inclusiva.org\/?s={search_term_string}"},"query-input":"required name=search_term_string"}],"inLanguage":"es"},{"@type":"Organization","@id":"https:\/\/clm-inclusiva.org\/#organization","name":"Clm-Inclusiva","url":"https:\/\/clm-inclusiva.org\/","logo":{"@type":"ImageObject","inLanguage":"es","@id":"https:\/\/clm-inclusiva.org\/#\/schema\/logo\/image\/","url":"http:\/\/clm-inclusiva.org\/wp-content\/uploads\/2019\/04\/banner-e1533720812836.jpg","contentUrl":"http:\/\/clm-inclusiva.org\/wp-content\/uploads\/2019\/04\/banner-e1533720812836.jpg","width":600,"height":332,"caption":"Clm-Inclusiva"},"image":{"@id":"https:\/\/clm-inclusiva.org\/#\/schema\/logo\/image\/"},"sameAs":["https:\/\/www.facebook.com\/castillalamancha.inclusiva\/","https:\/\/twitter.com\/ClmInclusiva"]},{"@type":"Person","@id":"https:\/\/clm-inclusiva.org\/#\/schema\/person\/0cff84aaa5bb8fd3521c55d1578d902b","name":"clm-inclusiva","image":{"@type":"ImageObject","inLanguage":"es","@id":"https:\/\/clm-inclusiva.org\/#\/schema\/person\/image\/","url":"https:\/\/secure.gravatar.com\/avatar\/88948567af770dc9cd5597b329011884?s=96&d=blank&r=g","contentUrl":"https:\/\/secure.gravatar.com\/avatar\/88948567af770dc9cd5597b329011884?s=96&d=blank&r=g","caption":"clm-inclusiva"},"sameAs":["http:\/\/clm-inclusiva.org"],"url":"https:\/\/clm-inclusiva.org\/?author=1"}]}},"_links":{"self":[{"href":"https:\/\/clm-inclusiva.org\/index.php?rest_route=\/wp\/v2\/posts\/5248"}],"collection":[{"href":"https:\/\/clm-inclusiva.org\/index.php?rest_route=\/wp\/v2\/posts"}],"about":[{"href":"https:\/\/clm-inclusiva.org\/index.php?rest_route=\/wp\/v2\/types\/post"}],"author":[{"embeddable":true,"href":"https:\/\/clm-inclusiva.org\/index.php?rest_route=\/wp\/v2\/users\/1"}],"replies":[{"embeddable":true,"href":"https:\/\/clm-inclusiva.org\/index.php?rest_route=%2Fwp%2Fv2%2Fcomments&post=5248"}],"version-history":[{"count":3,"href":"https:\/\/clm-inclusiva.org\/index.php?rest_route=\/wp\/v2\/posts\/5248\/revisions"}],"predecessor-version":[{"id":5258,"href":"https:\/\/clm-inclusiva.org\/index.php?rest_route=\/wp\/v2\/posts\/5248\/revisions\/5258"}],"wp:featuredmedia":[{"embeddable":true,"href":"https:\/\/clm-inclusiva.org\/index.php?rest_route=\/wp\/v2\/media\/5250"}],"wp:attachment":[{"href":"https:\/\/clm-inclusiva.org\/index.php?rest_route=%2Fwp%2Fv2%2Fmedia&parent=5248"}],"wp:term":[{"taxonomy":"category","embeddable":true,"href":"https:\/\/clm-inclusiva.org\/index.php?rest_route=%2Fwp%2Fv2%2Fcategories&post=5248"},{"taxonomy":"post_tag","embeddable":true,"href":"https:\/\/clm-inclusiva.org\/index.php?rest_route=%2Fwp%2Fv2%2Ftags&post=5248"}],"curies":[{"name":"wp","href":"https:\/\/api.w.org\/{rel}","templated":true}]}}