{"id":5228,"date":"2024-08-26T12:43:24","date_gmt":"2024-08-26T10:43:24","guid":{"rendered":"https:\/\/clm-inclusiva.org\/?p=5228"},"modified":"2024-08-26T13:17:29","modified_gmt":"2024-08-26T11:17:29","slug":"clm-inclusiva-cocemfe-pone-en-valor-el-trabajo-y-la-disciplina-de-los-y-las-deportistas-castellanomanchegos-con-discapacidad-fisica-que-participan-en-los-juegos-paralimpicos-de-paris-2024","status":"publish","type":"post","link":"https:\/\/clm-inclusiva.org\/?p=5228","title":{"rendered":"CLM Inclusiva COCEMFE pone en valor el trabajo y la disciplina de los y las deportistas castellanomanchegos con discapacidad f\u00edsica que participan en los Juegos Paral\u00edmpicos de Par\u00eds 2024"},"content":{"rendered":"<ul>\n<li>En total, son seis los castellanomanchegos que participan en esta edici\u00f3n de los Juegos Paral\u00edmpicos que da comienzo el 28 de agosto.<\/li>\n<li>La expedici\u00f3n regional est\u00e1 compuesta por: Francisco Javier S\u00e1nchez Lara (baloncesto), Luis Miguel Garc\u00eda-Marquina (ciclismo), Beatriz L\u00e9rida (nataci\u00f3n), Marta Franc\u00e9s (triatl\u00f3n), Daniel Molina (triatl\u00f3n) y Sergio D\u00edaz del Campo (deportista de apoyo de atletismo).<\/li>\n<\/ul>\n<p>La Confederaci\u00f3n de entidades de personas con discapacidad f\u00edsica y org\u00e1nica de Castilla-La Mancha, CLM Inclusiva COCEMFE destaca el trabajo y la dedicaci\u00f3n de cada uno de los deportistas castellanomanchegos con discapacidad f\u00edsica que participan en los Juegos Paral\u00edmpicos de Par\u00eds 2024.<\/p>\n<p>150 representantes de Espa\u00f1a, 6 de Castilla-La Mancha, participan en una competici\u00f3n que da comienzo el d\u00eda 28 de agosto y que se alargar\u00e1 hasta el 8 de septiembre.<\/p>\n<p>Los deportistas que nos representan son: <strong>Marta Franc\u00e9s<\/strong>, de Puertollano que competir\u00e1 en triatl\u00f3n; <strong>Francisco Javier S\u00e1nchez Lara<\/strong>, natural del Bola\u00f1os de Calatrava que forma parte de la Selecci\u00f3n Espa\u00f1ola de Baloncesto en Silla de Ruedas; desde Valdepe\u00f1as, <strong>Beatriz L\u00e9rida<\/strong> participa en la modalidad de nataci\u00f3n; en la modalidad de handbike contamos con el ciclista de Taranc\u00f3n <strong>Luis Miguel Garc\u00eda-Marquina<\/strong>; en triatl\u00f3n, en la modalidad de sprint compite el guadalajare\u00f1o <strong>Daniel Molina<\/strong>.<\/p>\n<p>Tambi\u00e9n estar\u00e1 en Par\u00eds <strong>Sergio D\u00edaz<\/strong>, el daimiele\u00f1o es el gu\u00eda de la atleta con discapacidad visual, Melani Berges.<\/p>\n<p>El <strong>presidente de CLM Inclusiva COCEMFE, Enrique Alarc\u00f3n<\/strong>, agradece en nombre de la Confederaci\u00f3n y de las entidades que la conforman el gran esfuerzo que estos atletas realizan en su d\u00eda a d\u00eda y el ejemplo de superaci\u00f3n y sacrificio que trasladan a la sociedad. En palabras de Alarc\u00f3n, \u201cdesde CLM Inclusiva COCEMFE queremos dar a conocer el <strong>impresionante rendimiento y la dedicaci\u00f3n de los deportistas paral\u00edmpicos<\/strong> que representan a Castilla-La Mancha, un <strong>esfuerzo que a menudo pasa desapercibido en la sociedad y debe\u00a0ser\u00a0reconocido<\/strong>\u201d.<\/p>\n<p>Para nuestra entidad estos atletas llevan el esp\u00edritu de superaci\u00f3n y el orgullo de Castilla-La Mancha a la m\u00e1xima competici\u00f3n paral\u00edmpica, demostrando que la discapacidad no te define y que con dedicaci\u00f3n y esfuerzo no hay l\u00edmites.<\/p>\n<p><a href=\"https:\/\/paris2024.paralimpicos.es\/#\/multimedia\/fotos\">\n\t\t<div class='author-shortcodes'>\n\t\t\t<div class='author-inner'>\n\t\t\t\t<div class='author-image'>\n\t\t\t<img src='https:\/\/paris2024.paralimpicos.es\/#\/multimedia\/fotos' alt='' \/>\n\t\t\t<div class='author-overlay'><\/div>\n\t\t<\/div> <!-- .author-image --> \n\t\t<div class='author-info'>\n\t\t\tPresentaci\u00f3n preseleccionados Par\u00eds 2024 en Toledo Foto de familia tras la presentaci\u00f3n en Toledo de los deportistas castellanomanchegos preseleccionados para los Juegos Paral\u00edmpicos de Par\u00eds 2024. Institucional \/ 2024-04-09\n\t\t<\/div> <!-- .author-info -->\n\t\t\t<\/div> <!-- .author-inner -->\n\t\t<\/div> <!-- .author-shortcodes --><\/a><\/p>\n<p>&nbsp;<\/p>\n","protected":false},"excerpt":{"rendered":"<p>En total, son seis los castellanomanchegos que participan en esta edici\u00f3n de los Juegos Paral\u00edmpicos que da comienzo el 28 de agosto. La expedici\u00f3n regional est\u00e1 compuesta por: Francisco Javier S\u00e1nchez Lara (baloncesto), Luis Miguel Garc\u00eda-Marquina (ciclismo), Beatriz L\u00e9rida (nataci\u00f3n), Marta Franc\u00e9s (triatl\u00f3n), Daniel Molina (triatl\u00f3n) y Sergio D\u00edaz del Campo (deportista de apoyo de [&hellip;]<\/p>\n","protected":false},"author":1,"featured_media":5231,"comment_status":"open","ping_status":"open","sticky":false,"template":"","format":"standard","meta":{"_et_pb_use_builder":"off","_et_pb_old_content":"","_et_gb_content_width":"","footnotes":""},"categories":[49,4,5,109],"tags":[],"yoast_head":"<!-- This site is optimized with the Yoast SEO plugin v21.3 - https:\/\/yoast.com\/wordpress\/plugins\/seo\/ -->\n<title>CLM Inclusiva COCEMFE pone en valor el trabajo y la disciplina de los y las deportistas castellanomanchegos con discapacidad f\u00edsica que participan en los Juegos Paral\u00edmpicos de Par\u00eds 2024 - Clm-Inclusiva<\/title>\n<meta name=\"description\" content=\"La Confederaci\u00f3n de entidades de personas con discapacidad f\u00edsica y org\u00e1nica de Castilla-La Mancha, CLM Inclusiva COCEMFE destaca el trabajo y la dedicaci\u00f3n de cada uno de los deportistas castellanomanchegos con discapacidad f\u00edsica que participan en los Juegos Paral\u00edmpicos de Par\u00eds 2024.\" \/>\n<meta name=\"robots\" content=\"index, follow, max-snippet:-1, max-image-preview:large, max-video-preview:-1\" \/>\n<link rel=\"canonical\" href=\"https:\/\/clm-inclusiva.org\/?p=5228\" \/>\n<meta property=\"og:locale\" content=\"es_ES\" \/>\n<meta property=\"og:type\" content=\"article\" \/>\n<meta property=\"og:title\" content=\"CLM Inclusiva COCEMFE pone en valor el trabajo y la disciplina de los y las deportistas castellanomanchegos con discapacidad f\u00edsica que participan en los Juegos Paral\u00edmpicos de Par\u00eds 2024 - Clm-Inclusiva\" \/>\n<meta property=\"og:description\" content=\"La Confederaci\u00f3n de entidades de personas con discapacidad f\u00edsica y org\u00e1nica de Castilla-La Mancha, CLM Inclusiva COCEMFE destaca el trabajo y la dedicaci\u00f3n de cada uno de los deportistas castellanomanchegos con discapacidad f\u00edsica que participan en los Juegos Paral\u00edmpicos de Par\u00eds 2024.\" \/>\n<meta property=\"og:url\" content=\"https:\/\/clm-inclusiva.org\/?p=5228\" \/>\n<meta property=\"og:site_name\" content=\"Clm-Inclusiva\" \/>\n<meta property=\"article:publisher\" content=\"https:\/\/www.facebook.com\/castillalamancha.inclusiva\/\" \/>\n<meta property=\"article:published_time\" content=\"2024-08-26T10:43:24+00:00\" \/>\n<meta property=\"article:modified_time\" content=\"2024-08-26T11:17:29+00:00\" \/>\n<meta property=\"og:image\" content=\"http:\/\/clm-inclusiva.org\/wp-content\/uploads\/2024\/08\/DEPORTISTAS-CLM-scaled.jpg\" \/>\n\t<meta property=\"og:image:width\" content=\"2560\" \/>\n\t<meta property=\"og:image:height\" content=\"1463\" \/>\n\t<meta property=\"og:image:type\" content=\"image\/jpeg\" \/>\n<meta name=\"author\" content=\"clm-inclusiva\" \/>\n<meta name=\"twitter:card\" content=\"summary_large_image\" \/>\n<meta name=\"twitter:creator\" content=\"@ClmInclusiva\" \/>\n<meta name=\"twitter:site\" content=\"@ClmInclusiva\" \/>\n<meta name=\"twitter:label1\" content=\"Escrito por\" \/>\n\t<meta name=\"twitter:data1\" content=\"clm-inclusiva\" \/>\n\t<meta name=\"twitter:label2\" content=\"Tiempo de lectura\" \/>\n\t<meta name=\"twitter:data2\" content=\"2 minutos\" \/>\n<script type=\"application\/ld+json\" class=\"yoast-schema-graph\">{\"@context\":\"https:\/\/schema.org\",\"@graph\":[{\"@type\":\"Article\",\"@id\":\"https:\/\/clm-inclusiva.org\/?p=5228#article\",\"isPartOf\":{\"@id\":\"https:\/\/clm-inclusiva.org\/?p=5228\"},\"author\":{\"name\":\"clm-inclusiva\",\"@id\":\"https:\/\/clm-inclusiva.org\/#\/schema\/person\/0cff84aaa5bb8fd3521c55d1578d902b\"},\"headline\":\"CLM Inclusiva COCEMFE pone en valor el trabajo y la disciplina de los y las deportistas castellanomanchegos con discapacidad f\u00edsica que participan en los Juegos Paral\u00edmpicos de Par\u00eds 2024\",\"datePublished\":\"2024-08-26T10:43:24+00:00\",\"dateModified\":\"2024-08-26T11:17:29+00:00\",\"mainEntityOfPage\":{\"@id\":\"https:\/\/clm-inclusiva.org\/?p=5228\"},\"wordCount\":471,\"commentCount\":0,\"publisher\":{\"@id\":\"https:\/\/clm-inclusiva.org\/#organization\"},\"articleSection\":[\"castilla-la mancha\",\"Clm inclusiva\",\"Discapacidad\",\"Juegos paral\u00edmpicos\"],\"inLanguage\":\"es\",\"potentialAction\":[{\"@type\":\"CommentAction\",\"name\":\"Comment\",\"target\":[\"https:\/\/clm-inclusiva.org\/?p=5228#respond\"]}]},{\"@type\":\"WebPage\",\"@id\":\"https:\/\/clm-inclusiva.org\/?p=5228\",\"url\":\"https:\/\/clm-inclusiva.org\/?p=5228\",\"name\":\"CLM Inclusiva COCEMFE pone en valor el trabajo y la disciplina de los y las deportistas castellanomanchegos con discapacidad f\u00edsica que participan en los Juegos Paral\u00edmpicos de Par\u00eds 2024 - Clm-Inclusiva\",\"isPartOf\":{\"@id\":\"https:\/\/clm-inclusiva.org\/#website\"},\"datePublished\":\"2024-08-26T10:43:24+00:00\",\"dateModified\":\"2024-08-26T11:17:29+00:00\",\"description\":\"La Confederaci\u00f3n de entidades de personas con discapacidad f\u00edsica y org\u00e1nica de Castilla-La Mancha, CLM Inclusiva COCEMFE destaca el trabajo y la dedicaci\u00f3n de cada uno de los deportistas castellanomanchegos con discapacidad f\u00edsica que participan en los Juegos Paral\u00edmpicos de Par\u00eds 2024.\",\"breadcrumb\":{\"@id\":\"https:\/\/clm-inclusiva.org\/?p=5228#breadcrumb\"},\"inLanguage\":\"es\",\"potentialAction\":[{\"@type\":\"ReadAction\",\"target\":[\"https:\/\/clm-inclusiva.org\/?p=5228\"]}]},{\"@type\":\"BreadcrumbList\",\"@id\":\"https:\/\/clm-inclusiva.org\/?p=5228#breadcrumb\",\"itemListElement\":[{\"@type\":\"ListItem\",\"position\":1,\"name\":\"Portada\",\"item\":\"https:\/\/clm-inclusiva.org\/\"},{\"@type\":\"ListItem\",\"position\":2,\"name\":\"CLM Inclusiva COCEMFE pone en valor el trabajo y la disciplina de los y las deportistas castellanomanchegos con discapacidad f\u00edsica que participan en los Juegos Paral\u00edmpicos de Par\u00eds 2024\"}]},{\"@type\":\"WebSite\",\"@id\":\"https:\/\/clm-inclusiva.org\/#website\",\"url\":\"https:\/\/clm-inclusiva.org\/\",\"name\":\"Clm-Inclusiva\",\"description\":\"Confederaci\u00f3n de entidades de personas con discapacidad f\u00edsica y org\u00e1nica CLM\",\"publisher\":{\"@id\":\"https:\/\/clm-inclusiva.org\/#organization\"},\"potentialAction\":[{\"@type\":\"SearchAction\",\"target\":{\"@type\":\"EntryPoint\",\"urlTemplate\":\"https:\/\/clm-inclusiva.org\/?s={search_term_string}\"},\"query-input\":\"required name=search_term_string\"}],\"inLanguage\":\"es\"},{\"@type\":\"Organization\",\"@id\":\"https:\/\/clm-inclusiva.org\/#organization\",\"name\":\"Clm-Inclusiva\",\"url\":\"https:\/\/clm-inclusiva.org\/\",\"logo\":{\"@type\":\"ImageObject\",\"inLanguage\":\"es\",\"@id\":\"https:\/\/clm-inclusiva.org\/#\/schema\/logo\/image\/\",\"url\":\"http:\/\/clm-inclusiva.org\/wp-content\/uploads\/2019\/04\/banner-e1533720812836.jpg\",\"contentUrl\":\"http:\/\/clm-inclusiva.org\/wp-content\/uploads\/2019\/04\/banner-e1533720812836.jpg\",\"width\":600,\"height\":332,\"caption\":\"Clm-Inclusiva\"},\"image\":{\"@id\":\"https:\/\/clm-inclusiva.org\/#\/schema\/logo\/image\/\"},\"sameAs\":[\"https:\/\/www.facebook.com\/castillalamancha.inclusiva\/\",\"https:\/\/twitter.com\/ClmInclusiva\"]},{\"@type\":\"Person\",\"@id\":\"https:\/\/clm-inclusiva.org\/#\/schema\/person\/0cff84aaa5bb8fd3521c55d1578d902b\",\"name\":\"clm-inclusiva\",\"image\":{\"@type\":\"ImageObject\",\"inLanguage\":\"es\",\"@id\":\"https:\/\/clm-inclusiva.org\/#\/schema\/person\/image\/\",\"url\":\"https:\/\/secure.gravatar.com\/avatar\/88948567af770dc9cd5597b329011884?s=96&d=blank&r=g\",\"contentUrl\":\"https:\/\/secure.gravatar.com\/avatar\/88948567af770dc9cd5597b329011884?s=96&d=blank&r=g\",\"caption\":\"clm-inclusiva\"},\"sameAs\":[\"http:\/\/clm-inclusiva.org\"],\"url\":\"https:\/\/clm-inclusiva.org\/?author=1\"}]}<\/script>\n<!-- \/ Yoast SEO plugin. -->","yoast_head_json":{"title":"CLM Inclusiva COCEMFE pone en valor el trabajo y la disciplina de los y las deportistas castellanomanchegos con discapacidad f\u00edsica que participan en los Juegos Paral\u00edmpicos de Par\u00eds 2024 - Clm-Inclusiva","description":"La Confederaci\u00f3n de entidades de personas con discapacidad f\u00edsica y org\u00e1nica de Castilla-La Mancha, CLM Inclusiva COCEMFE destaca el trabajo y la dedicaci\u00f3n de cada uno de los deportistas castellanomanchegos con discapacidad f\u00edsica que participan en los Juegos Paral\u00edmpicos de Par\u00eds 2024.","robots":{"index":"index","follow":"follow","max-snippet":"max-snippet:-1","max-image-preview":"max-image-preview:large","max-video-preview":"max-video-preview:-1"},"canonical":"https:\/\/clm-inclusiva.org\/?p=5228","og_locale":"es_ES","og_type":"article","og_title":"CLM Inclusiva COCEMFE pone en valor el trabajo y la disciplina de los y las deportistas castellanomanchegos con discapacidad f\u00edsica que participan en los Juegos Paral\u00edmpicos de Par\u00eds 2024 - Clm-Inclusiva","og_description":"La Confederaci\u00f3n de entidades de personas con discapacidad f\u00edsica y org\u00e1nica de Castilla-La Mancha, CLM Inclusiva COCEMFE destaca el trabajo y la dedicaci\u00f3n de cada uno de los deportistas castellanomanchegos con discapacidad f\u00edsica que participan en los Juegos Paral\u00edmpicos de Par\u00eds 2024.","og_url":"https:\/\/clm-inclusiva.org\/?p=5228","og_site_name":"Clm-Inclusiva","article_publisher":"https:\/\/www.facebook.com\/castillalamancha.inclusiva\/","article_published_time":"2024-08-26T10:43:24+00:00","article_modified_time":"2024-08-26T11:17:29+00:00","og_image":[{"width":2560,"height":1463,"url":"http:\/\/clm-inclusiva.org\/wp-content\/uploads\/2024\/08\/DEPORTISTAS-CLM-scaled.jpg","type":"image\/jpeg"}],"author":"clm-inclusiva","twitter_card":"summary_large_image","twitter_creator":"@ClmInclusiva","twitter_site":"@ClmInclusiva","twitter_misc":{"Escrito por":"clm-inclusiva","Tiempo de lectura":"2 minutos"},"schema":{"@context":"https:\/\/schema.org","@graph":[{"@type":"Article","@id":"https:\/\/clm-inclusiva.org\/?p=5228#article","isPartOf":{"@id":"https:\/\/clm-inclusiva.org\/?p=5228"},"author":{"name":"clm-inclusiva","@id":"https:\/\/clm-inclusiva.org\/#\/schema\/person\/0cff84aaa5bb8fd3521c55d1578d902b"},"headline":"CLM Inclusiva COCEMFE pone en valor el trabajo y la disciplina de los y las deportistas castellanomanchegos con discapacidad f\u00edsica que participan en los Juegos Paral\u00edmpicos de Par\u00eds 2024","datePublished":"2024-08-26T10:43:24+00:00","dateModified":"2024-08-26T11:17:29+00:00","mainEntityOfPage":{"@id":"https:\/\/clm-inclusiva.org\/?p=5228"},"wordCount":471,"commentCount":0,"publisher":{"@id":"https:\/\/clm-inclusiva.org\/#organization"},"articleSection":["castilla-la mancha","Clm inclusiva","Discapacidad","Juegos paral\u00edmpicos"],"inLanguage":"es","potentialAction":[{"@type":"CommentAction","name":"Comment","target":["https:\/\/clm-inclusiva.org\/?p=5228#respond"]}]},{"@type":"WebPage","@id":"https:\/\/clm-inclusiva.org\/?p=5228","url":"https:\/\/clm-inclusiva.org\/?p=5228","name":"CLM Inclusiva COCEMFE pone en valor el trabajo y la disciplina de los y las deportistas castellanomanchegos con discapacidad f\u00edsica que participan en los Juegos Paral\u00edmpicos de Par\u00eds 2024 - Clm-Inclusiva","isPartOf":{"@id":"https:\/\/clm-inclusiva.org\/#website"},"datePublished":"2024-08-26T10:43:24+00:00","dateModified":"2024-08-26T11:17:29+00:00","description":"La Confederaci\u00f3n de entidades de personas con discapacidad f\u00edsica y org\u00e1nica de Castilla-La Mancha, CLM Inclusiva COCEMFE destaca el trabajo y la dedicaci\u00f3n de cada uno de los deportistas castellanomanchegos con discapacidad f\u00edsica que participan en los Juegos Paral\u00edmpicos de Par\u00eds 2024.","breadcrumb":{"@id":"https:\/\/clm-inclusiva.org\/?p=5228#breadcrumb"},"inLanguage":"es","potentialAction":[{"@type":"ReadAction","target":["https:\/\/clm-inclusiva.org\/?p=5228"]}]},{"@type":"BreadcrumbList","@id":"https:\/\/clm-inclusiva.org\/?p=5228#breadcrumb","itemListElement":[{"@type":"ListItem","position":1,"name":"Portada","item":"https:\/\/clm-inclusiva.org\/"},{"@type":"ListItem","position":2,"name":"CLM Inclusiva COCEMFE pone en valor el trabajo y la disciplina de los y las deportistas castellanomanchegos con discapacidad f\u00edsica que participan en los Juegos Paral\u00edmpicos de Par\u00eds 2024"}]},{"@type":"WebSite","@id":"https:\/\/clm-inclusiva.org\/#website","url":"https:\/\/clm-inclusiva.org\/","name":"Clm-Inclusiva","description":"Confederaci\u00f3n de entidades de personas con discapacidad f\u00edsica y org\u00e1nica CLM","publisher":{"@id":"https:\/\/clm-inclusiva.org\/#organization"},"potentialAction":[{"@type":"SearchAction","target":{"@type":"EntryPoint","urlTemplate":"https:\/\/clm-inclusiva.org\/?s={search_term_string}"},"query-input":"required name=search_term_string"}],"inLanguage":"es"},{"@type":"Organization","@id":"https:\/\/clm-inclusiva.org\/#organization","name":"Clm-Inclusiva","url":"https:\/\/clm-inclusiva.org\/","logo":{"@type":"ImageObject","inLanguage":"es","@id":"https:\/\/clm-inclusiva.org\/#\/schema\/logo\/image\/","url":"http:\/\/clm-inclusiva.org\/wp-content\/uploads\/2019\/04\/banner-e1533720812836.jpg","contentUrl":"http:\/\/clm-inclusiva.org\/wp-content\/uploads\/2019\/04\/banner-e1533720812836.jpg","width":600,"height":332,"caption":"Clm-Inclusiva"},"image":{"@id":"https:\/\/clm-inclusiva.org\/#\/schema\/logo\/image\/"},"sameAs":["https:\/\/www.facebook.com\/castillalamancha.inclusiva\/","https:\/\/twitter.com\/ClmInclusiva"]},{"@type":"Person","@id":"https:\/\/clm-inclusiva.org\/#\/schema\/person\/0cff84aaa5bb8fd3521c55d1578d902b","name":"clm-inclusiva","image":{"@type":"ImageObject","inLanguage":"es","@id":"https:\/\/clm-inclusiva.org\/#\/schema\/person\/image\/","url":"https:\/\/secure.gravatar.com\/avatar\/88948567af770dc9cd5597b329011884?s=96&d=blank&r=g","contentUrl":"https:\/\/secure.gravatar.com\/avatar\/88948567af770dc9cd5597b329011884?s=96&d=blank&r=g","caption":"clm-inclusiva"},"sameAs":["http:\/\/clm-inclusiva.org"],"url":"https:\/\/clm-inclusiva.org\/?author=1"}]}},"_links":{"self":[{"href":"https:\/\/clm-inclusiva.org\/index.php?rest_route=\/wp\/v2\/posts\/5228"}],"collection":[{"href":"https:\/\/clm-inclusiva.org\/index.php?rest_route=\/wp\/v2\/posts"}],"about":[{"href":"https:\/\/clm-inclusiva.org\/index.php?rest_route=\/wp\/v2\/types\/post"}],"author":[{"embeddable":true,"href":"https:\/\/clm-inclusiva.org\/index.php?rest_route=\/wp\/v2\/users\/1"}],"replies":[{"embeddable":true,"href":"https:\/\/clm-inclusiva.org\/index.php?rest_route=%2Fwp%2Fv2%2Fcomments&post=5228"}],"version-history":[{"count":11,"href":"https:\/\/clm-inclusiva.org\/index.php?rest_route=\/wp\/v2\/posts\/5228\/revisions"}],"predecessor-version":[{"id":5241,"href":"https:\/\/clm-inclusiva.org\/index.php?rest_route=\/wp\/v2\/posts\/5228\/revisions\/5241"}],"wp:featuredmedia":[{"embeddable":true,"href":"https:\/\/clm-inclusiva.org\/index.php?rest_route=\/wp\/v2\/media\/5231"}],"wp:attachment":[{"href":"https:\/\/clm-inclusiva.org\/index.php?rest_route=%2Fwp%2Fv2%2Fmedia&parent=5228"}],"wp:term":[{"taxonomy":"category","embeddable":true,"href":"https:\/\/clm-inclusiva.org\/index.php?rest_route=%2Fwp%2Fv2%2Fcategories&post=5228"},{"taxonomy":"post_tag","embeddable":true,"href":"https:\/\/clm-inclusiva.org\/index.php?rest_route=%2Fwp%2Fv2%2Ftags&post=5228"}],"curies":[{"name":"wp","href":"https:\/\/api.w.org\/{rel}","templated":true}]}}