{"id":5216,"date":"2024-08-01T09:35:44","date_gmt":"2024-08-01T07:35:44","guid":{"rendered":"https:\/\/clm-inclusiva.org\/?p=5216"},"modified":"2024-08-01T09:40:40","modified_gmt":"2024-08-01T07:40:40","slug":"visita-a-los-alumnos-que-estan-realizando-las-practicas-en-el-ayuntamiento-de-villarrobledo","status":"publish","type":"post","link":"https:\/\/clm-inclusiva.org\/?p=5216","title":{"rendered":"Visita a los alumnos que est\u00e1n realizando pr\u00e1cticas en el ayuntamiento de Villarrobledo"},"content":{"rendered":"<h3>Visita a los alumnos de la acci\u00f3n formativa \u201cAsistente\/recepcionista de tel\u00e9fono y online a clientela\u201d, que se enmarca dentro de la operaci\u00f3n UNO a UNO \u201cConecta con tu futuro\u201d que est\u00e1n realizando las pr\u00e1cticas en el ayuntamiento de Villarrobledo.<\/h3>\n<p>Carlos Mora, coordinador regional de CLM Inclusiva COCEMFE y Ramona Raquel Gir\u00f3n, t\u00e9cnica de formaci\u00f3n han visitado, acompa\u00f1ados de Cristina Garc\u00eda, concejala de Bienestar Social del ayuntamiento de Villarrobledo a los alumnos que se encuentran en el consistorio realizando las pr\u00e1cticas de la acci\u00f3n formativa \u201cAsistente\/recepcionista de tel\u00e9fono y online a clientela\u201d, que se enmarca dentro de la operaci\u00f3n UNO a UNO \u201cConecta con tu futuro\u201d.<\/p>\n<p>Como ha destacado Carlos Mora, coordinador regional de la entidad \u201cuno de nuestros objetivos es intentar ayudar a que las personas con discapacidad puedan adquirir un puesto de empleo a trav\u00e9s de la formaci\u00f3n\u201d. Por ello, una de las f\u00f3rmulas que funciona, y podemos ver en estas pr\u00e1cticas, es \u201cla triple alianza entre el tercer sector con la administraci\u00f3n p\u00fablica y con las empresas privadas\u201d.<\/p>\n<p>El ejemplo son los cuatro alumnos que est\u00e1n finalizando sus pr\u00e1cticas en el ayuntamiento y otros seis alumnos que las est\u00e1n desarrollando en la empresa privada.<\/p>\n<p>Por su parte, la concejala de Bienestar Social de la corporaci\u00f3n, Cristina Garc\u00eda, ha querido agradecer a CLM Inclusiva COCEMFE la labor que realiza. Ha destacado que \u201cpara ellos, como entidad, es importante acoger alumnos en pr\u00e1cticas ya que en el ayuntamiento hay muchos puestos de trabajo y es una ayuda importante para salir al mercado laboral\u201d.<\/p>\n<p>Agradecemos a la corporaci\u00f3n municipal de Villarrobledo la colaboraci\u00f3n, el empe\u00f1o y la apuesta por el empleo de las personas con discapacidad. Gracias a ello los alumnos y alumnas tienen la posibilidad, no s\u00f3lo de realizar las pr\u00e1cticas, sino tambi\u00e9n para lograr la empleabilidad por la que apuesta esta formaci\u00f3n.<\/p>\n<p>&nbsp;<\/p>\n<p><img decoding=\"async\" loading=\"lazy\" class=\"alignnone size-medium wp-image-5218\" src=\"http:\/\/clm-inclusiva.org\/wp-content\/uploads\/2024\/07\/IMG_3891-300x200.jpg\" alt=\"\" width=\"300\" height=\"200\" \/> <img decoding=\"async\" loading=\"lazy\" class=\"alignnone size-medium wp-image-5219\" src=\"http:\/\/clm-inclusiva.org\/wp-content\/uploads\/2024\/07\/IMG_3895-300x200.jpg\" alt=\"\" width=\"300\" height=\"200\" \/> <img decoding=\"async\" loading=\"lazy\" class=\"alignnone size-medium wp-image-5220\" src=\"http:\/\/clm-inclusiva.org\/wp-content\/uploads\/2024\/07\/IMG_3899-300x200.jpg\" alt=\"\" width=\"300\" height=\"200\" \/><img decoding=\"async\" loading=\"lazy\" class=\"alignnone size-medium wp-image-5217\" src=\"http:\/\/clm-inclusiva.org\/wp-content\/uploads\/2024\/07\/IMG_3906-300x200.jpg\" alt=\"\" width=\"300\" height=\"200\" \/><\/p>\n","protected":false},"excerpt":{"rendered":"<p>Visita a los alumnos de la acci\u00f3n formativa \u201cAsistente\/recepcionista de tel\u00e9fono y online a clientela\u201d, que se enmarca dentro de la operaci\u00f3n UNO a UNO \u201cConecta con tu futuro\u201d que est\u00e1n realizando las pr\u00e1cticas en el ayuntamiento de Villarrobledo. Carlos Mora, coordinador regional de CLM Inclusiva COCEMFE y Ramona Raquel Gir\u00f3n, t\u00e9cnica de formaci\u00f3n han [&hellip;]<\/p>\n","protected":false},"author":1,"featured_media":5220,"comment_status":"open","ping_status":"open","sticky":false,"template":"","format":"standard","meta":{"_et_pb_use_builder":"","_et_pb_old_content":"","_et_gb_content_width":"","footnotes":""},"categories":[49,4,97,105,9,106],"tags":[107],"yoast_head":"<!-- This site is optimized with the Yoast SEO plugin v21.3 - https:\/\/yoast.com\/wordpress\/plugins\/seo\/ -->\n<title>Visita a los alumnos que est\u00e1n realizando pr\u00e1cticas en el ayuntamiento de Villarrobledo - Clm-Inclusiva<\/title>\n<meta name=\"robots\" content=\"index, follow, max-snippet:-1, max-image-preview:large, max-video-preview:-1\" \/>\n<link rel=\"canonical\" href=\"https:\/\/clm-inclusiva.org\/?p=5216\" \/>\n<meta property=\"og:locale\" content=\"es_ES\" \/>\n<meta property=\"og:type\" content=\"article\" \/>\n<meta property=\"og:title\" content=\"Visita a los alumnos que est\u00e1n realizando pr\u00e1cticas en el ayuntamiento de Villarrobledo - Clm-Inclusiva\" \/>\n<meta property=\"og:description\" content=\"Visita a los alumnos de la acci\u00f3n formativa \u201cAsistente\/recepcionista de tel\u00e9fono y online a clientela\u201d, que se enmarca dentro de la operaci\u00f3n UNO a UNO \u201cConecta con tu futuro\u201d que est\u00e1n realizando las pr\u00e1cticas en el ayuntamiento de Villarrobledo. Carlos Mora, coordinador regional de CLM Inclusiva COCEMFE y Ramona Raquel Gir\u00f3n, t\u00e9cnica de formaci\u00f3n han [&hellip;]\" \/>\n<meta property=\"og:url\" content=\"https:\/\/clm-inclusiva.org\/?p=5216\" \/>\n<meta property=\"og:site_name\" content=\"Clm-Inclusiva\" \/>\n<meta property=\"article:publisher\" content=\"https:\/\/www.facebook.com\/castillalamancha.inclusiva\/\" \/>\n<meta property=\"article:published_time\" content=\"2024-08-01T07:35:44+00:00\" \/>\n<meta property=\"article:modified_time\" content=\"2024-08-01T07:40:40+00:00\" \/>\n<meta property=\"og:image\" content=\"http:\/\/clm-inclusiva.org\/wp-content\/uploads\/2024\/07\/IMG_3899-scaled.jpg\" \/>\n\t<meta property=\"og:image:width\" content=\"2560\" \/>\n\t<meta property=\"og:image:height\" content=\"1707\" \/>\n\t<meta property=\"og:image:type\" content=\"image\/jpeg\" \/>\n<meta name=\"author\" content=\"clm-inclusiva\" \/>\n<meta name=\"twitter:card\" content=\"summary_large_image\" \/>\n<meta name=\"twitter:creator\" content=\"@ClmInclusiva\" \/>\n<meta name=\"twitter:site\" content=\"@ClmInclusiva\" \/>\n<meta name=\"twitter:label1\" content=\"Escrito por\" \/>\n\t<meta name=\"twitter:data1\" content=\"clm-inclusiva\" \/>\n\t<meta name=\"twitter:label2\" content=\"Tiempo de lectura\" \/>\n\t<meta name=\"twitter:data2\" content=\"3 minutos\" \/>\n<script type=\"application\/ld+json\" class=\"yoast-schema-graph\">{\"@context\":\"https:\/\/schema.org\",\"@graph\":[{\"@type\":\"Article\",\"@id\":\"https:\/\/clm-inclusiva.org\/?p=5216#article\",\"isPartOf\":{\"@id\":\"https:\/\/clm-inclusiva.org\/?p=5216\"},\"author\":{\"name\":\"clm-inclusiva\",\"@id\":\"https:\/\/clm-inclusiva.org\/#\/schema\/person\/0cff84aaa5bb8fd3521c55d1578d902b\"},\"headline\":\"Visita a los alumnos que est\u00e1n realizando pr\u00e1cticas en el ayuntamiento de Villarrobledo\",\"datePublished\":\"2024-08-01T07:35:44+00:00\",\"dateModified\":\"2024-08-01T07:40:40+00:00\",\"mainEntityOfPage\":{\"@id\":\"https:\/\/clm-inclusiva.org\/?p=5216\"},\"wordCount\":354,\"commentCount\":0,\"publisher\":{\"@id\":\"https:\/\/clm-inclusiva.org\/#organization\"},\"keywords\":[\"Pr\u00e1cticas\"],\"articleSection\":[\"castilla-la mancha\",\"Clm inclusiva\",\"formaci\u00f3n\",\"Pr\u00e1cticas\",\"Trabajo\",\"Villarrobledo\"],\"inLanguage\":\"es\",\"potentialAction\":[{\"@type\":\"CommentAction\",\"name\":\"Comment\",\"target\":[\"https:\/\/clm-inclusiva.org\/?p=5216#respond\"]}]},{\"@type\":\"WebPage\",\"@id\":\"https:\/\/clm-inclusiva.org\/?p=5216\",\"url\":\"https:\/\/clm-inclusiva.org\/?p=5216\",\"name\":\"Visita a los alumnos que est\u00e1n realizando pr\u00e1cticas en el ayuntamiento de Villarrobledo - Clm-Inclusiva\",\"isPartOf\":{\"@id\":\"https:\/\/clm-inclusiva.org\/#website\"},\"datePublished\":\"2024-08-01T07:35:44+00:00\",\"dateModified\":\"2024-08-01T07:40:40+00:00\",\"breadcrumb\":{\"@id\":\"https:\/\/clm-inclusiva.org\/?p=5216#breadcrumb\"},\"inLanguage\":\"es\",\"potentialAction\":[{\"@type\":\"ReadAction\",\"target\":[\"https:\/\/clm-inclusiva.org\/?p=5216\"]}]},{\"@type\":\"BreadcrumbList\",\"@id\":\"https:\/\/clm-inclusiva.org\/?p=5216#breadcrumb\",\"itemListElement\":[{\"@type\":\"ListItem\",\"position\":1,\"name\":\"Portada\",\"item\":\"https:\/\/clm-inclusiva.org\/\"},{\"@type\":\"ListItem\",\"position\":2,\"name\":\"Visita a los alumnos que est\u00e1n realizando pr\u00e1cticas en el ayuntamiento de Villarrobledo\"}]},{\"@type\":\"WebSite\",\"@id\":\"https:\/\/clm-inclusiva.org\/#website\",\"url\":\"https:\/\/clm-inclusiva.org\/\",\"name\":\"Clm-Inclusiva\",\"description\":\"Confederaci\u00f3n de entidades de personas con discapacidad f\u00edsica y org\u00e1nica CLM\",\"publisher\":{\"@id\":\"https:\/\/clm-inclusiva.org\/#organization\"},\"potentialAction\":[{\"@type\":\"SearchAction\",\"target\":{\"@type\":\"EntryPoint\",\"urlTemplate\":\"https:\/\/clm-inclusiva.org\/?s={search_term_string}\"},\"query-input\":\"required name=search_term_string\"}],\"inLanguage\":\"es\"},{\"@type\":\"Organization\",\"@id\":\"https:\/\/clm-inclusiva.org\/#organization\",\"name\":\"Clm-Inclusiva\",\"url\":\"https:\/\/clm-inclusiva.org\/\",\"logo\":{\"@type\":\"ImageObject\",\"inLanguage\":\"es\",\"@id\":\"https:\/\/clm-inclusiva.org\/#\/schema\/logo\/image\/\",\"url\":\"http:\/\/clm-inclusiva.org\/wp-content\/uploads\/2019\/04\/banner-e1533720812836.jpg\",\"contentUrl\":\"http:\/\/clm-inclusiva.org\/wp-content\/uploads\/2019\/04\/banner-e1533720812836.jpg\",\"width\":600,\"height\":332,\"caption\":\"Clm-Inclusiva\"},\"image\":{\"@id\":\"https:\/\/clm-inclusiva.org\/#\/schema\/logo\/image\/\"},\"sameAs\":[\"https:\/\/www.facebook.com\/castillalamancha.inclusiva\/\",\"https:\/\/twitter.com\/ClmInclusiva\"]},{\"@type\":\"Person\",\"@id\":\"https:\/\/clm-inclusiva.org\/#\/schema\/person\/0cff84aaa5bb8fd3521c55d1578d902b\",\"name\":\"clm-inclusiva\",\"image\":{\"@type\":\"ImageObject\",\"inLanguage\":\"es\",\"@id\":\"https:\/\/clm-inclusiva.org\/#\/schema\/person\/image\/\",\"url\":\"https:\/\/secure.gravatar.com\/avatar\/88948567af770dc9cd5597b329011884?s=96&d=blank&r=g\",\"contentUrl\":\"https:\/\/secure.gravatar.com\/avatar\/88948567af770dc9cd5597b329011884?s=96&d=blank&r=g\",\"caption\":\"clm-inclusiva\"},\"sameAs\":[\"http:\/\/clm-inclusiva.org\"],\"url\":\"https:\/\/clm-inclusiva.org\/?author=1\"}]}<\/script>\n<!-- \/ Yoast SEO plugin. -->","yoast_head_json":{"title":"Visita a los alumnos que est\u00e1n realizando pr\u00e1cticas en el ayuntamiento de Villarrobledo - Clm-Inclusiva","robots":{"index":"index","follow":"follow","max-snippet":"max-snippet:-1","max-image-preview":"max-image-preview:large","max-video-preview":"max-video-preview:-1"},"canonical":"https:\/\/clm-inclusiva.org\/?p=5216","og_locale":"es_ES","og_type":"article","og_title":"Visita a los alumnos que est\u00e1n realizando pr\u00e1cticas en el ayuntamiento de Villarrobledo - Clm-Inclusiva","og_description":"Visita a los alumnos de la acci\u00f3n formativa \u201cAsistente\/recepcionista de tel\u00e9fono y online a clientela\u201d, que se enmarca dentro de la operaci\u00f3n UNO a UNO \u201cConecta con tu futuro\u201d que est\u00e1n realizando las pr\u00e1cticas en el ayuntamiento de Villarrobledo. Carlos Mora, coordinador regional de CLM Inclusiva COCEMFE y Ramona Raquel Gir\u00f3n, t\u00e9cnica de formaci\u00f3n han [&hellip;]","og_url":"https:\/\/clm-inclusiva.org\/?p=5216","og_site_name":"Clm-Inclusiva","article_publisher":"https:\/\/www.facebook.com\/castillalamancha.inclusiva\/","article_published_time":"2024-08-01T07:35:44+00:00","article_modified_time":"2024-08-01T07:40:40+00:00","og_image":[{"width":2560,"height":1707,"url":"http:\/\/clm-inclusiva.org\/wp-content\/uploads\/2024\/07\/IMG_3899-scaled.jpg","type":"image\/jpeg"}],"author":"clm-inclusiva","twitter_card":"summary_large_image","twitter_creator":"@ClmInclusiva","twitter_site":"@ClmInclusiva","twitter_misc":{"Escrito por":"clm-inclusiva","Tiempo de lectura":"3 minutos"},"schema":{"@context":"https:\/\/schema.org","@graph":[{"@type":"Article","@id":"https:\/\/clm-inclusiva.org\/?p=5216#article","isPartOf":{"@id":"https:\/\/clm-inclusiva.org\/?p=5216"},"author":{"name":"clm-inclusiva","@id":"https:\/\/clm-inclusiva.org\/#\/schema\/person\/0cff84aaa5bb8fd3521c55d1578d902b"},"headline":"Visita a los alumnos que est\u00e1n realizando pr\u00e1cticas en el ayuntamiento de Villarrobledo","datePublished":"2024-08-01T07:35:44+00:00","dateModified":"2024-08-01T07:40:40+00:00","mainEntityOfPage":{"@id":"https:\/\/clm-inclusiva.org\/?p=5216"},"wordCount":354,"commentCount":0,"publisher":{"@id":"https:\/\/clm-inclusiva.org\/#organization"},"keywords":["Pr\u00e1cticas"],"articleSection":["castilla-la mancha","Clm inclusiva","formaci\u00f3n","Pr\u00e1cticas","Trabajo","Villarrobledo"],"inLanguage":"es","potentialAction":[{"@type":"CommentAction","name":"Comment","target":["https:\/\/clm-inclusiva.org\/?p=5216#respond"]}]},{"@type":"WebPage","@id":"https:\/\/clm-inclusiva.org\/?p=5216","url":"https:\/\/clm-inclusiva.org\/?p=5216","name":"Visita a los alumnos que est\u00e1n realizando pr\u00e1cticas en el ayuntamiento de Villarrobledo - Clm-Inclusiva","isPartOf":{"@id":"https:\/\/clm-inclusiva.org\/#website"},"datePublished":"2024-08-01T07:35:44+00:00","dateModified":"2024-08-01T07:40:40+00:00","breadcrumb":{"@id":"https:\/\/clm-inclusiva.org\/?p=5216#breadcrumb"},"inLanguage":"es","potentialAction":[{"@type":"ReadAction","target":["https:\/\/clm-inclusiva.org\/?p=5216"]}]},{"@type":"BreadcrumbList","@id":"https:\/\/clm-inclusiva.org\/?p=5216#breadcrumb","itemListElement":[{"@type":"ListItem","position":1,"name":"Portada","item":"https:\/\/clm-inclusiva.org\/"},{"@type":"ListItem","position":2,"name":"Visita a los alumnos que est\u00e1n realizando pr\u00e1cticas en el ayuntamiento de Villarrobledo"}]},{"@type":"WebSite","@id":"https:\/\/clm-inclusiva.org\/#website","url":"https:\/\/clm-inclusiva.org\/","name":"Clm-Inclusiva","description":"Confederaci\u00f3n de entidades de personas con discapacidad f\u00edsica y org\u00e1nica CLM","publisher":{"@id":"https:\/\/clm-inclusiva.org\/#organization"},"potentialAction":[{"@type":"SearchAction","target":{"@type":"EntryPoint","urlTemplate":"https:\/\/clm-inclusiva.org\/?s={search_term_string}"},"query-input":"required name=search_term_string"}],"inLanguage":"es"},{"@type":"Organization","@id":"https:\/\/clm-inclusiva.org\/#organization","name":"Clm-Inclusiva","url":"https:\/\/clm-inclusiva.org\/","logo":{"@type":"ImageObject","inLanguage":"es","@id":"https:\/\/clm-inclusiva.org\/#\/schema\/logo\/image\/","url":"http:\/\/clm-inclusiva.org\/wp-content\/uploads\/2019\/04\/banner-e1533720812836.jpg","contentUrl":"http:\/\/clm-inclusiva.org\/wp-content\/uploads\/2019\/04\/banner-e1533720812836.jpg","width":600,"height":332,"caption":"Clm-Inclusiva"},"image":{"@id":"https:\/\/clm-inclusiva.org\/#\/schema\/logo\/image\/"},"sameAs":["https:\/\/www.facebook.com\/castillalamancha.inclusiva\/","https:\/\/twitter.com\/ClmInclusiva"]},{"@type":"Person","@id":"https:\/\/clm-inclusiva.org\/#\/schema\/person\/0cff84aaa5bb8fd3521c55d1578d902b","name":"clm-inclusiva","image":{"@type":"ImageObject","inLanguage":"es","@id":"https:\/\/clm-inclusiva.org\/#\/schema\/person\/image\/","url":"https:\/\/secure.gravatar.com\/avatar\/88948567af770dc9cd5597b329011884?s=96&d=blank&r=g","contentUrl":"https:\/\/secure.gravatar.com\/avatar\/88948567af770dc9cd5597b329011884?s=96&d=blank&r=g","caption":"clm-inclusiva"},"sameAs":["http:\/\/clm-inclusiva.org"],"url":"https:\/\/clm-inclusiva.org\/?author=1"}]}},"_links":{"self":[{"href":"https:\/\/clm-inclusiva.org\/index.php?rest_route=\/wp\/v2\/posts\/5216"}],"collection":[{"href":"https:\/\/clm-inclusiva.org\/index.php?rest_route=\/wp\/v2\/posts"}],"about":[{"href":"https:\/\/clm-inclusiva.org\/index.php?rest_route=\/wp\/v2\/types\/post"}],"author":[{"embeddable":true,"href":"https:\/\/clm-inclusiva.org\/index.php?rest_route=\/wp\/v2\/users\/1"}],"replies":[{"embeddable":true,"href":"https:\/\/clm-inclusiva.org\/index.php?rest_route=%2Fwp%2Fv2%2Fcomments&post=5216"}],"version-history":[{"count":6,"href":"https:\/\/clm-inclusiva.org\/index.php?rest_route=\/wp\/v2\/posts\/5216\/revisions"}],"predecessor-version":[{"id":5226,"href":"https:\/\/clm-inclusiva.org\/index.php?rest_route=\/wp\/v2\/posts\/5216\/revisions\/5226"}],"wp:featuredmedia":[{"embeddable":true,"href":"https:\/\/clm-inclusiva.org\/index.php?rest_route=\/wp\/v2\/media\/5220"}],"wp:attachment":[{"href":"https:\/\/clm-inclusiva.org\/index.php?rest_route=%2Fwp%2Fv2%2Fmedia&parent=5216"}],"wp:term":[{"taxonomy":"category","embeddable":true,"href":"https:\/\/clm-inclusiva.org\/index.php?rest_route=%2Fwp%2Fv2%2Fcategories&post=5216"},{"taxonomy":"post_tag","embeddable":true,"href":"https:\/\/clm-inclusiva.org\/index.php?rest_route=%2Fwp%2Fv2%2Ftags&post=5216"}],"curies":[{"name":"wp","href":"https:\/\/api.w.org\/{rel}","templated":true}]}}