{"id":5208,"date":"2024-07-22T09:25:15","date_gmt":"2024-07-22T07:25:15","guid":{"rendered":"https:\/\/clm-inclusiva.org\/?p=5208"},"modified":"2024-07-22T09:26:29","modified_gmt":"2024-07-22T07:26:29","slug":"tics-para-la-activacion-e-insercion-laboral-formacion-para-personas-con-discapacidad-psicosocial","status":"publish","type":"post","link":"https:\/\/clm-inclusiva.org\/?p=5208","title":{"rendered":"\u201cTICs para la activaci\u00f3n e inserci\u00f3n laboral\u201d. Formaci\u00f3n para personas con discapacidad psicosocial"},"content":{"rendered":"<p dir=\"auto\">La semana pasada estuvimos con los chicos y chicas de la formaci\u00f3n dirigida a personas con discapacidad psicosocial bajo el t\u00edtulo \u201cTICs para la activaci\u00f3n e inserci\u00f3n laboral\u201d que se enmarca dentro de la operaci\u00f3n \u201cConecta con tu futuro y que se est\u00e1 desarrollando en\u00a0Cuenca.<\/p>\n<p dir=\"auto\">Os dejamos un v\u00eddeo donde los alumnos y alumnas, junto con Silvia Montero, T\u00e9cnica de Empleo de CLM Inclusiva COCEMFE y Mar\u00eda Elche, T\u00e9cnica de la formaci\u00f3n, nos explican c\u00f3mo se ha desarrollado.<\/p>\n<p dir=\"auto\">Pod\u00e9is ver el trabajazo de la t\u00e9cnica y la docente con el que han conseguido muchos de los objetivos. Sin duda, la formaci\u00f3n es uno de los pilares m\u00e1s importantes para nuestra entidad.<\/p>\n<p dir=\"auto\">El proyecto est\u00e1 financiado por FUNDACI\u00d3N ONCE y la UNI\u00d3N EUROPEA en el marco de la Convocatoria de ayudas econ\u00f3micas para la selecci\u00f3n de operaciones para el refuerzo de la empleabilidad para personas con discapacidad \u201cPsicosocial\u201d \u2013 2023-2024 para los programas: l2.- programa de inclusi\u00f3n social, garant\u00eda infantil y lucha contra la pobreza FSE+ 2021-2027.<\/p>\n<div dir=\"auto\"><\/div>\n<p><iframe loading=\"lazy\" title=\"\u201cTICs para la activaci\u00f3n e inserci\u00f3n laboral\u201d. Formaci\u00f3n para personas con discapacidad psicosocial\" width=\"1080\" height=\"608\" src=\"https:\/\/www.youtube.com\/embed\/HdCb9ZFllZs?feature=oembed\" frameborder=\"0\" allow=\"accelerometer; autoplay; clipboard-write; encrypted-media; gyroscope; picture-in-picture; web-share\" referrerpolicy=\"strict-origin-when-cross-origin\" allowfullscreen><\/iframe><\/p>\n","protected":false},"excerpt":{"rendered":"<p>La semana pasada estuvimos con los chicos y chicas de la formaci\u00f3n dirigida a personas con discapacidad psicosocial bajo el t\u00edtulo \u201cTICs para la activaci\u00f3n e inserci\u00f3n laboral\u201d que se enmarca dentro de la operaci\u00f3n \u201cConecta con tu futuro y que se est\u00e1 desarrollando en\u00a0Cuenca. Os dejamos un v\u00eddeo donde los alumnos y alumnas, junto [&hellip;]<\/p>\n","protected":false},"author":1,"featured_media":5212,"comment_status":"open","ping_status":"open","sticky":false,"template":"","format":"standard","meta":{"_et_pb_use_builder":"","_et_pb_old_content":"","_et_gb_content_width":"","footnotes":""},"categories":[4,50,5,97,64],"tags":[],"yoast_head":"<!-- This site is optimized with the Yoast SEO plugin v21.3 - https:\/\/yoast.com\/wordpress\/plugins\/seo\/ -->\n<title>\u201cTICs para la activaci\u00f3n e inserci\u00f3n laboral\u201d. Formaci\u00f3n para personas con discapacidad psicosocial - Clm-Inclusiva<\/title>\n<meta name=\"robots\" content=\"index, follow, max-snippet:-1, max-image-preview:large, max-video-preview:-1\" \/>\n<link rel=\"canonical\" href=\"https:\/\/clm-inclusiva.org\/?p=5208\" \/>\n<meta property=\"og:locale\" content=\"es_ES\" \/>\n<meta property=\"og:type\" content=\"article\" \/>\n<meta property=\"og:title\" content=\"\u201cTICs para la activaci\u00f3n e inserci\u00f3n laboral\u201d. Formaci\u00f3n para personas con discapacidad psicosocial - Clm-Inclusiva\" \/>\n<meta property=\"og:description\" content=\"La semana pasada estuvimos con los chicos y chicas de la formaci\u00f3n dirigida a personas con discapacidad psicosocial bajo el t\u00edtulo \u201cTICs para la activaci\u00f3n e inserci\u00f3n laboral\u201d que se enmarca dentro de la operaci\u00f3n \u201cConecta con tu futuro y que se est\u00e1 desarrollando en\u00a0Cuenca. Os dejamos un v\u00eddeo donde los alumnos y alumnas, junto [&hellip;]\" \/>\n<meta property=\"og:url\" content=\"https:\/\/clm-inclusiva.org\/?p=5208\" \/>\n<meta property=\"og:site_name\" content=\"Clm-Inclusiva\" \/>\n<meta property=\"article:publisher\" content=\"https:\/\/www.facebook.com\/castillalamancha.inclusiva\/\" \/>\n<meta property=\"article:published_time\" content=\"2024-07-22T07:25:15+00:00\" \/>\n<meta property=\"article:modified_time\" content=\"2024-07-22T07:26:29+00:00\" \/>\n<meta property=\"og:image\" content=\"http:\/\/clm-inclusiva.org\/wp-content\/uploads\/2024\/07\/IMG_3799-scaled.jpg\" \/>\n\t<meta property=\"og:image:width\" content=\"2560\" \/>\n\t<meta property=\"og:image:height\" content=\"1707\" \/>\n\t<meta property=\"og:image:type\" content=\"image\/jpeg\" \/>\n<meta name=\"author\" content=\"clm-inclusiva\" \/>\n<meta name=\"twitter:card\" content=\"summary_large_image\" \/>\n<meta name=\"twitter:creator\" content=\"@ClmInclusiva\" \/>\n<meta name=\"twitter:site\" content=\"@ClmInclusiva\" \/>\n<meta name=\"twitter:label1\" content=\"Escrito por\" \/>\n\t<meta name=\"twitter:data1\" content=\"clm-inclusiva\" \/>\n\t<meta name=\"twitter:label2\" content=\"Tiempo de lectura\" \/>\n\t<meta name=\"twitter:data2\" content=\"1 minuto\" \/>\n<script type=\"application\/ld+json\" class=\"yoast-schema-graph\">{\"@context\":\"https:\/\/schema.org\",\"@graph\":[{\"@type\":\"Article\",\"@id\":\"https:\/\/clm-inclusiva.org\/?p=5208#article\",\"isPartOf\":{\"@id\":\"https:\/\/clm-inclusiva.org\/?p=5208\"},\"author\":{\"name\":\"clm-inclusiva\",\"@id\":\"https:\/\/clm-inclusiva.org\/#\/schema\/person\/0cff84aaa5bb8fd3521c55d1578d902b\"},\"headline\":\"\u201cTICs para la activaci\u00f3n e inserci\u00f3n laboral\u201d. Formaci\u00f3n para personas con discapacidad psicosocial\",\"datePublished\":\"2024-07-22T07:25:15+00:00\",\"dateModified\":\"2024-07-22T07:26:29+00:00\",\"mainEntityOfPage\":{\"@id\":\"https:\/\/clm-inclusiva.org\/?p=5208\"},\"wordCount\":214,\"commentCount\":0,\"publisher\":{\"@id\":\"https:\/\/clm-inclusiva.org\/#organization\"},\"articleSection\":[\"Clm inclusiva\",\"Cuenca\",\"Discapacidad\",\"formaci\u00f3n\",\"fundaci\u00f3n once\"],\"inLanguage\":\"es\",\"potentialAction\":[{\"@type\":\"CommentAction\",\"name\":\"Comment\",\"target\":[\"https:\/\/clm-inclusiva.org\/?p=5208#respond\"]}]},{\"@type\":\"WebPage\",\"@id\":\"https:\/\/clm-inclusiva.org\/?p=5208\",\"url\":\"https:\/\/clm-inclusiva.org\/?p=5208\",\"name\":\"\u201cTICs para la activaci\u00f3n e inserci\u00f3n laboral\u201d. Formaci\u00f3n para personas con discapacidad psicosocial - Clm-Inclusiva\",\"isPartOf\":{\"@id\":\"https:\/\/clm-inclusiva.org\/#website\"},\"datePublished\":\"2024-07-22T07:25:15+00:00\",\"dateModified\":\"2024-07-22T07:26:29+00:00\",\"breadcrumb\":{\"@id\":\"https:\/\/clm-inclusiva.org\/?p=5208#breadcrumb\"},\"inLanguage\":\"es\",\"potentialAction\":[{\"@type\":\"ReadAction\",\"target\":[\"https:\/\/clm-inclusiva.org\/?p=5208\"]}]},{\"@type\":\"BreadcrumbList\",\"@id\":\"https:\/\/clm-inclusiva.org\/?p=5208#breadcrumb\",\"itemListElement\":[{\"@type\":\"ListItem\",\"position\":1,\"name\":\"Portada\",\"item\":\"https:\/\/clm-inclusiva.org\/\"},{\"@type\":\"ListItem\",\"position\":2,\"name\":\"\u201cTICs para la activaci\u00f3n e inserci\u00f3n laboral\u201d. Formaci\u00f3n para personas con discapacidad psicosocial\"}]},{\"@type\":\"WebSite\",\"@id\":\"https:\/\/clm-inclusiva.org\/#website\",\"url\":\"https:\/\/clm-inclusiva.org\/\",\"name\":\"Clm-Inclusiva\",\"description\":\"Confederaci\u00f3n de entidades de personas con discapacidad f\u00edsica y org\u00e1nica CLM\",\"publisher\":{\"@id\":\"https:\/\/clm-inclusiva.org\/#organization\"},\"potentialAction\":[{\"@type\":\"SearchAction\",\"target\":{\"@type\":\"EntryPoint\",\"urlTemplate\":\"https:\/\/clm-inclusiva.org\/?s={search_term_string}\"},\"query-input\":\"required name=search_term_string\"}],\"inLanguage\":\"es\"},{\"@type\":\"Organization\",\"@id\":\"https:\/\/clm-inclusiva.org\/#organization\",\"name\":\"Clm-Inclusiva\",\"url\":\"https:\/\/clm-inclusiva.org\/\",\"logo\":{\"@type\":\"ImageObject\",\"inLanguage\":\"es\",\"@id\":\"https:\/\/clm-inclusiva.org\/#\/schema\/logo\/image\/\",\"url\":\"http:\/\/clm-inclusiva.org\/wp-content\/uploads\/2019\/04\/banner-e1533720812836.jpg\",\"contentUrl\":\"http:\/\/clm-inclusiva.org\/wp-content\/uploads\/2019\/04\/banner-e1533720812836.jpg\",\"width\":600,\"height\":332,\"caption\":\"Clm-Inclusiva\"},\"image\":{\"@id\":\"https:\/\/clm-inclusiva.org\/#\/schema\/logo\/image\/\"},\"sameAs\":[\"https:\/\/www.facebook.com\/castillalamancha.inclusiva\/\",\"https:\/\/twitter.com\/ClmInclusiva\"]},{\"@type\":\"Person\",\"@id\":\"https:\/\/clm-inclusiva.org\/#\/schema\/person\/0cff84aaa5bb8fd3521c55d1578d902b\",\"name\":\"clm-inclusiva\",\"image\":{\"@type\":\"ImageObject\",\"inLanguage\":\"es\",\"@id\":\"https:\/\/clm-inclusiva.org\/#\/schema\/person\/image\/\",\"url\":\"https:\/\/secure.gravatar.com\/avatar\/88948567af770dc9cd5597b329011884?s=96&d=blank&r=g\",\"contentUrl\":\"https:\/\/secure.gravatar.com\/avatar\/88948567af770dc9cd5597b329011884?s=96&d=blank&r=g\",\"caption\":\"clm-inclusiva\"},\"sameAs\":[\"http:\/\/clm-inclusiva.org\"],\"url\":\"https:\/\/clm-inclusiva.org\/?author=1\"}]}<\/script>\n<!-- \/ Yoast SEO plugin. -->","yoast_head_json":{"title":"\u201cTICs para la activaci\u00f3n e inserci\u00f3n laboral\u201d. Formaci\u00f3n para personas con discapacidad psicosocial - Clm-Inclusiva","robots":{"index":"index","follow":"follow","max-snippet":"max-snippet:-1","max-image-preview":"max-image-preview:large","max-video-preview":"max-video-preview:-1"},"canonical":"https:\/\/clm-inclusiva.org\/?p=5208","og_locale":"es_ES","og_type":"article","og_title":"\u201cTICs para la activaci\u00f3n e inserci\u00f3n laboral\u201d. Formaci\u00f3n para personas con discapacidad psicosocial - Clm-Inclusiva","og_description":"La semana pasada estuvimos con los chicos y chicas de la formaci\u00f3n dirigida a personas con discapacidad psicosocial bajo el t\u00edtulo \u201cTICs para la activaci\u00f3n e inserci\u00f3n laboral\u201d que se enmarca dentro de la operaci\u00f3n \u201cConecta con tu futuro y que se est\u00e1 desarrollando en\u00a0Cuenca. Os dejamos un v\u00eddeo donde los alumnos y alumnas, junto [&hellip;]","og_url":"https:\/\/clm-inclusiva.org\/?p=5208","og_site_name":"Clm-Inclusiva","article_publisher":"https:\/\/www.facebook.com\/castillalamancha.inclusiva\/","article_published_time":"2024-07-22T07:25:15+00:00","article_modified_time":"2024-07-22T07:26:29+00:00","og_image":[{"width":2560,"height":1707,"url":"http:\/\/clm-inclusiva.org\/wp-content\/uploads\/2024\/07\/IMG_3799-scaled.jpg","type":"image\/jpeg"}],"author":"clm-inclusiva","twitter_card":"summary_large_image","twitter_creator":"@ClmInclusiva","twitter_site":"@ClmInclusiva","twitter_misc":{"Escrito por":"clm-inclusiva","Tiempo de lectura":"1 minuto"},"schema":{"@context":"https:\/\/schema.org","@graph":[{"@type":"Article","@id":"https:\/\/clm-inclusiva.org\/?p=5208#article","isPartOf":{"@id":"https:\/\/clm-inclusiva.org\/?p=5208"},"author":{"name":"clm-inclusiva","@id":"https:\/\/clm-inclusiva.org\/#\/schema\/person\/0cff84aaa5bb8fd3521c55d1578d902b"},"headline":"\u201cTICs para la activaci\u00f3n e inserci\u00f3n laboral\u201d. Formaci\u00f3n para personas con discapacidad psicosocial","datePublished":"2024-07-22T07:25:15+00:00","dateModified":"2024-07-22T07:26:29+00:00","mainEntityOfPage":{"@id":"https:\/\/clm-inclusiva.org\/?p=5208"},"wordCount":214,"commentCount":0,"publisher":{"@id":"https:\/\/clm-inclusiva.org\/#organization"},"articleSection":["Clm inclusiva","Cuenca","Discapacidad","formaci\u00f3n","fundaci\u00f3n once"],"inLanguage":"es","potentialAction":[{"@type":"CommentAction","name":"Comment","target":["https:\/\/clm-inclusiva.org\/?p=5208#respond"]}]},{"@type":"WebPage","@id":"https:\/\/clm-inclusiva.org\/?p=5208","url":"https:\/\/clm-inclusiva.org\/?p=5208","name":"\u201cTICs para la activaci\u00f3n e inserci\u00f3n laboral\u201d. Formaci\u00f3n para personas con discapacidad psicosocial - Clm-Inclusiva","isPartOf":{"@id":"https:\/\/clm-inclusiva.org\/#website"},"datePublished":"2024-07-22T07:25:15+00:00","dateModified":"2024-07-22T07:26:29+00:00","breadcrumb":{"@id":"https:\/\/clm-inclusiva.org\/?p=5208#breadcrumb"},"inLanguage":"es","potentialAction":[{"@type":"ReadAction","target":["https:\/\/clm-inclusiva.org\/?p=5208"]}]},{"@type":"BreadcrumbList","@id":"https:\/\/clm-inclusiva.org\/?p=5208#breadcrumb","itemListElement":[{"@type":"ListItem","position":1,"name":"Portada","item":"https:\/\/clm-inclusiva.org\/"},{"@type":"ListItem","position":2,"name":"\u201cTICs para la activaci\u00f3n e inserci\u00f3n laboral\u201d. Formaci\u00f3n para personas con discapacidad psicosocial"}]},{"@type":"WebSite","@id":"https:\/\/clm-inclusiva.org\/#website","url":"https:\/\/clm-inclusiva.org\/","name":"Clm-Inclusiva","description":"Confederaci\u00f3n de entidades de personas con discapacidad f\u00edsica y org\u00e1nica CLM","publisher":{"@id":"https:\/\/clm-inclusiva.org\/#organization"},"potentialAction":[{"@type":"SearchAction","target":{"@type":"EntryPoint","urlTemplate":"https:\/\/clm-inclusiva.org\/?s={search_term_string}"},"query-input":"required name=search_term_string"}],"inLanguage":"es"},{"@type":"Organization","@id":"https:\/\/clm-inclusiva.org\/#organization","name":"Clm-Inclusiva","url":"https:\/\/clm-inclusiva.org\/","logo":{"@type":"ImageObject","inLanguage":"es","@id":"https:\/\/clm-inclusiva.org\/#\/schema\/logo\/image\/","url":"http:\/\/clm-inclusiva.org\/wp-content\/uploads\/2019\/04\/banner-e1533720812836.jpg","contentUrl":"http:\/\/clm-inclusiva.org\/wp-content\/uploads\/2019\/04\/banner-e1533720812836.jpg","width":600,"height":332,"caption":"Clm-Inclusiva"},"image":{"@id":"https:\/\/clm-inclusiva.org\/#\/schema\/logo\/image\/"},"sameAs":["https:\/\/www.facebook.com\/castillalamancha.inclusiva\/","https:\/\/twitter.com\/ClmInclusiva"]},{"@type":"Person","@id":"https:\/\/clm-inclusiva.org\/#\/schema\/person\/0cff84aaa5bb8fd3521c55d1578d902b","name":"clm-inclusiva","image":{"@type":"ImageObject","inLanguage":"es","@id":"https:\/\/clm-inclusiva.org\/#\/schema\/person\/image\/","url":"https:\/\/secure.gravatar.com\/avatar\/88948567af770dc9cd5597b329011884?s=96&d=blank&r=g","contentUrl":"https:\/\/secure.gravatar.com\/avatar\/88948567af770dc9cd5597b329011884?s=96&d=blank&r=g","caption":"clm-inclusiva"},"sameAs":["http:\/\/clm-inclusiva.org"],"url":"https:\/\/clm-inclusiva.org\/?author=1"}]}},"_links":{"self":[{"href":"https:\/\/clm-inclusiva.org\/index.php?rest_route=\/wp\/v2\/posts\/5208"}],"collection":[{"href":"https:\/\/clm-inclusiva.org\/index.php?rest_route=\/wp\/v2\/posts"}],"about":[{"href":"https:\/\/clm-inclusiva.org\/index.php?rest_route=\/wp\/v2\/types\/post"}],"author":[{"embeddable":true,"href":"https:\/\/clm-inclusiva.org\/index.php?rest_route=\/wp\/v2\/users\/1"}],"replies":[{"embeddable":true,"href":"https:\/\/clm-inclusiva.org\/index.php?rest_route=%2Fwp%2Fv2%2Fcomments&post=5208"}],"version-history":[{"count":5,"href":"https:\/\/clm-inclusiva.org\/index.php?rest_route=\/wp\/v2\/posts\/5208\/revisions"}],"predecessor-version":[{"id":5214,"href":"https:\/\/clm-inclusiva.org\/index.php?rest_route=\/wp\/v2\/posts\/5208\/revisions\/5214"}],"wp:featuredmedia":[{"embeddable":true,"href":"https:\/\/clm-inclusiva.org\/index.php?rest_route=\/wp\/v2\/media\/5212"}],"wp:attachment":[{"href":"https:\/\/clm-inclusiva.org\/index.php?rest_route=%2Fwp%2Fv2%2Fmedia&parent=5208"}],"wp:term":[{"taxonomy":"category","embeddable":true,"href":"https:\/\/clm-inclusiva.org\/index.php?rest_route=%2Fwp%2Fv2%2Fcategories&post=5208"},{"taxonomy":"post_tag","embeddable":true,"href":"https:\/\/clm-inclusiva.org\/index.php?rest_route=%2Fwp%2Fv2%2Ftags&post=5208"}],"curies":[{"name":"wp","href":"https:\/\/api.w.org\/{rel}","templated":true}]}}