{"id":5204,"date":"2024-07-16T11:10:56","date_gmt":"2024-07-16T09:10:56","guid":{"rendered":"https:\/\/clm-inclusiva.org\/?p=5204"},"modified":"2024-07-16T11:10:56","modified_gmt":"2024-07-16T09:10:56","slug":"clm-inclusiva-cocemfe-solicita-aumentar-hasta-el-1-la-asignacion-tributaria-para-fines-sociales","status":"publish","type":"post","link":"https:\/\/clm-inclusiva.org\/?p=5204","title":{"rendered":"CLM Inclusiva COCEMFE solicita aumentar hasta el 1% la asignaci\u00f3n tributaria para fines sociales"},"content":{"rendered":"<ul>\n<li>\n<h3>La propuesta supone aumentar del 0,7 al 1 % la asignaci\u00f3n tributaria del IRPF y del Impuesto de Sociedades destinada a actividades de inter\u00e9s general consideradas de inter\u00e9s social<\/h3>\n<\/li>\n<li>\n<h3>Si esta propuesta se hubiera adoptado en 2023 se habr\u00eda aumentado un 43 % la cuant\u00eda recaudada, pero la repercusi\u00f3n en los Presupuestos Generales del Estado habr\u00eda sido tan solo del 0,06%<\/h3>\n<\/li>\n<li>\n<h3>Los recursos son limitados y COCEMFE, CLM Inclusiva COCEMFE y su Movimiento Asociativo no ven cubierta toda la demanda para los proyectos que realizan a nivel nacional para apoyar a las personas con enfermedades muy discapacitantes<\/h3>\n<\/li>\n<\/ul>\n<p>La Confederaci\u00f3n de entidades de personas con discapacidad f\u00edsica y org\u00e1nica de Castilla-La Mancha, CLM Inclusiva COCEMFE, solicita <strong>aumentar del 0,7 al 1 %<\/strong> la asignaci\u00f3n tributaria del IRPF y del Impuesto de Sociedades destinada a actividades de inter\u00e9s general consideradas de inter\u00e9s social.<\/p>\n<p>La confederaci\u00f3n regional se une as\u00ed a la campa\u00f1a de entidades nacionales como COCEMFE. Se\u00f1alan que el sistema de subvenciones actual requiere un cambio sustancial que permita alcanzar un marco de financiaci\u00f3n estable, suficiente, garantizado y previsible. Pero mientras se avanza en ese cambio se propone aumentar hasta el 1% la asignaci\u00f3n tributaria para fines sociales para que las entidades sociales puedan contar con mayor estabilidad para planificar a largo plazo y aumentar, as\u00ed, su impacto social.<\/p>\n<p>Si esta propuesta se hubiera adoptado en el a\u00f1o 2023, se habr\u00eda aumentado un<strong> 43 %<\/strong> la cuant\u00eda recaudada por el IRPF e Impuesto de Sociedades para fines sociales y, sin embargo, la repercusi\u00f3n que este incremento habr\u00eda conllevado <strong>en los Presupuestos Generales del Estado habr\u00eda sido \u00fanicamente del 0,06%<\/strong>. El objetivo es conseguir que la propuesta aparezca recogida en los Presupuestos Generales del Estado de 2025.<\/p>\n<p><strong>Apoyo a la discapacidad f\u00edsica y org\u00e1nica<\/strong><\/p>\n<p>COCEMFE y CLM Inclusiva COCEMFE proponen incrementar hasta el 1% la asignaci\u00f3n tributaria para fines sociales \u201ccon el objetivo de que las entidades de personas con discapacidad dispongan de m\u00e1s recursos para garantizar su sostenibilidad y la continuidad de los <strong>programas y servicios dirigidos a proporcionar apoyos a las personas con discapacidad f\u00edsica y org\u00e1nica en situaci\u00f3n de mayor vulnerabilidad\u201d<\/strong> explica el presidente de CLM Inclusiva COCEMFE, Enrique Alarc\u00f3n.<\/p>\n<p>El apoyo a las organizaciones de personas con discapacidad f\u00edsica y org\u00e1nica se traduce en la promoci\u00f3n del desarrollo educativo y profesional, la cohesi\u00f3n social, la coordinaci\u00f3n sociosanitaria, la accesibilidad y vida independiente, la innovaci\u00f3n social, la investigaci\u00f3n en discapacidad, el voluntariado, el fortalecimiento asociativo, la comunicaci\u00f3n e incidencia social, la igualdad de las mujeres con discapacidad y la cooperaci\u00f3n para el desarrollo. Un total de <strong>1.420.976 personas participaron en los proyectos realizados por COCEMFE y su Movimiento Asociativo<\/strong> en 2023.<\/p>\n<p><strong>M\u00e1s solidaridad, m\u00e1s impacto: del 0,7 al 1% para fines sociales<\/strong><\/p>\n<p>El Tercer Sector est\u00e1 formado por m\u00e1s de <strong>28.000 entidades<\/strong> que representan el 1,44% del PIB espa\u00f1ol y en el que trabajan, de manera remunerada, el 3,2% del total del personal contratado al mercado laboral espa\u00f1ol. Cada a\u00f1o, las entidades del Tercer Sector prestan m\u00e1s de <strong>48 millones de intervenciones directas<\/strong> y el Tercer Sector canaliza la solidaridad de cerca de <strong>4 millones de personas a trav\u00e9s del voluntariado.<\/strong><\/p>\n","protected":false},"excerpt":{"rendered":"<p>La propuesta supone aumentar del 0,7 al 1 % la asignaci\u00f3n tributaria del IRPF y del Impuesto de Sociedades destinada a actividades de inter\u00e9s general consideradas de inter\u00e9s social Si esta propuesta se hubiera adoptado en 2023 se habr\u00eda aumentado un 43 % la cuant\u00eda recaudada, pero la repercusi\u00f3n en los Presupuestos Generales del Estado [&hellip;]<\/p>\n","protected":false},"author":1,"featured_media":5207,"comment_status":"open","ping_status":"open","sticky":false,"template":"","format":"standard","meta":{"_et_pb_use_builder":"","_et_pb_old_content":"","_et_gb_content_width":"","footnotes":""},"categories":[1],"tags":[],"yoast_head":"<!-- This site is optimized with the Yoast SEO plugin v21.3 - https:\/\/yoast.com\/wordpress\/plugins\/seo\/ -->\n<title>CLM Inclusiva COCEMFE solicita aumentar hasta el 1% la asignaci\u00f3n tributaria para fines sociales - Clm-Inclusiva<\/title>\n<meta name=\"robots\" content=\"index, follow, max-snippet:-1, max-image-preview:large, max-video-preview:-1\" \/>\n<link rel=\"canonical\" href=\"https:\/\/clm-inclusiva.org\/?p=5204\" \/>\n<meta property=\"og:locale\" content=\"es_ES\" \/>\n<meta property=\"og:type\" content=\"article\" \/>\n<meta property=\"og:title\" content=\"CLM Inclusiva COCEMFE solicita aumentar hasta el 1% la asignaci\u00f3n tributaria para fines sociales - Clm-Inclusiva\" \/>\n<meta property=\"og:description\" content=\"La propuesta supone aumentar del 0,7 al 1 % la asignaci\u00f3n tributaria del IRPF y del Impuesto de Sociedades destinada a actividades de inter\u00e9s general consideradas de inter\u00e9s social Si esta propuesta se hubiera adoptado en 2023 se habr\u00eda aumentado un 43 % la cuant\u00eda recaudada, pero la repercusi\u00f3n en los Presupuestos Generales del Estado [&hellip;]\" \/>\n<meta property=\"og:url\" content=\"https:\/\/clm-inclusiva.org\/?p=5204\" \/>\n<meta property=\"og:site_name\" content=\"Clm-Inclusiva\" \/>\n<meta property=\"article:publisher\" content=\"https:\/\/www.facebook.com\/castillalamancha.inclusiva\/\" \/>\n<meta property=\"article:published_time\" content=\"2024-07-16T09:10:56+00:00\" \/>\n<meta property=\"og:image\" content=\"http:\/\/clm-inclusiva.org\/wp-content\/uploads\/2024\/07\/Diseno-sin-titulo-11.png\" \/>\n\t<meta property=\"og:image:width\" content=\"1920\" \/>\n\t<meta property=\"og:image:height\" content=\"1080\" \/>\n\t<meta property=\"og:image:type\" content=\"image\/png\" \/>\n<meta name=\"author\" content=\"clm-inclusiva\" \/>\n<meta name=\"twitter:card\" content=\"summary_large_image\" \/>\n<meta name=\"twitter:creator\" content=\"@ClmInclusiva\" \/>\n<meta name=\"twitter:site\" content=\"@ClmInclusiva\" \/>\n<meta name=\"twitter:label1\" content=\"Escrito por\" \/>\n\t<meta name=\"twitter:data1\" content=\"clm-inclusiva\" \/>\n\t<meta name=\"twitter:label2\" content=\"Tiempo de lectura\" \/>\n\t<meta name=\"twitter:data2\" content=\"3 minutos\" \/>\n<script type=\"application\/ld+json\" class=\"yoast-schema-graph\">{\"@context\":\"https:\/\/schema.org\",\"@graph\":[{\"@type\":\"Article\",\"@id\":\"https:\/\/clm-inclusiva.org\/?p=5204#article\",\"isPartOf\":{\"@id\":\"https:\/\/clm-inclusiva.org\/?p=5204\"},\"author\":{\"name\":\"clm-inclusiva\",\"@id\":\"https:\/\/clm-inclusiva.org\/#\/schema\/person\/0cff84aaa5bb8fd3521c55d1578d902b\"},\"headline\":\"CLM Inclusiva COCEMFE solicita aumentar hasta el 1% la asignaci\u00f3n tributaria para fines sociales\",\"datePublished\":\"2024-07-16T09:10:56+00:00\",\"dateModified\":\"2024-07-16T09:10:56+00:00\",\"mainEntityOfPage\":{\"@id\":\"https:\/\/clm-inclusiva.org\/?p=5204\"},\"wordCount\":559,\"commentCount\":0,\"publisher\":{\"@id\":\"https:\/\/clm-inclusiva.org\/#organization\"},\"inLanguage\":\"es\",\"potentialAction\":[{\"@type\":\"CommentAction\",\"name\":\"Comment\",\"target\":[\"https:\/\/clm-inclusiva.org\/?p=5204#respond\"]}]},{\"@type\":\"WebPage\",\"@id\":\"https:\/\/clm-inclusiva.org\/?p=5204\",\"url\":\"https:\/\/clm-inclusiva.org\/?p=5204\",\"name\":\"CLM Inclusiva COCEMFE solicita aumentar hasta el 1% la asignaci\u00f3n tributaria para fines sociales - Clm-Inclusiva\",\"isPartOf\":{\"@id\":\"https:\/\/clm-inclusiva.org\/#website\"},\"datePublished\":\"2024-07-16T09:10:56+00:00\",\"dateModified\":\"2024-07-16T09:10:56+00:00\",\"breadcrumb\":{\"@id\":\"https:\/\/clm-inclusiva.org\/?p=5204#breadcrumb\"},\"inLanguage\":\"es\",\"potentialAction\":[{\"@type\":\"ReadAction\",\"target\":[\"https:\/\/clm-inclusiva.org\/?p=5204\"]}]},{\"@type\":\"BreadcrumbList\",\"@id\":\"https:\/\/clm-inclusiva.org\/?p=5204#breadcrumb\",\"itemListElement\":[{\"@type\":\"ListItem\",\"position\":1,\"name\":\"Portada\",\"item\":\"https:\/\/clm-inclusiva.org\/\"},{\"@type\":\"ListItem\",\"position\":2,\"name\":\"CLM Inclusiva COCEMFE solicita aumentar hasta el 1% la asignaci\u00f3n tributaria para fines sociales\"}]},{\"@type\":\"WebSite\",\"@id\":\"https:\/\/clm-inclusiva.org\/#website\",\"url\":\"https:\/\/clm-inclusiva.org\/\",\"name\":\"Clm-Inclusiva\",\"description\":\"Confederaci\u00f3n de entidades de personas con discapacidad f\u00edsica y org\u00e1nica CLM\",\"publisher\":{\"@id\":\"https:\/\/clm-inclusiva.org\/#organization\"},\"potentialAction\":[{\"@type\":\"SearchAction\",\"target\":{\"@type\":\"EntryPoint\",\"urlTemplate\":\"https:\/\/clm-inclusiva.org\/?s={search_term_string}\"},\"query-input\":\"required name=search_term_string\"}],\"inLanguage\":\"es\"},{\"@type\":\"Organization\",\"@id\":\"https:\/\/clm-inclusiva.org\/#organization\",\"name\":\"Clm-Inclusiva\",\"url\":\"https:\/\/clm-inclusiva.org\/\",\"logo\":{\"@type\":\"ImageObject\",\"inLanguage\":\"es\",\"@id\":\"https:\/\/clm-inclusiva.org\/#\/schema\/logo\/image\/\",\"url\":\"http:\/\/clm-inclusiva.org\/wp-content\/uploads\/2019\/04\/banner-e1533720812836.jpg\",\"contentUrl\":\"http:\/\/clm-inclusiva.org\/wp-content\/uploads\/2019\/04\/banner-e1533720812836.jpg\",\"width\":600,\"height\":332,\"caption\":\"Clm-Inclusiva\"},\"image\":{\"@id\":\"https:\/\/clm-inclusiva.org\/#\/schema\/logo\/image\/\"},\"sameAs\":[\"https:\/\/www.facebook.com\/castillalamancha.inclusiva\/\",\"https:\/\/twitter.com\/ClmInclusiva\"]},{\"@type\":\"Person\",\"@id\":\"https:\/\/clm-inclusiva.org\/#\/schema\/person\/0cff84aaa5bb8fd3521c55d1578d902b\",\"name\":\"clm-inclusiva\",\"image\":{\"@type\":\"ImageObject\",\"inLanguage\":\"es\",\"@id\":\"https:\/\/clm-inclusiva.org\/#\/schema\/person\/image\/\",\"url\":\"https:\/\/secure.gravatar.com\/avatar\/88948567af770dc9cd5597b329011884?s=96&d=blank&r=g\",\"contentUrl\":\"https:\/\/secure.gravatar.com\/avatar\/88948567af770dc9cd5597b329011884?s=96&d=blank&r=g\",\"caption\":\"clm-inclusiva\"},\"sameAs\":[\"http:\/\/clm-inclusiva.org\"],\"url\":\"https:\/\/clm-inclusiva.org\/?author=1\"}]}<\/script>\n<!-- \/ Yoast SEO plugin. -->","yoast_head_json":{"title":"CLM Inclusiva COCEMFE solicita aumentar hasta el 1% la asignaci\u00f3n tributaria para fines sociales - Clm-Inclusiva","robots":{"index":"index","follow":"follow","max-snippet":"max-snippet:-1","max-image-preview":"max-image-preview:large","max-video-preview":"max-video-preview:-1"},"canonical":"https:\/\/clm-inclusiva.org\/?p=5204","og_locale":"es_ES","og_type":"article","og_title":"CLM Inclusiva COCEMFE solicita aumentar hasta el 1% la asignaci\u00f3n tributaria para fines sociales - Clm-Inclusiva","og_description":"La propuesta supone aumentar del 0,7 al 1 % la asignaci\u00f3n tributaria del IRPF y del Impuesto de Sociedades destinada a actividades de inter\u00e9s general consideradas de inter\u00e9s social Si esta propuesta se hubiera adoptado en 2023 se habr\u00eda aumentado un 43 % la cuant\u00eda recaudada, pero la repercusi\u00f3n en los Presupuestos Generales del Estado [&hellip;]","og_url":"https:\/\/clm-inclusiva.org\/?p=5204","og_site_name":"Clm-Inclusiva","article_publisher":"https:\/\/www.facebook.com\/castillalamancha.inclusiva\/","article_published_time":"2024-07-16T09:10:56+00:00","og_image":[{"width":1920,"height":1080,"url":"http:\/\/clm-inclusiva.org\/wp-content\/uploads\/2024\/07\/Diseno-sin-titulo-11.png","type":"image\/png"}],"author":"clm-inclusiva","twitter_card":"summary_large_image","twitter_creator":"@ClmInclusiva","twitter_site":"@ClmInclusiva","twitter_misc":{"Escrito por":"clm-inclusiva","Tiempo de lectura":"3 minutos"},"schema":{"@context":"https:\/\/schema.org","@graph":[{"@type":"Article","@id":"https:\/\/clm-inclusiva.org\/?p=5204#article","isPartOf":{"@id":"https:\/\/clm-inclusiva.org\/?p=5204"},"author":{"name":"clm-inclusiva","@id":"https:\/\/clm-inclusiva.org\/#\/schema\/person\/0cff84aaa5bb8fd3521c55d1578d902b"},"headline":"CLM Inclusiva COCEMFE solicita aumentar hasta el 1% la asignaci\u00f3n tributaria para fines sociales","datePublished":"2024-07-16T09:10:56+00:00","dateModified":"2024-07-16T09:10:56+00:00","mainEntityOfPage":{"@id":"https:\/\/clm-inclusiva.org\/?p=5204"},"wordCount":559,"commentCount":0,"publisher":{"@id":"https:\/\/clm-inclusiva.org\/#organization"},"inLanguage":"es","potentialAction":[{"@type":"CommentAction","name":"Comment","target":["https:\/\/clm-inclusiva.org\/?p=5204#respond"]}]},{"@type":"WebPage","@id":"https:\/\/clm-inclusiva.org\/?p=5204","url":"https:\/\/clm-inclusiva.org\/?p=5204","name":"CLM Inclusiva COCEMFE solicita aumentar hasta el 1% la asignaci\u00f3n tributaria para fines sociales - Clm-Inclusiva","isPartOf":{"@id":"https:\/\/clm-inclusiva.org\/#website"},"datePublished":"2024-07-16T09:10:56+00:00","dateModified":"2024-07-16T09:10:56+00:00","breadcrumb":{"@id":"https:\/\/clm-inclusiva.org\/?p=5204#breadcrumb"},"inLanguage":"es","potentialAction":[{"@type":"ReadAction","target":["https:\/\/clm-inclusiva.org\/?p=5204"]}]},{"@type":"BreadcrumbList","@id":"https:\/\/clm-inclusiva.org\/?p=5204#breadcrumb","itemListElement":[{"@type":"ListItem","position":1,"name":"Portada","item":"https:\/\/clm-inclusiva.org\/"},{"@type":"ListItem","position":2,"name":"CLM Inclusiva COCEMFE solicita aumentar hasta el 1% la asignaci\u00f3n tributaria para fines sociales"}]},{"@type":"WebSite","@id":"https:\/\/clm-inclusiva.org\/#website","url":"https:\/\/clm-inclusiva.org\/","name":"Clm-Inclusiva","description":"Confederaci\u00f3n de entidades de personas con discapacidad f\u00edsica y org\u00e1nica CLM","publisher":{"@id":"https:\/\/clm-inclusiva.org\/#organization"},"potentialAction":[{"@type":"SearchAction","target":{"@type":"EntryPoint","urlTemplate":"https:\/\/clm-inclusiva.org\/?s={search_term_string}"},"query-input":"required name=search_term_string"}],"inLanguage":"es"},{"@type":"Organization","@id":"https:\/\/clm-inclusiva.org\/#organization","name":"Clm-Inclusiva","url":"https:\/\/clm-inclusiva.org\/","logo":{"@type":"ImageObject","inLanguage":"es","@id":"https:\/\/clm-inclusiva.org\/#\/schema\/logo\/image\/","url":"http:\/\/clm-inclusiva.org\/wp-content\/uploads\/2019\/04\/banner-e1533720812836.jpg","contentUrl":"http:\/\/clm-inclusiva.org\/wp-content\/uploads\/2019\/04\/banner-e1533720812836.jpg","width":600,"height":332,"caption":"Clm-Inclusiva"},"image":{"@id":"https:\/\/clm-inclusiva.org\/#\/schema\/logo\/image\/"},"sameAs":["https:\/\/www.facebook.com\/castillalamancha.inclusiva\/","https:\/\/twitter.com\/ClmInclusiva"]},{"@type":"Person","@id":"https:\/\/clm-inclusiva.org\/#\/schema\/person\/0cff84aaa5bb8fd3521c55d1578d902b","name":"clm-inclusiva","image":{"@type":"ImageObject","inLanguage":"es","@id":"https:\/\/clm-inclusiva.org\/#\/schema\/person\/image\/","url":"https:\/\/secure.gravatar.com\/avatar\/88948567af770dc9cd5597b329011884?s=96&d=blank&r=g","contentUrl":"https:\/\/secure.gravatar.com\/avatar\/88948567af770dc9cd5597b329011884?s=96&d=blank&r=g","caption":"clm-inclusiva"},"sameAs":["http:\/\/clm-inclusiva.org"],"url":"https:\/\/clm-inclusiva.org\/?author=1"}]}},"_links":{"self":[{"href":"https:\/\/clm-inclusiva.org\/index.php?rest_route=\/wp\/v2\/posts\/5204"}],"collection":[{"href":"https:\/\/clm-inclusiva.org\/index.php?rest_route=\/wp\/v2\/posts"}],"about":[{"href":"https:\/\/clm-inclusiva.org\/index.php?rest_route=\/wp\/v2\/types\/post"}],"author":[{"embeddable":true,"href":"https:\/\/clm-inclusiva.org\/index.php?rest_route=\/wp\/v2\/users\/1"}],"replies":[{"embeddable":true,"href":"https:\/\/clm-inclusiva.org\/index.php?rest_route=%2Fwp%2Fv2%2Fcomments&post=5204"}],"version-history":[{"count":1,"href":"https:\/\/clm-inclusiva.org\/index.php?rest_route=\/wp\/v2\/posts\/5204\/revisions"}],"predecessor-version":[{"id":5205,"href":"https:\/\/clm-inclusiva.org\/index.php?rest_route=\/wp\/v2\/posts\/5204\/revisions\/5205"}],"wp:featuredmedia":[{"embeddable":true,"href":"https:\/\/clm-inclusiva.org\/index.php?rest_route=\/wp\/v2\/media\/5207"}],"wp:attachment":[{"href":"https:\/\/clm-inclusiva.org\/index.php?rest_route=%2Fwp%2Fv2%2Fmedia&parent=5204"}],"wp:term":[{"taxonomy":"category","embeddable":true,"href":"https:\/\/clm-inclusiva.org\/index.php?rest_route=%2Fwp%2Fv2%2Fcategories&post=5204"},{"taxonomy":"post_tag","embeddable":true,"href":"https:\/\/clm-inclusiva.org\/index.php?rest_route=%2Fwp%2Fv2%2Ftags&post=5204"}],"curies":[{"name":"wp","href":"https:\/\/api.w.org\/{rel}","templated":true}]}}