{"id":5160,"date":"2024-07-04T08:11:32","date_gmt":"2024-07-04T06:11:32","guid":{"rendered":"https:\/\/clm-inclusiva.org\/?p=5160"},"modified":"2024-07-04T08:12:16","modified_gmt":"2024-07-04T06:12:16","slug":"clm-inclusiva-cocemfe-afianza-en-2023-sus-servicios-de-empleo-y-formacion-e-incorpora-para-2024-lineas-estrategicas-de-accesibilidad-y-autonomia-personal","status":"publish","type":"post","link":"https:\/\/clm-inclusiva.org\/?p=5160","title":{"rendered":"CLM INCLUSIVA COCEMFE afianza en 2023 sus servicios de empleo y formaci\u00f3n e incorpora para 2024 l\u00edneas estrat\u00e9gicas de accesibilidad y autonom\u00eda personal"},"content":{"rendered":"<ul>\n<li><strong>La Confederaci\u00f3n ha celebrado en Albacete su Asamblea General Ordinaria en la que han participado los delegados y representantes de sus entidades socias: COCEMFE Albacete, COCEMFE Guadalajara, COCEMFE Toledo, COCEMFE Cuenca y Ciudad Real INCLUSIVA, as\u00ed como las entidades de car\u00e1cter regional AFANION, LUNA, AIDISCAM CLM y la asociaci\u00f3n nacional AMIAB.<\/strong><\/li>\n<li><strong>Tambi\u00e9n han asistido representantes de la pol\u00edtica local como <\/strong><strong>Llanos Navarro, concejala de Calidad de Vida, Participaci\u00f3n Real y Efectiva del Ayuntamiento de Albacete y representantes del consistorio de VOX y Unidas Podemos; a nivel regional, Santiago Caba\u00f1ero, presidente de la Diputaci\u00f3n de Albacete y nacional, la senadora y Portavoz del Grupo Municipal Socialista de la capital albacete\u00f1a, Amparo Torres Valencoso.<\/strong><\/li>\n<li><strong>CLM Inclusiva COCEMFE reivindica la sostenibilidad de las entidades de personas con discapacidad, una interlocuci\u00f3n continua con todas las formaciones pol\u00edticas y las administraciones, as\u00ed como pol\u00edticas transversales basadas en l\u00edneas estrat\u00e9gicas de accesibilidad y autonom\u00eda personal<\/strong> <strong>e inclusivas con las personas con discapacidad en Castilla-La Mancha.<\/strong><\/li>\n<\/ul>\n<p>La Confederaci\u00f3n de entidades de personas con discapacidad f\u00edsica y org\u00e1nica de Castilla-La Mancha (CLM Inclusiva COCEMFE) ha celebrado durante esta ma\u00f1ana su Asamblea General Ordinaria en Albacete. Han participado m\u00e1s de 35 representantes de organizaciones regionales, provinciales y locales de personas con discapacidad f\u00edsica y org\u00e1nica de toda Castilla-La Mancha. As\u00ed como representantes de la pol\u00edtica local y regional.<\/p>\n<p>El presidente de la entidad, <strong>Enrique Alarc\u00f3n Garc\u00eda<\/strong>, ha reivindicado durante su intervenci\u00f3n la importancia de \u201creflexionar sobre los desaf\u00edos que tenemos delante. Sobre todo, <strong>reafirmar nuestro compromiso con un futuro inclusivo y equitativo al que no podemos renunciar<\/strong>\u201d.<\/p>\n<p>Alarc\u00f3n ha destacado que este pasado a\u00f1o 2023 ha sido un testimonio de las fuerzas colectivas en base a nuestro incansable empe\u00f1o. El ejemplo m\u00e1s claro son esas 500 personas que han encontrado un puesto de trabajo. Es un \u00e9xito que simboliza m\u00e1s que n\u00fameros, porque detr\u00e1s de cada n\u00famero hay rostros con nombre, con una vida, con una historia particular y de superaci\u00f3n<strong>. \u201cCada persona que consegu\u00eds que se incorpore al mundo laboral, lo que hab\u00e9is hecho es restaurar la dignidad personal de una persona que es \u00fanica e irrepetible\u201d <\/strong>ha destacado.<\/p>\n<p>Durante su intervenci\u00f3n, Enrique Alarc\u00f3n ha puesto en valor la reafirmaci\u00f3n de la entidad en \u201cla dignidad y la inclusi\u00f3n que son las piedras angulares de nuestros esfuerzos<strong>\u201d. \u201cFacilitar itinerarios de inserci\u00f3n laboral no es solo ofrecer empleo, es devolver la autoestima. Cada puesto de trabajo que se logra es un triunfo de la dignidad humana sobre la exclusi\u00f3n\u201d.<\/strong><\/p>\n<p>El presidente de la entidad tambi\u00e9n ha recordado que \u201ces imperativo recordar y apoyar a las entidades m\u00e1s vulnerables y especialmente a aquellas que est\u00e1n en los entornos rurales, donde la falta de servicios y accesibilidad obstaculizan cada paso que se quiere dar a la inclusi\u00f3n social. En estos lugares tenemos que seguir fortaleciendo nuestro quehacer porque el trabajo ah\u00ed es m\u00e1s crucial que nunca\u201d.<\/p>\n<p>No podemos olvidar las realidades que enfrentamos. Nuestra bolsa de empleo tiene 6.000 usuarios. Se podr\u00eda ver como un indicador de \u00e9xito, pero no lo es. \u201cEs una llamada urgente a la acci\u00f3n. No nos podemos conformar con que solo 1 de cada 3 personas con discapacidad tenga empleo en nuestra regi\u00f3n, a pesar de que los n\u00fameros de empleabilidad son superiores a los de nivel nacional\u201d.<\/p>\n<p>\u201cTambi\u00e9n tenemos que ser consiguientes de las \u00e1reas donde necesitamos redoblar nuestros esfuerzos. <strong>Sabemos esa par\u00e1lisis permanente en el desarrollo del derecho a la accesibilidad universal que es inaceptable. Tambi\u00e9n tenemos que seguir luchando por la implementaci\u00f3n de recursos necesarios que faciliten la autonom\u00eda personal. As\u00ed como el desarrollo de la figura del asistente personal\u201d.<\/strong><\/p>\n<p>Para concluir, Alarc\u00f3n ha destacada que juntos, con determinaci\u00f3n y unidad podemos y debemos lograr una sociedad donde cada persona con discapacidad pueda vivir con dignidad, repleto y\u00a0con\u00a0autonom\u00eda. La colaboraci\u00f3n y la solidaridad son nuestras mayores herramientas. Juntos podemos derribar barreras y construir puentes hacia una sociedad m\u00e1s inclusiva.<\/p>\n<p>Tampoco ha querido dejar pasar la oportunidad de destacar el inmenso esfuerzo y la dedicaci\u00f3n de las entidades que conforman CLM Inclusiva COCEMFE. En sus manos reposa la defensa de los derechos de las personas con discapacidad. Sin su trabajo incansable, hoy no estar\u00edamos aqu\u00ed.<\/p>\n<p>Durante la Asamblea <strong>se ha aprobado<\/strong> la Memoria del a\u00f1o 2023, la cuentas de 2023, el Programa de actividades para 2024, y el Presupuesto de 2024. Se han presentado unas cuentas equilibradas, fruto de la gesti\u00f3n responsable de los recursos.<\/p>\n<p>Desde la Junta Directiva quieren agradecer a todos aquellos representantes pol\u00edticos y cargos p\u00fablicos que nos han acompa\u00f1ado en la clausura de nuestra Asamblea Ordinaria. Todos ellos han reafirmado su compromiso con nuestra entidad y han puesto en valor el trabajo que se vienen realizando para contribuir en la inserci\u00f3n de las personas con discapacidad f\u00edsica y org\u00e1nica en Castilla-La Mancha.<\/p>\n<p><img decoding=\"async\" loading=\"lazy\" class=\"alignnone size-medium wp-image-5163\" src=\"http:\/\/clm-inclusiva.org\/wp-content\/uploads\/2024\/07\/IMG_3699-300x200.jpg\" alt=\"\" width=\"300\" height=\"200\" \/> <img decoding=\"async\" loading=\"lazy\" class=\"alignnone size-medium wp-image-5164\" src=\"http:\/\/clm-inclusiva.org\/wp-content\/uploads\/2024\/07\/IMG_3665-300x200.jpg\" alt=\"\" width=\"300\" height=\"200\" \/> <img decoding=\"async\" loading=\"lazy\" class=\"alignnone size-medium wp-image-5165\" src=\"http:\/\/clm-inclusiva.org\/wp-content\/uploads\/2024\/07\/IMG_3673-300x200.jpg\" alt=\"\" width=\"300\" height=\"200\" \/><img decoding=\"async\" loading=\"lazy\" class=\"alignnone size-medium wp-image-5162\" src=\"http:\/\/clm-inclusiva.org\/wp-content\/uploads\/2024\/07\/IMG_3757-300x200.jpg\" alt=\"\" width=\"300\" height=\"200\" \/><\/p>\n","protected":false},"excerpt":{"rendered":"<p>La Confederaci\u00f3n ha celebrado en Albacete su Asamblea General Ordinaria en la que han participado los delegados y representantes de sus entidades socias: COCEMFE Albacete, COCEMFE Guadalajara, COCEMFE Toledo, COCEMFE Cuenca y Ciudad Real INCLUSIVA, as\u00ed como las entidades de car\u00e1cter regional AFANION, LUNA, AIDISCAM CLM y la asociaci\u00f3n nacional AMIAB. Tambi\u00e9n han asistido representantes [&hellip;]<\/p>\n","protected":false},"author":1,"featured_media":5161,"comment_status":"open","ping_status":"open","sticky":false,"template":"","format":"standard","meta":{"_et_pb_use_builder":"","_et_pb_old_content":"","_et_gb_content_width":"","footnotes":""},"categories":[2,45,104,49,4],"tags":[],"yoast_head":"<!-- This site is optimized with the Yoast SEO plugin v21.3 - https:\/\/yoast.com\/wordpress\/plugins\/seo\/ -->\n<title>CLM INCLUSIVA COCEMFE afianza en 2023 sus servicios de empleo y formaci\u00f3n e incorpora para 2024 l\u00edneas estrat\u00e9gicas de accesibilidad y autonom\u00eda personal - Clm-Inclusiva<\/title>\n<meta name=\"robots\" content=\"index, follow, max-snippet:-1, max-image-preview:large, max-video-preview:-1\" \/>\n<link rel=\"canonical\" href=\"https:\/\/clm-inclusiva.org\/?p=5160\" \/>\n<meta property=\"og:locale\" content=\"es_ES\" \/>\n<meta property=\"og:type\" content=\"article\" \/>\n<meta property=\"og:title\" content=\"CLM INCLUSIVA COCEMFE afianza en 2023 sus servicios de empleo y formaci\u00f3n e incorpora para 2024 l\u00edneas estrat\u00e9gicas de accesibilidad y autonom\u00eda personal - Clm-Inclusiva\" \/>\n<meta property=\"og:description\" content=\"La Confederaci\u00f3n ha celebrado en Albacete su Asamblea General Ordinaria en la que han participado los delegados y representantes de sus entidades socias: COCEMFE Albacete, COCEMFE Guadalajara, COCEMFE Toledo, COCEMFE Cuenca y Ciudad Real INCLUSIVA, as\u00ed como las entidades de car\u00e1cter regional AFANION, LUNA, AIDISCAM CLM y la asociaci\u00f3n nacional AMIAB. Tambi\u00e9n han asistido representantes [&hellip;]\" \/>\n<meta property=\"og:url\" content=\"https:\/\/clm-inclusiva.org\/?p=5160\" \/>\n<meta property=\"og:site_name\" content=\"Clm-Inclusiva\" \/>\n<meta property=\"article:publisher\" content=\"https:\/\/www.facebook.com\/castillalamancha.inclusiva\/\" \/>\n<meta property=\"article:published_time\" content=\"2024-07-04T06:11:32+00:00\" \/>\n<meta property=\"article:modified_time\" content=\"2024-07-04T06:12:16+00:00\" \/>\n<meta property=\"og:image\" content=\"http:\/\/clm-inclusiva.org\/wp-content\/uploads\/2024\/07\/IMG_3747-scaled.jpg\" \/>\n\t<meta property=\"og:image:width\" content=\"2560\" \/>\n\t<meta property=\"og:image:height\" content=\"1707\" \/>\n\t<meta property=\"og:image:type\" content=\"image\/jpeg\" \/>\n<meta name=\"author\" content=\"clm-inclusiva\" \/>\n<meta name=\"twitter:card\" content=\"summary_large_image\" \/>\n<meta name=\"twitter:creator\" content=\"@ClmInclusiva\" \/>\n<meta name=\"twitter:site\" content=\"@ClmInclusiva\" \/>\n<meta name=\"twitter:label1\" content=\"Escrito por\" \/>\n\t<meta name=\"twitter:data1\" content=\"clm-inclusiva\" \/>\n\t<meta name=\"twitter:label2\" content=\"Tiempo de lectura\" \/>\n\t<meta name=\"twitter:data2\" content=\"5 minutos\" \/>\n<script type=\"application\/ld+json\" class=\"yoast-schema-graph\">{\"@context\":\"https:\/\/schema.org\",\"@graph\":[{\"@type\":\"Article\",\"@id\":\"https:\/\/clm-inclusiva.org\/?p=5160#article\",\"isPartOf\":{\"@id\":\"https:\/\/clm-inclusiva.org\/?p=5160\"},\"author\":{\"name\":\"clm-inclusiva\",\"@id\":\"https:\/\/clm-inclusiva.org\/#\/schema\/person\/0cff84aaa5bb8fd3521c55d1578d902b\"},\"headline\":\"CLM INCLUSIVA COCEMFE afianza en 2023 sus servicios de empleo y formaci\u00f3n e incorpora para 2024 l\u00edneas estrat\u00e9gicas de accesibilidad y autonom\u00eda personal\",\"datePublished\":\"2024-07-04T06:11:32+00:00\",\"dateModified\":\"2024-07-04T06:12:16+00:00\",\"mainEntityOfPage\":{\"@id\":\"https:\/\/clm-inclusiva.org\/?p=5160\"},\"wordCount\":882,\"commentCount\":0,\"publisher\":{\"@id\":\"https:\/\/clm-inclusiva.org\/#organization\"},\"articleSection\":[\"Accesibilidad\",\"Albacete\",\"Asamblea\",\"castilla-la mancha\",\"Clm inclusiva\"],\"inLanguage\":\"es\",\"potentialAction\":[{\"@type\":\"CommentAction\",\"name\":\"Comment\",\"target\":[\"https:\/\/clm-inclusiva.org\/?p=5160#respond\"]}]},{\"@type\":\"WebPage\",\"@id\":\"https:\/\/clm-inclusiva.org\/?p=5160\",\"url\":\"https:\/\/clm-inclusiva.org\/?p=5160\",\"name\":\"CLM INCLUSIVA COCEMFE afianza en 2023 sus servicios de empleo y formaci\u00f3n e incorpora para 2024 l\u00edneas estrat\u00e9gicas de accesibilidad y autonom\u00eda personal - Clm-Inclusiva\",\"isPartOf\":{\"@id\":\"https:\/\/clm-inclusiva.org\/#website\"},\"datePublished\":\"2024-07-04T06:11:32+00:00\",\"dateModified\":\"2024-07-04T06:12:16+00:00\",\"breadcrumb\":{\"@id\":\"https:\/\/clm-inclusiva.org\/?p=5160#breadcrumb\"},\"inLanguage\":\"es\",\"potentialAction\":[{\"@type\":\"ReadAction\",\"target\":[\"https:\/\/clm-inclusiva.org\/?p=5160\"]}]},{\"@type\":\"BreadcrumbList\",\"@id\":\"https:\/\/clm-inclusiva.org\/?p=5160#breadcrumb\",\"itemListElement\":[{\"@type\":\"ListItem\",\"position\":1,\"name\":\"Portada\",\"item\":\"https:\/\/clm-inclusiva.org\/\"},{\"@type\":\"ListItem\",\"position\":2,\"name\":\"CLM INCLUSIVA COCEMFE afianza en 2023 sus servicios de empleo y formaci\u00f3n e incorpora para 2024 l\u00edneas estrat\u00e9gicas de accesibilidad y autonom\u00eda personal\"}]},{\"@type\":\"WebSite\",\"@id\":\"https:\/\/clm-inclusiva.org\/#website\",\"url\":\"https:\/\/clm-inclusiva.org\/\",\"name\":\"Clm-Inclusiva\",\"description\":\"Confederaci\u00f3n de entidades de personas con discapacidad f\u00edsica y org\u00e1nica CLM\",\"publisher\":{\"@id\":\"https:\/\/clm-inclusiva.org\/#organization\"},\"potentialAction\":[{\"@type\":\"SearchAction\",\"target\":{\"@type\":\"EntryPoint\",\"urlTemplate\":\"https:\/\/clm-inclusiva.org\/?s={search_term_string}\"},\"query-input\":\"required name=search_term_string\"}],\"inLanguage\":\"es\"},{\"@type\":\"Organization\",\"@id\":\"https:\/\/clm-inclusiva.org\/#organization\",\"name\":\"Clm-Inclusiva\",\"url\":\"https:\/\/clm-inclusiva.org\/\",\"logo\":{\"@type\":\"ImageObject\",\"inLanguage\":\"es\",\"@id\":\"https:\/\/clm-inclusiva.org\/#\/schema\/logo\/image\/\",\"url\":\"http:\/\/clm-inclusiva.org\/wp-content\/uploads\/2019\/04\/banner-e1533720812836.jpg\",\"contentUrl\":\"http:\/\/clm-inclusiva.org\/wp-content\/uploads\/2019\/04\/banner-e1533720812836.jpg\",\"width\":600,\"height\":332,\"caption\":\"Clm-Inclusiva\"},\"image\":{\"@id\":\"https:\/\/clm-inclusiva.org\/#\/schema\/logo\/image\/\"},\"sameAs\":[\"https:\/\/www.facebook.com\/castillalamancha.inclusiva\/\",\"https:\/\/twitter.com\/ClmInclusiva\"]},{\"@type\":\"Person\",\"@id\":\"https:\/\/clm-inclusiva.org\/#\/schema\/person\/0cff84aaa5bb8fd3521c55d1578d902b\",\"name\":\"clm-inclusiva\",\"image\":{\"@type\":\"ImageObject\",\"inLanguage\":\"es\",\"@id\":\"https:\/\/clm-inclusiva.org\/#\/schema\/person\/image\/\",\"url\":\"https:\/\/secure.gravatar.com\/avatar\/88948567af770dc9cd5597b329011884?s=96&d=blank&r=g\",\"contentUrl\":\"https:\/\/secure.gravatar.com\/avatar\/88948567af770dc9cd5597b329011884?s=96&d=blank&r=g\",\"caption\":\"clm-inclusiva\"},\"sameAs\":[\"http:\/\/clm-inclusiva.org\"],\"url\":\"https:\/\/clm-inclusiva.org\/?author=1\"}]}<\/script>\n<!-- \/ Yoast SEO plugin. -->","yoast_head_json":{"title":"CLM INCLUSIVA COCEMFE afianza en 2023 sus servicios de empleo y formaci\u00f3n e incorpora para 2024 l\u00edneas estrat\u00e9gicas de accesibilidad y autonom\u00eda personal - Clm-Inclusiva","robots":{"index":"index","follow":"follow","max-snippet":"max-snippet:-1","max-image-preview":"max-image-preview:large","max-video-preview":"max-video-preview:-1"},"canonical":"https:\/\/clm-inclusiva.org\/?p=5160","og_locale":"es_ES","og_type":"article","og_title":"CLM INCLUSIVA COCEMFE afianza en 2023 sus servicios de empleo y formaci\u00f3n e incorpora para 2024 l\u00edneas estrat\u00e9gicas de accesibilidad y autonom\u00eda personal - Clm-Inclusiva","og_description":"La Confederaci\u00f3n ha celebrado en Albacete su Asamblea General Ordinaria en la que han participado los delegados y representantes de sus entidades socias: COCEMFE Albacete, COCEMFE Guadalajara, COCEMFE Toledo, COCEMFE Cuenca y Ciudad Real INCLUSIVA, as\u00ed como las entidades de car\u00e1cter regional AFANION, LUNA, AIDISCAM CLM y la asociaci\u00f3n nacional AMIAB. Tambi\u00e9n han asistido representantes [&hellip;]","og_url":"https:\/\/clm-inclusiva.org\/?p=5160","og_site_name":"Clm-Inclusiva","article_publisher":"https:\/\/www.facebook.com\/castillalamancha.inclusiva\/","article_published_time":"2024-07-04T06:11:32+00:00","article_modified_time":"2024-07-04T06:12:16+00:00","og_image":[{"width":2560,"height":1707,"url":"http:\/\/clm-inclusiva.org\/wp-content\/uploads\/2024\/07\/IMG_3747-scaled.jpg","type":"image\/jpeg"}],"author":"clm-inclusiva","twitter_card":"summary_large_image","twitter_creator":"@ClmInclusiva","twitter_site":"@ClmInclusiva","twitter_misc":{"Escrito por":"clm-inclusiva","Tiempo de lectura":"5 minutos"},"schema":{"@context":"https:\/\/schema.org","@graph":[{"@type":"Article","@id":"https:\/\/clm-inclusiva.org\/?p=5160#article","isPartOf":{"@id":"https:\/\/clm-inclusiva.org\/?p=5160"},"author":{"name":"clm-inclusiva","@id":"https:\/\/clm-inclusiva.org\/#\/schema\/person\/0cff84aaa5bb8fd3521c55d1578d902b"},"headline":"CLM INCLUSIVA COCEMFE afianza en 2023 sus servicios de empleo y formaci\u00f3n e incorpora para 2024 l\u00edneas estrat\u00e9gicas de accesibilidad y autonom\u00eda personal","datePublished":"2024-07-04T06:11:32+00:00","dateModified":"2024-07-04T06:12:16+00:00","mainEntityOfPage":{"@id":"https:\/\/clm-inclusiva.org\/?p=5160"},"wordCount":882,"commentCount":0,"publisher":{"@id":"https:\/\/clm-inclusiva.org\/#organization"},"articleSection":["Accesibilidad","Albacete","Asamblea","castilla-la mancha","Clm inclusiva"],"inLanguage":"es","potentialAction":[{"@type":"CommentAction","name":"Comment","target":["https:\/\/clm-inclusiva.org\/?p=5160#respond"]}]},{"@type":"WebPage","@id":"https:\/\/clm-inclusiva.org\/?p=5160","url":"https:\/\/clm-inclusiva.org\/?p=5160","name":"CLM INCLUSIVA COCEMFE afianza en 2023 sus servicios de empleo y formaci\u00f3n e incorpora para 2024 l\u00edneas estrat\u00e9gicas de accesibilidad y autonom\u00eda personal - Clm-Inclusiva","isPartOf":{"@id":"https:\/\/clm-inclusiva.org\/#website"},"datePublished":"2024-07-04T06:11:32+00:00","dateModified":"2024-07-04T06:12:16+00:00","breadcrumb":{"@id":"https:\/\/clm-inclusiva.org\/?p=5160#breadcrumb"},"inLanguage":"es","potentialAction":[{"@type":"ReadAction","target":["https:\/\/clm-inclusiva.org\/?p=5160"]}]},{"@type":"BreadcrumbList","@id":"https:\/\/clm-inclusiva.org\/?p=5160#breadcrumb","itemListElement":[{"@type":"ListItem","position":1,"name":"Portada","item":"https:\/\/clm-inclusiva.org\/"},{"@type":"ListItem","position":2,"name":"CLM INCLUSIVA COCEMFE afianza en 2023 sus servicios de empleo y formaci\u00f3n e incorpora para 2024 l\u00edneas estrat\u00e9gicas de accesibilidad y autonom\u00eda personal"}]},{"@type":"WebSite","@id":"https:\/\/clm-inclusiva.org\/#website","url":"https:\/\/clm-inclusiva.org\/","name":"Clm-Inclusiva","description":"Confederaci\u00f3n de entidades de personas con discapacidad f\u00edsica y org\u00e1nica CLM","publisher":{"@id":"https:\/\/clm-inclusiva.org\/#organization"},"potentialAction":[{"@type":"SearchAction","target":{"@type":"EntryPoint","urlTemplate":"https:\/\/clm-inclusiva.org\/?s={search_term_string}"},"query-input":"required name=search_term_string"}],"inLanguage":"es"},{"@type":"Organization","@id":"https:\/\/clm-inclusiva.org\/#organization","name":"Clm-Inclusiva","url":"https:\/\/clm-inclusiva.org\/","logo":{"@type":"ImageObject","inLanguage":"es","@id":"https:\/\/clm-inclusiva.org\/#\/schema\/logo\/image\/","url":"http:\/\/clm-inclusiva.org\/wp-content\/uploads\/2019\/04\/banner-e1533720812836.jpg","contentUrl":"http:\/\/clm-inclusiva.org\/wp-content\/uploads\/2019\/04\/banner-e1533720812836.jpg","width":600,"height":332,"caption":"Clm-Inclusiva"},"image":{"@id":"https:\/\/clm-inclusiva.org\/#\/schema\/logo\/image\/"},"sameAs":["https:\/\/www.facebook.com\/castillalamancha.inclusiva\/","https:\/\/twitter.com\/ClmInclusiva"]},{"@type":"Person","@id":"https:\/\/clm-inclusiva.org\/#\/schema\/person\/0cff84aaa5bb8fd3521c55d1578d902b","name":"clm-inclusiva","image":{"@type":"ImageObject","inLanguage":"es","@id":"https:\/\/clm-inclusiva.org\/#\/schema\/person\/image\/","url":"https:\/\/secure.gravatar.com\/avatar\/88948567af770dc9cd5597b329011884?s=96&d=blank&r=g","contentUrl":"https:\/\/secure.gravatar.com\/avatar\/88948567af770dc9cd5597b329011884?s=96&d=blank&r=g","caption":"clm-inclusiva"},"sameAs":["http:\/\/clm-inclusiva.org"],"url":"https:\/\/clm-inclusiva.org\/?author=1"}]}},"_links":{"self":[{"href":"https:\/\/clm-inclusiva.org\/index.php?rest_route=\/wp\/v2\/posts\/5160"}],"collection":[{"href":"https:\/\/clm-inclusiva.org\/index.php?rest_route=\/wp\/v2\/posts"}],"about":[{"href":"https:\/\/clm-inclusiva.org\/index.php?rest_route=\/wp\/v2\/types\/post"}],"author":[{"embeddable":true,"href":"https:\/\/clm-inclusiva.org\/index.php?rest_route=\/wp\/v2\/users\/1"}],"replies":[{"embeddable":true,"href":"https:\/\/clm-inclusiva.org\/index.php?rest_route=%2Fwp%2Fv2%2Fcomments&post=5160"}],"version-history":[{"count":4,"href":"https:\/\/clm-inclusiva.org\/index.php?rest_route=\/wp\/v2\/posts\/5160\/revisions"}],"predecessor-version":[{"id":5169,"href":"https:\/\/clm-inclusiva.org\/index.php?rest_route=\/wp\/v2\/posts\/5160\/revisions\/5169"}],"wp:featuredmedia":[{"embeddable":true,"href":"https:\/\/clm-inclusiva.org\/index.php?rest_route=\/wp\/v2\/media\/5161"}],"wp:attachment":[{"href":"https:\/\/clm-inclusiva.org\/index.php?rest_route=%2Fwp%2Fv2%2Fmedia&parent=5160"}],"wp:term":[{"taxonomy":"category","embeddable":true,"href":"https:\/\/clm-inclusiva.org\/index.php?rest_route=%2Fwp%2Fv2%2Fcategories&post=5160"},{"taxonomy":"post_tag","embeddable":true,"href":"https:\/\/clm-inclusiva.org\/index.php?rest_route=%2Fwp%2Fv2%2Ftags&post=5160"}],"curies":[{"name":"wp","href":"https:\/\/api.w.org\/{rel}","templated":true}]}}