{"id":5129,"date":"2024-05-17T09:26:00","date_gmt":"2024-05-17T07:26:00","guid":{"rendered":"https:\/\/clm-inclusiva.org\/?p=5129"},"modified":"2024-05-17T09:26:00","modified_gmt":"2024-05-17T07:26:00","slug":"encarnacion-rodriguez-caceres-recibira-el-reconocimiento-a-la-trayectoria-vital-en-la-ii-gala-regional-de-reconocimientos-sociales-capaces","status":"publish","type":"post","link":"https:\/\/clm-inclusiva.org\/?p=5129","title":{"rendered":"ENCARNACI\u00d3N RODR\u00cdGUEZ C\u00c1CERES RECIBIR\u00c1 EL RECONOCIMIENTO A LA TRAYECTORIA VITAL EN LA II GALA REGIONAL DE RECONOCIMIENTOS SOCIALES \u201cCAPACES\u201d"},"content":{"rendered":"<ul>\n<li>\n<h3>Con el objetivo de reconocer a personas, entidades, empresas y administraciones p\u00fablicas que trabajan y luchan en el d\u00eda a d\u00eda para mejorar la vida de las personas con discapacidad f\u00edsica y org\u00e1nica, y de sus familias.<\/h3>\n<\/li>\n<li>\n<h3>Encarnaci\u00f3n Rodr\u00edguez C\u00e1ceres es el mejor ejemplo de lo que esta Gala quiere representar.<\/h3>\n<\/li>\n<li>\n<h3>Tendr\u00e1 lugar el 21 de mayo de 2024 en el Castillo de San Servando de Toledo.<\/h3>\n<\/li>\n<\/ul>\n<p><strong>CLM Inclusiva COCEMFE <\/strong>celebrar\u00e1 la <strong>II Gala Regional de Reconocimientos Sociales \u201cCAPACES\u201d. <\/strong>La entidad, quiere de esta manera reconocer y visualizar personas, empresas, ONG, entidades y organismos de la Administraci\u00f3n P\u00fablica que luchan por mejorar los derechos y calidad de vida de las personas con discapacidad y sus familias en Castilla-La Mancha.<\/p>\n<p>Por ello, <strong>Encarnaci\u00f3n Rodr\u00edguez C\u00e1ceres<\/strong> ser\u00e1 reconocida por su trayectoria vital. Siempre ha estado implicada en el movimiento asociativo, ha trabajado en equipo y desde la humildad. Ha luchado por mejorar las posibilidades de las personas m\u00e1s desfavorecidas, buscando mejorar el tejido empresarial no solo de Albacete, sino de la provincia y de la regi\u00f3n. Persiguiendo la eliminaci\u00f3n de barreras y la ayuda a la autonom\u00eda personal para cualquiera, as\u00ed como la b\u00fasqueda de las mismas opciones para todos, independientemente de las circunstancias de cada uno.<\/p>\n<p>La gala contar\u00e1 con <strong>7 reconocimientos<\/strong> por categor\u00edas como son:<\/p>\n<ul>\n<li>Reconocimiento a la entidad social comprometida: Fundaci\u00f3n Eurocaja Rural.<\/li>\n<li>Reconocimiento al voluntariado: Escuela de Protecci\u00f3n Ciudadana de Castilla-La Mancha.<\/li>\n<li>Reconocimiento socio\/a de honor: Isabel Fern\u00e1ndez, campeona mundial, europea y de Espa\u00f1a de parak\u00e1rate.<\/li>\n<li>Reconocimiento al medio de comunicaci\u00f3n: El Espa\u00f1ol-El Digital de Castilla-La Mancha.<\/li>\n<li>Reconocimiento a la empresa inclusiva: MAHLE Electronics SLU.<\/li>\n<li>Reconocimiento a la instituci\u00f3n p\u00fablica: Excelent\u00edsima Diputaci\u00f3n de Cuenca.<\/li>\n<li>Reconocimiento a la trayectoria vital: Encarnaci\u00f3n Rodr\u00edguez C\u00e1ceres.<\/li>\n<\/ul>\n<p>La Gala se celebrar\u00e1 el 21 de mayo de 2024 en el Castillo de San Servando de Toledo, dando comienzo a las 18:00h.<\/p>\n","protected":false},"excerpt":{"rendered":"<p>Con el objetivo de reconocer a personas, entidades, empresas y administraciones p\u00fablicas que trabajan y luchan en el d\u00eda a d\u00eda para mejorar la vida de las personas con discapacidad f\u00edsica y org\u00e1nica, y de sus familias. Encarnaci\u00f3n Rodr\u00edguez C\u00e1ceres es el mejor ejemplo de lo que esta Gala quiere representar. Tendr\u00e1 lugar el 21 [&hellip;]<\/p>\n","protected":false},"author":1,"featured_media":5130,"comment_status":"open","ping_status":"open","sticky":false,"template":"","format":"standard","meta":{"_et_pb_use_builder":"","_et_pb_old_content":"","_et_gb_content_width":"","footnotes":""},"categories":[103,49,4,99,34],"tags":[],"yoast_head":"<!-- This site is optimized with the Yoast SEO plugin v21.3 - https:\/\/yoast.com\/wordpress\/plugins\/seo\/ -->\n<title>ENCARNACI\u00d3N RODR\u00cdGUEZ C\u00c1CERES RECIBIR\u00c1 EL RECONOCIMIENTO A LA TRAYECTORIA VITAL EN LA II GALA REGIONAL DE RECONOCIMIENTOS SOCIALES \u201cCAPACES\u201d - Clm-Inclusiva<\/title>\n<meta name=\"robots\" content=\"index, follow, max-snippet:-1, max-image-preview:large, max-video-preview:-1\" \/>\n<link rel=\"canonical\" href=\"https:\/\/clm-inclusiva.org\/?p=5129\" \/>\n<meta property=\"og:locale\" content=\"es_ES\" \/>\n<meta property=\"og:type\" content=\"article\" \/>\n<meta property=\"og:title\" content=\"ENCARNACI\u00d3N RODR\u00cdGUEZ C\u00c1CERES RECIBIR\u00c1 EL RECONOCIMIENTO A LA TRAYECTORIA VITAL EN LA II GALA REGIONAL DE RECONOCIMIENTOS SOCIALES \u201cCAPACES\u201d - Clm-Inclusiva\" \/>\n<meta property=\"og:description\" content=\"Con el objetivo de reconocer a personas, entidades, empresas y administraciones p\u00fablicas que trabajan y luchan en el d\u00eda a d\u00eda para mejorar la vida de las personas con discapacidad f\u00edsica y org\u00e1nica, y de sus familias. Encarnaci\u00f3n Rodr\u00edguez C\u00e1ceres es el mejor ejemplo de lo que esta Gala quiere representar. Tendr\u00e1 lugar el 21 [&hellip;]\" \/>\n<meta property=\"og:url\" content=\"https:\/\/clm-inclusiva.org\/?p=5129\" \/>\n<meta property=\"og:site_name\" content=\"Clm-Inclusiva\" \/>\n<meta property=\"article:publisher\" content=\"https:\/\/www.facebook.com\/castillalamancha.inclusiva\/\" \/>\n<meta property=\"article:published_time\" content=\"2024-05-17T07:26:00+00:00\" \/>\n<meta property=\"og:image\" content=\"http:\/\/clm-inclusiva.org\/wp-content\/uploads\/2024\/05\/II-GALA-CAPACES-2-e1715930700777.jpg\" \/>\n\t<meta property=\"og:image:width\" content=\"1059\" \/>\n\t<meta property=\"og:image:height\" content=\"1554\" \/>\n\t<meta property=\"og:image:type\" content=\"image\/jpeg\" \/>\n<meta name=\"author\" content=\"clm-inclusiva\" \/>\n<meta name=\"twitter:card\" content=\"summary_large_image\" \/>\n<meta name=\"twitter:creator\" content=\"@ClmInclusiva\" \/>\n<meta name=\"twitter:site\" content=\"@ClmInclusiva\" \/>\n<meta name=\"twitter:label1\" content=\"Escrito por\" \/>\n\t<meta name=\"twitter:data1\" content=\"clm-inclusiva\" \/>\n\t<meta name=\"twitter:label2\" content=\"Tiempo de lectura\" \/>\n\t<meta name=\"twitter:data2\" content=\"2 minutos\" \/>\n<script type=\"application\/ld+json\" class=\"yoast-schema-graph\">{\"@context\":\"https:\/\/schema.org\",\"@graph\":[{\"@type\":\"Article\",\"@id\":\"https:\/\/clm-inclusiva.org\/?p=5129#article\",\"isPartOf\":{\"@id\":\"https:\/\/clm-inclusiva.org\/?p=5129\"},\"author\":{\"name\":\"clm-inclusiva\",\"@id\":\"https:\/\/clm-inclusiva.org\/#\/schema\/person\/0cff84aaa5bb8fd3521c55d1578d902b\"},\"headline\":\"ENCARNACI\u00d3N RODR\u00cdGUEZ C\u00c1CERES RECIBIR\u00c1 EL RECONOCIMIENTO A LA TRAYECTORIA VITAL EN LA II GALA REGIONAL DE RECONOCIMIENTOS SOCIALES \u201cCAPACES\u201d\",\"datePublished\":\"2024-05-17T07:26:00+00:00\",\"dateModified\":\"2024-05-17T07:26:00+00:00\",\"mainEntityOfPage\":{\"@id\":\"https:\/\/clm-inclusiva.org\/?p=5129\"},\"wordCount\":358,\"commentCount\":0,\"publisher\":{\"@id\":\"https:\/\/clm-inclusiva.org\/#organization\"},\"articleSection\":[\"Capaces\",\"castilla-la mancha\",\"Clm inclusiva\",\"gala\",\"Reconocimientos\"],\"inLanguage\":\"es\",\"potentialAction\":[{\"@type\":\"CommentAction\",\"name\":\"Comment\",\"target\":[\"https:\/\/clm-inclusiva.org\/?p=5129#respond\"]}]},{\"@type\":\"WebPage\",\"@id\":\"https:\/\/clm-inclusiva.org\/?p=5129\",\"url\":\"https:\/\/clm-inclusiva.org\/?p=5129\",\"name\":\"ENCARNACI\u00d3N RODR\u00cdGUEZ C\u00c1CERES RECIBIR\u00c1 EL RECONOCIMIENTO A LA TRAYECTORIA VITAL EN LA II GALA REGIONAL DE RECONOCIMIENTOS SOCIALES \u201cCAPACES\u201d - Clm-Inclusiva\",\"isPartOf\":{\"@id\":\"https:\/\/clm-inclusiva.org\/#website\"},\"datePublished\":\"2024-05-17T07:26:00+00:00\",\"dateModified\":\"2024-05-17T07:26:00+00:00\",\"breadcrumb\":{\"@id\":\"https:\/\/clm-inclusiva.org\/?p=5129#breadcrumb\"},\"inLanguage\":\"es\",\"potentialAction\":[{\"@type\":\"ReadAction\",\"target\":[\"https:\/\/clm-inclusiva.org\/?p=5129\"]}]},{\"@type\":\"BreadcrumbList\",\"@id\":\"https:\/\/clm-inclusiva.org\/?p=5129#breadcrumb\",\"itemListElement\":[{\"@type\":\"ListItem\",\"position\":1,\"name\":\"Portada\",\"item\":\"https:\/\/clm-inclusiva.org\/\"},{\"@type\":\"ListItem\",\"position\":2,\"name\":\"ENCARNACI\u00d3N RODR\u00cdGUEZ C\u00c1CERES RECIBIR\u00c1 EL RECONOCIMIENTO A LA TRAYECTORIA VITAL EN LA II GALA REGIONAL DE RECONOCIMIENTOS SOCIALES \u201cCAPACES\u201d\"}]},{\"@type\":\"WebSite\",\"@id\":\"https:\/\/clm-inclusiva.org\/#website\",\"url\":\"https:\/\/clm-inclusiva.org\/\",\"name\":\"Clm-Inclusiva\",\"description\":\"Confederaci\u00f3n de entidades de personas con discapacidad f\u00edsica y org\u00e1nica CLM\",\"publisher\":{\"@id\":\"https:\/\/clm-inclusiva.org\/#organization\"},\"potentialAction\":[{\"@type\":\"SearchAction\",\"target\":{\"@type\":\"EntryPoint\",\"urlTemplate\":\"https:\/\/clm-inclusiva.org\/?s={search_term_string}\"},\"query-input\":\"required name=search_term_string\"}],\"inLanguage\":\"es\"},{\"@type\":\"Organization\",\"@id\":\"https:\/\/clm-inclusiva.org\/#organization\",\"name\":\"Clm-Inclusiva\",\"url\":\"https:\/\/clm-inclusiva.org\/\",\"logo\":{\"@type\":\"ImageObject\",\"inLanguage\":\"es\",\"@id\":\"https:\/\/clm-inclusiva.org\/#\/schema\/logo\/image\/\",\"url\":\"http:\/\/clm-inclusiva.org\/wp-content\/uploads\/2019\/04\/banner-e1533720812836.jpg\",\"contentUrl\":\"http:\/\/clm-inclusiva.org\/wp-content\/uploads\/2019\/04\/banner-e1533720812836.jpg\",\"width\":600,\"height\":332,\"caption\":\"Clm-Inclusiva\"},\"image\":{\"@id\":\"https:\/\/clm-inclusiva.org\/#\/schema\/logo\/image\/\"},\"sameAs\":[\"https:\/\/www.facebook.com\/castillalamancha.inclusiva\/\",\"https:\/\/twitter.com\/ClmInclusiva\"]},{\"@type\":\"Person\",\"@id\":\"https:\/\/clm-inclusiva.org\/#\/schema\/person\/0cff84aaa5bb8fd3521c55d1578d902b\",\"name\":\"clm-inclusiva\",\"image\":{\"@type\":\"ImageObject\",\"inLanguage\":\"es\",\"@id\":\"https:\/\/clm-inclusiva.org\/#\/schema\/person\/image\/\",\"url\":\"https:\/\/secure.gravatar.com\/avatar\/88948567af770dc9cd5597b329011884?s=96&d=blank&r=g\",\"contentUrl\":\"https:\/\/secure.gravatar.com\/avatar\/88948567af770dc9cd5597b329011884?s=96&d=blank&r=g\",\"caption\":\"clm-inclusiva\"},\"sameAs\":[\"http:\/\/clm-inclusiva.org\"],\"url\":\"https:\/\/clm-inclusiva.org\/?author=1\"}]}<\/script>\n<!-- \/ Yoast SEO plugin. -->","yoast_head_json":{"title":"ENCARNACI\u00d3N RODR\u00cdGUEZ C\u00c1CERES RECIBIR\u00c1 EL RECONOCIMIENTO A LA TRAYECTORIA VITAL EN LA II GALA REGIONAL DE RECONOCIMIENTOS SOCIALES \u201cCAPACES\u201d - Clm-Inclusiva","robots":{"index":"index","follow":"follow","max-snippet":"max-snippet:-1","max-image-preview":"max-image-preview:large","max-video-preview":"max-video-preview:-1"},"canonical":"https:\/\/clm-inclusiva.org\/?p=5129","og_locale":"es_ES","og_type":"article","og_title":"ENCARNACI\u00d3N RODR\u00cdGUEZ C\u00c1CERES RECIBIR\u00c1 EL RECONOCIMIENTO A LA TRAYECTORIA VITAL EN LA II GALA REGIONAL DE RECONOCIMIENTOS SOCIALES \u201cCAPACES\u201d - Clm-Inclusiva","og_description":"Con el objetivo de reconocer a personas, entidades, empresas y administraciones p\u00fablicas que trabajan y luchan en el d\u00eda a d\u00eda para mejorar la vida de las personas con discapacidad f\u00edsica y org\u00e1nica, y de sus familias. Encarnaci\u00f3n Rodr\u00edguez C\u00e1ceres es el mejor ejemplo de lo que esta Gala quiere representar. Tendr\u00e1 lugar el 21 [&hellip;]","og_url":"https:\/\/clm-inclusiva.org\/?p=5129","og_site_name":"Clm-Inclusiva","article_publisher":"https:\/\/www.facebook.com\/castillalamancha.inclusiva\/","article_published_time":"2024-05-17T07:26:00+00:00","og_image":[{"width":1059,"height":1554,"url":"http:\/\/clm-inclusiva.org\/wp-content\/uploads\/2024\/05\/II-GALA-CAPACES-2-e1715930700777.jpg","type":"image\/jpeg"}],"author":"clm-inclusiva","twitter_card":"summary_large_image","twitter_creator":"@ClmInclusiva","twitter_site":"@ClmInclusiva","twitter_misc":{"Escrito por":"clm-inclusiva","Tiempo de lectura":"2 minutos"},"schema":{"@context":"https:\/\/schema.org","@graph":[{"@type":"Article","@id":"https:\/\/clm-inclusiva.org\/?p=5129#article","isPartOf":{"@id":"https:\/\/clm-inclusiva.org\/?p=5129"},"author":{"name":"clm-inclusiva","@id":"https:\/\/clm-inclusiva.org\/#\/schema\/person\/0cff84aaa5bb8fd3521c55d1578d902b"},"headline":"ENCARNACI\u00d3N RODR\u00cdGUEZ C\u00c1CERES RECIBIR\u00c1 EL RECONOCIMIENTO A LA TRAYECTORIA VITAL EN LA II GALA REGIONAL DE RECONOCIMIENTOS SOCIALES \u201cCAPACES\u201d","datePublished":"2024-05-17T07:26:00+00:00","dateModified":"2024-05-17T07:26:00+00:00","mainEntityOfPage":{"@id":"https:\/\/clm-inclusiva.org\/?p=5129"},"wordCount":358,"commentCount":0,"publisher":{"@id":"https:\/\/clm-inclusiva.org\/#organization"},"articleSection":["Capaces","castilla-la mancha","Clm inclusiva","gala","Reconocimientos"],"inLanguage":"es","potentialAction":[{"@type":"CommentAction","name":"Comment","target":["https:\/\/clm-inclusiva.org\/?p=5129#respond"]}]},{"@type":"WebPage","@id":"https:\/\/clm-inclusiva.org\/?p=5129","url":"https:\/\/clm-inclusiva.org\/?p=5129","name":"ENCARNACI\u00d3N RODR\u00cdGUEZ C\u00c1CERES RECIBIR\u00c1 EL RECONOCIMIENTO A LA TRAYECTORIA VITAL EN LA II GALA REGIONAL DE RECONOCIMIENTOS SOCIALES \u201cCAPACES\u201d - Clm-Inclusiva","isPartOf":{"@id":"https:\/\/clm-inclusiva.org\/#website"},"datePublished":"2024-05-17T07:26:00+00:00","dateModified":"2024-05-17T07:26:00+00:00","breadcrumb":{"@id":"https:\/\/clm-inclusiva.org\/?p=5129#breadcrumb"},"inLanguage":"es","potentialAction":[{"@type":"ReadAction","target":["https:\/\/clm-inclusiva.org\/?p=5129"]}]},{"@type":"BreadcrumbList","@id":"https:\/\/clm-inclusiva.org\/?p=5129#breadcrumb","itemListElement":[{"@type":"ListItem","position":1,"name":"Portada","item":"https:\/\/clm-inclusiva.org\/"},{"@type":"ListItem","position":2,"name":"ENCARNACI\u00d3N RODR\u00cdGUEZ C\u00c1CERES RECIBIR\u00c1 EL RECONOCIMIENTO A LA TRAYECTORIA VITAL EN LA II GALA REGIONAL DE RECONOCIMIENTOS SOCIALES \u201cCAPACES\u201d"}]},{"@type":"WebSite","@id":"https:\/\/clm-inclusiva.org\/#website","url":"https:\/\/clm-inclusiva.org\/","name":"Clm-Inclusiva","description":"Confederaci\u00f3n de entidades de personas con discapacidad f\u00edsica y org\u00e1nica CLM","publisher":{"@id":"https:\/\/clm-inclusiva.org\/#organization"},"potentialAction":[{"@type":"SearchAction","target":{"@type":"EntryPoint","urlTemplate":"https:\/\/clm-inclusiva.org\/?s={search_term_string}"},"query-input":"required name=search_term_string"}],"inLanguage":"es"},{"@type":"Organization","@id":"https:\/\/clm-inclusiva.org\/#organization","name":"Clm-Inclusiva","url":"https:\/\/clm-inclusiva.org\/","logo":{"@type":"ImageObject","inLanguage":"es","@id":"https:\/\/clm-inclusiva.org\/#\/schema\/logo\/image\/","url":"http:\/\/clm-inclusiva.org\/wp-content\/uploads\/2019\/04\/banner-e1533720812836.jpg","contentUrl":"http:\/\/clm-inclusiva.org\/wp-content\/uploads\/2019\/04\/banner-e1533720812836.jpg","width":600,"height":332,"caption":"Clm-Inclusiva"},"image":{"@id":"https:\/\/clm-inclusiva.org\/#\/schema\/logo\/image\/"},"sameAs":["https:\/\/www.facebook.com\/castillalamancha.inclusiva\/","https:\/\/twitter.com\/ClmInclusiva"]},{"@type":"Person","@id":"https:\/\/clm-inclusiva.org\/#\/schema\/person\/0cff84aaa5bb8fd3521c55d1578d902b","name":"clm-inclusiva","image":{"@type":"ImageObject","inLanguage":"es","@id":"https:\/\/clm-inclusiva.org\/#\/schema\/person\/image\/","url":"https:\/\/secure.gravatar.com\/avatar\/88948567af770dc9cd5597b329011884?s=96&d=blank&r=g","contentUrl":"https:\/\/secure.gravatar.com\/avatar\/88948567af770dc9cd5597b329011884?s=96&d=blank&r=g","caption":"clm-inclusiva"},"sameAs":["http:\/\/clm-inclusiva.org"],"url":"https:\/\/clm-inclusiva.org\/?author=1"}]}},"_links":{"self":[{"href":"https:\/\/clm-inclusiva.org\/index.php?rest_route=\/wp\/v2\/posts\/5129"}],"collection":[{"href":"https:\/\/clm-inclusiva.org\/index.php?rest_route=\/wp\/v2\/posts"}],"about":[{"href":"https:\/\/clm-inclusiva.org\/index.php?rest_route=\/wp\/v2\/types\/post"}],"author":[{"embeddable":true,"href":"https:\/\/clm-inclusiva.org\/index.php?rest_route=\/wp\/v2\/users\/1"}],"replies":[{"embeddable":true,"href":"https:\/\/clm-inclusiva.org\/index.php?rest_route=%2Fwp%2Fv2%2Fcomments&post=5129"}],"version-history":[{"count":1,"href":"https:\/\/clm-inclusiva.org\/index.php?rest_route=\/wp\/v2\/posts\/5129\/revisions"}],"predecessor-version":[{"id":5131,"href":"https:\/\/clm-inclusiva.org\/index.php?rest_route=\/wp\/v2\/posts\/5129\/revisions\/5131"}],"wp:featuredmedia":[{"embeddable":true,"href":"https:\/\/clm-inclusiva.org\/index.php?rest_route=\/wp\/v2\/media\/5130"}],"wp:attachment":[{"href":"https:\/\/clm-inclusiva.org\/index.php?rest_route=%2Fwp%2Fv2%2Fmedia&parent=5129"}],"wp:term":[{"taxonomy":"category","embeddable":true,"href":"https:\/\/clm-inclusiva.org\/index.php?rest_route=%2Fwp%2Fv2%2Fcategories&post=5129"},{"taxonomy":"post_tag","embeddable":true,"href":"https:\/\/clm-inclusiva.org\/index.php?rest_route=%2Fwp%2Fv2%2Ftags&post=5129"}],"curies":[{"name":"wp","href":"https:\/\/api.w.org\/{rel}","templated":true}]}}