{"id":5118,"date":"2024-04-30T08:48:33","date_gmt":"2024-04-30T06:48:33","guid":{"rendered":"https:\/\/clm-inclusiva.org\/?p=5118"},"modified":"2024-05-06T08:49:50","modified_gmt":"2024-05-06T06:49:50","slug":"firmado-el-convenio-de-colaboracion-con-el-ayuntamiento-de-ciudad-real-con-el-fin-de-fomentar-la-integracion-social-y-laboral-de-las-personas-con-discapacidad-y-sus-familias","status":"publish","type":"post","link":"https:\/\/clm-inclusiva.org\/?p=5118","title":{"rendered":"FIRMADO EL CONVENIO DE COLABORACI\u00d3N CON EL AYUNTAMIENTO DE CIUDAD REAL CON EL FIN DE FOMENTAR LA INTEGRACI\u00d3N SOCIAL Y LABORAL DE LAS PERSONAS CON DISCAPACIDAD Y SUS FAMILIAS"},"content":{"rendered":"<h3><strong>Un convenio que firman el Excmo. Ayuntamiento de Ciudad Real,<\/strong> <strong>el Instituto Municipal de Promoci\u00f3n Econ\u00f3mica, Formaci\u00f3n y Empleo (IMPEFE), la Confederaci\u00f3n de entidades de personas con discapacidad F\u00edsica y Org\u00e1nica de Castilla-La Mancha (CLM INCLUSIVA COCEMFE), la Federaci\u00f3n de Entidades de Personas con Discapacidad F\u00edsica y Org\u00e1nica de Ciudad Real (CR INCLUSIVA COCEMFE) y la Asociaci\u00f3n Nacional de Atenci\u00f3n Integral a Personas con Discapacidad (AMIAB). <\/strong><\/h3>\n<p>En el d\u00eda de hoy, CLM Inclusiva COCEMFE, representada por su vicepresidenta Marta Montero, Grupo Amiab, representada por su presidente Emilio S\u00e1ez, y \u00c1ngel Pablo Sendarrubias, presidente de CR Inclusiva han firmado un acuerdo de colaboraci\u00f3n donde fomentar la integraci\u00f3n social y laborar de las personas con discapacidad en Ciudad Real es su objetivo principal.<\/p>\n<p>Para CLM Inclusiva COCEMFE, la finalidad de la firma de este convenio es articular y vertebrar al movimiento social regional de la discapacidad para garantizar los derechos en igualdad y la inclusi\u00f3n, as\u00ed como mejorar las condiciones de vida y ciudadan\u00eda de las personas con discapacidad y de sus familias, con especial atenci\u00f3n a la inclusi\u00f3n laboral de dichas personas.<\/p>\n<p>Por ello, todas las entidades mencionadas muestran su inter\u00e9s y se comprometen a establecer una alianza estrat\u00e9gica entre ellas como v\u00eda para un desarrollo conjunto de proyectos en Ciudad Real, todo ello en aras de contribuir al fin \u00faltimo perseguido por todas las partes, que es el de promover la integraci\u00f3n social, formativa y laboral de las personas con discapacidad de Ciudad Real.<\/p>\n<p>Emilio S\u00e1ez ha afirmado que es el \u201cprimer acto oficial que hago como nuevo presidente de Amiab junto con Castilla-La Mancha Inclusiva y Ciudad Real Inclusiva\u201d. S\u00e1ez ha indicado que \u201cvenimos a ofrecer las oportunidades que nuestra entidad puede desplegar en Ciudad Real, ya que Amiab tiene una relaci\u00f3n no solo en Castilla-La Mancha sino en todo el pa\u00eds y creo que era de justicia que Ciudad Real estuviera dentro de la \u00f3rbita de acci\u00f3n de la entidad empleo para personas con discapacidad y en situaci\u00f3n de exclusi\u00f3n social, formaci\u00f3n, y todo lo que tenga que ver con la cultura, con el deporte adaptado, la accesibilidad, son materias que para nosotros son fundamentales\u201d.<\/p>\n<p>El presidente de Amiab ha explicado que han firmado un protocolo abierto, pero que \u201cviene con el deseo profundo de crear ra\u00edces en Ciudad Real y crear oportunidades y sobre todo para las personas con discapacidad\u201d. Adem\u00e1s, ha a\u00f1adido que \u201cel Ayuntamiento de Ciudad Real se ha mostrado muy abierto y en disposici\u00f3n y, por tanto, nos sentimos muy orgullosos de que podamos firmar este protocolo de intenciones y dentro de unos a\u00f1os podamos ver, al igual que ha pasado en otras provincias como Cuenca y Toledo, avances, porque Ciudad Real tiene un potencial que hay que desplegar\u201d<\/p>\n<p>Para Marta Montero, vicepresidenta de CLM Inclusiva COCEMFE, \u201cla firma de este convenio supone afianzar la presencialidad territorial de la confederaci\u00f3n en nuestra comunidad aut\u00f3noma poniendo a disposici\u00f3n del movimiento asociativo de la localidad la cartera de servicios que tanto la confederaci\u00f3n regional como la federaci\u00f3n provincial ofrecen a asociaciones de personas con discapacidad f\u00edsica y org\u00e1nica\u201d.<\/p>\n<p>Desde CR Inclusiva, su presidente \u00c1ngel Pablo Sendarrubias ha trasladado \u201cla total disposici\u00f3n de la federaci\u00f3n en la provincia para incorporar a la localidad proyectos estrat\u00e9gicos en materia de empleo, accesibilidad y deporte adaptado\u201d.<\/p>\n<p>En definitiva, es un convenio para contribuir en la mejora de la empleabilidad, de la accesibilidad, del empleo p\u00fablico y de la inclusi\u00f3n de las personas con discapacidad en la capital ciudadreale\u00f1a.<\/p>\n<p>&nbsp;<\/p>\n<div class=\"et_pb_slider et_pb_slider_fullwidth_off et_pb_gallery_post_type\">\n\t\t\t\t<div class=\"et_pb_slides\">\n\t\t\t\t\t<div class=\"et_pb_slide\" style=\"background: url(https:\/\/clm-inclusiva.org\/wp-content\/uploads\/2024\/05\/IMG_2625-scaled.jpg);\"><\/div><div class=\"et_pb_slide\" style=\"background: url(https:\/\/clm-inclusiva.org\/wp-content\/uploads\/2024\/05\/IMG_2662-scaled.jpg);\"><\/div><div class=\"et_pb_slide\" style=\"background: url(https:\/\/clm-inclusiva.org\/wp-content\/uploads\/2024\/05\/IMG_2630-scaled.jpg);\"><\/div>\n\t\t\t\t<\/div>\n\t\t\t<\/div>\n","protected":false},"excerpt":{"rendered":"<p>Un convenio que firman el Excmo. Ayuntamiento de Ciudad Real, el Instituto Municipal de Promoci\u00f3n Econ\u00f3mica, Formaci\u00f3n y Empleo (IMPEFE), la Confederaci\u00f3n de entidades de personas con discapacidad F\u00edsica y Org\u00e1nica de Castilla-La Mancha (CLM INCLUSIVA COCEMFE), la Federaci\u00f3n de Entidades de Personas con Discapacidad F\u00edsica y Org\u00e1nica de Ciudad Real (CR INCLUSIVA COCEMFE) y [&hellip;]<\/p>\n","protected":false},"author":1,"featured_media":5120,"comment_status":"open","ping_status":"open","sticky":false,"template":"","format":"standard","meta":{"_et_pb_use_builder":"","_et_pb_old_content":"","_et_gb_content_width":"","footnotes":""},"categories":[63,49,48,4,5,6,97],"tags":[100],"yoast_head":"<!-- This site is optimized with the Yoast SEO plugin v21.3 - https:\/\/yoast.com\/wordpress\/plugins\/seo\/ -->\n<title>FIRMADO EL CONVENIO DE COLABORACI\u00d3N CON EL AYUNTAMIENTO DE CIUDAD REAL CON EL FIN DE FOMENTAR LA INTEGRACI\u00d3N SOCIAL Y LABORAL DE LAS PERSONAS CON DISCAPACIDAD Y SUS FAMILIAS - Clm-Inclusiva<\/title>\n<meta name=\"robots\" content=\"index, follow, max-snippet:-1, max-image-preview:large, max-video-preview:-1\" \/>\n<link rel=\"canonical\" href=\"https:\/\/clm-inclusiva.org\/?p=5118\" \/>\n<meta property=\"og:locale\" content=\"es_ES\" \/>\n<meta property=\"og:type\" content=\"article\" \/>\n<meta property=\"og:title\" content=\"FIRMADO EL CONVENIO DE COLABORACI\u00d3N CON EL AYUNTAMIENTO DE CIUDAD REAL CON EL FIN DE FOMENTAR LA INTEGRACI\u00d3N SOCIAL Y LABORAL DE LAS PERSONAS CON DISCAPACIDAD Y SUS FAMILIAS - Clm-Inclusiva\" \/>\n<meta property=\"og:description\" content=\"Un convenio que firman el Excmo. Ayuntamiento de Ciudad Real, el Instituto Municipal de Promoci\u00f3n Econ\u00f3mica, Formaci\u00f3n y Empleo (IMPEFE), la Confederaci\u00f3n de entidades de personas con discapacidad F\u00edsica y Org\u00e1nica de Castilla-La Mancha (CLM INCLUSIVA COCEMFE), la Federaci\u00f3n de Entidades de Personas con Discapacidad F\u00edsica y Org\u00e1nica de Ciudad Real (CR INCLUSIVA COCEMFE) y [&hellip;]\" \/>\n<meta property=\"og:url\" content=\"https:\/\/clm-inclusiva.org\/?p=5118\" \/>\n<meta property=\"og:site_name\" content=\"Clm-Inclusiva\" \/>\n<meta property=\"article:publisher\" content=\"https:\/\/www.facebook.com\/castillalamancha.inclusiva\/\" \/>\n<meta property=\"article:published_time\" content=\"2024-04-30T06:48:33+00:00\" \/>\n<meta property=\"article:modified_time\" content=\"2024-05-06T06:49:50+00:00\" \/>\n<meta property=\"og:image\" content=\"http:\/\/clm-inclusiva.org\/wp-content\/uploads\/2024\/05\/Imagen-de-WhatsApp-2024-04-30-a-las-12.46.24_402f04d3.jpg\" \/>\n\t<meta property=\"og:image:width\" content=\"1600\" \/>\n\t<meta property=\"og:image:height\" content=\"1066\" \/>\n\t<meta property=\"og:image:type\" content=\"image\/jpeg\" \/>\n<meta name=\"author\" content=\"clm-inclusiva\" \/>\n<meta name=\"twitter:card\" content=\"summary_large_image\" \/>\n<meta name=\"twitter:creator\" content=\"@ClmInclusiva\" \/>\n<meta name=\"twitter:site\" content=\"@ClmInclusiva\" \/>\n<meta name=\"twitter:label1\" content=\"Escrito por\" \/>\n\t<meta name=\"twitter:data1\" content=\"clm-inclusiva\" \/>\n\t<meta name=\"twitter:label2\" content=\"Tiempo de lectura\" \/>\n\t<meta name=\"twitter:data2\" content=\"3 minutos\" \/>\n<script type=\"application\/ld+json\" class=\"yoast-schema-graph\">{\"@context\":\"https:\/\/schema.org\",\"@graph\":[{\"@type\":\"Article\",\"@id\":\"https:\/\/clm-inclusiva.org\/?p=5118#article\",\"isPartOf\":{\"@id\":\"https:\/\/clm-inclusiva.org\/?p=5118\"},\"author\":{\"name\":\"clm-inclusiva\",\"@id\":\"https:\/\/clm-inclusiva.org\/#\/schema\/person\/0cff84aaa5bb8fd3521c55d1578d902b\"},\"headline\":\"FIRMADO EL CONVENIO DE COLABORACI\u00d3N CON EL AYUNTAMIENTO DE CIUDAD REAL CON EL FIN DE FOMENTAR LA INTEGRACI\u00d3N SOCIAL Y LABORAL DE LAS PERSONAS CON DISCAPACIDAD Y SUS FAMILIAS\",\"datePublished\":\"2024-04-30T06:48:33+00:00\",\"dateModified\":\"2024-05-06T06:49:50+00:00\",\"mainEntityOfPage\":{\"@id\":\"https:\/\/clm-inclusiva.org\/?p=5118\"},\"wordCount\":661,\"commentCount\":0,\"publisher\":{\"@id\":\"https:\/\/clm-inclusiva.org\/#organization\"},\"keywords\":[\"convenio\"],\"articleSection\":[\"amiab\",\"castilla-la mancha\",\"Ciudad Real\",\"Clm inclusiva\",\"Discapacidad\",\"Empleo\",\"formaci\u00f3n\"],\"inLanguage\":\"es\",\"potentialAction\":[{\"@type\":\"CommentAction\",\"name\":\"Comment\",\"target\":[\"https:\/\/clm-inclusiva.org\/?p=5118#respond\"]}]},{\"@type\":\"WebPage\",\"@id\":\"https:\/\/clm-inclusiva.org\/?p=5118\",\"url\":\"https:\/\/clm-inclusiva.org\/?p=5118\",\"name\":\"FIRMADO EL CONVENIO DE COLABORACI\u00d3N CON EL AYUNTAMIENTO DE CIUDAD REAL CON EL FIN DE FOMENTAR LA INTEGRACI\u00d3N SOCIAL Y LABORAL DE LAS PERSONAS CON DISCAPACIDAD Y SUS FAMILIAS - Clm-Inclusiva\",\"isPartOf\":{\"@id\":\"https:\/\/clm-inclusiva.org\/#website\"},\"datePublished\":\"2024-04-30T06:48:33+00:00\",\"dateModified\":\"2024-05-06T06:49:50+00:00\",\"breadcrumb\":{\"@id\":\"https:\/\/clm-inclusiva.org\/?p=5118#breadcrumb\"},\"inLanguage\":\"es\",\"potentialAction\":[{\"@type\":\"ReadAction\",\"target\":[\"https:\/\/clm-inclusiva.org\/?p=5118\"]}]},{\"@type\":\"BreadcrumbList\",\"@id\":\"https:\/\/clm-inclusiva.org\/?p=5118#breadcrumb\",\"itemListElement\":[{\"@type\":\"ListItem\",\"position\":1,\"name\":\"Portada\",\"item\":\"https:\/\/clm-inclusiva.org\/\"},{\"@type\":\"ListItem\",\"position\":2,\"name\":\"FIRMADO EL CONVENIO DE COLABORACI\u00d3N CON EL AYUNTAMIENTO DE CIUDAD REAL CON EL FIN DE FOMENTAR LA INTEGRACI\u00d3N SOCIAL Y LABORAL DE LAS PERSONAS CON DISCAPACIDAD Y SUS FAMILIAS\"}]},{\"@type\":\"WebSite\",\"@id\":\"https:\/\/clm-inclusiva.org\/#website\",\"url\":\"https:\/\/clm-inclusiva.org\/\",\"name\":\"Clm-Inclusiva\",\"description\":\"Confederaci\u00f3n de entidades de personas con discapacidad f\u00edsica y org\u00e1nica CLM\",\"publisher\":{\"@id\":\"https:\/\/clm-inclusiva.org\/#organization\"},\"potentialAction\":[{\"@type\":\"SearchAction\",\"target\":{\"@type\":\"EntryPoint\",\"urlTemplate\":\"https:\/\/clm-inclusiva.org\/?s={search_term_string}\"},\"query-input\":\"required name=search_term_string\"}],\"inLanguage\":\"es\"},{\"@type\":\"Organization\",\"@id\":\"https:\/\/clm-inclusiva.org\/#organization\",\"name\":\"Clm-Inclusiva\",\"url\":\"https:\/\/clm-inclusiva.org\/\",\"logo\":{\"@type\":\"ImageObject\",\"inLanguage\":\"es\",\"@id\":\"https:\/\/clm-inclusiva.org\/#\/schema\/logo\/image\/\",\"url\":\"http:\/\/clm-inclusiva.org\/wp-content\/uploads\/2019\/04\/banner-e1533720812836.jpg\",\"contentUrl\":\"http:\/\/clm-inclusiva.org\/wp-content\/uploads\/2019\/04\/banner-e1533720812836.jpg\",\"width\":600,\"height\":332,\"caption\":\"Clm-Inclusiva\"},\"image\":{\"@id\":\"https:\/\/clm-inclusiva.org\/#\/schema\/logo\/image\/\"},\"sameAs\":[\"https:\/\/www.facebook.com\/castillalamancha.inclusiva\/\",\"https:\/\/twitter.com\/ClmInclusiva\"]},{\"@type\":\"Person\",\"@id\":\"https:\/\/clm-inclusiva.org\/#\/schema\/person\/0cff84aaa5bb8fd3521c55d1578d902b\",\"name\":\"clm-inclusiva\",\"image\":{\"@type\":\"ImageObject\",\"inLanguage\":\"es\",\"@id\":\"https:\/\/clm-inclusiva.org\/#\/schema\/person\/image\/\",\"url\":\"https:\/\/secure.gravatar.com\/avatar\/88948567af770dc9cd5597b329011884?s=96&d=blank&r=g\",\"contentUrl\":\"https:\/\/secure.gravatar.com\/avatar\/88948567af770dc9cd5597b329011884?s=96&d=blank&r=g\",\"caption\":\"clm-inclusiva\"},\"sameAs\":[\"http:\/\/clm-inclusiva.org\"],\"url\":\"https:\/\/clm-inclusiva.org\/?author=1\"}]}<\/script>\n<!-- \/ Yoast SEO plugin. -->","yoast_head_json":{"title":"FIRMADO EL CONVENIO DE COLABORACI\u00d3N CON EL AYUNTAMIENTO DE CIUDAD REAL CON EL FIN DE FOMENTAR LA INTEGRACI\u00d3N SOCIAL Y LABORAL DE LAS PERSONAS CON DISCAPACIDAD Y SUS FAMILIAS - Clm-Inclusiva","robots":{"index":"index","follow":"follow","max-snippet":"max-snippet:-1","max-image-preview":"max-image-preview:large","max-video-preview":"max-video-preview:-1"},"canonical":"https:\/\/clm-inclusiva.org\/?p=5118","og_locale":"es_ES","og_type":"article","og_title":"FIRMADO EL CONVENIO DE COLABORACI\u00d3N CON EL AYUNTAMIENTO DE CIUDAD REAL CON EL FIN DE FOMENTAR LA INTEGRACI\u00d3N SOCIAL Y LABORAL DE LAS PERSONAS CON DISCAPACIDAD Y SUS FAMILIAS - Clm-Inclusiva","og_description":"Un convenio que firman el Excmo. Ayuntamiento de Ciudad Real, el Instituto Municipal de Promoci\u00f3n Econ\u00f3mica, Formaci\u00f3n y Empleo (IMPEFE), la Confederaci\u00f3n de entidades de personas con discapacidad F\u00edsica y Org\u00e1nica de Castilla-La Mancha (CLM INCLUSIVA COCEMFE), la Federaci\u00f3n de Entidades de Personas con Discapacidad F\u00edsica y Org\u00e1nica de Ciudad Real (CR INCLUSIVA COCEMFE) y [&hellip;]","og_url":"https:\/\/clm-inclusiva.org\/?p=5118","og_site_name":"Clm-Inclusiva","article_publisher":"https:\/\/www.facebook.com\/castillalamancha.inclusiva\/","article_published_time":"2024-04-30T06:48:33+00:00","article_modified_time":"2024-05-06T06:49:50+00:00","og_image":[{"width":1600,"height":1066,"url":"http:\/\/clm-inclusiva.org\/wp-content\/uploads\/2024\/05\/Imagen-de-WhatsApp-2024-04-30-a-las-12.46.24_402f04d3.jpg","type":"image\/jpeg"}],"author":"clm-inclusiva","twitter_card":"summary_large_image","twitter_creator":"@ClmInclusiva","twitter_site":"@ClmInclusiva","twitter_misc":{"Escrito por":"clm-inclusiva","Tiempo de lectura":"3 minutos"},"schema":{"@context":"https:\/\/schema.org","@graph":[{"@type":"Article","@id":"https:\/\/clm-inclusiva.org\/?p=5118#article","isPartOf":{"@id":"https:\/\/clm-inclusiva.org\/?p=5118"},"author":{"name":"clm-inclusiva","@id":"https:\/\/clm-inclusiva.org\/#\/schema\/person\/0cff84aaa5bb8fd3521c55d1578d902b"},"headline":"FIRMADO EL CONVENIO DE COLABORACI\u00d3N CON EL AYUNTAMIENTO DE CIUDAD REAL CON EL FIN DE FOMENTAR LA INTEGRACI\u00d3N SOCIAL Y LABORAL DE LAS PERSONAS CON DISCAPACIDAD Y SUS FAMILIAS","datePublished":"2024-04-30T06:48:33+00:00","dateModified":"2024-05-06T06:49:50+00:00","mainEntityOfPage":{"@id":"https:\/\/clm-inclusiva.org\/?p=5118"},"wordCount":661,"commentCount":0,"publisher":{"@id":"https:\/\/clm-inclusiva.org\/#organization"},"keywords":["convenio"],"articleSection":["amiab","castilla-la mancha","Ciudad Real","Clm inclusiva","Discapacidad","Empleo","formaci\u00f3n"],"inLanguage":"es","potentialAction":[{"@type":"CommentAction","name":"Comment","target":["https:\/\/clm-inclusiva.org\/?p=5118#respond"]}]},{"@type":"WebPage","@id":"https:\/\/clm-inclusiva.org\/?p=5118","url":"https:\/\/clm-inclusiva.org\/?p=5118","name":"FIRMADO EL CONVENIO DE COLABORACI\u00d3N CON EL AYUNTAMIENTO DE CIUDAD REAL CON EL FIN DE FOMENTAR LA INTEGRACI\u00d3N SOCIAL Y LABORAL DE LAS PERSONAS CON DISCAPACIDAD Y SUS FAMILIAS - Clm-Inclusiva","isPartOf":{"@id":"https:\/\/clm-inclusiva.org\/#website"},"datePublished":"2024-04-30T06:48:33+00:00","dateModified":"2024-05-06T06:49:50+00:00","breadcrumb":{"@id":"https:\/\/clm-inclusiva.org\/?p=5118#breadcrumb"},"inLanguage":"es","potentialAction":[{"@type":"ReadAction","target":["https:\/\/clm-inclusiva.org\/?p=5118"]}]},{"@type":"BreadcrumbList","@id":"https:\/\/clm-inclusiva.org\/?p=5118#breadcrumb","itemListElement":[{"@type":"ListItem","position":1,"name":"Portada","item":"https:\/\/clm-inclusiva.org\/"},{"@type":"ListItem","position":2,"name":"FIRMADO EL CONVENIO DE COLABORACI\u00d3N CON EL AYUNTAMIENTO DE CIUDAD REAL CON EL FIN DE FOMENTAR LA INTEGRACI\u00d3N SOCIAL Y LABORAL DE LAS PERSONAS CON DISCAPACIDAD Y SUS FAMILIAS"}]},{"@type":"WebSite","@id":"https:\/\/clm-inclusiva.org\/#website","url":"https:\/\/clm-inclusiva.org\/","name":"Clm-Inclusiva","description":"Confederaci\u00f3n de entidades de personas con discapacidad f\u00edsica y org\u00e1nica CLM","publisher":{"@id":"https:\/\/clm-inclusiva.org\/#organization"},"potentialAction":[{"@type":"SearchAction","target":{"@type":"EntryPoint","urlTemplate":"https:\/\/clm-inclusiva.org\/?s={search_term_string}"},"query-input":"required name=search_term_string"}],"inLanguage":"es"},{"@type":"Organization","@id":"https:\/\/clm-inclusiva.org\/#organization","name":"Clm-Inclusiva","url":"https:\/\/clm-inclusiva.org\/","logo":{"@type":"ImageObject","inLanguage":"es","@id":"https:\/\/clm-inclusiva.org\/#\/schema\/logo\/image\/","url":"http:\/\/clm-inclusiva.org\/wp-content\/uploads\/2019\/04\/banner-e1533720812836.jpg","contentUrl":"http:\/\/clm-inclusiva.org\/wp-content\/uploads\/2019\/04\/banner-e1533720812836.jpg","width":600,"height":332,"caption":"Clm-Inclusiva"},"image":{"@id":"https:\/\/clm-inclusiva.org\/#\/schema\/logo\/image\/"},"sameAs":["https:\/\/www.facebook.com\/castillalamancha.inclusiva\/","https:\/\/twitter.com\/ClmInclusiva"]},{"@type":"Person","@id":"https:\/\/clm-inclusiva.org\/#\/schema\/person\/0cff84aaa5bb8fd3521c55d1578d902b","name":"clm-inclusiva","image":{"@type":"ImageObject","inLanguage":"es","@id":"https:\/\/clm-inclusiva.org\/#\/schema\/person\/image\/","url":"https:\/\/secure.gravatar.com\/avatar\/88948567af770dc9cd5597b329011884?s=96&d=blank&r=g","contentUrl":"https:\/\/secure.gravatar.com\/avatar\/88948567af770dc9cd5597b329011884?s=96&d=blank&r=g","caption":"clm-inclusiva"},"sameAs":["http:\/\/clm-inclusiva.org"],"url":"https:\/\/clm-inclusiva.org\/?author=1"}]}},"_links":{"self":[{"href":"https:\/\/clm-inclusiva.org\/index.php?rest_route=\/wp\/v2\/posts\/5118"}],"collection":[{"href":"https:\/\/clm-inclusiva.org\/index.php?rest_route=\/wp\/v2\/posts"}],"about":[{"href":"https:\/\/clm-inclusiva.org\/index.php?rest_route=\/wp\/v2\/types\/post"}],"author":[{"embeddable":true,"href":"https:\/\/clm-inclusiva.org\/index.php?rest_route=\/wp\/v2\/users\/1"}],"replies":[{"embeddable":true,"href":"https:\/\/clm-inclusiva.org\/index.php?rest_route=%2Fwp%2Fv2%2Fcomments&post=5118"}],"version-history":[{"count":2,"href":"https:\/\/clm-inclusiva.org\/index.php?rest_route=\/wp\/v2\/posts\/5118\/revisions"}],"predecessor-version":[{"id":5124,"href":"https:\/\/clm-inclusiva.org\/index.php?rest_route=\/wp\/v2\/posts\/5118\/revisions\/5124"}],"wp:featuredmedia":[{"embeddable":true,"href":"https:\/\/clm-inclusiva.org\/index.php?rest_route=\/wp\/v2\/media\/5120"}],"wp:attachment":[{"href":"https:\/\/clm-inclusiva.org\/index.php?rest_route=%2Fwp%2Fv2%2Fmedia&parent=5118"}],"wp:term":[{"taxonomy":"category","embeddable":true,"href":"https:\/\/clm-inclusiva.org\/index.php?rest_route=%2Fwp%2Fv2%2Fcategories&post=5118"},{"taxonomy":"post_tag","embeddable":true,"href":"https:\/\/clm-inclusiva.org\/index.php?rest_route=%2Fwp%2Fv2%2Ftags&post=5118"}],"curies":[{"name":"wp","href":"https:\/\/api.w.org\/{rel}","templated":true}]}}