{"id":5110,"date":"2024-04-26T10:17:28","date_gmt":"2024-04-26T08:17:28","guid":{"rendered":"https:\/\/clm-inclusiva.org\/?p=5110"},"modified":"2024-04-26T10:29:17","modified_gmt":"2024-04-26T08:29:17","slug":"clm-inclusiva-cocemfe-galardonada-con-el-premio-valores-solidarios-en-la-tercera-edicion-de-los-premios-cooperativos-de-coopertaivas-agro-alimentarias-clm","status":"publish","type":"post","link":"https:\/\/clm-inclusiva.org\/?p=5110","title":{"rendered":"CLM INCLUSIVA COCEMFE GALARDONADA CON EL PREMIO \u201cVALORES SOLIDARIOS\u201d EN LA TERCERA EDICI\u00d3N DE LOS PREMIOS COOPERATIVOS DE COOPERATIVAS AGRO-ALIMENTARIAS CLM"},"content":{"rendered":"<ul>\n<li>\n<h3>Un reconocimiento a la entidad por trabajar para las personas que m\u00e1s lo necesitan.<\/h3>\n<\/li>\n<li>\n<h3>Con esta distinci\u00f3n, Cooperativas Agroalimentarias reconoce el trabajo que esta asociaci\u00f3n realiza para conseguir la plena inclusi\u00f3n y la participaci\u00f3n activa de las personas con discapacidad en todos los \u00e1mbitos de la sociedad. Contribuyendo as\u00ed a la construcci\u00f3n de una sociedad m\u00e1s inclusiva y diversa.<\/h3>\n<\/li>\n<\/ul>\n<p><strong>La Confederaci\u00f3n de entidades de personas con discapacidad f\u00edsica y org\u00e1nica de Castilla-La Mancha, CLM INCLUSIVA COCEMFE<\/strong>, ha recibido el premio especial \u201cValores Solidarios\u201d que otorga Cooperativas Agro-alimentarias Castilla-La Mancha.<\/p>\n<p>Es un reconocimiento <strong>por todos los a\u00f1os de trabajo<\/strong> hacia las personas que m\u00e1s lo necesitan. As\u00ed como por la labor realizada a favor de la <strong>plena inclusi\u00f3n y participaci\u00f3n activa<\/strong> de las personas con discapacidad f\u00edsica y org\u00e1nica en todos los \u00e1mbitos de la sociedad.<\/p>\n<p>El premio fue recogido por el presidente de CLM Inclusiva, Enrique Alarc\u00f3n y por la vicepresidenta Marta Montero. En su discurso, Alarc\u00f3n ha destacado la \u201c<strong>necesidad de crear una regi\u00f3n y un pa\u00eds sostenible<\/strong> en busca de una prosperidad compartida, donde la rentabilidad y la ostenibilidad deben ir de la mano, ofreci\u00e9ndole a nuestras generaciones venideras una econom\u00eda impregnada de humanidad\u201d.<\/p>\n<p>Tambi\u00e9n puso en valor el \u201c<strong>empe\u00f1o de nuestra entidad con el mundo rural<\/strong>, de ah\u00ed nuestra preocupaci\u00f3n y apuesta por su desarrollo. Las personas con discapacidad que ah\u00ed residen est\u00e1n m\u00e1s abocadas a vivir situaciones de exclusi\u00f3n econ\u00f3mica, laboral y educativa. De manera muy especial de las <strong>mujeres con discapacidad<\/strong>, pues sobre ellas recae en mayor medida la pobreza y la marginaci\u00f3n\u201d.<\/p>\n<p>Por ello <strong>agradece la labor de entidades como Cooperativas Agro-Alimentarias<\/strong>, \u201cverdadero motor de desarrollo social, econ\u00f3mico y sostenible de nuestra regi\u00f3n\u201d.<\/p>\n<p>Para esta confederaci\u00f3n, este reconocimiento es un impulso m\u00e1s en nuestra firme convicci\u00f3n de continuar sembrando semillas de solidaridad para que, con el trabajo com\u00fan, crezca una cultura de fraternidad en nuestra tierra.<\/p>\n<p>&nbsp;<\/p>\n<div class=\"et_pb_slider et_pb_slider_fullwidth_off et_pb_gallery_post_type\">\n\t\t\t\t<div class=\"et_pb_slides\">\n\t\t\t\t\t<div class=\"et_pb_slide\" style=\"background: url(https:\/\/clm-inclusiva.org\/wp-content\/uploads\/2024\/04\/FOTO-2-2-scaled.jpg);\"><\/div><div class=\"et_pb_slide\" style=\"background: url(https:\/\/clm-inclusiva.org\/wp-content\/uploads\/2024\/04\/FOTO-3-2-scaled.jpg);\"><\/div>\n\t\t\t\t<\/div>\n\t\t\t<\/div>\n","protected":false},"excerpt":{"rendered":"<p>Un reconocimiento a la entidad por trabajar para las personas que m\u00e1s lo necesitan. Con esta distinci\u00f3n, Cooperativas Agroalimentarias reconoce el trabajo que esta asociaci\u00f3n realiza para conseguir la plena inclusi\u00f3n y la participaci\u00f3n activa de las personas con discapacidad en todos los \u00e1mbitos de la sociedad. Contribuyendo as\u00ed a la construcci\u00f3n de una sociedad [&hellip;]<\/p>\n","protected":false},"author":1,"featured_media":5111,"comment_status":"open","ping_status":"open","sticky":false,"template":"","format":"standard","meta":{"_et_pb_use_builder":"","_et_pb_old_content":"","_et_gb_content_width":"","footnotes":""},"categories":[49,4,47,99,98,34,42],"tags":[],"yoast_head":"<!-- This site is optimized with the Yoast SEO plugin v21.3 - https:\/\/yoast.com\/wordpress\/plugins\/seo\/ -->\n<title>CLM INCLUSIVA COCEMFE GALARDONADA CON EL PREMIO \u201cVALORES SOLIDARIOS\u201d EN LA TERCERA EDICI\u00d3N DE LOS PREMIOS COOPERATIVOS DE COOPERATIVAS AGRO-ALIMENTARIAS CLM - Clm-Inclusiva<\/title>\n<meta name=\"robots\" content=\"index, follow, max-snippet:-1, max-image-preview:large, max-video-preview:-1\" \/>\n<link rel=\"canonical\" href=\"https:\/\/clm-inclusiva.org\/?p=5110\" \/>\n<meta property=\"og:locale\" content=\"es_ES\" \/>\n<meta property=\"og:type\" content=\"article\" \/>\n<meta property=\"og:title\" content=\"CLM INCLUSIVA COCEMFE GALARDONADA CON EL PREMIO \u201cVALORES SOLIDARIOS\u201d EN LA TERCERA EDICI\u00d3N DE LOS PREMIOS COOPERATIVOS DE COOPERATIVAS AGRO-ALIMENTARIAS CLM - Clm-Inclusiva\" \/>\n<meta property=\"og:description\" content=\"Un reconocimiento a la entidad por trabajar para las personas que m\u00e1s lo necesitan. Con esta distinci\u00f3n, Cooperativas Agroalimentarias reconoce el trabajo que esta asociaci\u00f3n realiza para conseguir la plena inclusi\u00f3n y la participaci\u00f3n activa de las personas con discapacidad en todos los \u00e1mbitos de la sociedad. Contribuyendo as\u00ed a la construcci\u00f3n de una sociedad [&hellip;]\" \/>\n<meta property=\"og:url\" content=\"https:\/\/clm-inclusiva.org\/?p=5110\" \/>\n<meta property=\"og:site_name\" content=\"Clm-Inclusiva\" \/>\n<meta property=\"article:publisher\" content=\"https:\/\/www.facebook.com\/castillalamancha.inclusiva\/\" \/>\n<meta property=\"article:published_time\" content=\"2024-04-26T08:17:28+00:00\" \/>\n<meta property=\"article:modified_time\" content=\"2024-04-26T08:29:17+00:00\" \/>\n<meta property=\"og:image\" content=\"http:\/\/clm-inclusiva.org\/wp-content\/uploads\/2024\/04\/FOTO-1-2.jpg\" \/>\n\t<meta property=\"og:image:width\" content=\"2048\" \/>\n\t<meta property=\"og:image:height\" content=\"1365\" \/>\n\t<meta property=\"og:image:type\" content=\"image\/jpeg\" \/>\n<meta name=\"author\" content=\"clm-inclusiva\" \/>\n<meta name=\"twitter:card\" content=\"summary_large_image\" \/>\n<meta name=\"twitter:creator\" content=\"@ClmInclusiva\" \/>\n<meta name=\"twitter:site\" content=\"@ClmInclusiva\" \/>\n<meta name=\"twitter:label1\" content=\"Escrito por\" \/>\n\t<meta name=\"twitter:data1\" content=\"clm-inclusiva\" \/>\n\t<meta name=\"twitter:label2\" content=\"Tiempo de lectura\" \/>\n\t<meta name=\"twitter:data2\" content=\"2 minutos\" \/>\n<script type=\"application\/ld+json\" class=\"yoast-schema-graph\">{\"@context\":\"https:\/\/schema.org\",\"@graph\":[{\"@type\":\"Article\",\"@id\":\"https:\/\/clm-inclusiva.org\/?p=5110#article\",\"isPartOf\":{\"@id\":\"https:\/\/clm-inclusiva.org\/?p=5110\"},\"author\":{\"name\":\"clm-inclusiva\",\"@id\":\"https:\/\/clm-inclusiva.org\/#\/schema\/person\/0cff84aaa5bb8fd3521c55d1578d902b\"},\"headline\":\"CLM INCLUSIVA COCEMFE GALARDONADA CON EL PREMIO \u201cVALORES SOLIDARIOS\u201d EN LA TERCERA EDICI\u00d3N DE LOS PREMIOS COOPERATIVOS DE COOPERATIVAS AGRO-ALIMENTARIAS CLM\",\"datePublished\":\"2024-04-26T08:17:28+00:00\",\"dateModified\":\"2024-04-26T08:29:17+00:00\",\"mainEntityOfPage\":{\"@id\":\"https:\/\/clm-inclusiva.org\/?p=5110\"},\"wordCount\":373,\"commentCount\":0,\"publisher\":{\"@id\":\"https:\/\/clm-inclusiva.org\/#organization\"},\"articleSection\":[\"castilla-la mancha\",\"Clm inclusiva\",\"cocemfe\",\"gala\",\"premio\",\"Reconocimientos\",\"Toledo\"],\"inLanguage\":\"es\",\"potentialAction\":[{\"@type\":\"CommentAction\",\"name\":\"Comment\",\"target\":[\"https:\/\/clm-inclusiva.org\/?p=5110#respond\"]}]},{\"@type\":\"WebPage\",\"@id\":\"https:\/\/clm-inclusiva.org\/?p=5110\",\"url\":\"https:\/\/clm-inclusiva.org\/?p=5110\",\"name\":\"CLM INCLUSIVA COCEMFE GALARDONADA CON EL PREMIO \u201cVALORES SOLIDARIOS\u201d EN LA TERCERA EDICI\u00d3N DE LOS PREMIOS COOPERATIVOS DE COOPERATIVAS AGRO-ALIMENTARIAS CLM - Clm-Inclusiva\",\"isPartOf\":{\"@id\":\"https:\/\/clm-inclusiva.org\/#website\"},\"datePublished\":\"2024-04-26T08:17:28+00:00\",\"dateModified\":\"2024-04-26T08:29:17+00:00\",\"breadcrumb\":{\"@id\":\"https:\/\/clm-inclusiva.org\/?p=5110#breadcrumb\"},\"inLanguage\":\"es\",\"potentialAction\":[{\"@type\":\"ReadAction\",\"target\":[\"https:\/\/clm-inclusiva.org\/?p=5110\"]}]},{\"@type\":\"BreadcrumbList\",\"@id\":\"https:\/\/clm-inclusiva.org\/?p=5110#breadcrumb\",\"itemListElement\":[{\"@type\":\"ListItem\",\"position\":1,\"name\":\"Portada\",\"item\":\"https:\/\/clm-inclusiva.org\/\"},{\"@type\":\"ListItem\",\"position\":2,\"name\":\"CLM INCLUSIVA COCEMFE GALARDONADA CON EL PREMIO \u201cVALORES SOLIDARIOS\u201d EN LA TERCERA EDICI\u00d3N DE LOS PREMIOS COOPERATIVOS DE COOPERATIVAS AGRO-ALIMENTARIAS CLM\"}]},{\"@type\":\"WebSite\",\"@id\":\"https:\/\/clm-inclusiva.org\/#website\",\"url\":\"https:\/\/clm-inclusiva.org\/\",\"name\":\"Clm-Inclusiva\",\"description\":\"Confederaci\u00f3n de entidades de personas con discapacidad f\u00edsica y org\u00e1nica CLM\",\"publisher\":{\"@id\":\"https:\/\/clm-inclusiva.org\/#organization\"},\"potentialAction\":[{\"@type\":\"SearchAction\",\"target\":{\"@type\":\"EntryPoint\",\"urlTemplate\":\"https:\/\/clm-inclusiva.org\/?s={search_term_string}\"},\"query-input\":\"required name=search_term_string\"}],\"inLanguage\":\"es\"},{\"@type\":\"Organization\",\"@id\":\"https:\/\/clm-inclusiva.org\/#organization\",\"name\":\"Clm-Inclusiva\",\"url\":\"https:\/\/clm-inclusiva.org\/\",\"logo\":{\"@type\":\"ImageObject\",\"inLanguage\":\"es\",\"@id\":\"https:\/\/clm-inclusiva.org\/#\/schema\/logo\/image\/\",\"url\":\"http:\/\/clm-inclusiva.org\/wp-content\/uploads\/2019\/04\/banner-e1533720812836.jpg\",\"contentUrl\":\"http:\/\/clm-inclusiva.org\/wp-content\/uploads\/2019\/04\/banner-e1533720812836.jpg\",\"width\":600,\"height\":332,\"caption\":\"Clm-Inclusiva\"},\"image\":{\"@id\":\"https:\/\/clm-inclusiva.org\/#\/schema\/logo\/image\/\"},\"sameAs\":[\"https:\/\/www.facebook.com\/castillalamancha.inclusiva\/\",\"https:\/\/twitter.com\/ClmInclusiva\"]},{\"@type\":\"Person\",\"@id\":\"https:\/\/clm-inclusiva.org\/#\/schema\/person\/0cff84aaa5bb8fd3521c55d1578d902b\",\"name\":\"clm-inclusiva\",\"image\":{\"@type\":\"ImageObject\",\"inLanguage\":\"es\",\"@id\":\"https:\/\/clm-inclusiva.org\/#\/schema\/person\/image\/\",\"url\":\"https:\/\/secure.gravatar.com\/avatar\/88948567af770dc9cd5597b329011884?s=96&d=blank&r=g\",\"contentUrl\":\"https:\/\/secure.gravatar.com\/avatar\/88948567af770dc9cd5597b329011884?s=96&d=blank&r=g\",\"caption\":\"clm-inclusiva\"},\"sameAs\":[\"http:\/\/clm-inclusiva.org\"],\"url\":\"https:\/\/clm-inclusiva.org\/?author=1\"}]}<\/script>\n<!-- \/ Yoast SEO plugin. -->","yoast_head_json":{"title":"CLM INCLUSIVA COCEMFE GALARDONADA CON EL PREMIO \u201cVALORES SOLIDARIOS\u201d EN LA TERCERA EDICI\u00d3N DE LOS PREMIOS COOPERATIVOS DE COOPERATIVAS AGRO-ALIMENTARIAS CLM - Clm-Inclusiva","robots":{"index":"index","follow":"follow","max-snippet":"max-snippet:-1","max-image-preview":"max-image-preview:large","max-video-preview":"max-video-preview:-1"},"canonical":"https:\/\/clm-inclusiva.org\/?p=5110","og_locale":"es_ES","og_type":"article","og_title":"CLM INCLUSIVA COCEMFE GALARDONADA CON EL PREMIO \u201cVALORES SOLIDARIOS\u201d EN LA TERCERA EDICI\u00d3N DE LOS PREMIOS COOPERATIVOS DE COOPERATIVAS AGRO-ALIMENTARIAS CLM - Clm-Inclusiva","og_description":"Un reconocimiento a la entidad por trabajar para las personas que m\u00e1s lo necesitan. Con esta distinci\u00f3n, Cooperativas Agroalimentarias reconoce el trabajo que esta asociaci\u00f3n realiza para conseguir la plena inclusi\u00f3n y la participaci\u00f3n activa de las personas con discapacidad en todos los \u00e1mbitos de la sociedad. Contribuyendo as\u00ed a la construcci\u00f3n de una sociedad [&hellip;]","og_url":"https:\/\/clm-inclusiva.org\/?p=5110","og_site_name":"Clm-Inclusiva","article_publisher":"https:\/\/www.facebook.com\/castillalamancha.inclusiva\/","article_published_time":"2024-04-26T08:17:28+00:00","article_modified_time":"2024-04-26T08:29:17+00:00","og_image":[{"width":2048,"height":1365,"url":"http:\/\/clm-inclusiva.org\/wp-content\/uploads\/2024\/04\/FOTO-1-2.jpg","type":"image\/jpeg"}],"author":"clm-inclusiva","twitter_card":"summary_large_image","twitter_creator":"@ClmInclusiva","twitter_site":"@ClmInclusiva","twitter_misc":{"Escrito por":"clm-inclusiva","Tiempo de lectura":"2 minutos"},"schema":{"@context":"https:\/\/schema.org","@graph":[{"@type":"Article","@id":"https:\/\/clm-inclusiva.org\/?p=5110#article","isPartOf":{"@id":"https:\/\/clm-inclusiva.org\/?p=5110"},"author":{"name":"clm-inclusiva","@id":"https:\/\/clm-inclusiva.org\/#\/schema\/person\/0cff84aaa5bb8fd3521c55d1578d902b"},"headline":"CLM INCLUSIVA COCEMFE GALARDONADA CON EL PREMIO \u201cVALORES SOLIDARIOS\u201d EN LA TERCERA EDICI\u00d3N DE LOS PREMIOS COOPERATIVOS DE COOPERATIVAS AGRO-ALIMENTARIAS CLM","datePublished":"2024-04-26T08:17:28+00:00","dateModified":"2024-04-26T08:29:17+00:00","mainEntityOfPage":{"@id":"https:\/\/clm-inclusiva.org\/?p=5110"},"wordCount":373,"commentCount":0,"publisher":{"@id":"https:\/\/clm-inclusiva.org\/#organization"},"articleSection":["castilla-la mancha","Clm inclusiva","cocemfe","gala","premio","Reconocimientos","Toledo"],"inLanguage":"es","potentialAction":[{"@type":"CommentAction","name":"Comment","target":["https:\/\/clm-inclusiva.org\/?p=5110#respond"]}]},{"@type":"WebPage","@id":"https:\/\/clm-inclusiva.org\/?p=5110","url":"https:\/\/clm-inclusiva.org\/?p=5110","name":"CLM INCLUSIVA COCEMFE GALARDONADA CON EL PREMIO \u201cVALORES SOLIDARIOS\u201d EN LA TERCERA EDICI\u00d3N DE LOS PREMIOS COOPERATIVOS DE COOPERATIVAS AGRO-ALIMENTARIAS CLM - Clm-Inclusiva","isPartOf":{"@id":"https:\/\/clm-inclusiva.org\/#website"},"datePublished":"2024-04-26T08:17:28+00:00","dateModified":"2024-04-26T08:29:17+00:00","breadcrumb":{"@id":"https:\/\/clm-inclusiva.org\/?p=5110#breadcrumb"},"inLanguage":"es","potentialAction":[{"@type":"ReadAction","target":["https:\/\/clm-inclusiva.org\/?p=5110"]}]},{"@type":"BreadcrumbList","@id":"https:\/\/clm-inclusiva.org\/?p=5110#breadcrumb","itemListElement":[{"@type":"ListItem","position":1,"name":"Portada","item":"https:\/\/clm-inclusiva.org\/"},{"@type":"ListItem","position":2,"name":"CLM INCLUSIVA COCEMFE GALARDONADA CON EL PREMIO \u201cVALORES SOLIDARIOS\u201d EN LA TERCERA EDICI\u00d3N DE LOS PREMIOS COOPERATIVOS DE COOPERATIVAS AGRO-ALIMENTARIAS CLM"}]},{"@type":"WebSite","@id":"https:\/\/clm-inclusiva.org\/#website","url":"https:\/\/clm-inclusiva.org\/","name":"Clm-Inclusiva","description":"Confederaci\u00f3n de entidades de personas con discapacidad f\u00edsica y org\u00e1nica CLM","publisher":{"@id":"https:\/\/clm-inclusiva.org\/#organization"},"potentialAction":[{"@type":"SearchAction","target":{"@type":"EntryPoint","urlTemplate":"https:\/\/clm-inclusiva.org\/?s={search_term_string}"},"query-input":"required name=search_term_string"}],"inLanguage":"es"},{"@type":"Organization","@id":"https:\/\/clm-inclusiva.org\/#organization","name":"Clm-Inclusiva","url":"https:\/\/clm-inclusiva.org\/","logo":{"@type":"ImageObject","inLanguage":"es","@id":"https:\/\/clm-inclusiva.org\/#\/schema\/logo\/image\/","url":"http:\/\/clm-inclusiva.org\/wp-content\/uploads\/2019\/04\/banner-e1533720812836.jpg","contentUrl":"http:\/\/clm-inclusiva.org\/wp-content\/uploads\/2019\/04\/banner-e1533720812836.jpg","width":600,"height":332,"caption":"Clm-Inclusiva"},"image":{"@id":"https:\/\/clm-inclusiva.org\/#\/schema\/logo\/image\/"},"sameAs":["https:\/\/www.facebook.com\/castillalamancha.inclusiva\/","https:\/\/twitter.com\/ClmInclusiva"]},{"@type":"Person","@id":"https:\/\/clm-inclusiva.org\/#\/schema\/person\/0cff84aaa5bb8fd3521c55d1578d902b","name":"clm-inclusiva","image":{"@type":"ImageObject","inLanguage":"es","@id":"https:\/\/clm-inclusiva.org\/#\/schema\/person\/image\/","url":"https:\/\/secure.gravatar.com\/avatar\/88948567af770dc9cd5597b329011884?s=96&d=blank&r=g","contentUrl":"https:\/\/secure.gravatar.com\/avatar\/88948567af770dc9cd5597b329011884?s=96&d=blank&r=g","caption":"clm-inclusiva"},"sameAs":["http:\/\/clm-inclusiva.org"],"url":"https:\/\/clm-inclusiva.org\/?author=1"}]}},"_links":{"self":[{"href":"https:\/\/clm-inclusiva.org\/index.php?rest_route=\/wp\/v2\/posts\/5110"}],"collection":[{"href":"https:\/\/clm-inclusiva.org\/index.php?rest_route=\/wp\/v2\/posts"}],"about":[{"href":"https:\/\/clm-inclusiva.org\/index.php?rest_route=\/wp\/v2\/types\/post"}],"author":[{"embeddable":true,"href":"https:\/\/clm-inclusiva.org\/index.php?rest_route=\/wp\/v2\/users\/1"}],"replies":[{"embeddable":true,"href":"https:\/\/clm-inclusiva.org\/index.php?rest_route=%2Fwp%2Fv2%2Fcomments&post=5110"}],"version-history":[{"count":2,"href":"https:\/\/clm-inclusiva.org\/index.php?rest_route=\/wp\/v2\/posts\/5110\/revisions"}],"predecessor-version":[{"id":5115,"href":"https:\/\/clm-inclusiva.org\/index.php?rest_route=\/wp\/v2\/posts\/5110\/revisions\/5115"}],"wp:featuredmedia":[{"embeddable":true,"href":"https:\/\/clm-inclusiva.org\/index.php?rest_route=\/wp\/v2\/media\/5111"}],"wp:attachment":[{"href":"https:\/\/clm-inclusiva.org\/index.php?rest_route=%2Fwp%2Fv2%2Fmedia&parent=5110"}],"wp:term":[{"taxonomy":"category","embeddable":true,"href":"https:\/\/clm-inclusiva.org\/index.php?rest_route=%2Fwp%2Fv2%2Fcategories&post=5110"},{"taxonomy":"post_tag","embeddable":true,"href":"https:\/\/clm-inclusiva.org\/index.php?rest_route=%2Fwp%2Fv2%2Ftags&post=5110"}],"curies":[{"name":"wp","href":"https:\/\/api.w.org\/{rel}","templated":true}]}}