{"id":5098,"date":"2024-04-16T08:50:53","date_gmt":"2024-04-16T06:50:53","guid":{"rendered":"https:\/\/clm-inclusiva.org\/?p=5098"},"modified":"2024-04-16T09:53:56","modified_gmt":"2024-04-16T07:53:56","slug":"244-personas-atendidas-y-mas-de-40-insertadas-en-los-proyectos-de-agencia-de-colocacion","status":"publish","type":"post","link":"https:\/\/clm-inclusiva.org\/?p=5098","title":{"rendered":"244 PERSONAS ATENDIDAS Y 70 INSERTADAS EN LOS PROYECTOS DE AGENCIA DE COLOCACI\u00d3N"},"content":{"rendered":"<h3>CLM Inclusiva COCEMFE ha mantenido una reuni\u00f3n de trabajo con la Nuria Chust, Viceconsejera de Empleo, Di\u00e1logo Social y Seguridad y Salud Laboral de la Junta de Comunidades de Castilla-La Mancha<\/h3>\n<p>Castilla-La Mancha Inclusiva COCEMFE ha expuesto, durante la reuni\u00f3n mantenida con Nuria Chust, Viceconsejera de Empleo, Di\u00e1logo Social y Seguridad y Salud Laboral, los resultados de ejecuci\u00f3n de los proyectos de mejora de la empleabilidad desarrollados en el marco de los fondos Next-Generation impulsados por el Gobierno de Castilla-La Mancha a trav\u00e9s de la Consejer\u00eda de Econom\u00eda, Empresas y Empleo.<\/p>\n<p>Unas convocatorias que han permitido a lo largo de 2022 y 2023 la atenci\u00f3n de 244 personas, 26 de las cuales han sido contratadas por diferentes empresas privadas en el marco de la misma. Obteni\u00e9ndose adem\u00e1s la contrataci\u00f3n de otras 44 personas en el transcurso del mismo.<\/p>\n<p>En la reuni\u00f3n, en la que han estado presentes Enrique Alarc\u00f3n, presidente de la entidad, Carlos Mora, Coordinador regional y Celia Escobar, Coordinadora de empleo, se han expuesto las necesidades de los servicios de empleo y las posibilidades de nuevas convocatorias para agencias de colocaci\u00f3n.<\/p>\n<p>El presidente de la entidad, Enrique Alarc\u00f3n, \u201cha puesto de manifiesto la importancia del acompa\u00f1amiento de las personas con discapacidad y otros colectivos vulnerables hacia el empleo\u201d. Destacando \u201cel papel de entidades sociales en este proceso\u201d.<\/p>\n<p>Asimismo, ha resaltado la excelente disposici\u00f3n de la viceconsejer\u00eda y del gobierno regional para mantener la colaboraci\u00f3n en la mejora de la calidad de vida de este colectivo.<\/p>\n<p>&nbsp;<\/p>\n<div class=\"et_pb_slider et_pb_slider_fullwidth_off et_pb_gallery_post_type\">\n\t\t\t\t<div class=\"et_pb_slides\">\n\t\t\t\t\t<div class=\"et_pb_slide\" style=\"background: url(https:\/\/clm-inclusiva.org\/wp-content\/uploads\/2024\/04\/FOTO-2-1.jpg);\"><\/div><div class=\"et_pb_slide\" style=\"background: url(https:\/\/clm-inclusiva.org\/wp-content\/uploads\/2024\/04\/FOTO-3-1.jpg);\"><\/div>\n\t\t\t\t<\/div>\n\t\t\t<\/div>\n","protected":false},"excerpt":{"rendered":"<p>CLM Inclusiva COCEMFE ha mantenido una reuni\u00f3n de trabajo con la Nuria Chust, Viceconsejera de Empleo, Di\u00e1logo Social y Seguridad y Salud Laboral de la Junta de Comunidades de Castilla-La Mancha Castilla-La Mancha Inclusiva COCEMFE ha expuesto, durante la reuni\u00f3n mantenida con Nuria Chust, Viceconsejera de Empleo, Di\u00e1logo Social y Seguridad y Salud Laboral, los [&hellip;]<\/p>\n","protected":false},"author":1,"featured_media":5099,"comment_status":"open","ping_status":"open","sticky":false,"template":"","format":"standard","meta":{"_et_pb_use_builder":"","_et_pb_old_content":"","_et_gb_content_width":"","footnotes":""},"categories":[4,6,42],"tags":[],"yoast_head":"<!-- This site is optimized with the Yoast SEO plugin v21.3 - https:\/\/yoast.com\/wordpress\/plugins\/seo\/ -->\n<title>244 PERSONAS ATENDIDAS Y 70 INSERTADAS EN LOS PROYECTOS DE AGENCIA DE COLOCACI\u00d3N - Clm-Inclusiva<\/title>\n<meta name=\"robots\" content=\"index, follow, max-snippet:-1, max-image-preview:large, max-video-preview:-1\" \/>\n<link rel=\"canonical\" href=\"https:\/\/clm-inclusiva.org\/?p=5098\" \/>\n<meta property=\"og:locale\" content=\"es_ES\" \/>\n<meta property=\"og:type\" content=\"article\" \/>\n<meta property=\"og:title\" content=\"244 PERSONAS ATENDIDAS Y 70 INSERTADAS EN LOS PROYECTOS DE AGENCIA DE COLOCACI\u00d3N - Clm-Inclusiva\" \/>\n<meta property=\"og:description\" content=\"CLM Inclusiva COCEMFE ha mantenido una reuni\u00f3n de trabajo con la Nuria Chust, Viceconsejera de Empleo, Di\u00e1logo Social y Seguridad y Salud Laboral de la Junta de Comunidades de Castilla-La Mancha Castilla-La Mancha Inclusiva COCEMFE ha expuesto, durante la reuni\u00f3n mantenida con Nuria Chust, Viceconsejera de Empleo, Di\u00e1logo Social y Seguridad y Salud Laboral, los [&hellip;]\" \/>\n<meta property=\"og:url\" content=\"https:\/\/clm-inclusiva.org\/?p=5098\" \/>\n<meta property=\"og:site_name\" content=\"Clm-Inclusiva\" \/>\n<meta property=\"article:publisher\" content=\"https:\/\/www.facebook.com\/castillalamancha.inclusiva\/\" \/>\n<meta property=\"article:published_time\" content=\"2024-04-16T06:50:53+00:00\" \/>\n<meta property=\"article:modified_time\" content=\"2024-04-16T07:53:56+00:00\" \/>\n<meta property=\"og:image\" content=\"http:\/\/clm-inclusiva.org\/wp-content\/uploads\/2024\/04\/FOTO-1-1.jpg\" \/>\n\t<meta property=\"og:image:width\" content=\"2048\" \/>\n\t<meta property=\"og:image:height\" content=\"1365\" \/>\n\t<meta property=\"og:image:type\" content=\"image\/jpeg\" \/>\n<meta name=\"author\" content=\"clm-inclusiva\" \/>\n<meta name=\"twitter:card\" content=\"summary_large_image\" \/>\n<meta name=\"twitter:creator\" content=\"@ClmInclusiva\" \/>\n<meta name=\"twitter:site\" content=\"@ClmInclusiva\" \/>\n<meta name=\"twitter:label1\" content=\"Escrito por\" \/>\n\t<meta name=\"twitter:data1\" content=\"clm-inclusiva\" \/>\n\t<meta name=\"twitter:label2\" content=\"Tiempo de lectura\" \/>\n\t<meta name=\"twitter:data2\" content=\"2 minutos\" \/>\n<script type=\"application\/ld+json\" class=\"yoast-schema-graph\">{\"@context\":\"https:\/\/schema.org\",\"@graph\":[{\"@type\":\"Article\",\"@id\":\"https:\/\/clm-inclusiva.org\/?p=5098#article\",\"isPartOf\":{\"@id\":\"https:\/\/clm-inclusiva.org\/?p=5098\"},\"author\":{\"name\":\"clm-inclusiva\",\"@id\":\"https:\/\/clm-inclusiva.org\/#\/schema\/person\/0cff84aaa5bb8fd3521c55d1578d902b\"},\"headline\":\"244 PERSONAS ATENDIDAS Y 70 INSERTADAS EN LOS PROYECTOS DE AGENCIA DE COLOCACI\u00d3N\",\"datePublished\":\"2024-04-16T06:50:53+00:00\",\"dateModified\":\"2024-04-16T07:53:56+00:00\",\"mainEntityOfPage\":{\"@id\":\"https:\/\/clm-inclusiva.org\/?p=5098\"},\"wordCount\":277,\"commentCount\":0,\"publisher\":{\"@id\":\"https:\/\/clm-inclusiva.org\/#organization\"},\"articleSection\":[\"Clm inclusiva\",\"Empleo\",\"Toledo\"],\"inLanguage\":\"es\",\"potentialAction\":[{\"@type\":\"CommentAction\",\"name\":\"Comment\",\"target\":[\"https:\/\/clm-inclusiva.org\/?p=5098#respond\"]}]},{\"@type\":\"WebPage\",\"@id\":\"https:\/\/clm-inclusiva.org\/?p=5098\",\"url\":\"https:\/\/clm-inclusiva.org\/?p=5098\",\"name\":\"244 PERSONAS ATENDIDAS Y 70 INSERTADAS EN LOS PROYECTOS DE AGENCIA DE COLOCACI\u00d3N - Clm-Inclusiva\",\"isPartOf\":{\"@id\":\"https:\/\/clm-inclusiva.org\/#website\"},\"datePublished\":\"2024-04-16T06:50:53+00:00\",\"dateModified\":\"2024-04-16T07:53:56+00:00\",\"breadcrumb\":{\"@id\":\"https:\/\/clm-inclusiva.org\/?p=5098#breadcrumb\"},\"inLanguage\":\"es\",\"potentialAction\":[{\"@type\":\"ReadAction\",\"target\":[\"https:\/\/clm-inclusiva.org\/?p=5098\"]}]},{\"@type\":\"BreadcrumbList\",\"@id\":\"https:\/\/clm-inclusiva.org\/?p=5098#breadcrumb\",\"itemListElement\":[{\"@type\":\"ListItem\",\"position\":1,\"name\":\"Portada\",\"item\":\"https:\/\/clm-inclusiva.org\/\"},{\"@type\":\"ListItem\",\"position\":2,\"name\":\"244 PERSONAS ATENDIDAS Y 70 INSERTADAS EN LOS PROYECTOS DE AGENCIA DE COLOCACI\u00d3N\"}]},{\"@type\":\"WebSite\",\"@id\":\"https:\/\/clm-inclusiva.org\/#website\",\"url\":\"https:\/\/clm-inclusiva.org\/\",\"name\":\"Clm-Inclusiva\",\"description\":\"Confederaci\u00f3n de entidades de personas con discapacidad f\u00edsica y org\u00e1nica CLM\",\"publisher\":{\"@id\":\"https:\/\/clm-inclusiva.org\/#organization\"},\"potentialAction\":[{\"@type\":\"SearchAction\",\"target\":{\"@type\":\"EntryPoint\",\"urlTemplate\":\"https:\/\/clm-inclusiva.org\/?s={search_term_string}\"},\"query-input\":\"required name=search_term_string\"}],\"inLanguage\":\"es\"},{\"@type\":\"Organization\",\"@id\":\"https:\/\/clm-inclusiva.org\/#organization\",\"name\":\"Clm-Inclusiva\",\"url\":\"https:\/\/clm-inclusiva.org\/\",\"logo\":{\"@type\":\"ImageObject\",\"inLanguage\":\"es\",\"@id\":\"https:\/\/clm-inclusiva.org\/#\/schema\/logo\/image\/\",\"url\":\"http:\/\/clm-inclusiva.org\/wp-content\/uploads\/2019\/04\/banner-e1533720812836.jpg\",\"contentUrl\":\"http:\/\/clm-inclusiva.org\/wp-content\/uploads\/2019\/04\/banner-e1533720812836.jpg\",\"width\":600,\"height\":332,\"caption\":\"Clm-Inclusiva\"},\"image\":{\"@id\":\"https:\/\/clm-inclusiva.org\/#\/schema\/logo\/image\/\"},\"sameAs\":[\"https:\/\/www.facebook.com\/castillalamancha.inclusiva\/\",\"https:\/\/twitter.com\/ClmInclusiva\"]},{\"@type\":\"Person\",\"@id\":\"https:\/\/clm-inclusiva.org\/#\/schema\/person\/0cff84aaa5bb8fd3521c55d1578d902b\",\"name\":\"clm-inclusiva\",\"image\":{\"@type\":\"ImageObject\",\"inLanguage\":\"es\",\"@id\":\"https:\/\/clm-inclusiva.org\/#\/schema\/person\/image\/\",\"url\":\"https:\/\/secure.gravatar.com\/avatar\/88948567af770dc9cd5597b329011884?s=96&d=blank&r=g\",\"contentUrl\":\"https:\/\/secure.gravatar.com\/avatar\/88948567af770dc9cd5597b329011884?s=96&d=blank&r=g\",\"caption\":\"clm-inclusiva\"},\"sameAs\":[\"http:\/\/clm-inclusiva.org\"],\"url\":\"https:\/\/clm-inclusiva.org\/?author=1\"}]}<\/script>\n<!-- \/ Yoast SEO plugin. -->","yoast_head_json":{"title":"244 PERSONAS ATENDIDAS Y 70 INSERTADAS EN LOS PROYECTOS DE AGENCIA DE COLOCACI\u00d3N - Clm-Inclusiva","robots":{"index":"index","follow":"follow","max-snippet":"max-snippet:-1","max-image-preview":"max-image-preview:large","max-video-preview":"max-video-preview:-1"},"canonical":"https:\/\/clm-inclusiva.org\/?p=5098","og_locale":"es_ES","og_type":"article","og_title":"244 PERSONAS ATENDIDAS Y 70 INSERTADAS EN LOS PROYECTOS DE AGENCIA DE COLOCACI\u00d3N - Clm-Inclusiva","og_description":"CLM Inclusiva COCEMFE ha mantenido una reuni\u00f3n de trabajo con la Nuria Chust, Viceconsejera de Empleo, Di\u00e1logo Social y Seguridad y Salud Laboral de la Junta de Comunidades de Castilla-La Mancha Castilla-La Mancha Inclusiva COCEMFE ha expuesto, durante la reuni\u00f3n mantenida con Nuria Chust, Viceconsejera de Empleo, Di\u00e1logo Social y Seguridad y Salud Laboral, los [&hellip;]","og_url":"https:\/\/clm-inclusiva.org\/?p=5098","og_site_name":"Clm-Inclusiva","article_publisher":"https:\/\/www.facebook.com\/castillalamancha.inclusiva\/","article_published_time":"2024-04-16T06:50:53+00:00","article_modified_time":"2024-04-16T07:53:56+00:00","og_image":[{"width":2048,"height":1365,"url":"http:\/\/clm-inclusiva.org\/wp-content\/uploads\/2024\/04\/FOTO-1-1.jpg","type":"image\/jpeg"}],"author":"clm-inclusiva","twitter_card":"summary_large_image","twitter_creator":"@ClmInclusiva","twitter_site":"@ClmInclusiva","twitter_misc":{"Escrito por":"clm-inclusiva","Tiempo de lectura":"2 minutos"},"schema":{"@context":"https:\/\/schema.org","@graph":[{"@type":"Article","@id":"https:\/\/clm-inclusiva.org\/?p=5098#article","isPartOf":{"@id":"https:\/\/clm-inclusiva.org\/?p=5098"},"author":{"name":"clm-inclusiva","@id":"https:\/\/clm-inclusiva.org\/#\/schema\/person\/0cff84aaa5bb8fd3521c55d1578d902b"},"headline":"244 PERSONAS ATENDIDAS Y 70 INSERTADAS EN LOS PROYECTOS DE AGENCIA DE COLOCACI\u00d3N","datePublished":"2024-04-16T06:50:53+00:00","dateModified":"2024-04-16T07:53:56+00:00","mainEntityOfPage":{"@id":"https:\/\/clm-inclusiva.org\/?p=5098"},"wordCount":277,"commentCount":0,"publisher":{"@id":"https:\/\/clm-inclusiva.org\/#organization"},"articleSection":["Clm inclusiva","Empleo","Toledo"],"inLanguage":"es","potentialAction":[{"@type":"CommentAction","name":"Comment","target":["https:\/\/clm-inclusiva.org\/?p=5098#respond"]}]},{"@type":"WebPage","@id":"https:\/\/clm-inclusiva.org\/?p=5098","url":"https:\/\/clm-inclusiva.org\/?p=5098","name":"244 PERSONAS ATENDIDAS Y 70 INSERTADAS EN LOS PROYECTOS DE AGENCIA DE COLOCACI\u00d3N - Clm-Inclusiva","isPartOf":{"@id":"https:\/\/clm-inclusiva.org\/#website"},"datePublished":"2024-04-16T06:50:53+00:00","dateModified":"2024-04-16T07:53:56+00:00","breadcrumb":{"@id":"https:\/\/clm-inclusiva.org\/?p=5098#breadcrumb"},"inLanguage":"es","potentialAction":[{"@type":"ReadAction","target":["https:\/\/clm-inclusiva.org\/?p=5098"]}]},{"@type":"BreadcrumbList","@id":"https:\/\/clm-inclusiva.org\/?p=5098#breadcrumb","itemListElement":[{"@type":"ListItem","position":1,"name":"Portada","item":"https:\/\/clm-inclusiva.org\/"},{"@type":"ListItem","position":2,"name":"244 PERSONAS ATENDIDAS Y 70 INSERTADAS EN LOS PROYECTOS DE AGENCIA DE COLOCACI\u00d3N"}]},{"@type":"WebSite","@id":"https:\/\/clm-inclusiva.org\/#website","url":"https:\/\/clm-inclusiva.org\/","name":"Clm-Inclusiva","description":"Confederaci\u00f3n de entidades de personas con discapacidad f\u00edsica y org\u00e1nica CLM","publisher":{"@id":"https:\/\/clm-inclusiva.org\/#organization"},"potentialAction":[{"@type":"SearchAction","target":{"@type":"EntryPoint","urlTemplate":"https:\/\/clm-inclusiva.org\/?s={search_term_string}"},"query-input":"required name=search_term_string"}],"inLanguage":"es"},{"@type":"Organization","@id":"https:\/\/clm-inclusiva.org\/#organization","name":"Clm-Inclusiva","url":"https:\/\/clm-inclusiva.org\/","logo":{"@type":"ImageObject","inLanguage":"es","@id":"https:\/\/clm-inclusiva.org\/#\/schema\/logo\/image\/","url":"http:\/\/clm-inclusiva.org\/wp-content\/uploads\/2019\/04\/banner-e1533720812836.jpg","contentUrl":"http:\/\/clm-inclusiva.org\/wp-content\/uploads\/2019\/04\/banner-e1533720812836.jpg","width":600,"height":332,"caption":"Clm-Inclusiva"},"image":{"@id":"https:\/\/clm-inclusiva.org\/#\/schema\/logo\/image\/"},"sameAs":["https:\/\/www.facebook.com\/castillalamancha.inclusiva\/","https:\/\/twitter.com\/ClmInclusiva"]},{"@type":"Person","@id":"https:\/\/clm-inclusiva.org\/#\/schema\/person\/0cff84aaa5bb8fd3521c55d1578d902b","name":"clm-inclusiva","image":{"@type":"ImageObject","inLanguage":"es","@id":"https:\/\/clm-inclusiva.org\/#\/schema\/person\/image\/","url":"https:\/\/secure.gravatar.com\/avatar\/88948567af770dc9cd5597b329011884?s=96&d=blank&r=g","contentUrl":"https:\/\/secure.gravatar.com\/avatar\/88948567af770dc9cd5597b329011884?s=96&d=blank&r=g","caption":"clm-inclusiva"},"sameAs":["http:\/\/clm-inclusiva.org"],"url":"https:\/\/clm-inclusiva.org\/?author=1"}]}},"_links":{"self":[{"href":"https:\/\/clm-inclusiva.org\/index.php?rest_route=\/wp\/v2\/posts\/5098"}],"collection":[{"href":"https:\/\/clm-inclusiva.org\/index.php?rest_route=\/wp\/v2\/posts"}],"about":[{"href":"https:\/\/clm-inclusiva.org\/index.php?rest_route=\/wp\/v2\/types\/post"}],"author":[{"embeddable":true,"href":"https:\/\/clm-inclusiva.org\/index.php?rest_route=\/wp\/v2\/users\/1"}],"replies":[{"embeddable":true,"href":"https:\/\/clm-inclusiva.org\/index.php?rest_route=%2Fwp%2Fv2%2Fcomments&post=5098"}],"version-history":[{"count":5,"href":"https:\/\/clm-inclusiva.org\/index.php?rest_route=\/wp\/v2\/posts\/5098\/revisions"}],"predecessor-version":[{"id":5106,"href":"https:\/\/clm-inclusiva.org\/index.php?rest_route=\/wp\/v2\/posts\/5098\/revisions\/5106"}],"wp:featuredmedia":[{"embeddable":true,"href":"https:\/\/clm-inclusiva.org\/index.php?rest_route=\/wp\/v2\/media\/5099"}],"wp:attachment":[{"href":"https:\/\/clm-inclusiva.org\/index.php?rest_route=%2Fwp%2Fv2%2Fmedia&parent=5098"}],"wp:term":[{"taxonomy":"category","embeddable":true,"href":"https:\/\/clm-inclusiva.org\/index.php?rest_route=%2Fwp%2Fv2%2Fcategories&post=5098"},{"taxonomy":"post_tag","embeddable":true,"href":"https:\/\/clm-inclusiva.org\/index.php?rest_route=%2Fwp%2Fv2%2Ftags&post=5098"}],"curies":[{"name":"wp","href":"https:\/\/api.w.org\/{rel}","templated":true}]}}