{"id":5089,"date":"2024-04-09T18:06:58","date_gmt":"2024-04-09T16:06:58","guid":{"rendered":"https:\/\/clm-inclusiva.org\/?p=5089"},"modified":"2024-04-18T12:02:00","modified_gmt":"2024-04-18T10:02:00","slug":"clm-inclusiva-cocemfe-apuesta-por-la-formacion-de-las-personas-con-discpacidad-en-villarrobledo","status":"publish","type":"post","link":"https:\/\/clm-inclusiva.org\/?p=5089","title":{"rendered":"CLM INCLUSIVA COCEMFE APUESTA POR LA FORMACI\u00d3N DE LAS PERSONAS CON DISCPACIDAD EN VILLARROBLEDO"},"content":{"rendered":"<ul>\n<li>\n<h2>Hoy se ha inaugurado en Villarrobledo la operaci\u00f3n de formaci\u00f3n Uno a Uno: \u201cAsistente\/recepcionista telef\u00f3nico y online a clientela\u201d.<\/h2>\n<\/li>\n<li>\n<h2>Financiado por la Fundaci\u00f3n ONCE y la Uni\u00f3n Europea en el marco de la Convocatoria de ayudas econ\u00f3micas para la selecci\u00f3n de operaciones para el refuerzo de la empleabilidad para personas con discapacidad \u201cUNO A UNO\u201d 2023-2024 para los programas:\u00a0 l2.- programa de inclusi\u00f3n social, garant\u00eda infantil y<\/h2>\n<h2>lucha contra la pobreza FSE+ 2021-2027.<\/h2>\n<\/li>\n<li>\n<h2>Dentro de su plan estrat\u00e9gico en la regi\u00f3n, Villarrobledo (Albacete) se convierte en uno de los emplazamientos donde la entidad regional sigue apostando por la formaci\u00f3n de las personas con discapacidad.<\/h2>\n<\/li>\n<\/ul>\n<p><strong>La Confederaci\u00f3n de entidades de personas con discapacidad f\u00edsica y org\u00e1nica de Castilla-La Mancha, CLM INCLUSIVA COCEMFE<\/strong>, ha inaugurado en Villarrobledo una operaci\u00f3n para la formaci\u00f3n de las personas con discapacidad <strong>\u201cAsistente\/recepcionista telef\u00f3nico y online a la clientela\u201d<\/strong>. Se ha dado la bienvenida a <strong>10 personas, 7 hombres y 3 mujeres<\/strong>, con diferentes tipos de y grado de discapacidad. La operaci\u00f3n dio comienzo el 3 de abril de 2024 y termina el 30 de septiembre de 2024.<\/p>\n<p>Dicho curso, incluye <strong>180 horas de formaci\u00f3n espec\u00edfica en aula y 120 horas de formaci\u00f3n en el puesto de trabajo<\/strong>, para lo cual se contar\u00e1 con la <strong>colaboraci\u00f3n de empresas de la localidad<\/strong> como forma de consolidar los conocimientos adquiridos en el aula, y como oportunidad de las empresas para conformar entornos m\u00e1s inclusivos. As\u00ed mismo, <strong>se incluyen horas de acompa\u00f1amiento<\/strong> en la adquisici\u00f3n de competencias para la b\u00fasqueda de empleo tanto de manera grupal como individual.<\/p>\n<p><strong>La acci\u00f3n formativa <\/strong>se enmarca dentro de la operaci\u00f3n \u201cConecta con tu futuro\u201d que la entidad desarrolla en toda la comunidad aut\u00f3noma. Incluye itinerarios personalizados de activaci\u00f3n hacia el empleo, mejorando de forma directa la empleabilidad y sus posibilidades de inserci\u00f3n social y laboral.<\/p>\n<p>El <strong>objetivo final<\/strong> es que, lo largo de estos meses el alumnado aprenda a interactuar de manera efectiva con clientes a trav\u00e9s de diversos canales de comunicaci\u00f3n, como llamadas telef\u00f3nicas y comunicaci\u00f3n en l\u00ednea, brindando atenci\u00f3n profesional y de calidad, y considerando las necesidades espec\u00edficas de las personas con discapacidad. Adem\u00e1s, busca empoderar a las personas participantes para que puedan acceder a oportunidades laborales y contribuir positivamente a la sociedad y la econom\u00eda de Villarrobledo.<\/p>\n<p>En la <strong>inauguraci\u00f3n estuvieron presentes<\/strong> Celia Escobar, coordinadora de empleo y formaci\u00f3n de la confederaci\u00f3n y el coordinador regional Carlos Mora.<\/p>\n<p>El coordinador regional, Carlos Mora <strong>ha destacado que \u201ces un d\u00eda de celebraci\u00f3n<\/strong> para la confederaci\u00f3n ya que contamos con un nuevo emplazamiento donde mejorar las competencias de las personas con discapacidad para la obtenci\u00f3n de un puesto de empleo\u201d. \u201cContinuamos apostando por un <strong>modelo de triple alianza<\/strong> entre administraci\u00f3n p\u00fablica, entidades sociales y empresas privadas\u201d.<\/p>\n<p>Por su parte, Celia Escobar, coordinadora de empleo y formaci\u00f3n<strong>, ha puesto en valor \u201cla participaci\u00f3n del empresariado de la zona<\/strong> y las oportunidades de empleo que esto brinda al alumnado\u201d.<\/p>\n<p>Como en otras ocasiones para el desarrollo de la acci\u00f3n formativa, se cuenta con Grupo Amiab formaci\u00f3n y consultor\u00eda, Centro Especial de Empleo de Iniciativa Social especializado en formaci\u00f3n inclusiva.<\/p>\n<p>Est\u00e1 financiado por la Fundaci\u00f3n ONCE y la Uni\u00f3n Europea en el marco de la Convocatoria de ayudas econ\u00f3micas para la selecci\u00f3n de operaciones para el refuerzo de la empleabilidad para personas con discapacidad \u201cUNO A UNO\u201d 2023-2024 para los programas:\u00a0 l2.- programa de inclusi\u00f3n social, garant\u00eda infantil y lucha contra la pobreza FSE+ 2021-2027.<\/p>\n<p>&nbsp;<\/p>\n<div class=\"et_pb_slider et_pb_slider_fullwidth_off et_pb_gallery_post_type\">\n\t\t\t\t<div class=\"et_pb_slides\">\n\t\t\t\t\t<div class=\"et_pb_slide\" style=\"background: url(https:\/\/clm-inclusiva.org\/wp-content\/uploads\/2024\/04\/FOTO-1-scaled.jpg);\"><\/div><div class=\"et_pb_slide\" style=\"background: url(https:\/\/clm-inclusiva.org\/wp-content\/uploads\/2024\/04\/FOTO-3-scaled.jpg);\"><\/div><div class=\"et_pb_slide\" style=\"background: url(https:\/\/clm-inclusiva.org\/wp-content\/uploads\/2024\/04\/IMG_2299-scaled.jpg);\"><\/div>\n\t\t\t\t<\/div>\n\t\t\t<\/div>\n","protected":false},"excerpt":{"rendered":"<p>Hoy se ha inaugurado en Villarrobledo la operaci\u00f3n de formaci\u00f3n Uno a Uno: \u201cAsistente\/recepcionista telef\u00f3nico y online a clientela\u201d. Financiado por la Fundaci\u00f3n ONCE y la Uni\u00f3n Europea en el marco de la Convocatoria de ayudas econ\u00f3micas para la selecci\u00f3n de operaciones para el refuerzo de la empleabilidad para personas con discapacidad \u201cUNO A UNO\u201d [&hellip;]<\/p>\n","protected":false},"author":1,"featured_media":5091,"comment_status":"open","ping_status":"open","sticky":false,"template":"","format":"standard","meta":{"_et_pb_use_builder":"","_et_pb_old_content":"","_et_gb_content_width":"","footnotes":""},"categories":[1],"tags":[],"yoast_head":"<!-- This site is optimized with the Yoast SEO plugin v21.3 - https:\/\/yoast.com\/wordpress\/plugins\/seo\/ -->\n<title>CLM INCLUSIVA COCEMFE APUESTA POR LA FORMACI\u00d3N DE LAS PERSONAS CON DISCPACIDAD EN VILLARROBLEDO - Clm-Inclusiva<\/title>\n<meta name=\"robots\" content=\"index, follow, max-snippet:-1, max-image-preview:large, max-video-preview:-1\" \/>\n<link rel=\"canonical\" href=\"https:\/\/clm-inclusiva.org\/?p=5089\" \/>\n<meta property=\"og:locale\" content=\"es_ES\" \/>\n<meta property=\"og:type\" content=\"article\" \/>\n<meta property=\"og:title\" content=\"CLM INCLUSIVA COCEMFE APUESTA POR LA FORMACI\u00d3N DE LAS PERSONAS CON DISCPACIDAD EN VILLARROBLEDO - Clm-Inclusiva\" \/>\n<meta property=\"og:description\" content=\"Hoy se ha inaugurado en Villarrobledo la operaci\u00f3n de formaci\u00f3n Uno a Uno: \u201cAsistente\/recepcionista telef\u00f3nico y online a clientela\u201d. Financiado por la Fundaci\u00f3n ONCE y la Uni\u00f3n Europea en el marco de la Convocatoria de ayudas econ\u00f3micas para la selecci\u00f3n de operaciones para el refuerzo de la empleabilidad para personas con discapacidad \u201cUNO A UNO\u201d [&hellip;]\" \/>\n<meta property=\"og:url\" content=\"https:\/\/clm-inclusiva.org\/?p=5089\" \/>\n<meta property=\"og:site_name\" content=\"Clm-Inclusiva\" \/>\n<meta property=\"article:publisher\" content=\"https:\/\/www.facebook.com\/castillalamancha.inclusiva\/\" \/>\n<meta property=\"article:published_time\" content=\"2024-04-09T16:06:58+00:00\" \/>\n<meta property=\"article:modified_time\" content=\"2024-04-18T10:02:00+00:00\" \/>\n<meta property=\"og:image\" content=\"http:\/\/clm-inclusiva.org\/wp-content\/uploads\/2024\/04\/FOTO-2-scaled.jpg\" \/>\n\t<meta property=\"og:image:width\" content=\"2560\" \/>\n\t<meta property=\"og:image:height\" content=\"1707\" \/>\n\t<meta property=\"og:image:type\" content=\"image\/jpeg\" \/>\n<meta name=\"author\" content=\"clm-inclusiva\" \/>\n<meta name=\"twitter:card\" content=\"summary_large_image\" \/>\n<meta name=\"twitter:creator\" content=\"@ClmInclusiva\" \/>\n<meta name=\"twitter:site\" content=\"@ClmInclusiva\" \/>\n<meta name=\"twitter:label1\" content=\"Escrito por\" \/>\n\t<meta name=\"twitter:data1\" content=\"clm-inclusiva\" \/>\n\t<meta name=\"twitter:label2\" content=\"Tiempo de lectura\" \/>\n\t<meta name=\"twitter:data2\" content=\"3 minutos\" \/>\n<script type=\"application\/ld+json\" class=\"yoast-schema-graph\">{\"@context\":\"https:\/\/schema.org\",\"@graph\":[{\"@type\":\"Article\",\"@id\":\"https:\/\/clm-inclusiva.org\/?p=5089#article\",\"isPartOf\":{\"@id\":\"https:\/\/clm-inclusiva.org\/?p=5089\"},\"author\":{\"name\":\"clm-inclusiva\",\"@id\":\"https:\/\/clm-inclusiva.org\/#\/schema\/person\/0cff84aaa5bb8fd3521c55d1578d902b\"},\"headline\":\"CLM INCLUSIVA COCEMFE APUESTA POR LA FORMACI\u00d3N DE LAS PERSONAS CON DISCPACIDAD EN VILLARROBLEDO\",\"datePublished\":\"2024-04-09T16:06:58+00:00\",\"dateModified\":\"2024-04-18T10:02:00+00:00\",\"mainEntityOfPage\":{\"@id\":\"https:\/\/clm-inclusiva.org\/?p=5089\"},\"wordCount\":645,\"commentCount\":0,\"publisher\":{\"@id\":\"https:\/\/clm-inclusiva.org\/#organization\"},\"inLanguage\":\"es\",\"potentialAction\":[{\"@type\":\"CommentAction\",\"name\":\"Comment\",\"target\":[\"https:\/\/clm-inclusiva.org\/?p=5089#respond\"]}]},{\"@type\":\"WebPage\",\"@id\":\"https:\/\/clm-inclusiva.org\/?p=5089\",\"url\":\"https:\/\/clm-inclusiva.org\/?p=5089\",\"name\":\"CLM INCLUSIVA COCEMFE APUESTA POR LA FORMACI\u00d3N DE LAS PERSONAS CON DISCPACIDAD EN VILLARROBLEDO - Clm-Inclusiva\",\"isPartOf\":{\"@id\":\"https:\/\/clm-inclusiva.org\/#website\"},\"datePublished\":\"2024-04-09T16:06:58+00:00\",\"dateModified\":\"2024-04-18T10:02:00+00:00\",\"breadcrumb\":{\"@id\":\"https:\/\/clm-inclusiva.org\/?p=5089#breadcrumb\"},\"inLanguage\":\"es\",\"potentialAction\":[{\"@type\":\"ReadAction\",\"target\":[\"https:\/\/clm-inclusiva.org\/?p=5089\"]}]},{\"@type\":\"BreadcrumbList\",\"@id\":\"https:\/\/clm-inclusiva.org\/?p=5089#breadcrumb\",\"itemListElement\":[{\"@type\":\"ListItem\",\"position\":1,\"name\":\"Portada\",\"item\":\"https:\/\/clm-inclusiva.org\/\"},{\"@type\":\"ListItem\",\"position\":2,\"name\":\"CLM INCLUSIVA COCEMFE APUESTA POR LA FORMACI\u00d3N DE LAS PERSONAS CON DISCPACIDAD EN VILLARROBLEDO\"}]},{\"@type\":\"WebSite\",\"@id\":\"https:\/\/clm-inclusiva.org\/#website\",\"url\":\"https:\/\/clm-inclusiva.org\/\",\"name\":\"Clm-Inclusiva\",\"description\":\"Confederaci\u00f3n de entidades de personas con discapacidad f\u00edsica y org\u00e1nica CLM\",\"publisher\":{\"@id\":\"https:\/\/clm-inclusiva.org\/#organization\"},\"potentialAction\":[{\"@type\":\"SearchAction\",\"target\":{\"@type\":\"EntryPoint\",\"urlTemplate\":\"https:\/\/clm-inclusiva.org\/?s={search_term_string}\"},\"query-input\":\"required name=search_term_string\"}],\"inLanguage\":\"es\"},{\"@type\":\"Organization\",\"@id\":\"https:\/\/clm-inclusiva.org\/#organization\",\"name\":\"Clm-Inclusiva\",\"url\":\"https:\/\/clm-inclusiva.org\/\",\"logo\":{\"@type\":\"ImageObject\",\"inLanguage\":\"es\",\"@id\":\"https:\/\/clm-inclusiva.org\/#\/schema\/logo\/image\/\",\"url\":\"http:\/\/clm-inclusiva.org\/wp-content\/uploads\/2019\/04\/banner-e1533720812836.jpg\",\"contentUrl\":\"http:\/\/clm-inclusiva.org\/wp-content\/uploads\/2019\/04\/banner-e1533720812836.jpg\",\"width\":600,\"height\":332,\"caption\":\"Clm-Inclusiva\"},\"image\":{\"@id\":\"https:\/\/clm-inclusiva.org\/#\/schema\/logo\/image\/\"},\"sameAs\":[\"https:\/\/www.facebook.com\/castillalamancha.inclusiva\/\",\"https:\/\/twitter.com\/ClmInclusiva\"]},{\"@type\":\"Person\",\"@id\":\"https:\/\/clm-inclusiva.org\/#\/schema\/person\/0cff84aaa5bb8fd3521c55d1578d902b\",\"name\":\"clm-inclusiva\",\"image\":{\"@type\":\"ImageObject\",\"inLanguage\":\"es\",\"@id\":\"https:\/\/clm-inclusiva.org\/#\/schema\/person\/image\/\",\"url\":\"https:\/\/secure.gravatar.com\/avatar\/88948567af770dc9cd5597b329011884?s=96&d=blank&r=g\",\"contentUrl\":\"https:\/\/secure.gravatar.com\/avatar\/88948567af770dc9cd5597b329011884?s=96&d=blank&r=g\",\"caption\":\"clm-inclusiva\"},\"sameAs\":[\"http:\/\/clm-inclusiva.org\"],\"url\":\"https:\/\/clm-inclusiva.org\/?author=1\"}]}<\/script>\n<!-- \/ Yoast SEO plugin. -->","yoast_head_json":{"title":"CLM INCLUSIVA COCEMFE APUESTA POR LA FORMACI\u00d3N DE LAS PERSONAS CON DISCPACIDAD EN VILLARROBLEDO - Clm-Inclusiva","robots":{"index":"index","follow":"follow","max-snippet":"max-snippet:-1","max-image-preview":"max-image-preview:large","max-video-preview":"max-video-preview:-1"},"canonical":"https:\/\/clm-inclusiva.org\/?p=5089","og_locale":"es_ES","og_type":"article","og_title":"CLM INCLUSIVA COCEMFE APUESTA POR LA FORMACI\u00d3N DE LAS PERSONAS CON DISCPACIDAD EN VILLARROBLEDO - Clm-Inclusiva","og_description":"Hoy se ha inaugurado en Villarrobledo la operaci\u00f3n de formaci\u00f3n Uno a Uno: \u201cAsistente\/recepcionista telef\u00f3nico y online a clientela\u201d. Financiado por la Fundaci\u00f3n ONCE y la Uni\u00f3n Europea en el marco de la Convocatoria de ayudas econ\u00f3micas para la selecci\u00f3n de operaciones para el refuerzo de la empleabilidad para personas con discapacidad \u201cUNO A UNO\u201d [&hellip;]","og_url":"https:\/\/clm-inclusiva.org\/?p=5089","og_site_name":"Clm-Inclusiva","article_publisher":"https:\/\/www.facebook.com\/castillalamancha.inclusiva\/","article_published_time":"2024-04-09T16:06:58+00:00","article_modified_time":"2024-04-18T10:02:00+00:00","og_image":[{"width":2560,"height":1707,"url":"http:\/\/clm-inclusiva.org\/wp-content\/uploads\/2024\/04\/FOTO-2-scaled.jpg","type":"image\/jpeg"}],"author":"clm-inclusiva","twitter_card":"summary_large_image","twitter_creator":"@ClmInclusiva","twitter_site":"@ClmInclusiva","twitter_misc":{"Escrito por":"clm-inclusiva","Tiempo de lectura":"3 minutos"},"schema":{"@context":"https:\/\/schema.org","@graph":[{"@type":"Article","@id":"https:\/\/clm-inclusiva.org\/?p=5089#article","isPartOf":{"@id":"https:\/\/clm-inclusiva.org\/?p=5089"},"author":{"name":"clm-inclusiva","@id":"https:\/\/clm-inclusiva.org\/#\/schema\/person\/0cff84aaa5bb8fd3521c55d1578d902b"},"headline":"CLM INCLUSIVA COCEMFE APUESTA POR LA FORMACI\u00d3N DE LAS PERSONAS CON DISCPACIDAD EN VILLARROBLEDO","datePublished":"2024-04-09T16:06:58+00:00","dateModified":"2024-04-18T10:02:00+00:00","mainEntityOfPage":{"@id":"https:\/\/clm-inclusiva.org\/?p=5089"},"wordCount":645,"commentCount":0,"publisher":{"@id":"https:\/\/clm-inclusiva.org\/#organization"},"inLanguage":"es","potentialAction":[{"@type":"CommentAction","name":"Comment","target":["https:\/\/clm-inclusiva.org\/?p=5089#respond"]}]},{"@type":"WebPage","@id":"https:\/\/clm-inclusiva.org\/?p=5089","url":"https:\/\/clm-inclusiva.org\/?p=5089","name":"CLM INCLUSIVA COCEMFE APUESTA POR LA FORMACI\u00d3N DE LAS PERSONAS CON DISCPACIDAD EN VILLARROBLEDO - Clm-Inclusiva","isPartOf":{"@id":"https:\/\/clm-inclusiva.org\/#website"},"datePublished":"2024-04-09T16:06:58+00:00","dateModified":"2024-04-18T10:02:00+00:00","breadcrumb":{"@id":"https:\/\/clm-inclusiva.org\/?p=5089#breadcrumb"},"inLanguage":"es","potentialAction":[{"@type":"ReadAction","target":["https:\/\/clm-inclusiva.org\/?p=5089"]}]},{"@type":"BreadcrumbList","@id":"https:\/\/clm-inclusiva.org\/?p=5089#breadcrumb","itemListElement":[{"@type":"ListItem","position":1,"name":"Portada","item":"https:\/\/clm-inclusiva.org\/"},{"@type":"ListItem","position":2,"name":"CLM INCLUSIVA COCEMFE APUESTA POR LA FORMACI\u00d3N DE LAS PERSONAS CON DISCPACIDAD EN VILLARROBLEDO"}]},{"@type":"WebSite","@id":"https:\/\/clm-inclusiva.org\/#website","url":"https:\/\/clm-inclusiva.org\/","name":"Clm-Inclusiva","description":"Confederaci\u00f3n de entidades de personas con discapacidad f\u00edsica y org\u00e1nica CLM","publisher":{"@id":"https:\/\/clm-inclusiva.org\/#organization"},"potentialAction":[{"@type":"SearchAction","target":{"@type":"EntryPoint","urlTemplate":"https:\/\/clm-inclusiva.org\/?s={search_term_string}"},"query-input":"required name=search_term_string"}],"inLanguage":"es"},{"@type":"Organization","@id":"https:\/\/clm-inclusiva.org\/#organization","name":"Clm-Inclusiva","url":"https:\/\/clm-inclusiva.org\/","logo":{"@type":"ImageObject","inLanguage":"es","@id":"https:\/\/clm-inclusiva.org\/#\/schema\/logo\/image\/","url":"http:\/\/clm-inclusiva.org\/wp-content\/uploads\/2019\/04\/banner-e1533720812836.jpg","contentUrl":"http:\/\/clm-inclusiva.org\/wp-content\/uploads\/2019\/04\/banner-e1533720812836.jpg","width":600,"height":332,"caption":"Clm-Inclusiva"},"image":{"@id":"https:\/\/clm-inclusiva.org\/#\/schema\/logo\/image\/"},"sameAs":["https:\/\/www.facebook.com\/castillalamancha.inclusiva\/","https:\/\/twitter.com\/ClmInclusiva"]},{"@type":"Person","@id":"https:\/\/clm-inclusiva.org\/#\/schema\/person\/0cff84aaa5bb8fd3521c55d1578d902b","name":"clm-inclusiva","image":{"@type":"ImageObject","inLanguage":"es","@id":"https:\/\/clm-inclusiva.org\/#\/schema\/person\/image\/","url":"https:\/\/secure.gravatar.com\/avatar\/88948567af770dc9cd5597b329011884?s=96&d=blank&r=g","contentUrl":"https:\/\/secure.gravatar.com\/avatar\/88948567af770dc9cd5597b329011884?s=96&d=blank&r=g","caption":"clm-inclusiva"},"sameAs":["http:\/\/clm-inclusiva.org"],"url":"https:\/\/clm-inclusiva.org\/?author=1"}]}},"_links":{"self":[{"href":"https:\/\/clm-inclusiva.org\/index.php?rest_route=\/wp\/v2\/posts\/5089"}],"collection":[{"href":"https:\/\/clm-inclusiva.org\/index.php?rest_route=\/wp\/v2\/posts"}],"about":[{"href":"https:\/\/clm-inclusiva.org\/index.php?rest_route=\/wp\/v2\/types\/post"}],"author":[{"embeddable":true,"href":"https:\/\/clm-inclusiva.org\/index.php?rest_route=\/wp\/v2\/users\/1"}],"replies":[{"embeddable":true,"href":"https:\/\/clm-inclusiva.org\/index.php?rest_route=%2Fwp%2Fv2%2Fcomments&post=5089"}],"version-history":[{"count":5,"href":"https:\/\/clm-inclusiva.org\/index.php?rest_route=\/wp\/v2\/posts\/5089\/revisions"}],"predecessor-version":[{"id":5108,"href":"https:\/\/clm-inclusiva.org\/index.php?rest_route=\/wp\/v2\/posts\/5089\/revisions\/5108"}],"wp:featuredmedia":[{"embeddable":true,"href":"https:\/\/clm-inclusiva.org\/index.php?rest_route=\/wp\/v2\/media\/5091"}],"wp:attachment":[{"href":"https:\/\/clm-inclusiva.org\/index.php?rest_route=%2Fwp%2Fv2%2Fmedia&parent=5089"}],"wp:term":[{"taxonomy":"category","embeddable":true,"href":"https:\/\/clm-inclusiva.org\/index.php?rest_route=%2Fwp%2Fv2%2Fcategories&post=5089"},{"taxonomy":"post_tag","embeddable":true,"href":"https:\/\/clm-inclusiva.org\/index.php?rest_route=%2Fwp%2Fv2%2Ftags&post=5089"}],"curies":[{"name":"wp","href":"https:\/\/api.w.org\/{rel}","templated":true}]}}