{"id":5076,"date":"2024-04-04T08:20:02","date_gmt":"2024-04-04T06:20:02","guid":{"rendered":"https:\/\/clm-inclusiva.org\/?p=5076"},"modified":"2024-04-04T08:20:02","modified_gmt":"2024-04-04T06:20:02","slug":"clm-inclusiva-cocemfe-sigue-apostando-por-la-formacion-de-las-personas-con-discpacidad-en-cuenca","status":"publish","type":"post","link":"https:\/\/clm-inclusiva.org\/?p=5076","title":{"rendered":"CLM INCLUSIVA COCEMFE SIGUE APOSTANDO POR LA FORMACI\u00d3N DE LAS PERSONAS CON DISCPACIDAD EN CUENCA"},"content":{"rendered":"<ul>\n<li>\n<h4>Ha dado comienzo en Cuenca la operaci\u00f3n de formaci\u00f3n: \u201cTICs para la activaci\u00f3n e inserci\u00f3n laboral\u201d.<\/h4>\n<\/li>\n<\/ul>\n<ul>\n<li>\n<h4>Financiada por ONCE y la UNI\u00d3N EUROPEA en el marco de la Convocatoria de ayudas econ\u00f3micas para la selecci\u00f3n de operaciones para el refuerzo de la empleabilidad para personas con discapacidad \u201cPsicosocial\u201d \u2013 2023-2024 para los programas: &#8211; programa de inclusi\u00f3n social, garant\u00eda infantil y lucha contra la pobreza FSE+ 2021-2027.<\/h4>\n<\/li>\n<\/ul>\n<ul>\n<li>\n<h4>Dentro de su plan estrat\u00e9gico en la regi\u00f3n, Cuenca sigue siendo uno de los emplazamientos donde la entidad regional sigue apostando por la formaci\u00f3n de las personas con discapacidad.<\/h4>\n<\/li>\n<\/ul>\n<p><strong>La Confederaci\u00f3n de entidades de personas con discapacidad f\u00edsica y org\u00e1nica de Castilla-La Mancha, CLM INCLUSIVA COCEMFE<\/strong>, ha inaugurado en Cuenca una nueva operaci\u00f3n para la formaci\u00f3n de las personas con discapacidad psicosocial <strong>\u201cTICs para la activaci\u00f3n e inserci\u00f3n laboral\u201d<\/strong>. Se ha dado la bienvenida a 6 alumnos\/alumnas con discapacidad psicosocial, en un curso que tendr\u00e1 100 horas de formaci\u00f3n espec\u00edfica en TICs (Tecnolog\u00edas de la Informaci\u00f3n y la Comunicaci\u00f3n), 140 horas de sesiones grupales y 120 horas de tutor\u00edas individualizadas por cada alumno\/a<\/p>\n<p><strong>La acci\u00f3n formativa <\/strong>se enmarca dentro de la operaci\u00f3n \u201cConecta con tu futuro\u201d que la entidad desarrolla en toda la comunidad aut\u00f3noma. Incluye itinerarios personalizados de activaci\u00f3n hacia el empleo, mejorando de forma directa la empleabilidad y sus posibilidades de inserci\u00f3n social y laboral.<\/p>\n<p>El <strong>objetivo final<\/strong> es desarrollar y aplicar estrategias para la recuperaci\u00f3n, empoderamiento, implicaci\u00f3n, autodeterminaci\u00f3n y capacidad de elecci\u00f3n de las personas con discapacidad psicosocial. As\u00ed como dotar a los participantes de conocimientos, destrezas y habilidades de empleabilidad necesarios para acceder y manejarse adecuadamente en el mundo formativo y laboral ordinario o protegido.<\/p>\n<p>En la <strong>inauguraci\u00f3n estuvieron presentes<\/strong> Celia Escobar, coordinadora de empleo y formaci\u00f3n de la confederaci\u00f3n y el coordinador regional Carlos Mora.<\/p>\n<p>El coordinador regional, Carlos Mora ha querido poner en valor \u201cla <strong>apuesta por la continuidad de la formaci\u00f3n en la provincia de Cuenca<\/strong> como garant\u00eda de \u00e9xito en la inclusi\u00f3n laboral de las personas con discapacidad\u201d. Tambi\u00e9n ha querido agradecer la colaboraci\u00f3n de<strong> COCEMFE Cuenca<\/strong> con la representaci\u00f3n de su presidenta Marta Montero y a la <strong>Unidad de Media Estancia y la Residencia Comunitaria<\/strong>.<\/p>\n<p>Por su parte, Celia Escobar, coordinadora de empleo, ha remarcado que \u201cesta es la <strong>primera experiencia en CLM Inclusiva COCEMFE en acciones formativas dedicadas a este colectivo en la parte de intervenci\u00f3n individualizada<\/strong>\u201d. Es una parte de la formaci\u00f3n de este proyecto de vital importancia ya que el alumnado va a recibir 120 horas de atenci\u00f3n individualizada para completar un acompa\u00f1amiento personalizado.<\/p>\n<p>Esta formaci\u00f3n est\u00e1 financiada por ONCE y la UNI\u00d3N EUROPEA en el marco de la Convocatoria de ayudas econ\u00f3micas para la selecci\u00f3n de operaciones para el refuerzo de la empleabilidad para personas con discapacidad \u201cPsicosocial\u201d \u2013 2023-2024 para los programas: l2.- programa de inclusi\u00f3n social, garant\u00eda infantil y lucha contra la pobreza FSE+ 2021-2027.<\/p>\n<p>&nbsp;<\/p>\n<div class=\"et_pb_slider et_pb_slider_fullwidth_off et_pb_gallery_post_type\">\n\t\t\t\t<div class=\"et_pb_slides\">\n\t\t\t\t\t<div class=\"et_pb_slide\" style=\"background: url(https:\/\/clm-inclusiva.org\/wp-content\/uploads\/2024\/04\/FOTO-2-scaled.jpeg);\"><\/div><div class=\"et_pb_slide\" style=\"background: url(https:\/\/clm-inclusiva.org\/wp-content\/uploads\/2024\/04\/FOTO-3-scaled.jpeg);\"><\/div>\n\t\t\t\t<\/div>\n\t\t\t<\/div>\n","protected":false},"excerpt":{"rendered":"<p>Ha dado comienzo en Cuenca la operaci\u00f3n de formaci\u00f3n: \u201cTICs para la activaci\u00f3n e inserci\u00f3n laboral\u201d. Financiada por ONCE y la UNI\u00d3N EUROPEA en el marco de la Convocatoria de ayudas econ\u00f3micas para la selecci\u00f3n de operaciones para el refuerzo de la empleabilidad para personas con discapacidad \u201cPsicosocial\u201d \u2013 2023-2024 para los programas: &#8211; programa [&hellip;]<\/p>\n","protected":false},"author":1,"featured_media":5078,"comment_status":"open","ping_status":"open","sticky":false,"template":"","format":"standard","meta":{"_et_pb_use_builder":"","_et_pb_old_content":"","_et_gb_content_width":"","footnotes":""},"categories":[2,49,4,47,50,5,6,97,9],"tags":[79],"yoast_head":"<!-- This site is optimized with the Yoast SEO plugin v21.3 - https:\/\/yoast.com\/wordpress\/plugins\/seo\/ -->\n<title>CLM INCLUSIVA COCEMFE SIGUE APOSTANDO POR LA FORMACI\u00d3N DE LAS PERSONAS CON DISCPACIDAD EN CUENCA - Clm-Inclusiva<\/title>\n<meta name=\"robots\" content=\"index, follow, max-snippet:-1, max-image-preview:large, max-video-preview:-1\" \/>\n<link rel=\"canonical\" href=\"https:\/\/clm-inclusiva.org\/?p=5076\" \/>\n<meta property=\"og:locale\" content=\"es_ES\" \/>\n<meta property=\"og:type\" content=\"article\" \/>\n<meta property=\"og:title\" content=\"CLM INCLUSIVA COCEMFE SIGUE APOSTANDO POR LA FORMACI\u00d3N DE LAS PERSONAS CON DISCPACIDAD EN CUENCA - Clm-Inclusiva\" \/>\n<meta property=\"og:description\" content=\"Ha dado comienzo en Cuenca la operaci\u00f3n de formaci\u00f3n: \u201cTICs para la activaci\u00f3n e inserci\u00f3n laboral\u201d. Financiada por ONCE y la UNI\u00d3N EUROPEA en el marco de la Convocatoria de ayudas econ\u00f3micas para la selecci\u00f3n de operaciones para el refuerzo de la empleabilidad para personas con discapacidad \u201cPsicosocial\u201d \u2013 2023-2024 para los programas: &#8211; programa [&hellip;]\" \/>\n<meta property=\"og:url\" content=\"https:\/\/clm-inclusiva.org\/?p=5076\" \/>\n<meta property=\"og:site_name\" content=\"Clm-Inclusiva\" \/>\n<meta property=\"article:publisher\" content=\"https:\/\/www.facebook.com\/castillalamancha.inclusiva\/\" \/>\n<meta property=\"article:published_time\" content=\"2024-04-04T06:20:02+00:00\" \/>\n<meta property=\"og:image\" content=\"http:\/\/clm-inclusiva.org\/wp-content\/uploads\/2024\/04\/FOTO-1-scaled.jpeg\" \/>\n\t<meta property=\"og:image:width\" content=\"2560\" \/>\n\t<meta property=\"og:image:height\" content=\"1706\" \/>\n\t<meta property=\"og:image:type\" content=\"image\/jpeg\" \/>\n<meta name=\"author\" content=\"clm-inclusiva\" \/>\n<meta name=\"twitter:card\" content=\"summary_large_image\" \/>\n<meta name=\"twitter:creator\" content=\"@ClmInclusiva\" \/>\n<meta name=\"twitter:site\" content=\"@ClmInclusiva\" \/>\n<meta name=\"twitter:label1\" content=\"Escrito por\" \/>\n\t<meta name=\"twitter:data1\" content=\"clm-inclusiva\" \/>\n\t<meta name=\"twitter:label2\" content=\"Tiempo de lectura\" \/>\n\t<meta name=\"twitter:data2\" content=\"3 minutos\" \/>\n<script type=\"application\/ld+json\" class=\"yoast-schema-graph\">{\"@context\":\"https:\/\/schema.org\",\"@graph\":[{\"@type\":\"Article\",\"@id\":\"https:\/\/clm-inclusiva.org\/?p=5076#article\",\"isPartOf\":{\"@id\":\"https:\/\/clm-inclusiva.org\/?p=5076\"},\"author\":{\"name\":\"clm-inclusiva\",\"@id\":\"https:\/\/clm-inclusiva.org\/#\/schema\/person\/0cff84aaa5bb8fd3521c55d1578d902b\"},\"headline\":\"CLM INCLUSIVA COCEMFE SIGUE APOSTANDO POR LA FORMACI\u00d3N DE LAS PERSONAS CON DISCPACIDAD EN CUENCA\",\"datePublished\":\"2024-04-04T06:20:02+00:00\",\"dateModified\":\"2024-04-04T06:20:02+00:00\",\"mainEntityOfPage\":{\"@id\":\"https:\/\/clm-inclusiva.org\/?p=5076\"},\"wordCount\":545,\"commentCount\":0,\"publisher\":{\"@id\":\"https:\/\/clm-inclusiva.org\/#organization\"},\"keywords\":[\"formaci\u00f3n\"],\"articleSection\":[\"Accesibilidad\",\"castilla-la mancha\",\"Clm inclusiva\",\"cocemfe\",\"Cuenca\",\"Discapacidad\",\"Empleo\",\"formaci\u00f3n\",\"Trabajo\"],\"inLanguage\":\"es\",\"potentialAction\":[{\"@type\":\"CommentAction\",\"name\":\"Comment\",\"target\":[\"https:\/\/clm-inclusiva.org\/?p=5076#respond\"]}]},{\"@type\":\"WebPage\",\"@id\":\"https:\/\/clm-inclusiva.org\/?p=5076\",\"url\":\"https:\/\/clm-inclusiva.org\/?p=5076\",\"name\":\"CLM INCLUSIVA COCEMFE SIGUE APOSTANDO POR LA FORMACI\u00d3N DE LAS PERSONAS CON DISCPACIDAD EN CUENCA - Clm-Inclusiva\",\"isPartOf\":{\"@id\":\"https:\/\/clm-inclusiva.org\/#website\"},\"datePublished\":\"2024-04-04T06:20:02+00:00\",\"dateModified\":\"2024-04-04T06:20:02+00:00\",\"breadcrumb\":{\"@id\":\"https:\/\/clm-inclusiva.org\/?p=5076#breadcrumb\"},\"inLanguage\":\"es\",\"potentialAction\":[{\"@type\":\"ReadAction\",\"target\":[\"https:\/\/clm-inclusiva.org\/?p=5076\"]}]},{\"@type\":\"BreadcrumbList\",\"@id\":\"https:\/\/clm-inclusiva.org\/?p=5076#breadcrumb\",\"itemListElement\":[{\"@type\":\"ListItem\",\"position\":1,\"name\":\"Portada\",\"item\":\"https:\/\/clm-inclusiva.org\/\"},{\"@type\":\"ListItem\",\"position\":2,\"name\":\"CLM INCLUSIVA COCEMFE SIGUE APOSTANDO POR LA FORMACI\u00d3N DE LAS PERSONAS CON DISCPACIDAD EN CUENCA\"}]},{\"@type\":\"WebSite\",\"@id\":\"https:\/\/clm-inclusiva.org\/#website\",\"url\":\"https:\/\/clm-inclusiva.org\/\",\"name\":\"Clm-Inclusiva\",\"description\":\"Confederaci\u00f3n de entidades de personas con discapacidad f\u00edsica y org\u00e1nica CLM\",\"publisher\":{\"@id\":\"https:\/\/clm-inclusiva.org\/#organization\"},\"potentialAction\":[{\"@type\":\"SearchAction\",\"target\":{\"@type\":\"EntryPoint\",\"urlTemplate\":\"https:\/\/clm-inclusiva.org\/?s={search_term_string}\"},\"query-input\":\"required name=search_term_string\"}],\"inLanguage\":\"es\"},{\"@type\":\"Organization\",\"@id\":\"https:\/\/clm-inclusiva.org\/#organization\",\"name\":\"Clm-Inclusiva\",\"url\":\"https:\/\/clm-inclusiva.org\/\",\"logo\":{\"@type\":\"ImageObject\",\"inLanguage\":\"es\",\"@id\":\"https:\/\/clm-inclusiva.org\/#\/schema\/logo\/image\/\",\"url\":\"http:\/\/clm-inclusiva.org\/wp-content\/uploads\/2019\/04\/banner-e1533720812836.jpg\",\"contentUrl\":\"http:\/\/clm-inclusiva.org\/wp-content\/uploads\/2019\/04\/banner-e1533720812836.jpg\",\"width\":600,\"height\":332,\"caption\":\"Clm-Inclusiva\"},\"image\":{\"@id\":\"https:\/\/clm-inclusiva.org\/#\/schema\/logo\/image\/\"},\"sameAs\":[\"https:\/\/www.facebook.com\/castillalamancha.inclusiva\/\",\"https:\/\/twitter.com\/ClmInclusiva\"]},{\"@type\":\"Person\",\"@id\":\"https:\/\/clm-inclusiva.org\/#\/schema\/person\/0cff84aaa5bb8fd3521c55d1578d902b\",\"name\":\"clm-inclusiva\",\"image\":{\"@type\":\"ImageObject\",\"inLanguage\":\"es\",\"@id\":\"https:\/\/clm-inclusiva.org\/#\/schema\/person\/image\/\",\"url\":\"https:\/\/secure.gravatar.com\/avatar\/88948567af770dc9cd5597b329011884?s=96&d=blank&r=g\",\"contentUrl\":\"https:\/\/secure.gravatar.com\/avatar\/88948567af770dc9cd5597b329011884?s=96&d=blank&r=g\",\"caption\":\"clm-inclusiva\"},\"sameAs\":[\"http:\/\/clm-inclusiva.org\"],\"url\":\"https:\/\/clm-inclusiva.org\/?author=1\"}]}<\/script>\n<!-- \/ Yoast SEO plugin. -->","yoast_head_json":{"title":"CLM INCLUSIVA COCEMFE SIGUE APOSTANDO POR LA FORMACI\u00d3N DE LAS PERSONAS CON DISCPACIDAD EN CUENCA - Clm-Inclusiva","robots":{"index":"index","follow":"follow","max-snippet":"max-snippet:-1","max-image-preview":"max-image-preview:large","max-video-preview":"max-video-preview:-1"},"canonical":"https:\/\/clm-inclusiva.org\/?p=5076","og_locale":"es_ES","og_type":"article","og_title":"CLM INCLUSIVA COCEMFE SIGUE APOSTANDO POR LA FORMACI\u00d3N DE LAS PERSONAS CON DISCPACIDAD EN CUENCA - Clm-Inclusiva","og_description":"Ha dado comienzo en Cuenca la operaci\u00f3n de formaci\u00f3n: \u201cTICs para la activaci\u00f3n e inserci\u00f3n laboral\u201d. Financiada por ONCE y la UNI\u00d3N EUROPEA en el marco de la Convocatoria de ayudas econ\u00f3micas para la selecci\u00f3n de operaciones para el refuerzo de la empleabilidad para personas con discapacidad \u201cPsicosocial\u201d \u2013 2023-2024 para los programas: &#8211; programa [&hellip;]","og_url":"https:\/\/clm-inclusiva.org\/?p=5076","og_site_name":"Clm-Inclusiva","article_publisher":"https:\/\/www.facebook.com\/castillalamancha.inclusiva\/","article_published_time":"2024-04-04T06:20:02+00:00","og_image":[{"width":2560,"height":1706,"url":"http:\/\/clm-inclusiva.org\/wp-content\/uploads\/2024\/04\/FOTO-1-scaled.jpeg","type":"image\/jpeg"}],"author":"clm-inclusiva","twitter_card":"summary_large_image","twitter_creator":"@ClmInclusiva","twitter_site":"@ClmInclusiva","twitter_misc":{"Escrito por":"clm-inclusiva","Tiempo de lectura":"3 minutos"},"schema":{"@context":"https:\/\/schema.org","@graph":[{"@type":"Article","@id":"https:\/\/clm-inclusiva.org\/?p=5076#article","isPartOf":{"@id":"https:\/\/clm-inclusiva.org\/?p=5076"},"author":{"name":"clm-inclusiva","@id":"https:\/\/clm-inclusiva.org\/#\/schema\/person\/0cff84aaa5bb8fd3521c55d1578d902b"},"headline":"CLM INCLUSIVA COCEMFE SIGUE APOSTANDO POR LA FORMACI\u00d3N DE LAS PERSONAS CON DISCPACIDAD EN CUENCA","datePublished":"2024-04-04T06:20:02+00:00","dateModified":"2024-04-04T06:20:02+00:00","mainEntityOfPage":{"@id":"https:\/\/clm-inclusiva.org\/?p=5076"},"wordCount":545,"commentCount":0,"publisher":{"@id":"https:\/\/clm-inclusiva.org\/#organization"},"keywords":["formaci\u00f3n"],"articleSection":["Accesibilidad","castilla-la mancha","Clm inclusiva","cocemfe","Cuenca","Discapacidad","Empleo","formaci\u00f3n","Trabajo"],"inLanguage":"es","potentialAction":[{"@type":"CommentAction","name":"Comment","target":["https:\/\/clm-inclusiva.org\/?p=5076#respond"]}]},{"@type":"WebPage","@id":"https:\/\/clm-inclusiva.org\/?p=5076","url":"https:\/\/clm-inclusiva.org\/?p=5076","name":"CLM INCLUSIVA COCEMFE SIGUE APOSTANDO POR LA FORMACI\u00d3N DE LAS PERSONAS CON DISCPACIDAD EN CUENCA - Clm-Inclusiva","isPartOf":{"@id":"https:\/\/clm-inclusiva.org\/#website"},"datePublished":"2024-04-04T06:20:02+00:00","dateModified":"2024-04-04T06:20:02+00:00","breadcrumb":{"@id":"https:\/\/clm-inclusiva.org\/?p=5076#breadcrumb"},"inLanguage":"es","potentialAction":[{"@type":"ReadAction","target":["https:\/\/clm-inclusiva.org\/?p=5076"]}]},{"@type":"BreadcrumbList","@id":"https:\/\/clm-inclusiva.org\/?p=5076#breadcrumb","itemListElement":[{"@type":"ListItem","position":1,"name":"Portada","item":"https:\/\/clm-inclusiva.org\/"},{"@type":"ListItem","position":2,"name":"CLM INCLUSIVA COCEMFE SIGUE APOSTANDO POR LA FORMACI\u00d3N DE LAS PERSONAS CON DISCPACIDAD EN CUENCA"}]},{"@type":"WebSite","@id":"https:\/\/clm-inclusiva.org\/#website","url":"https:\/\/clm-inclusiva.org\/","name":"Clm-Inclusiva","description":"Confederaci\u00f3n de entidades de personas con discapacidad f\u00edsica y org\u00e1nica CLM","publisher":{"@id":"https:\/\/clm-inclusiva.org\/#organization"},"potentialAction":[{"@type":"SearchAction","target":{"@type":"EntryPoint","urlTemplate":"https:\/\/clm-inclusiva.org\/?s={search_term_string}"},"query-input":"required name=search_term_string"}],"inLanguage":"es"},{"@type":"Organization","@id":"https:\/\/clm-inclusiva.org\/#organization","name":"Clm-Inclusiva","url":"https:\/\/clm-inclusiva.org\/","logo":{"@type":"ImageObject","inLanguage":"es","@id":"https:\/\/clm-inclusiva.org\/#\/schema\/logo\/image\/","url":"http:\/\/clm-inclusiva.org\/wp-content\/uploads\/2019\/04\/banner-e1533720812836.jpg","contentUrl":"http:\/\/clm-inclusiva.org\/wp-content\/uploads\/2019\/04\/banner-e1533720812836.jpg","width":600,"height":332,"caption":"Clm-Inclusiva"},"image":{"@id":"https:\/\/clm-inclusiva.org\/#\/schema\/logo\/image\/"},"sameAs":["https:\/\/www.facebook.com\/castillalamancha.inclusiva\/","https:\/\/twitter.com\/ClmInclusiva"]},{"@type":"Person","@id":"https:\/\/clm-inclusiva.org\/#\/schema\/person\/0cff84aaa5bb8fd3521c55d1578d902b","name":"clm-inclusiva","image":{"@type":"ImageObject","inLanguage":"es","@id":"https:\/\/clm-inclusiva.org\/#\/schema\/person\/image\/","url":"https:\/\/secure.gravatar.com\/avatar\/88948567af770dc9cd5597b329011884?s=96&d=blank&r=g","contentUrl":"https:\/\/secure.gravatar.com\/avatar\/88948567af770dc9cd5597b329011884?s=96&d=blank&r=g","caption":"clm-inclusiva"},"sameAs":["http:\/\/clm-inclusiva.org"],"url":"https:\/\/clm-inclusiva.org\/?author=1"}]}},"_links":{"self":[{"href":"https:\/\/clm-inclusiva.org\/index.php?rest_route=\/wp\/v2\/posts\/5076"}],"collection":[{"href":"https:\/\/clm-inclusiva.org\/index.php?rest_route=\/wp\/v2\/posts"}],"about":[{"href":"https:\/\/clm-inclusiva.org\/index.php?rest_route=\/wp\/v2\/types\/post"}],"author":[{"embeddable":true,"href":"https:\/\/clm-inclusiva.org\/index.php?rest_route=\/wp\/v2\/users\/1"}],"replies":[{"embeddable":true,"href":"https:\/\/clm-inclusiva.org\/index.php?rest_route=%2Fwp%2Fv2%2Fcomments&post=5076"}],"version-history":[{"count":5,"href":"https:\/\/clm-inclusiva.org\/index.php?rest_route=\/wp\/v2\/posts\/5076\/revisions"}],"predecessor-version":[{"id":5084,"href":"https:\/\/clm-inclusiva.org\/index.php?rest_route=\/wp\/v2\/posts\/5076\/revisions\/5084"}],"wp:featuredmedia":[{"embeddable":true,"href":"https:\/\/clm-inclusiva.org\/index.php?rest_route=\/wp\/v2\/media\/5078"}],"wp:attachment":[{"href":"https:\/\/clm-inclusiva.org\/index.php?rest_route=%2Fwp%2Fv2%2Fmedia&parent=5076"}],"wp:term":[{"taxonomy":"category","embeddable":true,"href":"https:\/\/clm-inclusiva.org\/index.php?rest_route=%2Fwp%2Fv2%2Fcategories&post=5076"},{"taxonomy":"post_tag","embeddable":true,"href":"https:\/\/clm-inclusiva.org\/index.php?rest_route=%2Fwp%2Fv2%2Ftags&post=5076"}],"curies":[{"name":"wp","href":"https:\/\/api.w.org\/{rel}","templated":true}]}}