{"id":5057,"date":"2024-03-22T10:51:14","date_gmt":"2024-03-22T08:51:14","guid":{"rendered":"https:\/\/clm-inclusiva.org\/?p=5057"},"modified":"2024-03-22T13:35:47","modified_gmt":"2024-03-22T11:35:47","slug":"clm-inclusiva-cocemfe-valora-de-manera-positiva-la-nueva-convocatoria-de-ayudas-para-la-mejora-de-la-accesibilidad-de-las-viviendas-de-la-jccm","status":"publish","type":"post","link":"https:\/\/clm-inclusiva.org\/?p=5057","title":{"rendered":"CLM INCLUSIVA COCEMFE valora de manera positiva la nueva convocatoria de ayudas para la mejora de la accesibilidad de las viviendas de la JCCM"},"content":{"rendered":"<ul>\n<li>\n<h3><strong>CLM INCLUSIVA COCEMFE valora esta convocatoria que ha anunciado el Gobierno de Castilla-La Mancha de manera favorable.<\/strong><\/h3>\n<\/li>\n<li>\n<h3><strong>Ayudas que alcanzan los 12 millones de euros y que beneficiar\u00e1n a unas 6.000 personas en la regi\u00f3n.<\/strong><\/h3>\n<\/li>\n<\/ul>\n<p>Castilla-La Mancha Inclusiva valora de manera muy positiva la nueva convocatoria de ayudas para la mejora de la accesibilidad de las viviendas de la regi\u00f3n que ha anunciado el gobierno de Castilla-La Mancha. Unas ayudas que se enmarcan dentro del Plan de Vivienda Estatal 2022-2025 del Gobierno con un valor de 12 millones de euros.<\/p>\n<p>Estas ayudas, como ha explicado la portavoz del Ejecutivo Auton\u00f3mico, Esther Padilla, mejorar\u00e1n las condiciones de m\u00e1s de 2.000 viviendas y a de m\u00e1s de 6.000 personas con discapacidad o movilidad reducida, tambi\u00e9n a mayores de 65 a\u00f1os. <strong>Cabe<\/strong><strong> destacar<\/strong> que est\u00e1s ayudas est\u00e1n enfocadas a edificios individuales y colectivos <strong>por lo que pedimos<\/strong> que se ampl\u00eden a instalaciones deportivas y espacios para el ocio para as\u00ed garantizar los derechos y la inclusi\u00f3n de las personas con discapacidad.<\/p>\n<p><strong>Desde nuestra entidad valoramos de manera muy positiva<\/strong> est\u00e1 nueva convocatoria de ayudas para mejorar la accesibilidad de las viviendas. <strong>Para nuestro presidente, Enrique Alarc\u00f3n<\/strong>, \u201cson 12 millones de euros que van a servir para poder hacer accesible el d\u00eda a d\u00eda de las personas con discapacidad\u201d.<\/p>\n<p>Son ayudas que ampl\u00edan las que ya se destinaban al acceso para la vivienda universal y desde nuestra entidad pedimos \u201c<strong>que se siga invirtiendo en la innovaci\u00f3n social en materia de discapacidad para conseguir una plena inclusi\u00f3n en la comunidad<\/strong>\u201d.<\/p>\n<p>Tambi\u00e9n <strong>esperamos \u201cuna alta demanda <\/strong>de esta nueva convocatoria de ayudas ya que significar\u00e1 que la sociedad sigue impulsando el desarrollo de una regi\u00f3n accesible\u201d seg\u00fan explica Enrique Alarc\u00f3n.<\/p>\n<p>Queremos poner en valor la<strong> disponibilidad de nuestra entidad<\/strong> para estar a disposici\u00f3n de los usuarios, instituciones, comunidades y de toda la sociedad civil, para poder lograr el objetivo final que es mejorar la accesibilidad. As\u00ed, ofrecemos nuestra entidad regional para colaborar y ayudar a personas, comunidades e instituciones con:<\/p>\n<p>&#8211;<strong>Informaci\u00f3n y asesoramiento<\/strong> para facilitar la accesibilidad de las viviendas de los ciudadanos con discapacidad y movilidad reducida para favorecer la integraci\u00f3n y la autonom\u00eda.<\/p>\n<p>&#8211;<strong>Asesoramiento<\/strong>\u00a0de la normativa legal en materia de accesibilidad.<\/p>\n<p>&#8211;<strong>Tramitaci\u00f3n<\/strong>\u00a0de sugerencias, quejas y denuncias ante los organismos competentes.<\/p>\n<p>&#8211;<strong>Supervisi\u00f3n<\/strong>\u00a0del cumplimiento de la normativa en materia de accesibilidad.<\/p>\n<p>&#8211;<strong>Informaci\u00f3n<\/strong>\u00a0<strong>sobre subvenciones<\/strong>\u00a0y ayudas para la eliminaci\u00f3n de barreras, tanto para particulares como para entidades.<\/p>\n<p>&#8211;<strong>Asesorar a instituciones p\u00fablicas y privadas, a empresas y particulares<\/strong>.<\/p>\n<p>&#8211;<strong>Di\u00e1logo social con la administraci\u00f3n p\u00fablica o con cualquier agente de la sociedad.<\/strong><\/p>\n<p>Nuestra misi\u00f3n como entidad consiste en garantizar los derechos y la inclusi\u00f3n, as\u00ed como mejorar las condiciones de vida de las personas con discapacidad y sus familias. Por ello, se necesitan m\u00e1s pol\u00edticas que mejoren la calidad de vida y luchen por la plena integraci\u00f3n en la sociedad de las personas con discapacidad en todos los \u00e1mbitos de la vida.<\/p>\n","protected":false},"excerpt":{"rendered":"<p>CLM INCLUSIVA COCEMFE valora esta convocatoria que ha anunciado el Gobierno de Castilla-La Mancha de manera favorable. Ayudas que alcanzan los 12 millones de euros y que beneficiar\u00e1n a unas 6.000 personas en la regi\u00f3n. Castilla-La Mancha Inclusiva valora de manera muy positiva la nueva convocatoria de ayudas para la mejora de la accesibilidad de [&hellip;]<\/p>\n","protected":false},"author":1,"featured_media":5061,"comment_status":"open","ping_status":"open","sticky":false,"template":"","format":"standard","meta":{"_et_pb_use_builder":"","_et_pb_old_content":"","_et_gb_content_width":"","footnotes":""},"categories":[2,3,49,4,47],"tags":[],"yoast_head":"<!-- This site is optimized with the Yoast SEO plugin v21.3 - https:\/\/yoast.com\/wordpress\/plugins\/seo\/ -->\n<title>CLM INCLUSIVA COCEMFE valora de manera positiva la nueva convocatoria de ayudas para la mejora de la accesibilidad de las viviendas de la JCCM - Clm-Inclusiva<\/title>\n<meta name=\"robots\" content=\"index, follow, max-snippet:-1, max-image-preview:large, max-video-preview:-1\" \/>\n<link rel=\"canonical\" href=\"https:\/\/clm-inclusiva.org\/?p=5057\" \/>\n<meta property=\"og:locale\" content=\"es_ES\" \/>\n<meta property=\"og:type\" content=\"article\" \/>\n<meta property=\"og:title\" content=\"CLM INCLUSIVA COCEMFE valora de manera positiva la nueva convocatoria de ayudas para la mejora de la accesibilidad de las viviendas de la JCCM - Clm-Inclusiva\" \/>\n<meta property=\"og:description\" content=\"CLM INCLUSIVA COCEMFE valora esta convocatoria que ha anunciado el Gobierno de Castilla-La Mancha de manera favorable. Ayudas que alcanzan los 12 millones de euros y que beneficiar\u00e1n a unas 6.000 personas en la regi\u00f3n. Castilla-La Mancha Inclusiva valora de manera muy positiva la nueva convocatoria de ayudas para la mejora de la accesibilidad de [&hellip;]\" \/>\n<meta property=\"og:url\" content=\"https:\/\/clm-inclusiva.org\/?p=5057\" \/>\n<meta property=\"og:site_name\" content=\"Clm-Inclusiva\" \/>\n<meta property=\"article:publisher\" content=\"https:\/\/www.facebook.com\/castillalamancha.inclusiva\/\" \/>\n<meta property=\"article:published_time\" content=\"2024-03-22T08:51:14+00:00\" \/>\n<meta property=\"article:modified_time\" content=\"2024-03-22T11:35:47+00:00\" \/>\n<meta property=\"og:image\" content=\"https:\/\/clm-inclusiva.org\/wp-content\/uploads\/2024\/03\/pexels-marcus-aurelius-4064229-scaled.jpg\" \/>\n\t<meta property=\"og:image:width\" content=\"1706\" \/>\n\t<meta property=\"og:image:height\" content=\"2560\" \/>\n\t<meta property=\"og:image:type\" content=\"image\/jpeg\" \/>\n<meta name=\"author\" content=\"clm-inclusiva\" \/>\n<meta name=\"twitter:card\" content=\"summary_large_image\" \/>\n<meta name=\"twitter:creator\" content=\"@ClmInclusiva\" \/>\n<meta name=\"twitter:site\" content=\"@ClmInclusiva\" \/>\n<meta name=\"twitter:label1\" content=\"Escrito por\" \/>\n\t<meta name=\"twitter:data1\" content=\"clm-inclusiva\" \/>\n\t<meta name=\"twitter:label2\" content=\"Tiempo de lectura\" \/>\n\t<meta name=\"twitter:data2\" content=\"3 minutos\" \/>\n<script type=\"application\/ld+json\" class=\"yoast-schema-graph\">{\"@context\":\"https:\/\/schema.org\",\"@graph\":[{\"@type\":\"Article\",\"@id\":\"https:\/\/clm-inclusiva.org\/?p=5057#article\",\"isPartOf\":{\"@id\":\"https:\/\/clm-inclusiva.org\/?p=5057\"},\"author\":{\"name\":\"clm-inclusiva\",\"@id\":\"https:\/\/clm-inclusiva.org\/#\/schema\/person\/0cff84aaa5bb8fd3521c55d1578d902b\"},\"headline\":\"CLM INCLUSIVA COCEMFE valora de manera positiva la nueva convocatoria de ayudas para la mejora de la accesibilidad de las viviendas de la JCCM\",\"datePublished\":\"2024-03-22T08:51:14+00:00\",\"dateModified\":\"2024-03-22T11:35:47+00:00\",\"mainEntityOfPage\":{\"@id\":\"https:\/\/clm-inclusiva.org\/?p=5057\"},\"wordCount\":544,\"commentCount\":0,\"publisher\":{\"@id\":\"https:\/\/clm-inclusiva.org\/#organization\"},\"articleSection\":[\"Accesibilidad\",\"Ayudas\",\"castilla-la mancha\",\"Clm inclusiva\",\"cocemfe\"],\"inLanguage\":\"es\",\"potentialAction\":[{\"@type\":\"CommentAction\",\"name\":\"Comment\",\"target\":[\"https:\/\/clm-inclusiva.org\/?p=5057#respond\"]}]},{\"@type\":\"WebPage\",\"@id\":\"https:\/\/clm-inclusiva.org\/?p=5057\",\"url\":\"https:\/\/clm-inclusiva.org\/?p=5057\",\"name\":\"CLM INCLUSIVA COCEMFE valora de manera positiva la nueva convocatoria de ayudas para la mejora de la accesibilidad de las viviendas de la JCCM - Clm-Inclusiva\",\"isPartOf\":{\"@id\":\"https:\/\/clm-inclusiva.org\/#website\"},\"datePublished\":\"2024-03-22T08:51:14+00:00\",\"dateModified\":\"2024-03-22T11:35:47+00:00\",\"breadcrumb\":{\"@id\":\"https:\/\/clm-inclusiva.org\/?p=5057#breadcrumb\"},\"inLanguage\":\"es\",\"potentialAction\":[{\"@type\":\"ReadAction\",\"target\":[\"https:\/\/clm-inclusiva.org\/?p=5057\"]}]},{\"@type\":\"BreadcrumbList\",\"@id\":\"https:\/\/clm-inclusiva.org\/?p=5057#breadcrumb\",\"itemListElement\":[{\"@type\":\"ListItem\",\"position\":1,\"name\":\"Portada\",\"item\":\"https:\/\/clm-inclusiva.org\/\"},{\"@type\":\"ListItem\",\"position\":2,\"name\":\"CLM INCLUSIVA COCEMFE valora de manera positiva la nueva convocatoria de ayudas para la mejora de la accesibilidad de las viviendas de la JCCM\"}]},{\"@type\":\"WebSite\",\"@id\":\"https:\/\/clm-inclusiva.org\/#website\",\"url\":\"https:\/\/clm-inclusiva.org\/\",\"name\":\"Clm-Inclusiva\",\"description\":\"Confederaci\u00f3n de entidades de personas con discapacidad f\u00edsica y org\u00e1nica CLM\",\"publisher\":{\"@id\":\"https:\/\/clm-inclusiva.org\/#organization\"},\"potentialAction\":[{\"@type\":\"SearchAction\",\"target\":{\"@type\":\"EntryPoint\",\"urlTemplate\":\"https:\/\/clm-inclusiva.org\/?s={search_term_string}\"},\"query-input\":\"required name=search_term_string\"}],\"inLanguage\":\"es\"},{\"@type\":\"Organization\",\"@id\":\"https:\/\/clm-inclusiva.org\/#organization\",\"name\":\"Clm-Inclusiva\",\"url\":\"https:\/\/clm-inclusiva.org\/\",\"logo\":{\"@type\":\"ImageObject\",\"inLanguage\":\"es\",\"@id\":\"https:\/\/clm-inclusiva.org\/#\/schema\/logo\/image\/\",\"url\":\"http:\/\/clm-inclusiva.org\/wp-content\/uploads\/2019\/04\/banner-e1533720812836.jpg\",\"contentUrl\":\"http:\/\/clm-inclusiva.org\/wp-content\/uploads\/2019\/04\/banner-e1533720812836.jpg\",\"width\":600,\"height\":332,\"caption\":\"Clm-Inclusiva\"},\"image\":{\"@id\":\"https:\/\/clm-inclusiva.org\/#\/schema\/logo\/image\/\"},\"sameAs\":[\"https:\/\/www.facebook.com\/castillalamancha.inclusiva\/\",\"https:\/\/twitter.com\/ClmInclusiva\"]},{\"@type\":\"Person\",\"@id\":\"https:\/\/clm-inclusiva.org\/#\/schema\/person\/0cff84aaa5bb8fd3521c55d1578d902b\",\"name\":\"clm-inclusiva\",\"image\":{\"@type\":\"ImageObject\",\"inLanguage\":\"es\",\"@id\":\"https:\/\/clm-inclusiva.org\/#\/schema\/person\/image\/\",\"url\":\"https:\/\/secure.gravatar.com\/avatar\/88948567af770dc9cd5597b329011884?s=96&d=blank&r=g\",\"contentUrl\":\"https:\/\/secure.gravatar.com\/avatar\/88948567af770dc9cd5597b329011884?s=96&d=blank&r=g\",\"caption\":\"clm-inclusiva\"},\"sameAs\":[\"http:\/\/clm-inclusiva.org\"],\"url\":\"https:\/\/clm-inclusiva.org\/?author=1\"}]}<\/script>\n<!-- \/ Yoast SEO plugin. -->","yoast_head_json":{"title":"CLM INCLUSIVA COCEMFE valora de manera positiva la nueva convocatoria de ayudas para la mejora de la accesibilidad de las viviendas de la JCCM - Clm-Inclusiva","robots":{"index":"index","follow":"follow","max-snippet":"max-snippet:-1","max-image-preview":"max-image-preview:large","max-video-preview":"max-video-preview:-1"},"canonical":"https:\/\/clm-inclusiva.org\/?p=5057","og_locale":"es_ES","og_type":"article","og_title":"CLM INCLUSIVA COCEMFE valora de manera positiva la nueva convocatoria de ayudas para la mejora de la accesibilidad de las viviendas de la JCCM - Clm-Inclusiva","og_description":"CLM INCLUSIVA COCEMFE valora esta convocatoria que ha anunciado el Gobierno de Castilla-La Mancha de manera favorable. Ayudas que alcanzan los 12 millones de euros y que beneficiar\u00e1n a unas 6.000 personas en la regi\u00f3n. Castilla-La Mancha Inclusiva valora de manera muy positiva la nueva convocatoria de ayudas para la mejora de la accesibilidad de [&hellip;]","og_url":"https:\/\/clm-inclusiva.org\/?p=5057","og_site_name":"Clm-Inclusiva","article_publisher":"https:\/\/www.facebook.com\/castillalamancha.inclusiva\/","article_published_time":"2024-03-22T08:51:14+00:00","article_modified_time":"2024-03-22T11:35:47+00:00","og_image":[{"width":1706,"height":2560,"url":"https:\/\/clm-inclusiva.org\/wp-content\/uploads\/2024\/03\/pexels-marcus-aurelius-4064229-scaled.jpg","type":"image\/jpeg"}],"author":"clm-inclusiva","twitter_card":"summary_large_image","twitter_creator":"@ClmInclusiva","twitter_site":"@ClmInclusiva","twitter_misc":{"Escrito por":"clm-inclusiva","Tiempo de lectura":"3 minutos"},"schema":{"@context":"https:\/\/schema.org","@graph":[{"@type":"Article","@id":"https:\/\/clm-inclusiva.org\/?p=5057#article","isPartOf":{"@id":"https:\/\/clm-inclusiva.org\/?p=5057"},"author":{"name":"clm-inclusiva","@id":"https:\/\/clm-inclusiva.org\/#\/schema\/person\/0cff84aaa5bb8fd3521c55d1578d902b"},"headline":"CLM INCLUSIVA COCEMFE valora de manera positiva la nueva convocatoria de ayudas para la mejora de la accesibilidad de las viviendas de la JCCM","datePublished":"2024-03-22T08:51:14+00:00","dateModified":"2024-03-22T11:35:47+00:00","mainEntityOfPage":{"@id":"https:\/\/clm-inclusiva.org\/?p=5057"},"wordCount":544,"commentCount":0,"publisher":{"@id":"https:\/\/clm-inclusiva.org\/#organization"},"articleSection":["Accesibilidad","Ayudas","castilla-la mancha","Clm inclusiva","cocemfe"],"inLanguage":"es","potentialAction":[{"@type":"CommentAction","name":"Comment","target":["https:\/\/clm-inclusiva.org\/?p=5057#respond"]}]},{"@type":"WebPage","@id":"https:\/\/clm-inclusiva.org\/?p=5057","url":"https:\/\/clm-inclusiva.org\/?p=5057","name":"CLM INCLUSIVA COCEMFE valora de manera positiva la nueva convocatoria de ayudas para la mejora de la accesibilidad de las viviendas de la JCCM - Clm-Inclusiva","isPartOf":{"@id":"https:\/\/clm-inclusiva.org\/#website"},"datePublished":"2024-03-22T08:51:14+00:00","dateModified":"2024-03-22T11:35:47+00:00","breadcrumb":{"@id":"https:\/\/clm-inclusiva.org\/?p=5057#breadcrumb"},"inLanguage":"es","potentialAction":[{"@type":"ReadAction","target":["https:\/\/clm-inclusiva.org\/?p=5057"]}]},{"@type":"BreadcrumbList","@id":"https:\/\/clm-inclusiva.org\/?p=5057#breadcrumb","itemListElement":[{"@type":"ListItem","position":1,"name":"Portada","item":"https:\/\/clm-inclusiva.org\/"},{"@type":"ListItem","position":2,"name":"CLM INCLUSIVA COCEMFE valora de manera positiva la nueva convocatoria de ayudas para la mejora de la accesibilidad de las viviendas de la JCCM"}]},{"@type":"WebSite","@id":"https:\/\/clm-inclusiva.org\/#website","url":"https:\/\/clm-inclusiva.org\/","name":"Clm-Inclusiva","description":"Confederaci\u00f3n de entidades de personas con discapacidad f\u00edsica y org\u00e1nica CLM","publisher":{"@id":"https:\/\/clm-inclusiva.org\/#organization"},"potentialAction":[{"@type":"SearchAction","target":{"@type":"EntryPoint","urlTemplate":"https:\/\/clm-inclusiva.org\/?s={search_term_string}"},"query-input":"required name=search_term_string"}],"inLanguage":"es"},{"@type":"Organization","@id":"https:\/\/clm-inclusiva.org\/#organization","name":"Clm-Inclusiva","url":"https:\/\/clm-inclusiva.org\/","logo":{"@type":"ImageObject","inLanguage":"es","@id":"https:\/\/clm-inclusiva.org\/#\/schema\/logo\/image\/","url":"http:\/\/clm-inclusiva.org\/wp-content\/uploads\/2019\/04\/banner-e1533720812836.jpg","contentUrl":"http:\/\/clm-inclusiva.org\/wp-content\/uploads\/2019\/04\/banner-e1533720812836.jpg","width":600,"height":332,"caption":"Clm-Inclusiva"},"image":{"@id":"https:\/\/clm-inclusiva.org\/#\/schema\/logo\/image\/"},"sameAs":["https:\/\/www.facebook.com\/castillalamancha.inclusiva\/","https:\/\/twitter.com\/ClmInclusiva"]},{"@type":"Person","@id":"https:\/\/clm-inclusiva.org\/#\/schema\/person\/0cff84aaa5bb8fd3521c55d1578d902b","name":"clm-inclusiva","image":{"@type":"ImageObject","inLanguage":"es","@id":"https:\/\/clm-inclusiva.org\/#\/schema\/person\/image\/","url":"https:\/\/secure.gravatar.com\/avatar\/88948567af770dc9cd5597b329011884?s=96&d=blank&r=g","contentUrl":"https:\/\/secure.gravatar.com\/avatar\/88948567af770dc9cd5597b329011884?s=96&d=blank&r=g","caption":"clm-inclusiva"},"sameAs":["http:\/\/clm-inclusiva.org"],"url":"https:\/\/clm-inclusiva.org\/?author=1"}]}},"_links":{"self":[{"href":"https:\/\/clm-inclusiva.org\/index.php?rest_route=\/wp\/v2\/posts\/5057"}],"collection":[{"href":"https:\/\/clm-inclusiva.org\/index.php?rest_route=\/wp\/v2\/posts"}],"about":[{"href":"https:\/\/clm-inclusiva.org\/index.php?rest_route=\/wp\/v2\/types\/post"}],"author":[{"embeddable":true,"href":"https:\/\/clm-inclusiva.org\/index.php?rest_route=\/wp\/v2\/users\/1"}],"replies":[{"embeddable":true,"href":"https:\/\/clm-inclusiva.org\/index.php?rest_route=%2Fwp%2Fv2%2Fcomments&post=5057"}],"version-history":[{"count":5,"href":"https:\/\/clm-inclusiva.org\/index.php?rest_route=\/wp\/v2\/posts\/5057\/revisions"}],"predecessor-version":[{"id":5063,"href":"https:\/\/clm-inclusiva.org\/index.php?rest_route=\/wp\/v2\/posts\/5057\/revisions\/5063"}],"wp:featuredmedia":[{"embeddable":true,"href":"https:\/\/clm-inclusiva.org\/index.php?rest_route=\/wp\/v2\/media\/5061"}],"wp:attachment":[{"href":"https:\/\/clm-inclusiva.org\/index.php?rest_route=%2Fwp%2Fv2%2Fmedia&parent=5057"}],"wp:term":[{"taxonomy":"category","embeddable":true,"href":"https:\/\/clm-inclusiva.org\/index.php?rest_route=%2Fwp%2Fv2%2Fcategories&post=5057"},{"taxonomy":"post_tag","embeddable":true,"href":"https:\/\/clm-inclusiva.org\/index.php?rest_route=%2Fwp%2Fv2%2Ftags&post=5057"}],"curies":[{"name":"wp","href":"https:\/\/api.w.org\/{rel}","templated":true}]}}