{"id":5047,"date":"2024-03-07T11:15:56","date_gmt":"2024-03-07T09:15:56","guid":{"rendered":"https:\/\/clm-inclusiva.org\/?p=5047"},"modified":"2024-03-07T11:15:56","modified_gmt":"2024-03-07T09:15:56","slug":"clm-inclusiva-cocemfe-y-cocemfe-piden-al-gobierno-celeridad-en-los-trabajos-para-ampliar-las-patologias-propuestas-para-la-jubilacion-anticipada","status":"publish","type":"post","link":"https:\/\/clm-inclusiva.org\/?p=5047","title":{"rendered":"CLM INCLUSIVA COCEMFE y COCEMFE piden al Gobierno celeridad en los trabajos para ampliar las patolog\u00edas propuestas para la jubilaci\u00f3n anticipada"},"content":{"rendered":"<ul>\n<li><strong>COCEMFE ha propuesto al Gobierno ampliar la jubilaci\u00f3n anticipada a once nuevas patolog\u00edas como como p\u00e1rkinson, lupus, artritis reumatoide, espina b\u00edfida, fibromialgia o esclerodermia, entre otras<\/strong><\/li>\n<li><strong>Piden celeridad en la creaci\u00f3n de la comisi\u00f3n que valorar\u00e1 la inclusi\u00f3n de estas nuevas patolog\u00edas para que las personas que ha identificado pueden beneficiarse de la jubilaci\u00f3n anticipada cuanto antes<\/strong><\/li>\n<li><strong>\u201cLa jubilaci\u00f3n anticipada es para muchas personas con discapacidad un paso imprescindible para su salud y bienestar, ante situaciones espec\u00edficas relacionadas con la reducci\u00f3n de la esperanza de vida\u201d, afirma el presidente de COCEMFE<\/strong><\/li>\n<\/ul>\n<p>Castilla-La Mancha Inclusiva y la Confederaci\u00f3n Espa\u00f1ola de Personas con Discapacidad F\u00edsica y Org\u00e1nica (COCEMFE) piden celeridad en la creaci\u00f3n de la comisi\u00f3n que valorar\u00e1 la inclusi\u00f3n de nuevas patolog\u00edas entre los casos de las enfermedades que pueden acogerse a la jubilaci\u00f3n anticipada de trabajadores y trabajadoras con grado de discapacidad del 45% o superior, tras haber planteado la Confederaci\u00f3n nacional la inclusi\u00f3n de once nuevas patolog\u00edas al Ministerio de Inclusi\u00f3n, Seguridad Social y Migraciones.<\/p>\n<p>Con esta propuesta COCEMFE pretende que se desarrolle lo establecido en el Real Decreto 370\/2023, de 16 de mayo que prev\u00e9 la regulaci\u00f3n de un procedimiento de inclusi\u00f3n de nuevas patolog\u00edas generadoras de discapacidad, a los efectos de esta modalidad de jubilaci\u00f3n anticipada, y su consiguiente actualizaci\u00f3n y ampliaci\u00f3n.<\/p>\n<p>Las patolog\u00edas que se han propuesto son las siguientes: enfermedad de Parkinson, lupus eritematoso sist\u00e9mico, artritis reumatoide, espina b\u00edfida, fibromialgia, encefalomielitis mi\u00e1lgica, enfermedad de Steinert, enfermedad de Huntington, enfermedad de Andrade, inmunodeficiencias primarias y esclerodermia.<\/p>\n<p>Para ello se inici\u00f3 un proceso consultivo con las entidades del Movimiento Asociativo de COCEMFE que deriv\u00f3 en un trabajo de an\u00e1lisis y que se materializ\u00f3 en un total de once informes independientes en los que se ha recogido la evidencia cient\u00edfica existente sobre la reducci\u00f3n de la<br \/>\nConfederaci\u00f3n de entidades de personas con discapacidad f\u00edsica y org\u00e1nica CLM<br \/>\nesperanza de vida de estas enfermedades (par\u00e1metro de valoraci\u00f3n recogido en el real decreto), para respaldar la necesidad de contemplar el supuesto de jubilaci\u00f3n anticipada.<\/p>\n<p>Enrique Alarc\u00f3n, presidente de CLM INCLUSIVA COCEMFE, destaca que \u201clas llamadas discapacidades invisibles son aquellas de car\u00e1cter org\u00e1nico que a simple visto no se perciben, pero que pueden deteriorar de una manera importante el estado de la salud y el bienestar de las personas que las padecen a lo largo de su vida laboral\u201d. Alarc\u00f3n recalca que \u201cdesde Castilla-La Mancha Inclusiva pedimos que estas patolog\u00edas org\u00e1nicas se vayan incorporando a los beneficios del Real Decreto que nos permite optar a la jubilaci\u00f3n anticipada\u201d.<\/p>\n<p>\u201cLa jubilaci\u00f3n anticipada es para muchas personas con discapacidad un paso imprescindible para su salud y bienestar, que responde a la necesidad de igualar la transici\u00f3n hacia la jubilaci\u00f3n ante situaciones espec\u00edficas relacionadas con la reducci\u00f3n de la esperanza de vida de las personas con ciertas patolog\u00edas, las dificultades para acceder y mantener un empleo que afrontan muchas personas de este grupo social y la importancia de disponer de recursos econ\u00f3micos suficientes ante el sobrecoste que supone tener una discapacidad\u201d, explica el presidente de COCEMFE, Anxo Queiruga.<\/p>\n<p>Seg\u00fan el Real Decreto 370\/2023, de 16 de mayo en el procedimiento de inclusi\u00f3n de estas nuevas patolog\u00edas se incluir\u00eda el establecimiento de una comisi\u00f3n t\u00e9cnica que ser\u00e1 la encargada de proponer su incorporaci\u00f3n para garantizar la objetividad del procedimiento.<br \/>\nEn este sentido y para acometer este desarrollo normativo, Castilla-La Mancha INCLUSIVA y COCEMFE reclaman al Ministerio de Inclusi\u00f3n, Seguridad Social y Migraciones que el movimiento asociativo de la discapacidad forme parte de esa comisi\u00f3n t\u00e9cnica para poder abordar la inclusi\u00f3n de estas patolog\u00edas y preparar la redacci\u00f3n de la Orden Ministerial que debe culminar este proceso de actualizaci\u00f3n del listado vigente.<\/p>\n<p>\u201cDesde COCEMFE se seguir\u00e1 trabajando paralelamente con las organizaciones de nuestro Movimiento Asociativo y personal t\u00e9cnico experto para poder seguir ampliando este listado, as\u00ed como en la mejora del procedimiento que el Gobierno ha establecido para su actualizaci\u00f3n, para que sea un proceso m\u00e1s transparente e inclusivo\u201d, afirma Queiruga.<\/p>\n<p>La \u00faltima regulaci\u00f3n de la jubilaci\u00f3n anticipada aprobada en 2023 supuso una flexibilizaci\u00f3n de esta prestaci\u00f3n que respond\u00eda a una demanda hist\u00f3rica de COCEMFE y de todo el movimiento asociativo de la discapacidad, que aglutina el Comit\u00e9 Espa\u00f1ol de Representantes de Personas con Discapacidad (CERMI). Adem\u00e1s de establecer el procedimiento de actualizaci\u00f3n de patolog\u00edas, supuso una reducci\u00f3n del periodo necesario de cotizaci\u00f3n para poder acceder a la jubilaci\u00f3n anticipada en determinados supuestos.<\/p>\n","protected":false},"excerpt":{"rendered":"<p>COCEMFE ha propuesto al Gobierno ampliar la jubilaci\u00f3n anticipada a once nuevas patolog\u00edas como como p\u00e1rkinson, lupus, artritis reumatoide, espina b\u00edfida, fibromialgia o esclerodermia, entre otras Piden celeridad en la creaci\u00f3n de la comisi\u00f3n que valorar\u00e1 la inclusi\u00f3n de estas nuevas patolog\u00edas para que las personas que ha identificado pueden beneficiarse de la jubilaci\u00f3n anticipada [&hellip;]<\/p>\n","protected":false},"author":1,"featured_media":5014,"comment_status":"open","ping_status":"open","sticky":false,"template":"","format":"standard","meta":{"_et_pb_use_builder":"","_et_pb_old_content":"","_et_gb_content_width":"","footnotes":""},"categories":[49,4,47,96,44,41],"tags":[],"yoast_head":"<!-- This site is optimized with the Yoast SEO plugin v21.3 - https:\/\/yoast.com\/wordpress\/plugins\/seo\/ -->\n<title>CLM INCLUSIVA COCEMFE y COCEMFE piden al Gobierno celeridad en los trabajos para ampliar las patolog\u00edas propuestas para la jubilaci\u00f3n anticipada - Clm-Inclusiva<\/title>\n<meta name=\"robots\" content=\"index, follow, max-snippet:-1, max-image-preview:large, max-video-preview:-1\" \/>\n<link rel=\"canonical\" href=\"https:\/\/clm-inclusiva.org\/?p=5047\" \/>\n<meta property=\"og:locale\" content=\"es_ES\" \/>\n<meta property=\"og:type\" content=\"article\" \/>\n<meta property=\"og:title\" content=\"CLM INCLUSIVA COCEMFE y COCEMFE piden al Gobierno celeridad en los trabajos para ampliar las patolog\u00edas propuestas para la jubilaci\u00f3n anticipada - Clm-Inclusiva\" \/>\n<meta property=\"og:description\" content=\"COCEMFE ha propuesto al Gobierno ampliar la jubilaci\u00f3n anticipada a once nuevas patolog\u00edas como como p\u00e1rkinson, lupus, artritis reumatoide, espina b\u00edfida, fibromialgia o esclerodermia, entre otras Piden celeridad en la creaci\u00f3n de la comisi\u00f3n que valorar\u00e1 la inclusi\u00f3n de estas nuevas patolog\u00edas para que las personas que ha identificado pueden beneficiarse de la jubilaci\u00f3n anticipada [&hellip;]\" \/>\n<meta property=\"og:url\" content=\"https:\/\/clm-inclusiva.org\/?p=5047\" \/>\n<meta property=\"og:site_name\" content=\"Clm-Inclusiva\" \/>\n<meta property=\"article:publisher\" content=\"https:\/\/www.facebook.com\/castillalamancha.inclusiva\/\" \/>\n<meta property=\"article:published_time\" content=\"2024-03-07T09:15:56+00:00\" \/>\n<meta property=\"og:image\" content=\"https:\/\/clm-inclusiva.org\/wp-content\/uploads\/2024\/01\/FOTOGRAFIA_HEMICICLO_DIPUTADOS-scaled.jpg\" \/>\n\t<meta property=\"og:image:width\" content=\"2560\" \/>\n\t<meta property=\"og:image:height\" content=\"1921\" \/>\n\t<meta property=\"og:image:type\" content=\"image\/jpeg\" \/>\n<meta name=\"author\" content=\"clm-inclusiva\" \/>\n<meta name=\"twitter:card\" content=\"summary_large_image\" \/>\n<meta name=\"twitter:creator\" content=\"@ClmInclusiva\" \/>\n<meta name=\"twitter:site\" content=\"@ClmInclusiva\" \/>\n<meta name=\"twitter:label1\" content=\"Escrito por\" \/>\n\t<meta name=\"twitter:data1\" content=\"clm-inclusiva\" \/>\n\t<meta name=\"twitter:label2\" content=\"Tiempo de lectura\" \/>\n\t<meta name=\"twitter:data2\" content=\"4 minutos\" \/>\n<script type=\"application\/ld+json\" class=\"yoast-schema-graph\">{\"@context\":\"https:\/\/schema.org\",\"@graph\":[{\"@type\":\"Article\",\"@id\":\"https:\/\/clm-inclusiva.org\/?p=5047#article\",\"isPartOf\":{\"@id\":\"https:\/\/clm-inclusiva.org\/?p=5047\"},\"author\":{\"name\":\"clm-inclusiva\",\"@id\":\"https:\/\/clm-inclusiva.org\/#\/schema\/person\/0cff84aaa5bb8fd3521c55d1578d902b\"},\"headline\":\"CLM INCLUSIVA COCEMFE y COCEMFE piden al Gobierno celeridad en los trabajos para ampliar las patolog\u00edas propuestas para la jubilaci\u00f3n anticipada\",\"datePublished\":\"2024-03-07T09:15:56+00:00\",\"dateModified\":\"2024-03-07T09:15:56+00:00\",\"mainEntityOfPage\":{\"@id\":\"https:\/\/clm-inclusiva.org\/?p=5047\"},\"wordCount\":832,\"commentCount\":0,\"publisher\":{\"@id\":\"https:\/\/clm-inclusiva.org\/#organization\"},\"articleSection\":[\"castilla-la mancha\",\"Clm inclusiva\",\"cocemfe\",\"jubilacion\",\"Politica social\",\"Tercer sector\"],\"inLanguage\":\"es\",\"potentialAction\":[{\"@type\":\"CommentAction\",\"name\":\"Comment\",\"target\":[\"https:\/\/clm-inclusiva.org\/?p=5047#respond\"]}]},{\"@type\":\"WebPage\",\"@id\":\"https:\/\/clm-inclusiva.org\/?p=5047\",\"url\":\"https:\/\/clm-inclusiva.org\/?p=5047\",\"name\":\"CLM INCLUSIVA COCEMFE y COCEMFE piden al Gobierno celeridad en los trabajos para ampliar las patolog\u00edas propuestas para la jubilaci\u00f3n anticipada - Clm-Inclusiva\",\"isPartOf\":{\"@id\":\"https:\/\/clm-inclusiva.org\/#website\"},\"datePublished\":\"2024-03-07T09:15:56+00:00\",\"dateModified\":\"2024-03-07T09:15:56+00:00\",\"breadcrumb\":{\"@id\":\"https:\/\/clm-inclusiva.org\/?p=5047#breadcrumb\"},\"inLanguage\":\"es\",\"potentialAction\":[{\"@type\":\"ReadAction\",\"target\":[\"https:\/\/clm-inclusiva.org\/?p=5047\"]}]},{\"@type\":\"BreadcrumbList\",\"@id\":\"https:\/\/clm-inclusiva.org\/?p=5047#breadcrumb\",\"itemListElement\":[{\"@type\":\"ListItem\",\"position\":1,\"name\":\"Portada\",\"item\":\"https:\/\/clm-inclusiva.org\/\"},{\"@type\":\"ListItem\",\"position\":2,\"name\":\"CLM INCLUSIVA COCEMFE y COCEMFE piden al Gobierno celeridad en los trabajos para ampliar las patolog\u00edas propuestas para la jubilaci\u00f3n anticipada\"}]},{\"@type\":\"WebSite\",\"@id\":\"https:\/\/clm-inclusiva.org\/#website\",\"url\":\"https:\/\/clm-inclusiva.org\/\",\"name\":\"Clm-Inclusiva\",\"description\":\"Confederaci\u00f3n de entidades de personas con discapacidad f\u00edsica y org\u00e1nica CLM\",\"publisher\":{\"@id\":\"https:\/\/clm-inclusiva.org\/#organization\"},\"potentialAction\":[{\"@type\":\"SearchAction\",\"target\":{\"@type\":\"EntryPoint\",\"urlTemplate\":\"https:\/\/clm-inclusiva.org\/?s={search_term_string}\"},\"query-input\":\"required name=search_term_string\"}],\"inLanguage\":\"es\"},{\"@type\":\"Organization\",\"@id\":\"https:\/\/clm-inclusiva.org\/#organization\",\"name\":\"Clm-Inclusiva\",\"url\":\"https:\/\/clm-inclusiva.org\/\",\"logo\":{\"@type\":\"ImageObject\",\"inLanguage\":\"es\",\"@id\":\"https:\/\/clm-inclusiva.org\/#\/schema\/logo\/image\/\",\"url\":\"http:\/\/clm-inclusiva.org\/wp-content\/uploads\/2019\/04\/banner-e1533720812836.jpg\",\"contentUrl\":\"http:\/\/clm-inclusiva.org\/wp-content\/uploads\/2019\/04\/banner-e1533720812836.jpg\",\"width\":600,\"height\":332,\"caption\":\"Clm-Inclusiva\"},\"image\":{\"@id\":\"https:\/\/clm-inclusiva.org\/#\/schema\/logo\/image\/\"},\"sameAs\":[\"https:\/\/www.facebook.com\/castillalamancha.inclusiva\/\",\"https:\/\/twitter.com\/ClmInclusiva\"]},{\"@type\":\"Person\",\"@id\":\"https:\/\/clm-inclusiva.org\/#\/schema\/person\/0cff84aaa5bb8fd3521c55d1578d902b\",\"name\":\"clm-inclusiva\",\"image\":{\"@type\":\"ImageObject\",\"inLanguage\":\"es\",\"@id\":\"https:\/\/clm-inclusiva.org\/#\/schema\/person\/image\/\",\"url\":\"https:\/\/secure.gravatar.com\/avatar\/88948567af770dc9cd5597b329011884?s=96&d=blank&r=g\",\"contentUrl\":\"https:\/\/secure.gravatar.com\/avatar\/88948567af770dc9cd5597b329011884?s=96&d=blank&r=g\",\"caption\":\"clm-inclusiva\"},\"sameAs\":[\"http:\/\/clm-inclusiva.org\"],\"url\":\"https:\/\/clm-inclusiva.org\/?author=1\"}]}<\/script>\n<!-- \/ Yoast SEO plugin. -->","yoast_head_json":{"title":"CLM INCLUSIVA COCEMFE y COCEMFE piden al Gobierno celeridad en los trabajos para ampliar las patolog\u00edas propuestas para la jubilaci\u00f3n anticipada - Clm-Inclusiva","robots":{"index":"index","follow":"follow","max-snippet":"max-snippet:-1","max-image-preview":"max-image-preview:large","max-video-preview":"max-video-preview:-1"},"canonical":"https:\/\/clm-inclusiva.org\/?p=5047","og_locale":"es_ES","og_type":"article","og_title":"CLM INCLUSIVA COCEMFE y COCEMFE piden al Gobierno celeridad en los trabajos para ampliar las patolog\u00edas propuestas para la jubilaci\u00f3n anticipada - Clm-Inclusiva","og_description":"COCEMFE ha propuesto al Gobierno ampliar la jubilaci\u00f3n anticipada a once nuevas patolog\u00edas como como p\u00e1rkinson, lupus, artritis reumatoide, espina b\u00edfida, fibromialgia o esclerodermia, entre otras Piden celeridad en la creaci\u00f3n de la comisi\u00f3n que valorar\u00e1 la inclusi\u00f3n de estas nuevas patolog\u00edas para que las personas que ha identificado pueden beneficiarse de la jubilaci\u00f3n anticipada [&hellip;]","og_url":"https:\/\/clm-inclusiva.org\/?p=5047","og_site_name":"Clm-Inclusiva","article_publisher":"https:\/\/www.facebook.com\/castillalamancha.inclusiva\/","article_published_time":"2024-03-07T09:15:56+00:00","og_image":[{"width":2560,"height":1921,"url":"https:\/\/clm-inclusiva.org\/wp-content\/uploads\/2024\/01\/FOTOGRAFIA_HEMICICLO_DIPUTADOS-scaled.jpg","type":"image\/jpeg"}],"author":"clm-inclusiva","twitter_card":"summary_large_image","twitter_creator":"@ClmInclusiva","twitter_site":"@ClmInclusiva","twitter_misc":{"Escrito por":"clm-inclusiva","Tiempo de lectura":"4 minutos"},"schema":{"@context":"https:\/\/schema.org","@graph":[{"@type":"Article","@id":"https:\/\/clm-inclusiva.org\/?p=5047#article","isPartOf":{"@id":"https:\/\/clm-inclusiva.org\/?p=5047"},"author":{"name":"clm-inclusiva","@id":"https:\/\/clm-inclusiva.org\/#\/schema\/person\/0cff84aaa5bb8fd3521c55d1578d902b"},"headline":"CLM INCLUSIVA COCEMFE y COCEMFE piden al Gobierno celeridad en los trabajos para ampliar las patolog\u00edas propuestas para la jubilaci\u00f3n anticipada","datePublished":"2024-03-07T09:15:56+00:00","dateModified":"2024-03-07T09:15:56+00:00","mainEntityOfPage":{"@id":"https:\/\/clm-inclusiva.org\/?p=5047"},"wordCount":832,"commentCount":0,"publisher":{"@id":"https:\/\/clm-inclusiva.org\/#organization"},"articleSection":["castilla-la mancha","Clm inclusiva","cocemfe","jubilacion","Politica social","Tercer sector"],"inLanguage":"es","potentialAction":[{"@type":"CommentAction","name":"Comment","target":["https:\/\/clm-inclusiva.org\/?p=5047#respond"]}]},{"@type":"WebPage","@id":"https:\/\/clm-inclusiva.org\/?p=5047","url":"https:\/\/clm-inclusiva.org\/?p=5047","name":"CLM INCLUSIVA COCEMFE y COCEMFE piden al Gobierno celeridad en los trabajos para ampliar las patolog\u00edas propuestas para la jubilaci\u00f3n anticipada - Clm-Inclusiva","isPartOf":{"@id":"https:\/\/clm-inclusiva.org\/#website"},"datePublished":"2024-03-07T09:15:56+00:00","dateModified":"2024-03-07T09:15:56+00:00","breadcrumb":{"@id":"https:\/\/clm-inclusiva.org\/?p=5047#breadcrumb"},"inLanguage":"es","potentialAction":[{"@type":"ReadAction","target":["https:\/\/clm-inclusiva.org\/?p=5047"]}]},{"@type":"BreadcrumbList","@id":"https:\/\/clm-inclusiva.org\/?p=5047#breadcrumb","itemListElement":[{"@type":"ListItem","position":1,"name":"Portada","item":"https:\/\/clm-inclusiva.org\/"},{"@type":"ListItem","position":2,"name":"CLM INCLUSIVA COCEMFE y COCEMFE piden al Gobierno celeridad en los trabajos para ampliar las patolog\u00edas propuestas para la jubilaci\u00f3n anticipada"}]},{"@type":"WebSite","@id":"https:\/\/clm-inclusiva.org\/#website","url":"https:\/\/clm-inclusiva.org\/","name":"Clm-Inclusiva","description":"Confederaci\u00f3n de entidades de personas con discapacidad f\u00edsica y org\u00e1nica CLM","publisher":{"@id":"https:\/\/clm-inclusiva.org\/#organization"},"potentialAction":[{"@type":"SearchAction","target":{"@type":"EntryPoint","urlTemplate":"https:\/\/clm-inclusiva.org\/?s={search_term_string}"},"query-input":"required name=search_term_string"}],"inLanguage":"es"},{"@type":"Organization","@id":"https:\/\/clm-inclusiva.org\/#organization","name":"Clm-Inclusiva","url":"https:\/\/clm-inclusiva.org\/","logo":{"@type":"ImageObject","inLanguage":"es","@id":"https:\/\/clm-inclusiva.org\/#\/schema\/logo\/image\/","url":"http:\/\/clm-inclusiva.org\/wp-content\/uploads\/2019\/04\/banner-e1533720812836.jpg","contentUrl":"http:\/\/clm-inclusiva.org\/wp-content\/uploads\/2019\/04\/banner-e1533720812836.jpg","width":600,"height":332,"caption":"Clm-Inclusiva"},"image":{"@id":"https:\/\/clm-inclusiva.org\/#\/schema\/logo\/image\/"},"sameAs":["https:\/\/www.facebook.com\/castillalamancha.inclusiva\/","https:\/\/twitter.com\/ClmInclusiva"]},{"@type":"Person","@id":"https:\/\/clm-inclusiva.org\/#\/schema\/person\/0cff84aaa5bb8fd3521c55d1578d902b","name":"clm-inclusiva","image":{"@type":"ImageObject","inLanguage":"es","@id":"https:\/\/clm-inclusiva.org\/#\/schema\/person\/image\/","url":"https:\/\/secure.gravatar.com\/avatar\/88948567af770dc9cd5597b329011884?s=96&d=blank&r=g","contentUrl":"https:\/\/secure.gravatar.com\/avatar\/88948567af770dc9cd5597b329011884?s=96&d=blank&r=g","caption":"clm-inclusiva"},"sameAs":["http:\/\/clm-inclusiva.org"],"url":"https:\/\/clm-inclusiva.org\/?author=1"}]}},"_links":{"self":[{"href":"https:\/\/clm-inclusiva.org\/index.php?rest_route=\/wp\/v2\/posts\/5047"}],"collection":[{"href":"https:\/\/clm-inclusiva.org\/index.php?rest_route=\/wp\/v2\/posts"}],"about":[{"href":"https:\/\/clm-inclusiva.org\/index.php?rest_route=\/wp\/v2\/types\/post"}],"author":[{"embeddable":true,"href":"https:\/\/clm-inclusiva.org\/index.php?rest_route=\/wp\/v2\/users\/1"}],"replies":[{"embeddable":true,"href":"https:\/\/clm-inclusiva.org\/index.php?rest_route=%2Fwp%2Fv2%2Fcomments&post=5047"}],"version-history":[{"count":6,"href":"https:\/\/clm-inclusiva.org\/index.php?rest_route=\/wp\/v2\/posts\/5047\/revisions"}],"predecessor-version":[{"id":5053,"href":"https:\/\/clm-inclusiva.org\/index.php?rest_route=\/wp\/v2\/posts\/5047\/revisions\/5053"}],"wp:featuredmedia":[{"embeddable":true,"href":"https:\/\/clm-inclusiva.org\/index.php?rest_route=\/wp\/v2\/media\/5014"}],"wp:attachment":[{"href":"https:\/\/clm-inclusiva.org\/index.php?rest_route=%2Fwp%2Fv2%2Fmedia&parent=5047"}],"wp:term":[{"taxonomy":"category","embeddable":true,"href":"https:\/\/clm-inclusiva.org\/index.php?rest_route=%2Fwp%2Fv2%2Fcategories&post=5047"},{"taxonomy":"post_tag","embeddable":true,"href":"https:\/\/clm-inclusiva.org\/index.php?rest_route=%2Fwp%2Fv2%2Ftags&post=5047"}],"curies":[{"name":"wp","href":"https:\/\/api.w.org\/{rel}","templated":true}]}}