{"id":5030,"date":"2024-03-01T10:56:52","date_gmt":"2024-03-01T08:56:52","guid":{"rendered":"https:\/\/clm-inclusiva.org\/?p=5030"},"modified":"2024-03-01T10:57:46","modified_gmt":"2024-03-01T08:57:46","slug":"enrique-alarcon-presidente-de-clm-inclusiva-cocemfe-premiado-por-su-trayectoria-en-la-ii-gala-de-amiab-cuenca","status":"publish","type":"post","link":"https:\/\/clm-inclusiva.org\/?p=5030","title":{"rendered":"Enrique Alarc\u00f3n, presidente de CLM INCLUSIVA COCEMFE premiado por su TRAYECTORIA en la II GALA DE AMIAB Cuenca"},"content":{"rendered":"<p>En el marco de la<strong> II Gala de AMIAB Cuenca 2024<\/strong> celebrada en el Aula Magna de la Facultad de Bellas Artes de la UCLM en Cuenca se han<strong> reconocido a las personas y asociaciones que trabajan por la igualdad y a favor de la inclusi\u00f3n.\u00a0<\/strong>Entre ellos, el <strong>presidente de CLM Inclusiva, Enrique Alarc\u00f3n<\/strong> ha sido galardonado con el premio <strong>\u201cTrayectoria y Persona\u201d.<\/strong><\/p>\n<p>Un reconocimiento por todos los a\u00f1os de <strong>trabajo y esfuerzo<\/strong> dedicados a <strong>ayudar<\/strong> a las <strong>personas con<\/strong> discapacidad. Tambi\u00e9n se reconoce en este premio el empe\u00f1o de Enrique Alarc\u00f3n por hacer el <strong>mundo m\u00e1s accesible y justo para este colectivo.<\/strong><\/p>\n<p>El presidente de CLM Inclusiva ha querido <strong>agradecer a AMIAB su labor<\/strong> tan decisiva para afrontar las necesidades y sostener los derechos de las personas con discapacidad y sus familias. Para Alarc\u00f3n son \u201cun modelo de estructuraci\u00f3n para una sociedad orientada hacia la dignidad y los derechos de las personas\u201d. Un compromiso que, ha recordado, siempre es colectivo.<\/p>\n<p>Tambi\u00e9n ha reivindicado el seguir enfocados hacia las personas que, por una raz\u00f3n u otra, viven en vulnerabilidad. Adem\u00e1s, ha aprovechado para animar a las personas con o sin discapacidad a <strong>vincularse a las entidades sociales<\/strong> ya que, en palabras de Alarc\u00f3n \u201cson un \u00e1mbito de personalizaci\u00f3n, de alcanzar madurez social y lograr madurez humana\u201d.<\/p>\n<p>En la gala tambi\u00e9n han sido reconocidos los hermanos Herrada en la categor\u00eda de &#8220;Deporte&#8221;, la Delegaci\u00f3n Provincial de Econom\u00eda, Empresa y Empleo como &#8220;Instituci\u00f3n Colaboradora&#8221;, premio &#8220;Empresa Colaboradora&#8221; a Alternativas Gesti\u00f3n y Restauraci\u00f3n Entre Hoces, a Cruz Roja Cuenca como &#8220;Entidad Solidaria&#8221; y la Menci\u00f3n Especial a Encarnaci\u00f3n Rodr\u00edguez, presidenta de AMIAB a t\u00edtulo p\u00f3stumo.<\/p>\n<div class=\"et_pb_slider et_pb_slider_fullwidth_off et_pb_gallery_post_type\">\n\t\t\t\t<div class=\"et_pb_slides\">\n\t\t\t\t\t<div class=\"et_pb_slide\" style=\"background: url(https:\/\/clm-inclusiva.org\/wp-content\/uploads\/2024\/03\/IMG_2179-scaled.jpg);\"><\/div><div class=\"et_pb_slide\" style=\"background: url(https:\/\/clm-inclusiva.org\/wp-content\/uploads\/2024\/03\/IMG_2191-scaled.jpg);\"><\/div><div class=\"et_pb_slide\" style=\"background: url(https:\/\/clm-inclusiva.org\/wp-content\/uploads\/2024\/03\/IMG_2153-scaled.jpg);\"><\/div><div class=\"et_pb_slide\" style=\"background: url(https:\/\/clm-inclusiva.org\/wp-content\/uploads\/2024\/03\/IMG_2204-scaled.jpg);\"><\/div><div class=\"et_pb_slide\" style=\"background: url(https:\/\/clm-inclusiva.org\/wp-content\/uploads\/2024\/03\/IMG_2231-scaled.jpg);\"><\/div>\n\t\t\t\t<\/div>\n\t\t\t<\/div>\n<p>&nbsp;<\/p>\n","protected":false},"excerpt":{"rendered":"<p>En el marco de la II Gala de AMIAB Cuenca 2024 celebrada en el Aula Magna de la Facultad de Bellas Artes de la UCLM en Cuenca se han reconocido a las personas y asociaciones que trabajan por la igualdad y a favor de la inclusi\u00f3n.\u00a0Entre ellos, el presidente de CLM Inclusiva, Enrique Alarc\u00f3n ha [&hellip;]<\/p>\n","protected":false},"author":1,"featured_media":5035,"comment_status":"open","ping_status":"open","sticky":false,"template":"","format":"standard","meta":{"_et_pb_use_builder":"","_et_pb_old_content":"","_et_gb_content_width":"","footnotes":""},"categories":[63,49,4,47,50,5,34,1,41],"tags":[93,94,11,92,80,31,95],"yoast_head":"<!-- This site is optimized with the Yoast SEO plugin v21.3 - https:\/\/yoast.com\/wordpress\/plugins\/seo\/ -->\n<title>Enrique Alarc\u00f3n, presidente de CLM INCLUSIVA COCEMFE premiado por su TRAYECTORIA en la II GALA DE AMIAB Cuenca - Clm-Inclusiva<\/title>\n<meta name=\"robots\" content=\"index, follow, max-snippet:-1, max-image-preview:large, max-video-preview:-1\" \/>\n<link rel=\"canonical\" href=\"https:\/\/clm-inclusiva.org\/?p=5030\" \/>\n<meta property=\"og:locale\" content=\"es_ES\" \/>\n<meta property=\"og:type\" content=\"article\" \/>\n<meta property=\"og:title\" content=\"Enrique Alarc\u00f3n, presidente de CLM INCLUSIVA COCEMFE premiado por su TRAYECTORIA en la II GALA DE AMIAB Cuenca - Clm-Inclusiva\" \/>\n<meta property=\"og:description\" content=\"En el marco de la II Gala de AMIAB Cuenca 2024 celebrada en el Aula Magna de la Facultad de Bellas Artes de la UCLM en Cuenca se han reconocido a las personas y asociaciones que trabajan por la igualdad y a favor de la inclusi\u00f3n.\u00a0Entre ellos, el presidente de CLM Inclusiva, Enrique Alarc\u00f3n ha [&hellip;]\" \/>\n<meta property=\"og:url\" content=\"https:\/\/clm-inclusiva.org\/?p=5030\" \/>\n<meta property=\"og:site_name\" content=\"Clm-Inclusiva\" \/>\n<meta property=\"article:publisher\" content=\"https:\/\/www.facebook.com\/castillalamancha.inclusiva\/\" \/>\n<meta property=\"article:published_time\" content=\"2024-03-01T08:56:52+00:00\" \/>\n<meta property=\"article:modified_time\" content=\"2024-03-01T08:57:46+00:00\" \/>\n<meta property=\"og:image\" content=\"https:\/\/clm-inclusiva.org\/wp-content\/uploads\/2024\/03\/IMG_2179-scaled.jpg\" \/>\n\t<meta property=\"og:image:width\" content=\"2560\" \/>\n\t<meta property=\"og:image:height\" content=\"1707\" \/>\n\t<meta property=\"og:image:type\" content=\"image\/jpeg\" \/>\n<meta name=\"author\" content=\"clm-inclusiva\" \/>\n<meta name=\"twitter:card\" content=\"summary_large_image\" \/>\n<meta name=\"twitter:creator\" content=\"@ClmInclusiva\" \/>\n<meta name=\"twitter:site\" content=\"@ClmInclusiva\" \/>\n<meta name=\"twitter:label1\" content=\"Escrito por\" \/>\n\t<meta name=\"twitter:data1\" content=\"clm-inclusiva\" \/>\n\t<meta name=\"twitter:label2\" content=\"Tiempo de lectura\" \/>\n\t<meta name=\"twitter:data2\" content=\"2 minutos\" \/>\n<script type=\"application\/ld+json\" class=\"yoast-schema-graph\">{\"@context\":\"https:\/\/schema.org\",\"@graph\":[{\"@type\":\"Article\",\"@id\":\"https:\/\/clm-inclusiva.org\/?p=5030#article\",\"isPartOf\":{\"@id\":\"https:\/\/clm-inclusiva.org\/?p=5030\"},\"author\":{\"name\":\"clm-inclusiva\",\"@id\":\"https:\/\/clm-inclusiva.org\/#\/schema\/person\/0cff84aaa5bb8fd3521c55d1578d902b\"},\"headline\":\"Enrique Alarc\u00f3n, presidente de CLM INCLUSIVA COCEMFE premiado por su TRAYECTORIA en la II GALA DE AMIAB Cuenca\",\"datePublished\":\"2024-03-01T08:56:52+00:00\",\"dateModified\":\"2024-03-01T08:57:46+00:00\",\"mainEntityOfPage\":{\"@id\":\"https:\/\/clm-inclusiva.org\/?p=5030\"},\"wordCount\":320,\"commentCount\":0,\"publisher\":{\"@id\":\"https:\/\/clm-inclusiva.org\/#organization\"},\"keywords\":[\"AMIAB\",\"Castilla-La Mancha\",\"clm inclusiva\",\"cuenca\",\"Discapacidad\",\"Premios\",\"Reconocimiento\"],\"articleSection\":{\"0\":\"amiab\",\"1\":\"castilla-la mancha\",\"2\":\"Clm inclusiva\",\"3\":\"cocemfe\",\"4\":\"Cuenca\",\"5\":\"Discapacidad\",\"6\":\"Reconocimientos\",\"8\":\"Tercer sector\"},\"inLanguage\":\"es\",\"potentialAction\":[{\"@type\":\"CommentAction\",\"name\":\"Comment\",\"target\":[\"https:\/\/clm-inclusiva.org\/?p=5030#respond\"]}]},{\"@type\":\"WebPage\",\"@id\":\"https:\/\/clm-inclusiva.org\/?p=5030\",\"url\":\"https:\/\/clm-inclusiva.org\/?p=5030\",\"name\":\"Enrique Alarc\u00f3n, presidente de CLM INCLUSIVA COCEMFE premiado por su TRAYECTORIA en la II GALA DE AMIAB Cuenca - Clm-Inclusiva\",\"isPartOf\":{\"@id\":\"https:\/\/clm-inclusiva.org\/#website\"},\"datePublished\":\"2024-03-01T08:56:52+00:00\",\"dateModified\":\"2024-03-01T08:57:46+00:00\",\"breadcrumb\":{\"@id\":\"https:\/\/clm-inclusiva.org\/?p=5030#breadcrumb\"},\"inLanguage\":\"es\",\"potentialAction\":[{\"@type\":\"ReadAction\",\"target\":[\"https:\/\/clm-inclusiva.org\/?p=5030\"]}]},{\"@type\":\"BreadcrumbList\",\"@id\":\"https:\/\/clm-inclusiva.org\/?p=5030#breadcrumb\",\"itemListElement\":[{\"@type\":\"ListItem\",\"position\":1,\"name\":\"Portada\",\"item\":\"https:\/\/clm-inclusiva.org\/\"},{\"@type\":\"ListItem\",\"position\":2,\"name\":\"Enrique Alarc\u00f3n, presidente de CLM INCLUSIVA COCEMFE premiado por su TRAYECTORIA en la II GALA DE AMIAB Cuenca\"}]},{\"@type\":\"WebSite\",\"@id\":\"https:\/\/clm-inclusiva.org\/#website\",\"url\":\"https:\/\/clm-inclusiva.org\/\",\"name\":\"Clm-Inclusiva\",\"description\":\"Confederaci\u00f3n de entidades de personas con discapacidad f\u00edsica y org\u00e1nica CLM\",\"publisher\":{\"@id\":\"https:\/\/clm-inclusiva.org\/#organization\"},\"potentialAction\":[{\"@type\":\"SearchAction\",\"target\":{\"@type\":\"EntryPoint\",\"urlTemplate\":\"https:\/\/clm-inclusiva.org\/?s={search_term_string}\"},\"query-input\":\"required name=search_term_string\"}],\"inLanguage\":\"es\"},{\"@type\":\"Organization\",\"@id\":\"https:\/\/clm-inclusiva.org\/#organization\",\"name\":\"Clm-Inclusiva\",\"url\":\"https:\/\/clm-inclusiva.org\/\",\"logo\":{\"@type\":\"ImageObject\",\"inLanguage\":\"es\",\"@id\":\"https:\/\/clm-inclusiva.org\/#\/schema\/logo\/image\/\",\"url\":\"http:\/\/clm-inclusiva.org\/wp-content\/uploads\/2019\/04\/banner-e1533720812836.jpg\",\"contentUrl\":\"http:\/\/clm-inclusiva.org\/wp-content\/uploads\/2019\/04\/banner-e1533720812836.jpg\",\"width\":600,\"height\":332,\"caption\":\"Clm-Inclusiva\"},\"image\":{\"@id\":\"https:\/\/clm-inclusiva.org\/#\/schema\/logo\/image\/\"},\"sameAs\":[\"https:\/\/www.facebook.com\/castillalamancha.inclusiva\/\",\"https:\/\/twitter.com\/ClmInclusiva\"]},{\"@type\":\"Person\",\"@id\":\"https:\/\/clm-inclusiva.org\/#\/schema\/person\/0cff84aaa5bb8fd3521c55d1578d902b\",\"name\":\"clm-inclusiva\",\"image\":{\"@type\":\"ImageObject\",\"inLanguage\":\"es\",\"@id\":\"https:\/\/clm-inclusiva.org\/#\/schema\/person\/image\/\",\"url\":\"https:\/\/secure.gravatar.com\/avatar\/88948567af770dc9cd5597b329011884?s=96&d=blank&r=g\",\"contentUrl\":\"https:\/\/secure.gravatar.com\/avatar\/88948567af770dc9cd5597b329011884?s=96&d=blank&r=g\",\"caption\":\"clm-inclusiva\"},\"sameAs\":[\"http:\/\/clm-inclusiva.org\"],\"url\":\"https:\/\/clm-inclusiva.org\/?author=1\"}]}<\/script>\n<!-- \/ Yoast SEO plugin. -->","yoast_head_json":{"title":"Enrique Alarc\u00f3n, presidente de CLM INCLUSIVA COCEMFE premiado por su TRAYECTORIA en la II GALA DE AMIAB Cuenca - Clm-Inclusiva","robots":{"index":"index","follow":"follow","max-snippet":"max-snippet:-1","max-image-preview":"max-image-preview:large","max-video-preview":"max-video-preview:-1"},"canonical":"https:\/\/clm-inclusiva.org\/?p=5030","og_locale":"es_ES","og_type":"article","og_title":"Enrique Alarc\u00f3n, presidente de CLM INCLUSIVA COCEMFE premiado por su TRAYECTORIA en la II GALA DE AMIAB Cuenca - Clm-Inclusiva","og_description":"En el marco de la II Gala de AMIAB Cuenca 2024 celebrada en el Aula Magna de la Facultad de Bellas Artes de la UCLM en Cuenca se han reconocido a las personas y asociaciones que trabajan por la igualdad y a favor de la inclusi\u00f3n.\u00a0Entre ellos, el presidente de CLM Inclusiva, Enrique Alarc\u00f3n ha [&hellip;]","og_url":"https:\/\/clm-inclusiva.org\/?p=5030","og_site_name":"Clm-Inclusiva","article_publisher":"https:\/\/www.facebook.com\/castillalamancha.inclusiva\/","article_published_time":"2024-03-01T08:56:52+00:00","article_modified_time":"2024-03-01T08:57:46+00:00","og_image":[{"width":2560,"height":1707,"url":"https:\/\/clm-inclusiva.org\/wp-content\/uploads\/2024\/03\/IMG_2179-scaled.jpg","type":"image\/jpeg"}],"author":"clm-inclusiva","twitter_card":"summary_large_image","twitter_creator":"@ClmInclusiva","twitter_site":"@ClmInclusiva","twitter_misc":{"Escrito por":"clm-inclusiva","Tiempo de lectura":"2 minutos"},"schema":{"@context":"https:\/\/schema.org","@graph":[{"@type":"Article","@id":"https:\/\/clm-inclusiva.org\/?p=5030#article","isPartOf":{"@id":"https:\/\/clm-inclusiva.org\/?p=5030"},"author":{"name":"clm-inclusiva","@id":"https:\/\/clm-inclusiva.org\/#\/schema\/person\/0cff84aaa5bb8fd3521c55d1578d902b"},"headline":"Enrique Alarc\u00f3n, presidente de CLM INCLUSIVA COCEMFE premiado por su TRAYECTORIA en la II GALA DE AMIAB Cuenca","datePublished":"2024-03-01T08:56:52+00:00","dateModified":"2024-03-01T08:57:46+00:00","mainEntityOfPage":{"@id":"https:\/\/clm-inclusiva.org\/?p=5030"},"wordCount":320,"commentCount":0,"publisher":{"@id":"https:\/\/clm-inclusiva.org\/#organization"},"keywords":["AMIAB","Castilla-La Mancha","clm inclusiva","cuenca","Discapacidad","Premios","Reconocimiento"],"articleSection":{"0":"amiab","1":"castilla-la mancha","2":"Clm inclusiva","3":"cocemfe","4":"Cuenca","5":"Discapacidad","6":"Reconocimientos","8":"Tercer sector"},"inLanguage":"es","potentialAction":[{"@type":"CommentAction","name":"Comment","target":["https:\/\/clm-inclusiva.org\/?p=5030#respond"]}]},{"@type":"WebPage","@id":"https:\/\/clm-inclusiva.org\/?p=5030","url":"https:\/\/clm-inclusiva.org\/?p=5030","name":"Enrique Alarc\u00f3n, presidente de CLM INCLUSIVA COCEMFE premiado por su TRAYECTORIA en la II GALA DE AMIAB Cuenca - Clm-Inclusiva","isPartOf":{"@id":"https:\/\/clm-inclusiva.org\/#website"},"datePublished":"2024-03-01T08:56:52+00:00","dateModified":"2024-03-01T08:57:46+00:00","breadcrumb":{"@id":"https:\/\/clm-inclusiva.org\/?p=5030#breadcrumb"},"inLanguage":"es","potentialAction":[{"@type":"ReadAction","target":["https:\/\/clm-inclusiva.org\/?p=5030"]}]},{"@type":"BreadcrumbList","@id":"https:\/\/clm-inclusiva.org\/?p=5030#breadcrumb","itemListElement":[{"@type":"ListItem","position":1,"name":"Portada","item":"https:\/\/clm-inclusiva.org\/"},{"@type":"ListItem","position":2,"name":"Enrique Alarc\u00f3n, presidente de CLM INCLUSIVA COCEMFE premiado por su TRAYECTORIA en la II GALA DE AMIAB Cuenca"}]},{"@type":"WebSite","@id":"https:\/\/clm-inclusiva.org\/#website","url":"https:\/\/clm-inclusiva.org\/","name":"Clm-Inclusiva","description":"Confederaci\u00f3n de entidades de personas con discapacidad f\u00edsica y org\u00e1nica CLM","publisher":{"@id":"https:\/\/clm-inclusiva.org\/#organization"},"potentialAction":[{"@type":"SearchAction","target":{"@type":"EntryPoint","urlTemplate":"https:\/\/clm-inclusiva.org\/?s={search_term_string}"},"query-input":"required name=search_term_string"}],"inLanguage":"es"},{"@type":"Organization","@id":"https:\/\/clm-inclusiva.org\/#organization","name":"Clm-Inclusiva","url":"https:\/\/clm-inclusiva.org\/","logo":{"@type":"ImageObject","inLanguage":"es","@id":"https:\/\/clm-inclusiva.org\/#\/schema\/logo\/image\/","url":"http:\/\/clm-inclusiva.org\/wp-content\/uploads\/2019\/04\/banner-e1533720812836.jpg","contentUrl":"http:\/\/clm-inclusiva.org\/wp-content\/uploads\/2019\/04\/banner-e1533720812836.jpg","width":600,"height":332,"caption":"Clm-Inclusiva"},"image":{"@id":"https:\/\/clm-inclusiva.org\/#\/schema\/logo\/image\/"},"sameAs":["https:\/\/www.facebook.com\/castillalamancha.inclusiva\/","https:\/\/twitter.com\/ClmInclusiva"]},{"@type":"Person","@id":"https:\/\/clm-inclusiva.org\/#\/schema\/person\/0cff84aaa5bb8fd3521c55d1578d902b","name":"clm-inclusiva","image":{"@type":"ImageObject","inLanguage":"es","@id":"https:\/\/clm-inclusiva.org\/#\/schema\/person\/image\/","url":"https:\/\/secure.gravatar.com\/avatar\/88948567af770dc9cd5597b329011884?s=96&d=blank&r=g","contentUrl":"https:\/\/secure.gravatar.com\/avatar\/88948567af770dc9cd5597b329011884?s=96&d=blank&r=g","caption":"clm-inclusiva"},"sameAs":["http:\/\/clm-inclusiva.org"],"url":"https:\/\/clm-inclusiva.org\/?author=1"}]}},"_links":{"self":[{"href":"https:\/\/clm-inclusiva.org\/index.php?rest_route=\/wp\/v2\/posts\/5030"}],"collection":[{"href":"https:\/\/clm-inclusiva.org\/index.php?rest_route=\/wp\/v2\/posts"}],"about":[{"href":"https:\/\/clm-inclusiva.org\/index.php?rest_route=\/wp\/v2\/types\/post"}],"author":[{"embeddable":true,"href":"https:\/\/clm-inclusiva.org\/index.php?rest_route=\/wp\/v2\/users\/1"}],"replies":[{"embeddable":true,"href":"https:\/\/clm-inclusiva.org\/index.php?rest_route=%2Fwp%2Fv2%2Fcomments&post=5030"}],"version-history":[{"count":11,"href":"https:\/\/clm-inclusiva.org\/index.php?rest_route=\/wp\/v2\/posts\/5030\/revisions"}],"predecessor-version":[{"id":5046,"href":"https:\/\/clm-inclusiva.org\/index.php?rest_route=\/wp\/v2\/posts\/5030\/revisions\/5046"}],"wp:featuredmedia":[{"embeddable":true,"href":"https:\/\/clm-inclusiva.org\/index.php?rest_route=\/wp\/v2\/media\/5035"}],"wp:attachment":[{"href":"https:\/\/clm-inclusiva.org\/index.php?rest_route=%2Fwp%2Fv2%2Fmedia&parent=5030"}],"wp:term":[{"taxonomy":"category","embeddable":true,"href":"https:\/\/clm-inclusiva.org\/index.php?rest_route=%2Fwp%2Fv2%2Fcategories&post=5030"},{"taxonomy":"post_tag","embeddable":true,"href":"https:\/\/clm-inclusiva.org\/index.php?rest_route=%2Fwp%2Fv2%2Ftags&post=5030"}],"curies":[{"name":"wp","href":"https:\/\/api.w.org\/{rel}","templated":true}]}}