{"id":5022,"date":"2024-02-09T14:19:57","date_gmt":"2024-02-09T12:19:57","guid":{"rendered":"https:\/\/clm-inclusiva.org\/?p=5022"},"modified":"2024-02-09T14:37:54","modified_gmt":"2024-02-09T12:37:54","slug":"castilla-la-mancha-inclusiva-cocemfe-junto-a-amiab-y-cocemfe-toledo-apuestan-por-una-estrategia-de-trabajo-que-mejore-la-calidad-de-vida-de-las-personas-con-discapacidad-en-toledo","status":"publish","type":"post","link":"https:\/\/clm-inclusiva.org\/?p=5022","title":{"rendered":"Castilla-La Mancha Inclusiva COCEMFE junto a Amiab y COCEMFE TOLEDO apuestan por una estrategia de trabajo que mejore la calidad de vida de las personas con discapacidad en Toledo"},"content":{"rendered":"<p style=\"text-align: justify;\">En la ma\u00f1ana de hoy, representantes de las tres entidades, Pedro S\u00e1ez, Director General de Amiab, \u00d3scar Sillas, Director de la Divisi\u00f3n de Formaci\u00f3n y Consultor\u00eda de Amiab, Javier Bartolom\u00e9, Gerente de CTS, y Carlos Mora, Coordinador Regional de CLM Inclusiva COCEMFE, han mantenido una reuni\u00f3n con el Alcalde del Excmo. Del Ayuntamiento de Toledo, Carlos Vel\u00e1zquez.<\/p>\n<p style=\"text-align: justify;\">El empleo, la formaci\u00f3n, la accesibilidad y la asistencia a la dependencia han sido los temas principales que las entidades han trasladado al alcalde, con el deseo de incentivar los servicios y prestaciones que el colectivo demanda. Pedro S\u00e1ez destacaba el papel que supone el acceso al mercado laboral en la integraci\u00f3n dentro de la sociedad de las personas con discapacidad f\u00edsica y\/u org\u00e1nica, insistiendo en la necesidad de \u201cmantenernos activos para promover empleo, en un mercado de trabajo que se moderniza y dificulta a\u00fan m\u00e1s el acceso de las personas con discapacidad\u201d.<\/p>\n<p style=\"text-align: justify;\">Desde el movimiento asociativo, se ha puesto de manifiesto la relevancia del trabajo conjunto de las entidades del tercer sector, las administraciones p\u00fablicas y el sector privado. Una coordinaci\u00f3n esencial para Javier Bartolom\u00e9, que propon\u00eda \u201cnuevas l\u00ednea de negocio para conseguir mejores oportunidades para las personas con discapacidad f\u00edsica y\/u org\u00e1nica en nuestra regi\u00f3n\u201d.<\/p>\n<p style=\"text-align: justify;\">La reuni\u00f3n cerraba con vistas a continuar trabajando en aras del colectivo de la discapacidad en la ciudad de Toledo. Carlos Vel\u00e1zquez reafirmaba el compromiso de la Alcald\u00eda con la inclusi\u00f3n de las personas con discapacidad, y el papel fundamental que representan las entidades y confederaciones locales, provinciales y regionales en la consecuci\u00f3n de los objetivos.<\/p>\n","protected":false},"excerpt":{"rendered":"<p>En la ma\u00f1ana de hoy, representantes de las tres entidades, Pedro S\u00e1ez, Director General de Amiab, \u00d3scar Sillas, Director de la Divisi\u00f3n de Formaci\u00f3n y Consultor\u00eda de Amiab, Javier Bartolom\u00e9, Gerente de CTS, y Carlos Mora, Coordinador Regional de CLM Inclusiva COCEMFE, han mantenido una reuni\u00f3n con el Alcalde del Excmo. Del Ayuntamiento de Toledo, [&hellip;]<\/p>\n","protected":false},"author":1,"featured_media":5026,"comment_status":"open","ping_status":"open","sticky":false,"template":"","format":"standard","meta":{"_et_pb_use_builder":"","_et_pb_old_content":"","_et_gb_content_width":"","footnotes":""},"categories":[1],"tags":[],"yoast_head":"<!-- This site is optimized with the Yoast SEO plugin v21.3 - https:\/\/yoast.com\/wordpress\/plugins\/seo\/ -->\n<title>Castilla-La Mancha Inclusiva COCEMFE junto a Amiab y COCEMFE TOLEDO apuestan por una estrategia de trabajo que mejore la calidad de vida de las personas con discapacidad en Toledo - Clm-Inclusiva<\/title>\n<meta name=\"robots\" content=\"index, follow, max-snippet:-1, max-image-preview:large, max-video-preview:-1\" \/>\n<link rel=\"canonical\" href=\"https:\/\/clm-inclusiva.org\/?p=5022\" \/>\n<meta property=\"og:locale\" content=\"es_ES\" \/>\n<meta property=\"og:type\" content=\"article\" \/>\n<meta property=\"og:title\" content=\"Castilla-La Mancha Inclusiva COCEMFE junto a Amiab y COCEMFE TOLEDO apuestan por una estrategia de trabajo que mejore la calidad de vida de las personas con discapacidad en Toledo - Clm-Inclusiva\" \/>\n<meta property=\"og:description\" content=\"En la ma\u00f1ana de hoy, representantes de las tres entidades, Pedro S\u00e1ez, Director General de Amiab, \u00d3scar Sillas, Director de la Divisi\u00f3n de Formaci\u00f3n y Consultor\u00eda de Amiab, Javier Bartolom\u00e9, Gerente de CTS, y Carlos Mora, Coordinador Regional de CLM Inclusiva COCEMFE, han mantenido una reuni\u00f3n con el Alcalde del Excmo. Del Ayuntamiento de Toledo, [&hellip;]\" \/>\n<meta property=\"og:url\" content=\"https:\/\/clm-inclusiva.org\/?p=5022\" \/>\n<meta property=\"og:site_name\" content=\"Clm-Inclusiva\" \/>\n<meta property=\"article:publisher\" content=\"https:\/\/www.facebook.com\/castillalamancha.inclusiva\/\" \/>\n<meta property=\"article:published_time\" content=\"2024-02-09T12:19:57+00:00\" \/>\n<meta property=\"article:modified_time\" content=\"2024-02-09T12:37:54+00:00\" \/>\n<meta property=\"og:image\" content=\"https:\/\/clm-inclusiva.org\/wp-content\/uploads\/2024\/02\/IMG_1058-scaled.jpg\" \/>\n\t<meta property=\"og:image:width\" content=\"2560\" \/>\n\t<meta property=\"og:image:height\" content=\"1920\" \/>\n\t<meta property=\"og:image:type\" content=\"image\/jpeg\" \/>\n<meta name=\"author\" content=\"clm-inclusiva\" \/>\n<meta name=\"twitter:card\" content=\"summary_large_image\" \/>\n<meta name=\"twitter:creator\" content=\"@ClmInclusiva\" \/>\n<meta name=\"twitter:site\" content=\"@ClmInclusiva\" \/>\n<meta name=\"twitter:label1\" content=\"Escrito por\" \/>\n\t<meta name=\"twitter:data1\" content=\"clm-inclusiva\" \/>\n\t<meta name=\"twitter:label2\" content=\"Tiempo de lectura\" \/>\n\t<meta name=\"twitter:data2\" content=\"2 minutos\" \/>\n<script type=\"application\/ld+json\" class=\"yoast-schema-graph\">{\"@context\":\"https:\/\/schema.org\",\"@graph\":[{\"@type\":\"Article\",\"@id\":\"https:\/\/clm-inclusiva.org\/?p=5022#article\",\"isPartOf\":{\"@id\":\"https:\/\/clm-inclusiva.org\/?p=5022\"},\"author\":{\"name\":\"clm-inclusiva\",\"@id\":\"https:\/\/clm-inclusiva.org\/#\/schema\/person\/0cff84aaa5bb8fd3521c55d1578d902b\"},\"headline\":\"Castilla-La Mancha Inclusiva COCEMFE junto a Amiab y COCEMFE TOLEDO apuestan por una estrategia de trabajo que mejore la calidad de vida de las personas con discapacidad en Toledo\",\"datePublished\":\"2024-02-09T12:19:57+00:00\",\"dateModified\":\"2024-02-09T12:37:54+00:00\",\"mainEntityOfPage\":{\"@id\":\"https:\/\/clm-inclusiva.org\/?p=5022\"},\"wordCount\":317,\"commentCount\":0,\"publisher\":{\"@id\":\"https:\/\/clm-inclusiva.org\/#organization\"},\"inLanguage\":\"es\",\"potentialAction\":[{\"@type\":\"CommentAction\",\"name\":\"Comment\",\"target\":[\"https:\/\/clm-inclusiva.org\/?p=5022#respond\"]}]},{\"@type\":\"WebPage\",\"@id\":\"https:\/\/clm-inclusiva.org\/?p=5022\",\"url\":\"https:\/\/clm-inclusiva.org\/?p=5022\",\"name\":\"Castilla-La Mancha Inclusiva COCEMFE junto a Amiab y COCEMFE TOLEDO apuestan por una estrategia de trabajo que mejore la calidad de vida de las personas con discapacidad en Toledo - Clm-Inclusiva\",\"isPartOf\":{\"@id\":\"https:\/\/clm-inclusiva.org\/#website\"},\"datePublished\":\"2024-02-09T12:19:57+00:00\",\"dateModified\":\"2024-02-09T12:37:54+00:00\",\"breadcrumb\":{\"@id\":\"https:\/\/clm-inclusiva.org\/?p=5022#breadcrumb\"},\"inLanguage\":\"es\",\"potentialAction\":[{\"@type\":\"ReadAction\",\"target\":[\"https:\/\/clm-inclusiva.org\/?p=5022\"]}]},{\"@type\":\"BreadcrumbList\",\"@id\":\"https:\/\/clm-inclusiva.org\/?p=5022#breadcrumb\",\"itemListElement\":[{\"@type\":\"ListItem\",\"position\":1,\"name\":\"Portada\",\"item\":\"https:\/\/clm-inclusiva.org\/\"},{\"@type\":\"ListItem\",\"position\":2,\"name\":\"Castilla-La Mancha Inclusiva COCEMFE junto a Amiab y COCEMFE TOLEDO apuestan por una estrategia de trabajo que mejore la calidad de vida de las personas con discapacidad en Toledo\"}]},{\"@type\":\"WebSite\",\"@id\":\"https:\/\/clm-inclusiva.org\/#website\",\"url\":\"https:\/\/clm-inclusiva.org\/\",\"name\":\"Clm-Inclusiva\",\"description\":\"Confederaci\u00f3n de entidades de personas con discapacidad f\u00edsica y org\u00e1nica CLM\",\"publisher\":{\"@id\":\"https:\/\/clm-inclusiva.org\/#organization\"},\"potentialAction\":[{\"@type\":\"SearchAction\",\"target\":{\"@type\":\"EntryPoint\",\"urlTemplate\":\"https:\/\/clm-inclusiva.org\/?s={search_term_string}\"},\"query-input\":\"required name=search_term_string\"}],\"inLanguage\":\"es\"},{\"@type\":\"Organization\",\"@id\":\"https:\/\/clm-inclusiva.org\/#organization\",\"name\":\"Clm-Inclusiva\",\"url\":\"https:\/\/clm-inclusiva.org\/\",\"logo\":{\"@type\":\"ImageObject\",\"inLanguage\":\"es\",\"@id\":\"https:\/\/clm-inclusiva.org\/#\/schema\/logo\/image\/\",\"url\":\"http:\/\/clm-inclusiva.org\/wp-content\/uploads\/2019\/04\/banner-e1533720812836.jpg\",\"contentUrl\":\"http:\/\/clm-inclusiva.org\/wp-content\/uploads\/2019\/04\/banner-e1533720812836.jpg\",\"width\":600,\"height\":332,\"caption\":\"Clm-Inclusiva\"},\"image\":{\"@id\":\"https:\/\/clm-inclusiva.org\/#\/schema\/logo\/image\/\"},\"sameAs\":[\"https:\/\/www.facebook.com\/castillalamancha.inclusiva\/\",\"https:\/\/twitter.com\/ClmInclusiva\"]},{\"@type\":\"Person\",\"@id\":\"https:\/\/clm-inclusiva.org\/#\/schema\/person\/0cff84aaa5bb8fd3521c55d1578d902b\",\"name\":\"clm-inclusiva\",\"image\":{\"@type\":\"ImageObject\",\"inLanguage\":\"es\",\"@id\":\"https:\/\/clm-inclusiva.org\/#\/schema\/person\/image\/\",\"url\":\"https:\/\/secure.gravatar.com\/avatar\/88948567af770dc9cd5597b329011884?s=96&d=blank&r=g\",\"contentUrl\":\"https:\/\/secure.gravatar.com\/avatar\/88948567af770dc9cd5597b329011884?s=96&d=blank&r=g\",\"caption\":\"clm-inclusiva\"},\"sameAs\":[\"http:\/\/clm-inclusiva.org\"],\"url\":\"https:\/\/clm-inclusiva.org\/?author=1\"}]}<\/script>\n<!-- \/ Yoast SEO plugin. -->","yoast_head_json":{"title":"Castilla-La Mancha Inclusiva COCEMFE junto a Amiab y COCEMFE TOLEDO apuestan por una estrategia de trabajo que mejore la calidad de vida de las personas con discapacidad en Toledo - Clm-Inclusiva","robots":{"index":"index","follow":"follow","max-snippet":"max-snippet:-1","max-image-preview":"max-image-preview:large","max-video-preview":"max-video-preview:-1"},"canonical":"https:\/\/clm-inclusiva.org\/?p=5022","og_locale":"es_ES","og_type":"article","og_title":"Castilla-La Mancha Inclusiva COCEMFE junto a Amiab y COCEMFE TOLEDO apuestan por una estrategia de trabajo que mejore la calidad de vida de las personas con discapacidad en Toledo - Clm-Inclusiva","og_description":"En la ma\u00f1ana de hoy, representantes de las tres entidades, Pedro S\u00e1ez, Director General de Amiab, \u00d3scar Sillas, Director de la Divisi\u00f3n de Formaci\u00f3n y Consultor\u00eda de Amiab, Javier Bartolom\u00e9, Gerente de CTS, y Carlos Mora, Coordinador Regional de CLM Inclusiva COCEMFE, han mantenido una reuni\u00f3n con el Alcalde del Excmo. Del Ayuntamiento de Toledo, [&hellip;]","og_url":"https:\/\/clm-inclusiva.org\/?p=5022","og_site_name":"Clm-Inclusiva","article_publisher":"https:\/\/www.facebook.com\/castillalamancha.inclusiva\/","article_published_time":"2024-02-09T12:19:57+00:00","article_modified_time":"2024-02-09T12:37:54+00:00","og_image":[{"width":2560,"height":1920,"url":"https:\/\/clm-inclusiva.org\/wp-content\/uploads\/2024\/02\/IMG_1058-scaled.jpg","type":"image\/jpeg"}],"author":"clm-inclusiva","twitter_card":"summary_large_image","twitter_creator":"@ClmInclusiva","twitter_site":"@ClmInclusiva","twitter_misc":{"Escrito por":"clm-inclusiva","Tiempo de lectura":"2 minutos"},"schema":{"@context":"https:\/\/schema.org","@graph":[{"@type":"Article","@id":"https:\/\/clm-inclusiva.org\/?p=5022#article","isPartOf":{"@id":"https:\/\/clm-inclusiva.org\/?p=5022"},"author":{"name":"clm-inclusiva","@id":"https:\/\/clm-inclusiva.org\/#\/schema\/person\/0cff84aaa5bb8fd3521c55d1578d902b"},"headline":"Castilla-La Mancha Inclusiva COCEMFE junto a Amiab y COCEMFE TOLEDO apuestan por una estrategia de trabajo que mejore la calidad de vida de las personas con discapacidad en Toledo","datePublished":"2024-02-09T12:19:57+00:00","dateModified":"2024-02-09T12:37:54+00:00","mainEntityOfPage":{"@id":"https:\/\/clm-inclusiva.org\/?p=5022"},"wordCount":317,"commentCount":0,"publisher":{"@id":"https:\/\/clm-inclusiva.org\/#organization"},"inLanguage":"es","potentialAction":[{"@type":"CommentAction","name":"Comment","target":["https:\/\/clm-inclusiva.org\/?p=5022#respond"]}]},{"@type":"WebPage","@id":"https:\/\/clm-inclusiva.org\/?p=5022","url":"https:\/\/clm-inclusiva.org\/?p=5022","name":"Castilla-La Mancha Inclusiva COCEMFE junto a Amiab y COCEMFE TOLEDO apuestan por una estrategia de trabajo que mejore la calidad de vida de las personas con discapacidad en Toledo - Clm-Inclusiva","isPartOf":{"@id":"https:\/\/clm-inclusiva.org\/#website"},"datePublished":"2024-02-09T12:19:57+00:00","dateModified":"2024-02-09T12:37:54+00:00","breadcrumb":{"@id":"https:\/\/clm-inclusiva.org\/?p=5022#breadcrumb"},"inLanguage":"es","potentialAction":[{"@type":"ReadAction","target":["https:\/\/clm-inclusiva.org\/?p=5022"]}]},{"@type":"BreadcrumbList","@id":"https:\/\/clm-inclusiva.org\/?p=5022#breadcrumb","itemListElement":[{"@type":"ListItem","position":1,"name":"Portada","item":"https:\/\/clm-inclusiva.org\/"},{"@type":"ListItem","position":2,"name":"Castilla-La Mancha Inclusiva COCEMFE junto a Amiab y COCEMFE TOLEDO apuestan por una estrategia de trabajo que mejore la calidad de vida de las personas con discapacidad en Toledo"}]},{"@type":"WebSite","@id":"https:\/\/clm-inclusiva.org\/#website","url":"https:\/\/clm-inclusiva.org\/","name":"Clm-Inclusiva","description":"Confederaci\u00f3n de entidades de personas con discapacidad f\u00edsica y org\u00e1nica CLM","publisher":{"@id":"https:\/\/clm-inclusiva.org\/#organization"},"potentialAction":[{"@type":"SearchAction","target":{"@type":"EntryPoint","urlTemplate":"https:\/\/clm-inclusiva.org\/?s={search_term_string}"},"query-input":"required name=search_term_string"}],"inLanguage":"es"},{"@type":"Organization","@id":"https:\/\/clm-inclusiva.org\/#organization","name":"Clm-Inclusiva","url":"https:\/\/clm-inclusiva.org\/","logo":{"@type":"ImageObject","inLanguage":"es","@id":"https:\/\/clm-inclusiva.org\/#\/schema\/logo\/image\/","url":"http:\/\/clm-inclusiva.org\/wp-content\/uploads\/2019\/04\/banner-e1533720812836.jpg","contentUrl":"http:\/\/clm-inclusiva.org\/wp-content\/uploads\/2019\/04\/banner-e1533720812836.jpg","width":600,"height":332,"caption":"Clm-Inclusiva"},"image":{"@id":"https:\/\/clm-inclusiva.org\/#\/schema\/logo\/image\/"},"sameAs":["https:\/\/www.facebook.com\/castillalamancha.inclusiva\/","https:\/\/twitter.com\/ClmInclusiva"]},{"@type":"Person","@id":"https:\/\/clm-inclusiva.org\/#\/schema\/person\/0cff84aaa5bb8fd3521c55d1578d902b","name":"clm-inclusiva","image":{"@type":"ImageObject","inLanguage":"es","@id":"https:\/\/clm-inclusiva.org\/#\/schema\/person\/image\/","url":"https:\/\/secure.gravatar.com\/avatar\/88948567af770dc9cd5597b329011884?s=96&d=blank&r=g","contentUrl":"https:\/\/secure.gravatar.com\/avatar\/88948567af770dc9cd5597b329011884?s=96&d=blank&r=g","caption":"clm-inclusiva"},"sameAs":["http:\/\/clm-inclusiva.org"],"url":"https:\/\/clm-inclusiva.org\/?author=1"}]}},"_links":{"self":[{"href":"https:\/\/clm-inclusiva.org\/index.php?rest_route=\/wp\/v2\/posts\/5022"}],"collection":[{"href":"https:\/\/clm-inclusiva.org\/index.php?rest_route=\/wp\/v2\/posts"}],"about":[{"href":"https:\/\/clm-inclusiva.org\/index.php?rest_route=\/wp\/v2\/types\/post"}],"author":[{"embeddable":true,"href":"https:\/\/clm-inclusiva.org\/index.php?rest_route=\/wp\/v2\/users\/1"}],"replies":[{"embeddable":true,"href":"https:\/\/clm-inclusiva.org\/index.php?rest_route=%2Fwp%2Fv2%2Fcomments&post=5022"}],"version-history":[{"count":2,"href":"https:\/\/clm-inclusiva.org\/index.php?rest_route=\/wp\/v2\/posts\/5022\/revisions"}],"predecessor-version":[{"id":5025,"href":"https:\/\/clm-inclusiva.org\/index.php?rest_route=\/wp\/v2\/posts\/5022\/revisions\/5025"}],"wp:featuredmedia":[{"embeddable":true,"href":"https:\/\/clm-inclusiva.org\/index.php?rest_route=\/wp\/v2\/media\/5026"}],"wp:attachment":[{"href":"https:\/\/clm-inclusiva.org\/index.php?rest_route=%2Fwp%2Fv2%2Fmedia&parent=5022"}],"wp:term":[{"taxonomy":"category","embeddable":true,"href":"https:\/\/clm-inclusiva.org\/index.php?rest_route=%2Fwp%2Fv2%2Fcategories&post=5022"},{"taxonomy":"post_tag","embeddable":true,"href":"https:\/\/clm-inclusiva.org\/index.php?rest_route=%2Fwp%2Fv2%2Ftags&post=5022"}],"curies":[{"name":"wp","href":"https:\/\/api.w.org\/{rel}","templated":true}]}}