{"id":5018,"date":"2024-01-25T20:52:53","date_gmt":"2024-01-25T18:52:53","guid":{"rendered":"https:\/\/clm-inclusiva.org\/?p=5018"},"modified":"2024-01-25T20:54:06","modified_gmt":"2024-01-25T18:54:06","slug":"clm-inclusiva-cocemfe-renueva-su-acuerdo-incorpora-con-fundacion-la-caixa","status":"publish","type":"post","link":"https:\/\/clm-inclusiva.org\/?p=5018","title":{"rendered":"CLM Inclusiva COCEMFE renueva su acuerdo \u201cINCORPORA\u201d con Fundaci\u00f3n \u201cLa Caixa\u201d"},"content":{"rendered":"<ul>\n<li style=\"text-align: justify;\"><strong>CLM Inclusiva COCEMFE, junto con Fundaci\u00f3n \u201cLa Caixa\u201d han firmado la renovaci\u00f3n del proyecto \u201cIncorpora\u201d con el compromiso de promover la activaci\u00f3n, la mejora de la empleabilidad y el acceso al empleo de las personas con discapacidad.<\/strong><\/li>\n<li style=\"text-align: justify;\"><strong>En la firma de este acuerdo han estado presentes, tanto el Coordinador Regional de CLM Inclusiva COCEMFE, Carlos Mora, la <\/strong><strong>Directora Corporativa de Programas Sociales, Cristina Segura Talavera<\/strong>; <strong>la tutora de Incorpora para el grupo de CLM, Ana Bustamante de Prado y la Responsable Territorial de Castilla-La Mancha de la Fundaci\u00f3n \u201cla Caixa\u201d, Rosa G\u00f3mez Checa.<\/strong><\/li>\n<\/ul>\n<p>&nbsp;<\/p>\n<p style=\"text-align: justify;\"><strong>Toledo, 25 de Enero de 2024.-<\/strong><\/p>\n<p style=\"text-align: justify;\">Esta renovaci\u00f3n, que se ha firmado en la <strong>Biblioteca de Castilla-La Mancha, ubicada en el Alc\u00e1zar de Toledo,<\/strong> sella el compromiso entre todas las partes de facilitar la contrataci\u00f3n de personas con discapacidad f\u00edsica y\/u org\u00e1nica que se encuentran en dificultades para acceder a un empleo.<\/p>\n<p>A trav\u00e9s de este tipo de proyectos, <strong>la Confederaci\u00f3n Regional de entidades de Personas con Discapacidad F\u00edsica y\/u Org\u00e1nica (CLM Inclusiva COCEMFE)<\/strong>, promueve <span data-contrast=\"auto\">el acceso a un empleo digno para\u00a0<\/span><span data-contrast=\"auto\">las personas con discapacidad en situaci\u00f3n de vulnerabilidad de forma que les asegure un nivel adecuado de calidad de vida y participaci\u00f3n en la sociedad. Adem\u00e1s, interviene para paliar las m\u00faltiples discriminaciones que operan sobre las personas con discapacidad, especialmente sobre aquellas que encuentran barreras adicionales, como las mujeres, las que residen en el \u00e1mbito rural o migrantes.\u00a0<\/span><\/p>\n<p>En la jornada se ha presentado un balance positivo de los resultados y del cumplimiento de los objetivos del Programa Incorpora a nivel nacional, as\u00ed como la evaluaci\u00f3n de los resultados en Castilla-La Mancha en sus diferentes l\u00edneas. Unos resultados que, en el caso particular de la provincia de Toledo, han superado los objetivos previstos situando las inserciones en un total de 57, lo que ha supuesto un avance del 108% con respecto a a\u00f1os anteriores.<\/p>\n<p>Se impulsa as\u00ed la diversidad en el entorno, y espec\u00edficamente en el \u00e1mbito laboral, y con este objetivo el Programa se acerca a las empresas y agentes empleadores, estableciendo alianzas para contribuir a que se identifiquen con la defensa del empleo de las personas con discapacidad como un derecho. Un trabajo de prospecci\u00f3n, que ha culminado el a\u00f1o con un total de 22 empresas contratantes.<\/p>\n<p>Se produce as\u00ed un v\u00ednculo entre empresa y colectivo, que propiciar\u00e1 nuevas oportunidades de acceso a puestos de trabajo, que tendr\u00e1 una vigencia de un a\u00f1o y se puede prorrogar si ambas partes est\u00e1n de acuerdo. Suponiendo un paso m\u00e1s en la inclusi\u00f3n completa, tanto social como laboral, de las personas con discapacidad en nuestra regi\u00f3n.<\/p>\n<p>&nbsp;<\/p>\n","protected":false},"excerpt":{"rendered":"<p>CLM Inclusiva COCEMFE, junto con Fundaci\u00f3n \u201cLa Caixa\u201d han firmado la renovaci\u00f3n del proyecto \u201cIncorpora\u201d con el compromiso de promover la activaci\u00f3n, la mejora de la empleabilidad y el acceso al empleo de las personas con discapacidad. En la firma de este acuerdo han estado presentes, tanto el Coordinador Regional de CLM Inclusiva COCEMFE, Carlos [&hellip;]<\/p>\n","protected":false},"author":1,"featured_media":5019,"comment_status":"open","ping_status":"open","sticky":false,"template":"","format":"standard","meta":{"_et_pb_use_builder":"","_et_pb_old_content":"","_et_gb_content_width":"","footnotes":""},"categories":[1],"tags":[],"yoast_head":"<!-- This site is optimized with the Yoast SEO plugin v21.3 - https:\/\/yoast.com\/wordpress\/plugins\/seo\/ -->\n<title>CLM Inclusiva COCEMFE renueva su acuerdo \u201cINCORPORA\u201d con Fundaci\u00f3n \u201cLa Caixa\u201d - Clm-Inclusiva<\/title>\n<meta name=\"robots\" content=\"index, follow, max-snippet:-1, max-image-preview:large, max-video-preview:-1\" \/>\n<link rel=\"canonical\" href=\"https:\/\/clm-inclusiva.org\/?p=5018\" \/>\n<meta property=\"og:locale\" content=\"es_ES\" \/>\n<meta property=\"og:type\" content=\"article\" \/>\n<meta property=\"og:title\" content=\"CLM Inclusiva COCEMFE renueva su acuerdo \u201cINCORPORA\u201d con Fundaci\u00f3n \u201cLa Caixa\u201d - Clm-Inclusiva\" \/>\n<meta property=\"og:description\" content=\"CLM Inclusiva COCEMFE, junto con Fundaci\u00f3n \u201cLa Caixa\u201d han firmado la renovaci\u00f3n del proyecto \u201cIncorpora\u201d con el compromiso de promover la activaci\u00f3n, la mejora de la empleabilidad y el acceso al empleo de las personas con discapacidad. En la firma de este acuerdo han estado presentes, tanto el Coordinador Regional de CLM Inclusiva COCEMFE, Carlos [&hellip;]\" \/>\n<meta property=\"og:url\" content=\"https:\/\/clm-inclusiva.org\/?p=5018\" \/>\n<meta property=\"og:site_name\" content=\"Clm-Inclusiva\" \/>\n<meta property=\"article:publisher\" content=\"https:\/\/www.facebook.com\/castillalamancha.inclusiva\/\" \/>\n<meta property=\"article:published_time\" content=\"2024-01-25T18:52:53+00:00\" \/>\n<meta property=\"article:modified_time\" content=\"2024-01-25T18:54:06+00:00\" \/>\n<meta property=\"og:image\" content=\"https:\/\/clm-inclusiva.org\/wp-content\/uploads\/2024\/01\/IMG_1858-scaled.jpg\" \/>\n\t<meta property=\"og:image:width\" content=\"2560\" \/>\n\t<meta property=\"og:image:height\" content=\"1707\" \/>\n\t<meta property=\"og:image:type\" content=\"image\/jpeg\" \/>\n<meta name=\"author\" content=\"clm-inclusiva\" \/>\n<meta name=\"twitter:card\" content=\"summary_large_image\" \/>\n<meta name=\"twitter:creator\" content=\"@ClmInclusiva\" \/>\n<meta name=\"twitter:site\" content=\"@ClmInclusiva\" \/>\n<meta name=\"twitter:label1\" content=\"Escrito por\" \/>\n\t<meta name=\"twitter:data1\" content=\"clm-inclusiva\" \/>\n\t<meta name=\"twitter:label2\" content=\"Tiempo de lectura\" \/>\n\t<meta name=\"twitter:data2\" content=\"2 minutos\" \/>\n<script type=\"application\/ld+json\" class=\"yoast-schema-graph\">{\"@context\":\"https:\/\/schema.org\",\"@graph\":[{\"@type\":\"Article\",\"@id\":\"https:\/\/clm-inclusiva.org\/?p=5018#article\",\"isPartOf\":{\"@id\":\"https:\/\/clm-inclusiva.org\/?p=5018\"},\"author\":{\"name\":\"clm-inclusiva\",\"@id\":\"https:\/\/clm-inclusiva.org\/#\/schema\/person\/0cff84aaa5bb8fd3521c55d1578d902b\"},\"headline\":\"CLM Inclusiva COCEMFE renueva su acuerdo \u201cINCORPORA\u201d con Fundaci\u00f3n \u201cLa Caixa\u201d\",\"datePublished\":\"2024-01-25T18:52:53+00:00\",\"dateModified\":\"2024-01-25T18:54:06+00:00\",\"mainEntityOfPage\":{\"@id\":\"https:\/\/clm-inclusiva.org\/?p=5018\"},\"wordCount\":472,\"commentCount\":0,\"publisher\":{\"@id\":\"https:\/\/clm-inclusiva.org\/#organization\"},\"inLanguage\":\"es\",\"potentialAction\":[{\"@type\":\"CommentAction\",\"name\":\"Comment\",\"target\":[\"https:\/\/clm-inclusiva.org\/?p=5018#respond\"]}]},{\"@type\":\"WebPage\",\"@id\":\"https:\/\/clm-inclusiva.org\/?p=5018\",\"url\":\"https:\/\/clm-inclusiva.org\/?p=5018\",\"name\":\"CLM Inclusiva COCEMFE renueva su acuerdo \u201cINCORPORA\u201d con Fundaci\u00f3n \u201cLa Caixa\u201d - Clm-Inclusiva\",\"isPartOf\":{\"@id\":\"https:\/\/clm-inclusiva.org\/#website\"},\"datePublished\":\"2024-01-25T18:52:53+00:00\",\"dateModified\":\"2024-01-25T18:54:06+00:00\",\"breadcrumb\":{\"@id\":\"https:\/\/clm-inclusiva.org\/?p=5018#breadcrumb\"},\"inLanguage\":\"es\",\"potentialAction\":[{\"@type\":\"ReadAction\",\"target\":[\"https:\/\/clm-inclusiva.org\/?p=5018\"]}]},{\"@type\":\"BreadcrumbList\",\"@id\":\"https:\/\/clm-inclusiva.org\/?p=5018#breadcrumb\",\"itemListElement\":[{\"@type\":\"ListItem\",\"position\":1,\"name\":\"Portada\",\"item\":\"https:\/\/clm-inclusiva.org\/\"},{\"@type\":\"ListItem\",\"position\":2,\"name\":\"CLM Inclusiva COCEMFE renueva su acuerdo \u201cINCORPORA\u201d con Fundaci\u00f3n \u201cLa Caixa\u201d\"}]},{\"@type\":\"WebSite\",\"@id\":\"https:\/\/clm-inclusiva.org\/#website\",\"url\":\"https:\/\/clm-inclusiva.org\/\",\"name\":\"Clm-Inclusiva\",\"description\":\"Confederaci\u00f3n de entidades de personas con discapacidad f\u00edsica y org\u00e1nica CLM\",\"publisher\":{\"@id\":\"https:\/\/clm-inclusiva.org\/#organization\"},\"potentialAction\":[{\"@type\":\"SearchAction\",\"target\":{\"@type\":\"EntryPoint\",\"urlTemplate\":\"https:\/\/clm-inclusiva.org\/?s={search_term_string}\"},\"query-input\":\"required name=search_term_string\"}],\"inLanguage\":\"es\"},{\"@type\":\"Organization\",\"@id\":\"https:\/\/clm-inclusiva.org\/#organization\",\"name\":\"Clm-Inclusiva\",\"url\":\"https:\/\/clm-inclusiva.org\/\",\"logo\":{\"@type\":\"ImageObject\",\"inLanguage\":\"es\",\"@id\":\"https:\/\/clm-inclusiva.org\/#\/schema\/logo\/image\/\",\"url\":\"http:\/\/clm-inclusiva.org\/wp-content\/uploads\/2019\/04\/banner-e1533720812836.jpg\",\"contentUrl\":\"http:\/\/clm-inclusiva.org\/wp-content\/uploads\/2019\/04\/banner-e1533720812836.jpg\",\"width\":600,\"height\":332,\"caption\":\"Clm-Inclusiva\"},\"image\":{\"@id\":\"https:\/\/clm-inclusiva.org\/#\/schema\/logo\/image\/\"},\"sameAs\":[\"https:\/\/www.facebook.com\/castillalamancha.inclusiva\/\",\"https:\/\/twitter.com\/ClmInclusiva\"]},{\"@type\":\"Person\",\"@id\":\"https:\/\/clm-inclusiva.org\/#\/schema\/person\/0cff84aaa5bb8fd3521c55d1578d902b\",\"name\":\"clm-inclusiva\",\"image\":{\"@type\":\"ImageObject\",\"inLanguage\":\"es\",\"@id\":\"https:\/\/clm-inclusiva.org\/#\/schema\/person\/image\/\",\"url\":\"https:\/\/secure.gravatar.com\/avatar\/88948567af770dc9cd5597b329011884?s=96&d=blank&r=g\",\"contentUrl\":\"https:\/\/secure.gravatar.com\/avatar\/88948567af770dc9cd5597b329011884?s=96&d=blank&r=g\",\"caption\":\"clm-inclusiva\"},\"sameAs\":[\"http:\/\/clm-inclusiva.org\"],\"url\":\"https:\/\/clm-inclusiva.org\/?author=1\"}]}<\/script>\n<!-- \/ Yoast SEO plugin. -->","yoast_head_json":{"title":"CLM Inclusiva COCEMFE renueva su acuerdo \u201cINCORPORA\u201d con Fundaci\u00f3n \u201cLa Caixa\u201d - Clm-Inclusiva","robots":{"index":"index","follow":"follow","max-snippet":"max-snippet:-1","max-image-preview":"max-image-preview:large","max-video-preview":"max-video-preview:-1"},"canonical":"https:\/\/clm-inclusiva.org\/?p=5018","og_locale":"es_ES","og_type":"article","og_title":"CLM Inclusiva COCEMFE renueva su acuerdo \u201cINCORPORA\u201d con Fundaci\u00f3n \u201cLa Caixa\u201d - Clm-Inclusiva","og_description":"CLM Inclusiva COCEMFE, junto con Fundaci\u00f3n \u201cLa Caixa\u201d han firmado la renovaci\u00f3n del proyecto \u201cIncorpora\u201d con el compromiso de promover la activaci\u00f3n, la mejora de la empleabilidad y el acceso al empleo de las personas con discapacidad. En la firma de este acuerdo han estado presentes, tanto el Coordinador Regional de CLM Inclusiva COCEMFE, Carlos [&hellip;]","og_url":"https:\/\/clm-inclusiva.org\/?p=5018","og_site_name":"Clm-Inclusiva","article_publisher":"https:\/\/www.facebook.com\/castillalamancha.inclusiva\/","article_published_time":"2024-01-25T18:52:53+00:00","article_modified_time":"2024-01-25T18:54:06+00:00","og_image":[{"width":2560,"height":1707,"url":"https:\/\/clm-inclusiva.org\/wp-content\/uploads\/2024\/01\/IMG_1858-scaled.jpg","type":"image\/jpeg"}],"author":"clm-inclusiva","twitter_card":"summary_large_image","twitter_creator":"@ClmInclusiva","twitter_site":"@ClmInclusiva","twitter_misc":{"Escrito por":"clm-inclusiva","Tiempo de lectura":"2 minutos"},"schema":{"@context":"https:\/\/schema.org","@graph":[{"@type":"Article","@id":"https:\/\/clm-inclusiva.org\/?p=5018#article","isPartOf":{"@id":"https:\/\/clm-inclusiva.org\/?p=5018"},"author":{"name":"clm-inclusiva","@id":"https:\/\/clm-inclusiva.org\/#\/schema\/person\/0cff84aaa5bb8fd3521c55d1578d902b"},"headline":"CLM Inclusiva COCEMFE renueva su acuerdo \u201cINCORPORA\u201d con Fundaci\u00f3n \u201cLa Caixa\u201d","datePublished":"2024-01-25T18:52:53+00:00","dateModified":"2024-01-25T18:54:06+00:00","mainEntityOfPage":{"@id":"https:\/\/clm-inclusiva.org\/?p=5018"},"wordCount":472,"commentCount":0,"publisher":{"@id":"https:\/\/clm-inclusiva.org\/#organization"},"inLanguage":"es","potentialAction":[{"@type":"CommentAction","name":"Comment","target":["https:\/\/clm-inclusiva.org\/?p=5018#respond"]}]},{"@type":"WebPage","@id":"https:\/\/clm-inclusiva.org\/?p=5018","url":"https:\/\/clm-inclusiva.org\/?p=5018","name":"CLM Inclusiva COCEMFE renueva su acuerdo \u201cINCORPORA\u201d con Fundaci\u00f3n \u201cLa Caixa\u201d - Clm-Inclusiva","isPartOf":{"@id":"https:\/\/clm-inclusiva.org\/#website"},"datePublished":"2024-01-25T18:52:53+00:00","dateModified":"2024-01-25T18:54:06+00:00","breadcrumb":{"@id":"https:\/\/clm-inclusiva.org\/?p=5018#breadcrumb"},"inLanguage":"es","potentialAction":[{"@type":"ReadAction","target":["https:\/\/clm-inclusiva.org\/?p=5018"]}]},{"@type":"BreadcrumbList","@id":"https:\/\/clm-inclusiva.org\/?p=5018#breadcrumb","itemListElement":[{"@type":"ListItem","position":1,"name":"Portada","item":"https:\/\/clm-inclusiva.org\/"},{"@type":"ListItem","position":2,"name":"CLM Inclusiva COCEMFE renueva su acuerdo \u201cINCORPORA\u201d con Fundaci\u00f3n \u201cLa Caixa\u201d"}]},{"@type":"WebSite","@id":"https:\/\/clm-inclusiva.org\/#website","url":"https:\/\/clm-inclusiva.org\/","name":"Clm-Inclusiva","description":"Confederaci\u00f3n de entidades de personas con discapacidad f\u00edsica y org\u00e1nica CLM","publisher":{"@id":"https:\/\/clm-inclusiva.org\/#organization"},"potentialAction":[{"@type":"SearchAction","target":{"@type":"EntryPoint","urlTemplate":"https:\/\/clm-inclusiva.org\/?s={search_term_string}"},"query-input":"required name=search_term_string"}],"inLanguage":"es"},{"@type":"Organization","@id":"https:\/\/clm-inclusiva.org\/#organization","name":"Clm-Inclusiva","url":"https:\/\/clm-inclusiva.org\/","logo":{"@type":"ImageObject","inLanguage":"es","@id":"https:\/\/clm-inclusiva.org\/#\/schema\/logo\/image\/","url":"http:\/\/clm-inclusiva.org\/wp-content\/uploads\/2019\/04\/banner-e1533720812836.jpg","contentUrl":"http:\/\/clm-inclusiva.org\/wp-content\/uploads\/2019\/04\/banner-e1533720812836.jpg","width":600,"height":332,"caption":"Clm-Inclusiva"},"image":{"@id":"https:\/\/clm-inclusiva.org\/#\/schema\/logo\/image\/"},"sameAs":["https:\/\/www.facebook.com\/castillalamancha.inclusiva\/","https:\/\/twitter.com\/ClmInclusiva"]},{"@type":"Person","@id":"https:\/\/clm-inclusiva.org\/#\/schema\/person\/0cff84aaa5bb8fd3521c55d1578d902b","name":"clm-inclusiva","image":{"@type":"ImageObject","inLanguage":"es","@id":"https:\/\/clm-inclusiva.org\/#\/schema\/person\/image\/","url":"https:\/\/secure.gravatar.com\/avatar\/88948567af770dc9cd5597b329011884?s=96&d=blank&r=g","contentUrl":"https:\/\/secure.gravatar.com\/avatar\/88948567af770dc9cd5597b329011884?s=96&d=blank&r=g","caption":"clm-inclusiva"},"sameAs":["http:\/\/clm-inclusiva.org"],"url":"https:\/\/clm-inclusiva.org\/?author=1"}]}},"_links":{"self":[{"href":"https:\/\/clm-inclusiva.org\/index.php?rest_route=\/wp\/v2\/posts\/5018"}],"collection":[{"href":"https:\/\/clm-inclusiva.org\/index.php?rest_route=\/wp\/v2\/posts"}],"about":[{"href":"https:\/\/clm-inclusiva.org\/index.php?rest_route=\/wp\/v2\/types\/post"}],"author":[{"embeddable":true,"href":"https:\/\/clm-inclusiva.org\/index.php?rest_route=\/wp\/v2\/users\/1"}],"replies":[{"embeddable":true,"href":"https:\/\/clm-inclusiva.org\/index.php?rest_route=%2Fwp%2Fv2%2Fcomments&post=5018"}],"version-history":[{"count":1,"href":"https:\/\/clm-inclusiva.org\/index.php?rest_route=\/wp\/v2\/posts\/5018\/revisions"}],"predecessor-version":[{"id":5020,"href":"https:\/\/clm-inclusiva.org\/index.php?rest_route=\/wp\/v2\/posts\/5018\/revisions\/5020"}],"wp:featuredmedia":[{"embeddable":true,"href":"https:\/\/clm-inclusiva.org\/index.php?rest_route=\/wp\/v2\/media\/5019"}],"wp:attachment":[{"href":"https:\/\/clm-inclusiva.org\/index.php?rest_route=%2Fwp%2Fv2%2Fmedia&parent=5018"}],"wp:term":[{"taxonomy":"category","embeddable":true,"href":"https:\/\/clm-inclusiva.org\/index.php?rest_route=%2Fwp%2Fv2%2Fcategories&post=5018"},{"taxonomy":"post_tag","embeddable":true,"href":"https:\/\/clm-inclusiva.org\/index.php?rest_route=%2Fwp%2Fv2%2Ftags&post=5018"}],"curies":[{"name":"wp","href":"https:\/\/api.w.org\/{rel}","templated":true}]}}