{"id":5013,"date":"2024-01-11T13:00:11","date_gmt":"2024-01-11T11:00:11","guid":{"rendered":"https:\/\/clm-inclusiva.org\/?p=5013"},"modified":"2024-01-11T13:43:46","modified_gmt":"2024-01-11T11:43:46","slug":"castilla-la-macha-inclusiva-cocemfe-pide-el-apoyo-de-todos-los-partidos-a-la-reforma-del-articulo-49-de-la-constitucion","status":"publish","type":"post","link":"https:\/\/clm-inclusiva.org\/?p=5013","title":{"rendered":"Castilla-La Mancha Inclusiva COCEMFE pide el apoyo de todos los partidos a la reforma del art\u00edculo 49  de la Constituci\u00f3n"},"content":{"rendered":"<p>&nbsp;<\/p>\n<ul>\n<li>Los pr\u00f3ximos d\u00edas 16 y 18 de enero se han fijado los Plenos del Congreso para debatir y votar la reforma del art\u00edculo 49 de la Constituci\u00f3n Espa\u00f1ola referido a discapacidad.<\/li>\n<li style=\"text-align: justify;\">La propuesta implica un avance decisivo para las libertades y la igualdad real de las personas con discapacidad en Espa\u00f1a e incorpora demandas hist\u00f3ricas realizadas por organizaciones como COCEMFE.<\/li>\n<li style=\"text-align: justify;\">CLM Inclusiva COCEMFE solicita el apoyo de todos los grupos parlamentarios a la propuesta de reforma para que sea adoptada por unanimidad.<\/li>\n<\/ul>\n<p>&nbsp;<\/p>\n<p style=\"text-align: justify;\">La Confederaci\u00f3n de entidades de Personas con Discapacidad F\u00edsica y Org\u00e1nica de Castilla-La Mancha (CLM Inclusiva COCEMFE), junto al movimiento asociativo de la discapacidad en la regi\u00f3n solicita <strong>el apoyo de todos los grupos parlamentarios a la propuesta de reforma del art\u00edculo 49<\/strong> de la Constituci\u00f3n Espa\u00f1ola para que sea adoptada por unanimidad.<\/p>\n<p style=\"text-align: justify;\">Los pr\u00f3ximos d\u00edas 16 y 18 de enero se han fijado los Plenos del Congreso para abordar el debate y votaci\u00f3n de la propuesta de reforma del art\u00edculo 49, que a juicio de COCEMFE, \u201c<strong>implica un avance decisivo para las libertades y la igualdad real de las personas con discapacidad en nuestro pa\u00eds<\/strong> e incorpora demandas hist\u00f3ricas realizadas por organizaciones como la Confederaci\u00f3n y su Movimiento Asociativo, como son el <strong>enfoque de derechos, la defensa de la inclusi\u00f3n y la vida independiente, la perspectiva de g\u00e9nero y el uso de un lenguaje adecuado e inclusivo<\/strong>\u201d, afirma el presidente de la entidad, Anxo Queiruga.<\/p>\n<p style=\"text-align: justify;\">Concretamente, el nuevo art\u00edculo reconoce el ejercicio de los derechos y libertades fundamentales por parte de las personas con discapacidad en condiciones de libertad e igualdad reales y efectivas y, adem\u00e1s, <strong>obliga a los poderes p\u00fablicos a impulsar las pol\u00edticas que garanticen la plena autonom\u00eda personal y la inclusi\u00f3n social de este grupo social en entornos universalmente accesibles<\/strong>.<\/p>\n<p style=\"text-align: justify;\">Tambi\u00e9n <strong>reconoce el papel fundamental que las organizaciones representativas de personas con discapacidad desempe\u00f1an<\/strong> en el cumplimiento de las obligaciones que la Constituci\u00f3n y las leyes imponen a los poderes p\u00fablicos.<\/p>\n<p style=\"text-align: justify;\"><strong>Para el presidente de CLM INCLUSIVA COCEMFE, Enrique Alarc\u00f3n<\/strong>, \u201cla reforma del art\u00edculo 49 supone un hito hist\u00f3rico, que se concreta superando el enfoque asistencialista, y se cumple as\u00ed con el reconocimiento de nuestros derechos humanos.\u201d, y a\u00f1ade \u201cesta reforma responde a una <strong>demanda firme y sostenida del movimiento c\u00edvico de la discapacidad, de casi veinte a\u00f1os<\/strong>, que cuenta con un ampl\u00edsimo consenso social, que ahora por fin est\u00e1 a punto de trasladarse al plano pol\u00edtico y normativo.\u201d<\/p>\n<p style=\"text-align: justify;\">Tras una larga espera, CLM INCLUSIVA COCEMFE y su movimiento asociativo, considera que <strong>es el momento de llegar al m\u00e1ximo consenso posible para todo lo que afecta a las personas con discapacidad, empezando por esta reforma constitucional<\/strong>, que el sector social de la discapacidad entiende como \u201cun avance pa\u00eds, una mejora colectiva que profundiza y ensancha el car\u00e1cter de democracia avanzada que la Constituci\u00f3n quiere para Espa\u00f1a\u201d.<\/p>\n","protected":false},"excerpt":{"rendered":"<p>&nbsp; Los pr\u00f3ximos d\u00edas 16 y 18 de enero se han fijado los Plenos del Congreso para debatir y votar la reforma del art\u00edculo 49 de la Constituci\u00f3n Espa\u00f1ola referido a discapacidad. La propuesta implica un avance decisivo para las libertades y la igualdad real de las personas con discapacidad en Espa\u00f1a e incorpora demandas [&hellip;]<\/p>\n","protected":false},"author":1,"featured_media":5014,"comment_status":"open","ping_status":"open","sticky":false,"template":"","format":"standard","meta":{"_et_pb_use_builder":"","_et_pb_old_content":"","_et_gb_content_width":"","footnotes":""},"categories":[1],"tags":[],"yoast_head":"<!-- This site is optimized with the Yoast SEO plugin v21.3 - https:\/\/yoast.com\/wordpress\/plugins\/seo\/ -->\n<title>Castilla-La Mancha Inclusiva COCEMFE pide el apoyo de todos los partidos a la reforma del art\u00edculo 49 de la Constituci\u00f3n - Clm-Inclusiva<\/title>\n<meta name=\"robots\" content=\"index, follow, max-snippet:-1, max-image-preview:large, max-video-preview:-1\" \/>\n<link rel=\"canonical\" href=\"https:\/\/clm-inclusiva.org\/?p=5013\" \/>\n<meta property=\"og:locale\" content=\"es_ES\" \/>\n<meta property=\"og:type\" content=\"article\" \/>\n<meta property=\"og:title\" content=\"Castilla-La Mancha Inclusiva COCEMFE pide el apoyo de todos los partidos a la reforma del art\u00edculo 49 de la Constituci\u00f3n - Clm-Inclusiva\" \/>\n<meta property=\"og:description\" content=\"&nbsp; Los pr\u00f3ximos d\u00edas 16 y 18 de enero se han fijado los Plenos del Congreso para debatir y votar la reforma del art\u00edculo 49 de la Constituci\u00f3n Espa\u00f1ola referido a discapacidad. La propuesta implica un avance decisivo para las libertades y la igualdad real de las personas con discapacidad en Espa\u00f1a e incorpora demandas [&hellip;]\" \/>\n<meta property=\"og:url\" content=\"https:\/\/clm-inclusiva.org\/?p=5013\" \/>\n<meta property=\"og:site_name\" content=\"Clm-Inclusiva\" \/>\n<meta property=\"article:publisher\" content=\"https:\/\/www.facebook.com\/castillalamancha.inclusiva\/\" \/>\n<meta property=\"article:published_time\" content=\"2024-01-11T11:00:11+00:00\" \/>\n<meta property=\"article:modified_time\" content=\"2024-01-11T11:43:46+00:00\" \/>\n<meta property=\"og:image\" content=\"https:\/\/clm-inclusiva.org\/wp-content\/uploads\/2024\/01\/FOTOGRAFIA_HEMICICLO_DIPUTADOS-scaled.jpg\" \/>\n\t<meta property=\"og:image:width\" content=\"2560\" \/>\n\t<meta property=\"og:image:height\" content=\"1921\" \/>\n\t<meta property=\"og:image:type\" content=\"image\/jpeg\" \/>\n<meta name=\"author\" content=\"clm-inclusiva\" \/>\n<meta name=\"twitter:card\" content=\"summary_large_image\" \/>\n<meta name=\"twitter:creator\" content=\"@ClmInclusiva\" \/>\n<meta name=\"twitter:site\" content=\"@ClmInclusiva\" \/>\n<meta name=\"twitter:label1\" content=\"Escrito por\" \/>\n\t<meta name=\"twitter:data1\" content=\"clm-inclusiva\" \/>\n\t<meta name=\"twitter:label2\" content=\"Tiempo de lectura\" \/>\n\t<meta name=\"twitter:data2\" content=\"3 minutos\" \/>\n<script type=\"application\/ld+json\" class=\"yoast-schema-graph\">{\"@context\":\"https:\/\/schema.org\",\"@graph\":[{\"@type\":\"Article\",\"@id\":\"https:\/\/clm-inclusiva.org\/?p=5013#article\",\"isPartOf\":{\"@id\":\"https:\/\/clm-inclusiva.org\/?p=5013\"},\"author\":{\"name\":\"clm-inclusiva\",\"@id\":\"https:\/\/clm-inclusiva.org\/#\/schema\/person\/0cff84aaa5bb8fd3521c55d1578d902b\"},\"headline\":\"Castilla-La Mancha Inclusiva COCEMFE pide el apoyo de todos los partidos a la reforma del art\u00edculo 49 de la Constituci\u00f3n\",\"datePublished\":\"2024-01-11T11:00:11+00:00\",\"dateModified\":\"2024-01-11T11:43:46+00:00\",\"mainEntityOfPage\":{\"@id\":\"https:\/\/clm-inclusiva.org\/?p=5013\"},\"wordCount\":533,\"commentCount\":0,\"publisher\":{\"@id\":\"https:\/\/clm-inclusiva.org\/#organization\"},\"inLanguage\":\"es\",\"potentialAction\":[{\"@type\":\"CommentAction\",\"name\":\"Comment\",\"target\":[\"https:\/\/clm-inclusiva.org\/?p=5013#respond\"]}]},{\"@type\":\"WebPage\",\"@id\":\"https:\/\/clm-inclusiva.org\/?p=5013\",\"url\":\"https:\/\/clm-inclusiva.org\/?p=5013\",\"name\":\"Castilla-La Mancha Inclusiva COCEMFE pide el apoyo de todos los partidos a la reforma del art\u00edculo 49 de la Constituci\u00f3n - Clm-Inclusiva\",\"isPartOf\":{\"@id\":\"https:\/\/clm-inclusiva.org\/#website\"},\"datePublished\":\"2024-01-11T11:00:11+00:00\",\"dateModified\":\"2024-01-11T11:43:46+00:00\",\"breadcrumb\":{\"@id\":\"https:\/\/clm-inclusiva.org\/?p=5013#breadcrumb\"},\"inLanguage\":\"es\",\"potentialAction\":[{\"@type\":\"ReadAction\",\"target\":[\"https:\/\/clm-inclusiva.org\/?p=5013\"]}]},{\"@type\":\"BreadcrumbList\",\"@id\":\"https:\/\/clm-inclusiva.org\/?p=5013#breadcrumb\",\"itemListElement\":[{\"@type\":\"ListItem\",\"position\":1,\"name\":\"Portada\",\"item\":\"https:\/\/clm-inclusiva.org\/\"},{\"@type\":\"ListItem\",\"position\":2,\"name\":\"Castilla-La Mancha Inclusiva COCEMFE pide el apoyo de todos los partidos a la reforma del art\u00edculo 49 de la Constituci\u00f3n\"}]},{\"@type\":\"WebSite\",\"@id\":\"https:\/\/clm-inclusiva.org\/#website\",\"url\":\"https:\/\/clm-inclusiva.org\/\",\"name\":\"Clm-Inclusiva\",\"description\":\"Confederaci\u00f3n de entidades de personas con discapacidad f\u00edsica y org\u00e1nica CLM\",\"publisher\":{\"@id\":\"https:\/\/clm-inclusiva.org\/#organization\"},\"potentialAction\":[{\"@type\":\"SearchAction\",\"target\":{\"@type\":\"EntryPoint\",\"urlTemplate\":\"https:\/\/clm-inclusiva.org\/?s={search_term_string}\"},\"query-input\":\"required name=search_term_string\"}],\"inLanguage\":\"es\"},{\"@type\":\"Organization\",\"@id\":\"https:\/\/clm-inclusiva.org\/#organization\",\"name\":\"Clm-Inclusiva\",\"url\":\"https:\/\/clm-inclusiva.org\/\",\"logo\":{\"@type\":\"ImageObject\",\"inLanguage\":\"es\",\"@id\":\"https:\/\/clm-inclusiva.org\/#\/schema\/logo\/image\/\",\"url\":\"http:\/\/clm-inclusiva.org\/wp-content\/uploads\/2019\/04\/banner-e1533720812836.jpg\",\"contentUrl\":\"http:\/\/clm-inclusiva.org\/wp-content\/uploads\/2019\/04\/banner-e1533720812836.jpg\",\"width\":600,\"height\":332,\"caption\":\"Clm-Inclusiva\"},\"image\":{\"@id\":\"https:\/\/clm-inclusiva.org\/#\/schema\/logo\/image\/\"},\"sameAs\":[\"https:\/\/www.facebook.com\/castillalamancha.inclusiva\/\",\"https:\/\/twitter.com\/ClmInclusiva\"]},{\"@type\":\"Person\",\"@id\":\"https:\/\/clm-inclusiva.org\/#\/schema\/person\/0cff84aaa5bb8fd3521c55d1578d902b\",\"name\":\"clm-inclusiva\",\"image\":{\"@type\":\"ImageObject\",\"inLanguage\":\"es\",\"@id\":\"https:\/\/clm-inclusiva.org\/#\/schema\/person\/image\/\",\"url\":\"https:\/\/secure.gravatar.com\/avatar\/88948567af770dc9cd5597b329011884?s=96&d=blank&r=g\",\"contentUrl\":\"https:\/\/secure.gravatar.com\/avatar\/88948567af770dc9cd5597b329011884?s=96&d=blank&r=g\",\"caption\":\"clm-inclusiva\"},\"sameAs\":[\"http:\/\/clm-inclusiva.org\"],\"url\":\"https:\/\/clm-inclusiva.org\/?author=1\"}]}<\/script>\n<!-- \/ Yoast SEO plugin. -->","yoast_head_json":{"title":"Castilla-La Mancha Inclusiva COCEMFE pide el apoyo de todos los partidos a la reforma del art\u00edculo 49 de la Constituci\u00f3n - Clm-Inclusiva","robots":{"index":"index","follow":"follow","max-snippet":"max-snippet:-1","max-image-preview":"max-image-preview:large","max-video-preview":"max-video-preview:-1"},"canonical":"https:\/\/clm-inclusiva.org\/?p=5013","og_locale":"es_ES","og_type":"article","og_title":"Castilla-La Mancha Inclusiva COCEMFE pide el apoyo de todos los partidos a la reforma del art\u00edculo 49 de la Constituci\u00f3n - Clm-Inclusiva","og_description":"&nbsp; Los pr\u00f3ximos d\u00edas 16 y 18 de enero se han fijado los Plenos del Congreso para debatir y votar la reforma del art\u00edculo 49 de la Constituci\u00f3n Espa\u00f1ola referido a discapacidad. La propuesta implica un avance decisivo para las libertades y la igualdad real de las personas con discapacidad en Espa\u00f1a e incorpora demandas [&hellip;]","og_url":"https:\/\/clm-inclusiva.org\/?p=5013","og_site_name":"Clm-Inclusiva","article_publisher":"https:\/\/www.facebook.com\/castillalamancha.inclusiva\/","article_published_time":"2024-01-11T11:00:11+00:00","article_modified_time":"2024-01-11T11:43:46+00:00","og_image":[{"width":2560,"height":1921,"url":"https:\/\/clm-inclusiva.org\/wp-content\/uploads\/2024\/01\/FOTOGRAFIA_HEMICICLO_DIPUTADOS-scaled.jpg","type":"image\/jpeg"}],"author":"clm-inclusiva","twitter_card":"summary_large_image","twitter_creator":"@ClmInclusiva","twitter_site":"@ClmInclusiva","twitter_misc":{"Escrito por":"clm-inclusiva","Tiempo de lectura":"3 minutos"},"schema":{"@context":"https:\/\/schema.org","@graph":[{"@type":"Article","@id":"https:\/\/clm-inclusiva.org\/?p=5013#article","isPartOf":{"@id":"https:\/\/clm-inclusiva.org\/?p=5013"},"author":{"name":"clm-inclusiva","@id":"https:\/\/clm-inclusiva.org\/#\/schema\/person\/0cff84aaa5bb8fd3521c55d1578d902b"},"headline":"Castilla-La Mancha Inclusiva COCEMFE pide el apoyo de todos los partidos a la reforma del art\u00edculo 49 de la Constituci\u00f3n","datePublished":"2024-01-11T11:00:11+00:00","dateModified":"2024-01-11T11:43:46+00:00","mainEntityOfPage":{"@id":"https:\/\/clm-inclusiva.org\/?p=5013"},"wordCount":533,"commentCount":0,"publisher":{"@id":"https:\/\/clm-inclusiva.org\/#organization"},"inLanguage":"es","potentialAction":[{"@type":"CommentAction","name":"Comment","target":["https:\/\/clm-inclusiva.org\/?p=5013#respond"]}]},{"@type":"WebPage","@id":"https:\/\/clm-inclusiva.org\/?p=5013","url":"https:\/\/clm-inclusiva.org\/?p=5013","name":"Castilla-La Mancha Inclusiva COCEMFE pide el apoyo de todos los partidos a la reforma del art\u00edculo 49 de la Constituci\u00f3n - Clm-Inclusiva","isPartOf":{"@id":"https:\/\/clm-inclusiva.org\/#website"},"datePublished":"2024-01-11T11:00:11+00:00","dateModified":"2024-01-11T11:43:46+00:00","breadcrumb":{"@id":"https:\/\/clm-inclusiva.org\/?p=5013#breadcrumb"},"inLanguage":"es","potentialAction":[{"@type":"ReadAction","target":["https:\/\/clm-inclusiva.org\/?p=5013"]}]},{"@type":"BreadcrumbList","@id":"https:\/\/clm-inclusiva.org\/?p=5013#breadcrumb","itemListElement":[{"@type":"ListItem","position":1,"name":"Portada","item":"https:\/\/clm-inclusiva.org\/"},{"@type":"ListItem","position":2,"name":"Castilla-La Mancha Inclusiva COCEMFE pide el apoyo de todos los partidos a la reforma del art\u00edculo 49 de la Constituci\u00f3n"}]},{"@type":"WebSite","@id":"https:\/\/clm-inclusiva.org\/#website","url":"https:\/\/clm-inclusiva.org\/","name":"Clm-Inclusiva","description":"Confederaci\u00f3n de entidades de personas con discapacidad f\u00edsica y org\u00e1nica CLM","publisher":{"@id":"https:\/\/clm-inclusiva.org\/#organization"},"potentialAction":[{"@type":"SearchAction","target":{"@type":"EntryPoint","urlTemplate":"https:\/\/clm-inclusiva.org\/?s={search_term_string}"},"query-input":"required name=search_term_string"}],"inLanguage":"es"},{"@type":"Organization","@id":"https:\/\/clm-inclusiva.org\/#organization","name":"Clm-Inclusiva","url":"https:\/\/clm-inclusiva.org\/","logo":{"@type":"ImageObject","inLanguage":"es","@id":"https:\/\/clm-inclusiva.org\/#\/schema\/logo\/image\/","url":"http:\/\/clm-inclusiva.org\/wp-content\/uploads\/2019\/04\/banner-e1533720812836.jpg","contentUrl":"http:\/\/clm-inclusiva.org\/wp-content\/uploads\/2019\/04\/banner-e1533720812836.jpg","width":600,"height":332,"caption":"Clm-Inclusiva"},"image":{"@id":"https:\/\/clm-inclusiva.org\/#\/schema\/logo\/image\/"},"sameAs":["https:\/\/www.facebook.com\/castillalamancha.inclusiva\/","https:\/\/twitter.com\/ClmInclusiva"]},{"@type":"Person","@id":"https:\/\/clm-inclusiva.org\/#\/schema\/person\/0cff84aaa5bb8fd3521c55d1578d902b","name":"clm-inclusiva","image":{"@type":"ImageObject","inLanguage":"es","@id":"https:\/\/clm-inclusiva.org\/#\/schema\/person\/image\/","url":"https:\/\/secure.gravatar.com\/avatar\/88948567af770dc9cd5597b329011884?s=96&d=blank&r=g","contentUrl":"https:\/\/secure.gravatar.com\/avatar\/88948567af770dc9cd5597b329011884?s=96&d=blank&r=g","caption":"clm-inclusiva"},"sameAs":["http:\/\/clm-inclusiva.org"],"url":"https:\/\/clm-inclusiva.org\/?author=1"}]}},"_links":{"self":[{"href":"https:\/\/clm-inclusiva.org\/index.php?rest_route=\/wp\/v2\/posts\/5013"}],"collection":[{"href":"https:\/\/clm-inclusiva.org\/index.php?rest_route=\/wp\/v2\/posts"}],"about":[{"href":"https:\/\/clm-inclusiva.org\/index.php?rest_route=\/wp\/v2\/types\/post"}],"author":[{"embeddable":true,"href":"https:\/\/clm-inclusiva.org\/index.php?rest_route=\/wp\/v2\/users\/1"}],"replies":[{"embeddable":true,"href":"https:\/\/clm-inclusiva.org\/index.php?rest_route=%2Fwp%2Fv2%2Fcomments&post=5013"}],"version-history":[{"count":2,"href":"https:\/\/clm-inclusiva.org\/index.php?rest_route=\/wp\/v2\/posts\/5013\/revisions"}],"predecessor-version":[{"id":5016,"href":"https:\/\/clm-inclusiva.org\/index.php?rest_route=\/wp\/v2\/posts\/5013\/revisions\/5016"}],"wp:featuredmedia":[{"embeddable":true,"href":"https:\/\/clm-inclusiva.org\/index.php?rest_route=\/wp\/v2\/media\/5014"}],"wp:attachment":[{"href":"https:\/\/clm-inclusiva.org\/index.php?rest_route=%2Fwp%2Fv2%2Fmedia&parent=5013"}],"wp:term":[{"taxonomy":"category","embeddable":true,"href":"https:\/\/clm-inclusiva.org\/index.php?rest_route=%2Fwp%2Fv2%2Fcategories&post=5013"},{"taxonomy":"post_tag","embeddable":true,"href":"https:\/\/clm-inclusiva.org\/index.php?rest_route=%2Fwp%2Fv2%2Ftags&post=5013"}],"curies":[{"name":"wp","href":"https:\/\/api.w.org\/{rel}","templated":true}]}}