{"id":5008,"date":"2023-12-21T10:12:39","date_gmt":"2023-12-21T08:12:39","guid":{"rendered":"https:\/\/clm-inclusiva.org\/?p=5008"},"modified":"2023-12-21T10:13:18","modified_gmt":"2023-12-21T08:13:18","slug":"clm-inclusiva-cocemfe-clausura-la-segunda-edicion-del-proyecto-de-actividad-fisica-adaptada-junto-con-cocemfe-albacete","status":"publish","type":"post","link":"https:\/\/clm-inclusiva.org\/?p=5008","title":{"rendered":"CLM Inclusiva COCEMFE clausura la segunda edici\u00f3n del Proyecto de Actividad F\u00edsica Adaptada junto con COCEMFE Albacete"},"content":{"rendered":"<p>&nbsp;<\/p>\n<ul>\n<li style=\"text-align: justify;\"><strong>Finaliza el Proyecto de Deporte Adaptado para personas con discapacidad desarrollado por CLM Inclusiva COCEMFE, su entidad provincial COCEMFE Albacete y Metasport CLM.<\/strong><\/li>\n<li style=\"text-align: justify;\"><strong>El proyecto ha fomentado la actividad f\u00edsica y el deporte adaptado en personas con discapacidad creando un h\u00e1bito de vida saludable y activo en los\/as usuarios\/as de COCEMFE Albacete.<\/strong><\/li>\n<li style=\"text-align: justify;\"><strong>Se proced\u00eda a la clausura del Proyecto por parte de Enrique Alarc\u00f3n, y Marcelino Escobar, tras seis meses de duraci\u00f3n.<\/strong><\/li>\n<\/ul>\n<p><strong>Albacete, 20 de diciembre de 2023.-<\/strong><\/p>\n<p style=\"text-align: justify;\">CLM Inclusiva COCEMFE, <strong>la Confederaci\u00f3n de entidades de personas con discapacidad f\u00edsica y\/u org\u00e1nica de Castilla-La Mancha<\/strong> celebraba la clausura de la segunda edici\u00f3n del \u201c<strong>Proyecto de Actividad F\u00edsica Adaptada\u201d <\/strong>en Albacete, junto con su entidad miembro COCEMFE Albacete y Metasport CLM.<\/p>\n<p style=\"text-align: justify;\">Esta iniciativa, que ha tenido una duraci\u00f3n completa de seis meses, ha impulsado el desarrollo de actividades que han favorecido la pr\u00e1ctica de deportes adaptados y promovido la actividad f\u00edsica en las personas con discapacidad usuarias de COCEMFE.<\/p>\n<p style=\"text-align: justify;\">Con el objetivo de que estas acciones tengan un efecto positivo en las personas con discapacidad, y conozcan as\u00ed diversas maneras de realizar ejercicio f\u00edsico y conseguir la mejora de su salud f\u00edsica, mental y social, se ha apostado por la realizaci\u00f3n de actividades adaptadas espec\u00edficamente al colectivo como la boccia, el slalom, tenis de mesa adaptado, o curling en silla de ruedas.<\/p>\n<p style=\"text-align: justify;\">Una variedad de deportes que han sido planteados en diferentes sesiones, ofreciendo as\u00ed a las personas participantes la oportunidad de conocer las bases de \u00e9stos y facilitarle as\u00ed el acceso a la pr\u00e1ctica deportiva de cualquiera de ellos.<\/p>\n<p style=\"text-align: justify;\">Para <strong>Enrique Alarc\u00f3n, Presidente de CLM Inclusiva COCEMFE<\/strong>, se consegu\u00edan los objetivos previstos cuando se concibi\u00f3 el proyecto, ya que estos espacios se han convertido en entornos seguros y de socializaci\u00f3n, donde \u201cel deporte adaptado ha llegado a convertirse en una de las herramientas fundamentales para fortalecer la autoestima de las personas beneficiarias y afianzar la confianza en sus capacidades\u201d. Y a\u00f1ad\u00eda \u201cclausuramos la segunda edici\u00f3n en Albacete, pero, dado el \u00e9xito, el equipo t\u00e9cnico ya est\u00e1 trabajando en poder llevar a cabo el proyecto en otras provincias de la regi\u00f3n.\u201d<\/p>\n<p>&nbsp;<\/p>\n<p><em>\u00a0<\/em><\/p>\n","protected":false},"excerpt":{"rendered":"<p>&nbsp; Finaliza el Proyecto de Deporte Adaptado para personas con discapacidad desarrollado por CLM Inclusiva COCEMFE, su entidad provincial COCEMFE Albacete y Metasport CLM. El proyecto ha fomentado la actividad f\u00edsica y el deporte adaptado en personas con discapacidad creando un h\u00e1bito de vida saludable y activo en los\/as usuarios\/as de COCEMFE Albacete. Se proced\u00eda [&hellip;]<\/p>\n","protected":false},"author":1,"featured_media":5009,"comment_status":"open","ping_status":"open","sticky":false,"template":"","format":"standard","meta":{"_et_pb_use_builder":"","_et_pb_old_content":"","_et_gb_content_width":"","footnotes":""},"categories":[1],"tags":[],"yoast_head":"<!-- This site is optimized with the Yoast SEO plugin v21.3 - https:\/\/yoast.com\/wordpress\/plugins\/seo\/ -->\n<title>CLM Inclusiva COCEMFE clausura la segunda edici\u00f3n del Proyecto de Actividad F\u00edsica Adaptada junto con COCEMFE Albacete - Clm-Inclusiva<\/title>\n<meta name=\"robots\" content=\"index, follow, max-snippet:-1, max-image-preview:large, max-video-preview:-1\" \/>\n<link rel=\"canonical\" href=\"https:\/\/clm-inclusiva.org\/?p=5008\" \/>\n<meta property=\"og:locale\" content=\"es_ES\" \/>\n<meta property=\"og:type\" content=\"article\" \/>\n<meta property=\"og:title\" content=\"CLM Inclusiva COCEMFE clausura la segunda edici\u00f3n del Proyecto de Actividad F\u00edsica Adaptada junto con COCEMFE Albacete - Clm-Inclusiva\" \/>\n<meta property=\"og:description\" content=\"&nbsp; Finaliza el Proyecto de Deporte Adaptado para personas con discapacidad desarrollado por CLM Inclusiva COCEMFE, su entidad provincial COCEMFE Albacete y Metasport CLM. El proyecto ha fomentado la actividad f\u00edsica y el deporte adaptado en personas con discapacidad creando un h\u00e1bito de vida saludable y activo en los\/as usuarios\/as de COCEMFE Albacete. Se proced\u00eda [&hellip;]\" \/>\n<meta property=\"og:url\" content=\"https:\/\/clm-inclusiva.org\/?p=5008\" \/>\n<meta property=\"og:site_name\" content=\"Clm-Inclusiva\" \/>\n<meta property=\"article:publisher\" content=\"https:\/\/www.facebook.com\/castillalamancha.inclusiva\/\" \/>\n<meta property=\"article:published_time\" content=\"2023-12-21T08:12:39+00:00\" \/>\n<meta property=\"article:modified_time\" content=\"2023-12-21T08:13:18+00:00\" \/>\n<meta property=\"og:image\" content=\"https:\/\/clm-inclusiva.org\/wp-content\/uploads\/2023\/12\/20231213_111218-e1703146327814-1024x691.jpg\" \/>\n\t<meta property=\"og:image:width\" content=\"1024\" \/>\n\t<meta property=\"og:image:height\" content=\"691\" \/>\n\t<meta property=\"og:image:type\" content=\"image\/jpeg\" \/>\n<meta name=\"author\" content=\"clm-inclusiva\" \/>\n<meta name=\"twitter:card\" content=\"summary_large_image\" \/>\n<meta name=\"twitter:creator\" content=\"@ClmInclusiva\" \/>\n<meta name=\"twitter:site\" content=\"@ClmInclusiva\" \/>\n<meta name=\"twitter:label1\" content=\"Escrito por\" \/>\n\t<meta name=\"twitter:data1\" content=\"clm-inclusiva\" \/>\n\t<meta name=\"twitter:label2\" content=\"Tiempo de lectura\" \/>\n\t<meta name=\"twitter:data2\" content=\"2 minutos\" \/>\n<script type=\"application\/ld+json\" class=\"yoast-schema-graph\">{\"@context\":\"https:\/\/schema.org\",\"@graph\":[{\"@type\":\"Article\",\"@id\":\"https:\/\/clm-inclusiva.org\/?p=5008#article\",\"isPartOf\":{\"@id\":\"https:\/\/clm-inclusiva.org\/?p=5008\"},\"author\":{\"name\":\"clm-inclusiva\",\"@id\":\"https:\/\/clm-inclusiva.org\/#\/schema\/person\/0cff84aaa5bb8fd3521c55d1578d902b\"},\"headline\":\"CLM Inclusiva COCEMFE clausura la segunda edici\u00f3n del Proyecto de Actividad F\u00edsica Adaptada junto con COCEMFE Albacete\",\"datePublished\":\"2023-12-21T08:12:39+00:00\",\"dateModified\":\"2023-12-21T08:13:18+00:00\",\"mainEntityOfPage\":{\"@id\":\"https:\/\/clm-inclusiva.org\/?p=5008\"},\"wordCount\":399,\"commentCount\":0,\"publisher\":{\"@id\":\"https:\/\/clm-inclusiva.org\/#organization\"},\"inLanguage\":\"es\",\"potentialAction\":[{\"@type\":\"CommentAction\",\"name\":\"Comment\",\"target\":[\"https:\/\/clm-inclusiva.org\/?p=5008#respond\"]}]},{\"@type\":\"WebPage\",\"@id\":\"https:\/\/clm-inclusiva.org\/?p=5008\",\"url\":\"https:\/\/clm-inclusiva.org\/?p=5008\",\"name\":\"CLM Inclusiva COCEMFE clausura la segunda edici\u00f3n del Proyecto de Actividad F\u00edsica Adaptada junto con COCEMFE Albacete - Clm-Inclusiva\",\"isPartOf\":{\"@id\":\"https:\/\/clm-inclusiva.org\/#website\"},\"datePublished\":\"2023-12-21T08:12:39+00:00\",\"dateModified\":\"2023-12-21T08:13:18+00:00\",\"breadcrumb\":{\"@id\":\"https:\/\/clm-inclusiva.org\/?p=5008#breadcrumb\"},\"inLanguage\":\"es\",\"potentialAction\":[{\"@type\":\"ReadAction\",\"target\":[\"https:\/\/clm-inclusiva.org\/?p=5008\"]}]},{\"@type\":\"BreadcrumbList\",\"@id\":\"https:\/\/clm-inclusiva.org\/?p=5008#breadcrumb\",\"itemListElement\":[{\"@type\":\"ListItem\",\"position\":1,\"name\":\"Portada\",\"item\":\"https:\/\/clm-inclusiva.org\/\"},{\"@type\":\"ListItem\",\"position\":2,\"name\":\"CLM Inclusiva COCEMFE clausura la segunda edici\u00f3n del Proyecto de Actividad F\u00edsica Adaptada junto con COCEMFE Albacete\"}]},{\"@type\":\"WebSite\",\"@id\":\"https:\/\/clm-inclusiva.org\/#website\",\"url\":\"https:\/\/clm-inclusiva.org\/\",\"name\":\"Clm-Inclusiva\",\"description\":\"Confederaci\u00f3n de entidades de personas con discapacidad f\u00edsica y org\u00e1nica CLM\",\"publisher\":{\"@id\":\"https:\/\/clm-inclusiva.org\/#organization\"},\"potentialAction\":[{\"@type\":\"SearchAction\",\"target\":{\"@type\":\"EntryPoint\",\"urlTemplate\":\"https:\/\/clm-inclusiva.org\/?s={search_term_string}\"},\"query-input\":\"required name=search_term_string\"}],\"inLanguage\":\"es\"},{\"@type\":\"Organization\",\"@id\":\"https:\/\/clm-inclusiva.org\/#organization\",\"name\":\"Clm-Inclusiva\",\"url\":\"https:\/\/clm-inclusiva.org\/\",\"logo\":{\"@type\":\"ImageObject\",\"inLanguage\":\"es\",\"@id\":\"https:\/\/clm-inclusiva.org\/#\/schema\/logo\/image\/\",\"url\":\"http:\/\/clm-inclusiva.org\/wp-content\/uploads\/2019\/04\/banner-e1533720812836.jpg\",\"contentUrl\":\"http:\/\/clm-inclusiva.org\/wp-content\/uploads\/2019\/04\/banner-e1533720812836.jpg\",\"width\":600,\"height\":332,\"caption\":\"Clm-Inclusiva\"},\"image\":{\"@id\":\"https:\/\/clm-inclusiva.org\/#\/schema\/logo\/image\/\"},\"sameAs\":[\"https:\/\/www.facebook.com\/castillalamancha.inclusiva\/\",\"https:\/\/twitter.com\/ClmInclusiva\"]},{\"@type\":\"Person\",\"@id\":\"https:\/\/clm-inclusiva.org\/#\/schema\/person\/0cff84aaa5bb8fd3521c55d1578d902b\",\"name\":\"clm-inclusiva\",\"image\":{\"@type\":\"ImageObject\",\"inLanguage\":\"es\",\"@id\":\"https:\/\/clm-inclusiva.org\/#\/schema\/person\/image\/\",\"url\":\"https:\/\/secure.gravatar.com\/avatar\/88948567af770dc9cd5597b329011884?s=96&d=blank&r=g\",\"contentUrl\":\"https:\/\/secure.gravatar.com\/avatar\/88948567af770dc9cd5597b329011884?s=96&d=blank&r=g\",\"caption\":\"clm-inclusiva\"},\"sameAs\":[\"http:\/\/clm-inclusiva.org\"],\"url\":\"https:\/\/clm-inclusiva.org\/?author=1\"}]}<\/script>\n<!-- \/ Yoast SEO plugin. -->","yoast_head_json":{"title":"CLM Inclusiva COCEMFE clausura la segunda edici\u00f3n del Proyecto de Actividad F\u00edsica Adaptada junto con COCEMFE Albacete - Clm-Inclusiva","robots":{"index":"index","follow":"follow","max-snippet":"max-snippet:-1","max-image-preview":"max-image-preview:large","max-video-preview":"max-video-preview:-1"},"canonical":"https:\/\/clm-inclusiva.org\/?p=5008","og_locale":"es_ES","og_type":"article","og_title":"CLM Inclusiva COCEMFE clausura la segunda edici\u00f3n del Proyecto de Actividad F\u00edsica Adaptada junto con COCEMFE Albacete - Clm-Inclusiva","og_description":"&nbsp; Finaliza el Proyecto de Deporte Adaptado para personas con discapacidad desarrollado por CLM Inclusiva COCEMFE, su entidad provincial COCEMFE Albacete y Metasport CLM. El proyecto ha fomentado la actividad f\u00edsica y el deporte adaptado en personas con discapacidad creando un h\u00e1bito de vida saludable y activo en los\/as usuarios\/as de COCEMFE Albacete. Se proced\u00eda [&hellip;]","og_url":"https:\/\/clm-inclusiva.org\/?p=5008","og_site_name":"Clm-Inclusiva","article_publisher":"https:\/\/www.facebook.com\/castillalamancha.inclusiva\/","article_published_time":"2023-12-21T08:12:39+00:00","article_modified_time":"2023-12-21T08:13:18+00:00","og_image":[{"width":1024,"height":691,"url":"https:\/\/clm-inclusiva.org\/wp-content\/uploads\/2023\/12\/20231213_111218-e1703146327814-1024x691.jpg","type":"image\/jpeg"}],"author":"clm-inclusiva","twitter_card":"summary_large_image","twitter_creator":"@ClmInclusiva","twitter_site":"@ClmInclusiva","twitter_misc":{"Escrito por":"clm-inclusiva","Tiempo de lectura":"2 minutos"},"schema":{"@context":"https:\/\/schema.org","@graph":[{"@type":"Article","@id":"https:\/\/clm-inclusiva.org\/?p=5008#article","isPartOf":{"@id":"https:\/\/clm-inclusiva.org\/?p=5008"},"author":{"name":"clm-inclusiva","@id":"https:\/\/clm-inclusiva.org\/#\/schema\/person\/0cff84aaa5bb8fd3521c55d1578d902b"},"headline":"CLM Inclusiva COCEMFE clausura la segunda edici\u00f3n del Proyecto de Actividad F\u00edsica Adaptada junto con COCEMFE Albacete","datePublished":"2023-12-21T08:12:39+00:00","dateModified":"2023-12-21T08:13:18+00:00","mainEntityOfPage":{"@id":"https:\/\/clm-inclusiva.org\/?p=5008"},"wordCount":399,"commentCount":0,"publisher":{"@id":"https:\/\/clm-inclusiva.org\/#organization"},"inLanguage":"es","potentialAction":[{"@type":"CommentAction","name":"Comment","target":["https:\/\/clm-inclusiva.org\/?p=5008#respond"]}]},{"@type":"WebPage","@id":"https:\/\/clm-inclusiva.org\/?p=5008","url":"https:\/\/clm-inclusiva.org\/?p=5008","name":"CLM Inclusiva COCEMFE clausura la segunda edici\u00f3n del Proyecto de Actividad F\u00edsica Adaptada junto con COCEMFE Albacete - Clm-Inclusiva","isPartOf":{"@id":"https:\/\/clm-inclusiva.org\/#website"},"datePublished":"2023-12-21T08:12:39+00:00","dateModified":"2023-12-21T08:13:18+00:00","breadcrumb":{"@id":"https:\/\/clm-inclusiva.org\/?p=5008#breadcrumb"},"inLanguage":"es","potentialAction":[{"@type":"ReadAction","target":["https:\/\/clm-inclusiva.org\/?p=5008"]}]},{"@type":"BreadcrumbList","@id":"https:\/\/clm-inclusiva.org\/?p=5008#breadcrumb","itemListElement":[{"@type":"ListItem","position":1,"name":"Portada","item":"https:\/\/clm-inclusiva.org\/"},{"@type":"ListItem","position":2,"name":"CLM Inclusiva COCEMFE clausura la segunda edici\u00f3n del Proyecto de Actividad F\u00edsica Adaptada junto con COCEMFE Albacete"}]},{"@type":"WebSite","@id":"https:\/\/clm-inclusiva.org\/#website","url":"https:\/\/clm-inclusiva.org\/","name":"Clm-Inclusiva","description":"Confederaci\u00f3n de entidades de personas con discapacidad f\u00edsica y org\u00e1nica CLM","publisher":{"@id":"https:\/\/clm-inclusiva.org\/#organization"},"potentialAction":[{"@type":"SearchAction","target":{"@type":"EntryPoint","urlTemplate":"https:\/\/clm-inclusiva.org\/?s={search_term_string}"},"query-input":"required name=search_term_string"}],"inLanguage":"es"},{"@type":"Organization","@id":"https:\/\/clm-inclusiva.org\/#organization","name":"Clm-Inclusiva","url":"https:\/\/clm-inclusiva.org\/","logo":{"@type":"ImageObject","inLanguage":"es","@id":"https:\/\/clm-inclusiva.org\/#\/schema\/logo\/image\/","url":"http:\/\/clm-inclusiva.org\/wp-content\/uploads\/2019\/04\/banner-e1533720812836.jpg","contentUrl":"http:\/\/clm-inclusiva.org\/wp-content\/uploads\/2019\/04\/banner-e1533720812836.jpg","width":600,"height":332,"caption":"Clm-Inclusiva"},"image":{"@id":"https:\/\/clm-inclusiva.org\/#\/schema\/logo\/image\/"},"sameAs":["https:\/\/www.facebook.com\/castillalamancha.inclusiva\/","https:\/\/twitter.com\/ClmInclusiva"]},{"@type":"Person","@id":"https:\/\/clm-inclusiva.org\/#\/schema\/person\/0cff84aaa5bb8fd3521c55d1578d902b","name":"clm-inclusiva","image":{"@type":"ImageObject","inLanguage":"es","@id":"https:\/\/clm-inclusiva.org\/#\/schema\/person\/image\/","url":"https:\/\/secure.gravatar.com\/avatar\/88948567af770dc9cd5597b329011884?s=96&d=blank&r=g","contentUrl":"https:\/\/secure.gravatar.com\/avatar\/88948567af770dc9cd5597b329011884?s=96&d=blank&r=g","caption":"clm-inclusiva"},"sameAs":["http:\/\/clm-inclusiva.org"],"url":"https:\/\/clm-inclusiva.org\/?author=1"}]}},"_links":{"self":[{"href":"https:\/\/clm-inclusiva.org\/index.php?rest_route=\/wp\/v2\/posts\/5008"}],"collection":[{"href":"https:\/\/clm-inclusiva.org\/index.php?rest_route=\/wp\/v2\/posts"}],"about":[{"href":"https:\/\/clm-inclusiva.org\/index.php?rest_route=\/wp\/v2\/types\/post"}],"author":[{"embeddable":true,"href":"https:\/\/clm-inclusiva.org\/index.php?rest_route=\/wp\/v2\/users\/1"}],"replies":[{"embeddable":true,"href":"https:\/\/clm-inclusiva.org\/index.php?rest_route=%2Fwp%2Fv2%2Fcomments&post=5008"}],"version-history":[{"count":3,"href":"https:\/\/clm-inclusiva.org\/index.php?rest_route=\/wp\/v2\/posts\/5008\/revisions"}],"predecessor-version":[{"id":5012,"href":"https:\/\/clm-inclusiva.org\/index.php?rest_route=\/wp\/v2\/posts\/5008\/revisions\/5012"}],"wp:featuredmedia":[{"embeddable":true,"href":"https:\/\/clm-inclusiva.org\/index.php?rest_route=\/wp\/v2\/media\/5009"}],"wp:attachment":[{"href":"https:\/\/clm-inclusiva.org\/index.php?rest_route=%2Fwp%2Fv2%2Fmedia&parent=5008"}],"wp:term":[{"taxonomy":"category","embeddable":true,"href":"https:\/\/clm-inclusiva.org\/index.php?rest_route=%2Fwp%2Fv2%2Fcategories&post=5008"},{"taxonomy":"post_tag","embeddable":true,"href":"https:\/\/clm-inclusiva.org\/index.php?rest_route=%2Fwp%2Fv2%2Ftags&post=5008"}],"curies":[{"name":"wp","href":"https:\/\/api.w.org\/{rel}","templated":true}]}}