{"id":5002,"date":"2023-12-04T15:31:59","date_gmt":"2023-12-04T13:31:59","guid":{"rendered":"https:\/\/clm-inclusiva.org\/?p=5002"},"modified":"2023-12-04T15:32:43","modified_gmt":"2023-12-04T13:32:43","slug":"clm-inclusiva-cocemfe-conmemora-el-dia-de-las-personas-con-discapacidad-en-calzada-de-calatrava","status":"publish","type":"post","link":"https:\/\/clm-inclusiva.org\/?p=5002","title":{"rendered":"CLM Inclusiva COCEMFE conmemora el D\u00eda de las Personas con Discapacidad en Calzada de Calatrava"},"content":{"rendered":"<p>&nbsp;<\/p>\n<p style=\"text-align: justify;\">La <strong>Confederaci\u00f3n de entidades de personas con Discapacidad F\u00edsica y\/u Org\u00e1nica de Castilla-La Mancha, CLM Inclusiva COCEMFE, <\/strong>junto a nuestra Federaci\u00f3n Provincial Ciudad Real Inclusiva COCEMFE, as\u00ed como a la Asociaci\u00f3n Local de Personas con discapacidad, familiares y amigos de Calzada de Calatrava, celebraron con motivo del D\u00eda Internacional de la Discapacidad, que se celebra cada 3 de Diciembre, un acto de conmemoraci\u00f3n con car\u00e1cter reivindicativo.<\/p>\n<p style=\"text-align: justify;\">Una jornada que tuvo lugar en la localidad ciudadreale\u00f1a, \u00a0la asociaci\u00f3n anfitriona procedi\u00f3 la lectura del manifiesto oficial redactado por CERMI l en el que se recog\u00eda una descripci\u00f3n detallada de las situaciones de desigualdad por cuya erradicaci\u00f3n hay que seguir trabajando. As\u00ed mismo, tambi\u00e9n pudimos escuchar las demandas del movimiento asociativo local junto a las palabras de la Alcaldesa del Ayuntamiento de Calatrava, Gema Garc\u00eda, que nos acompa\u00f1\u00f3 en el encuentro.<\/p>\n<p style=\"text-align: justify;\">Para terminar, el Coordinador Regional de CLM Inclusiva COCEMFE, Carlos Mora, intervino en calidad de ponente y present\u00f3 una masterclass: &#8220;La discapacidad desde un enfoque de Derechos Humanos&#8221;, que tuvo como eje principal la Convenci\u00f3n Internacional de los Derechos de las personas con discapacidad y su influencia en las organizaciones del sector.<\/p>\n<p style=\"text-align: justify;\">El ambiente general se present\u00f3 como reivindicativo, puesto que m\u00e1s all\u00e1 de celebrar la diversidad y los avances conseguidos en inclusi\u00f3n, se puso de manifiesto lo necesidad de seguir impulsando el movimiento asociativo por la discapacidad f\u00edsica y org\u00e1nica en Castilla\u2013La Mancha.<\/p>\n","protected":false},"excerpt":{"rendered":"<p>&nbsp; La Confederaci\u00f3n de entidades de personas con Discapacidad F\u00edsica y\/u Org\u00e1nica de Castilla-La Mancha, CLM Inclusiva COCEMFE, junto a nuestra Federaci\u00f3n Provincial Ciudad Real Inclusiva COCEMFE, as\u00ed como a la Asociaci\u00f3n Local de Personas con discapacidad, familiares y amigos de Calzada de Calatrava, celebraron con motivo del D\u00eda Internacional de la Discapacidad, que se [&hellip;]<\/p>\n","protected":false},"author":1,"featured_media":5003,"comment_status":"open","ping_status":"open","sticky":false,"template":"","format":"standard","meta":{"_et_pb_use_builder":"","_et_pb_old_content":"","_et_gb_content_width":"","footnotes":""},"categories":[49,4,47,5,41],"tags":[],"yoast_head":"<!-- This site is optimized with the Yoast SEO plugin v21.3 - https:\/\/yoast.com\/wordpress\/plugins\/seo\/ -->\n<title>CLM Inclusiva COCEMFE conmemora el D\u00eda de las Personas con Discapacidad en Calzada de Calatrava - Clm-Inclusiva<\/title>\n<meta name=\"robots\" content=\"index, follow, max-snippet:-1, max-image-preview:large, max-video-preview:-1\" \/>\n<link rel=\"canonical\" href=\"https:\/\/clm-inclusiva.org\/?p=5002\" \/>\n<meta property=\"og:locale\" content=\"es_ES\" \/>\n<meta property=\"og:type\" content=\"article\" \/>\n<meta property=\"og:title\" content=\"CLM Inclusiva COCEMFE conmemora el D\u00eda de las Personas con Discapacidad en Calzada de Calatrava - Clm-Inclusiva\" \/>\n<meta property=\"og:description\" content=\"&nbsp; La Confederaci\u00f3n de entidades de personas con Discapacidad F\u00edsica y\/u Org\u00e1nica de Castilla-La Mancha, CLM Inclusiva COCEMFE, junto a nuestra Federaci\u00f3n Provincial Ciudad Real Inclusiva COCEMFE, as\u00ed como a la Asociaci\u00f3n Local de Personas con discapacidad, familiares y amigos de Calzada de Calatrava, celebraron con motivo del D\u00eda Internacional de la Discapacidad, que se [&hellip;]\" \/>\n<meta property=\"og:url\" content=\"https:\/\/clm-inclusiva.org\/?p=5002\" \/>\n<meta property=\"og:site_name\" content=\"Clm-Inclusiva\" \/>\n<meta property=\"article:publisher\" content=\"https:\/\/www.facebook.com\/castillalamancha.inclusiva\/\" \/>\n<meta property=\"article:published_time\" content=\"2023-12-04T13:31:59+00:00\" \/>\n<meta property=\"article:modified_time\" content=\"2023-12-04T13:32:43+00:00\" \/>\n<meta property=\"og:image\" content=\"https:\/\/clm-inclusiva.org\/wp-content\/uploads\/2023\/12\/78-1024x1024.png\" \/>\n\t<meta property=\"og:image:width\" content=\"1024\" \/>\n\t<meta property=\"og:image:height\" content=\"1024\" \/>\n\t<meta property=\"og:image:type\" content=\"image\/png\" \/>\n<meta name=\"author\" content=\"clm-inclusiva\" \/>\n<meta name=\"twitter:card\" content=\"summary_large_image\" \/>\n<meta name=\"twitter:creator\" content=\"@ClmInclusiva\" \/>\n<meta name=\"twitter:site\" content=\"@ClmInclusiva\" \/>\n<meta name=\"twitter:label1\" content=\"Escrito por\" \/>\n\t<meta name=\"twitter:data1\" content=\"clm-inclusiva\" \/>\n\t<meta name=\"twitter:label2\" content=\"Tiempo de lectura\" \/>\n\t<meta name=\"twitter:data2\" content=\"2 minutos\" \/>\n<script type=\"application\/ld+json\" class=\"yoast-schema-graph\">{\"@context\":\"https:\/\/schema.org\",\"@graph\":[{\"@type\":\"Article\",\"@id\":\"https:\/\/clm-inclusiva.org\/?p=5002#article\",\"isPartOf\":{\"@id\":\"https:\/\/clm-inclusiva.org\/?p=5002\"},\"author\":{\"name\":\"clm-inclusiva\",\"@id\":\"https:\/\/clm-inclusiva.org\/#\/schema\/person\/0cff84aaa5bb8fd3521c55d1578d902b\"},\"headline\":\"CLM Inclusiva COCEMFE conmemora el D\u00eda de las Personas con Discapacidad en Calzada de Calatrava\",\"datePublished\":\"2023-12-04T13:31:59+00:00\",\"dateModified\":\"2023-12-04T13:32:43+00:00\",\"mainEntityOfPage\":{\"@id\":\"https:\/\/clm-inclusiva.org\/?p=5002\"},\"wordCount\":270,\"commentCount\":0,\"publisher\":{\"@id\":\"https:\/\/clm-inclusiva.org\/#organization\"},\"articleSection\":[\"castilla-la mancha\",\"Clm inclusiva\",\"cocemfe\",\"Discapacidad\",\"Tercer sector\"],\"inLanguage\":\"es\",\"potentialAction\":[{\"@type\":\"CommentAction\",\"name\":\"Comment\",\"target\":[\"https:\/\/clm-inclusiva.org\/?p=5002#respond\"]}]},{\"@type\":\"WebPage\",\"@id\":\"https:\/\/clm-inclusiva.org\/?p=5002\",\"url\":\"https:\/\/clm-inclusiva.org\/?p=5002\",\"name\":\"CLM Inclusiva COCEMFE conmemora el D\u00eda de las Personas con Discapacidad en Calzada de Calatrava - Clm-Inclusiva\",\"isPartOf\":{\"@id\":\"https:\/\/clm-inclusiva.org\/#website\"},\"datePublished\":\"2023-12-04T13:31:59+00:00\",\"dateModified\":\"2023-12-04T13:32:43+00:00\",\"breadcrumb\":{\"@id\":\"https:\/\/clm-inclusiva.org\/?p=5002#breadcrumb\"},\"inLanguage\":\"es\",\"potentialAction\":[{\"@type\":\"ReadAction\",\"target\":[\"https:\/\/clm-inclusiva.org\/?p=5002\"]}]},{\"@type\":\"BreadcrumbList\",\"@id\":\"https:\/\/clm-inclusiva.org\/?p=5002#breadcrumb\",\"itemListElement\":[{\"@type\":\"ListItem\",\"position\":1,\"name\":\"Portada\",\"item\":\"https:\/\/clm-inclusiva.org\/\"},{\"@type\":\"ListItem\",\"position\":2,\"name\":\"CLM Inclusiva COCEMFE conmemora el D\u00eda de las Personas con Discapacidad en Calzada de Calatrava\"}]},{\"@type\":\"WebSite\",\"@id\":\"https:\/\/clm-inclusiva.org\/#website\",\"url\":\"https:\/\/clm-inclusiva.org\/\",\"name\":\"Clm-Inclusiva\",\"description\":\"Confederaci\u00f3n de entidades de personas con discapacidad f\u00edsica y org\u00e1nica CLM\",\"publisher\":{\"@id\":\"https:\/\/clm-inclusiva.org\/#organization\"},\"potentialAction\":[{\"@type\":\"SearchAction\",\"target\":{\"@type\":\"EntryPoint\",\"urlTemplate\":\"https:\/\/clm-inclusiva.org\/?s={search_term_string}\"},\"query-input\":\"required name=search_term_string\"}],\"inLanguage\":\"es\"},{\"@type\":\"Organization\",\"@id\":\"https:\/\/clm-inclusiva.org\/#organization\",\"name\":\"Clm-Inclusiva\",\"url\":\"https:\/\/clm-inclusiva.org\/\",\"logo\":{\"@type\":\"ImageObject\",\"inLanguage\":\"es\",\"@id\":\"https:\/\/clm-inclusiva.org\/#\/schema\/logo\/image\/\",\"url\":\"http:\/\/clm-inclusiva.org\/wp-content\/uploads\/2019\/04\/banner-e1533720812836.jpg\",\"contentUrl\":\"http:\/\/clm-inclusiva.org\/wp-content\/uploads\/2019\/04\/banner-e1533720812836.jpg\",\"width\":600,\"height\":332,\"caption\":\"Clm-Inclusiva\"},\"image\":{\"@id\":\"https:\/\/clm-inclusiva.org\/#\/schema\/logo\/image\/\"},\"sameAs\":[\"https:\/\/www.facebook.com\/castillalamancha.inclusiva\/\",\"https:\/\/twitter.com\/ClmInclusiva\"]},{\"@type\":\"Person\",\"@id\":\"https:\/\/clm-inclusiva.org\/#\/schema\/person\/0cff84aaa5bb8fd3521c55d1578d902b\",\"name\":\"clm-inclusiva\",\"image\":{\"@type\":\"ImageObject\",\"inLanguage\":\"es\",\"@id\":\"https:\/\/clm-inclusiva.org\/#\/schema\/person\/image\/\",\"url\":\"https:\/\/secure.gravatar.com\/avatar\/88948567af770dc9cd5597b329011884?s=96&d=blank&r=g\",\"contentUrl\":\"https:\/\/secure.gravatar.com\/avatar\/88948567af770dc9cd5597b329011884?s=96&d=blank&r=g\",\"caption\":\"clm-inclusiva\"},\"sameAs\":[\"http:\/\/clm-inclusiva.org\"],\"url\":\"https:\/\/clm-inclusiva.org\/?author=1\"}]}<\/script>\n<!-- \/ Yoast SEO plugin. -->","yoast_head_json":{"title":"CLM Inclusiva COCEMFE conmemora el D\u00eda de las Personas con Discapacidad en Calzada de Calatrava - Clm-Inclusiva","robots":{"index":"index","follow":"follow","max-snippet":"max-snippet:-1","max-image-preview":"max-image-preview:large","max-video-preview":"max-video-preview:-1"},"canonical":"https:\/\/clm-inclusiva.org\/?p=5002","og_locale":"es_ES","og_type":"article","og_title":"CLM Inclusiva COCEMFE conmemora el D\u00eda de las Personas con Discapacidad en Calzada de Calatrava - Clm-Inclusiva","og_description":"&nbsp; La Confederaci\u00f3n de entidades de personas con Discapacidad F\u00edsica y\/u Org\u00e1nica de Castilla-La Mancha, CLM Inclusiva COCEMFE, junto a nuestra Federaci\u00f3n Provincial Ciudad Real Inclusiva COCEMFE, as\u00ed como a la Asociaci\u00f3n Local de Personas con discapacidad, familiares y amigos de Calzada de Calatrava, celebraron con motivo del D\u00eda Internacional de la Discapacidad, que se [&hellip;]","og_url":"https:\/\/clm-inclusiva.org\/?p=5002","og_site_name":"Clm-Inclusiva","article_publisher":"https:\/\/www.facebook.com\/castillalamancha.inclusiva\/","article_published_time":"2023-12-04T13:31:59+00:00","article_modified_time":"2023-12-04T13:32:43+00:00","og_image":[{"width":1024,"height":1024,"url":"https:\/\/clm-inclusiva.org\/wp-content\/uploads\/2023\/12\/78-1024x1024.png","type":"image\/png"}],"author":"clm-inclusiva","twitter_card":"summary_large_image","twitter_creator":"@ClmInclusiva","twitter_site":"@ClmInclusiva","twitter_misc":{"Escrito por":"clm-inclusiva","Tiempo de lectura":"2 minutos"},"schema":{"@context":"https:\/\/schema.org","@graph":[{"@type":"Article","@id":"https:\/\/clm-inclusiva.org\/?p=5002#article","isPartOf":{"@id":"https:\/\/clm-inclusiva.org\/?p=5002"},"author":{"name":"clm-inclusiva","@id":"https:\/\/clm-inclusiva.org\/#\/schema\/person\/0cff84aaa5bb8fd3521c55d1578d902b"},"headline":"CLM Inclusiva COCEMFE conmemora el D\u00eda de las Personas con Discapacidad en Calzada de Calatrava","datePublished":"2023-12-04T13:31:59+00:00","dateModified":"2023-12-04T13:32:43+00:00","mainEntityOfPage":{"@id":"https:\/\/clm-inclusiva.org\/?p=5002"},"wordCount":270,"commentCount":0,"publisher":{"@id":"https:\/\/clm-inclusiva.org\/#organization"},"articleSection":["castilla-la mancha","Clm inclusiva","cocemfe","Discapacidad","Tercer sector"],"inLanguage":"es","potentialAction":[{"@type":"CommentAction","name":"Comment","target":["https:\/\/clm-inclusiva.org\/?p=5002#respond"]}]},{"@type":"WebPage","@id":"https:\/\/clm-inclusiva.org\/?p=5002","url":"https:\/\/clm-inclusiva.org\/?p=5002","name":"CLM Inclusiva COCEMFE conmemora el D\u00eda de las Personas con Discapacidad en Calzada de Calatrava - Clm-Inclusiva","isPartOf":{"@id":"https:\/\/clm-inclusiva.org\/#website"},"datePublished":"2023-12-04T13:31:59+00:00","dateModified":"2023-12-04T13:32:43+00:00","breadcrumb":{"@id":"https:\/\/clm-inclusiva.org\/?p=5002#breadcrumb"},"inLanguage":"es","potentialAction":[{"@type":"ReadAction","target":["https:\/\/clm-inclusiva.org\/?p=5002"]}]},{"@type":"BreadcrumbList","@id":"https:\/\/clm-inclusiva.org\/?p=5002#breadcrumb","itemListElement":[{"@type":"ListItem","position":1,"name":"Portada","item":"https:\/\/clm-inclusiva.org\/"},{"@type":"ListItem","position":2,"name":"CLM Inclusiva COCEMFE conmemora el D\u00eda de las Personas con Discapacidad en Calzada de Calatrava"}]},{"@type":"WebSite","@id":"https:\/\/clm-inclusiva.org\/#website","url":"https:\/\/clm-inclusiva.org\/","name":"Clm-Inclusiva","description":"Confederaci\u00f3n de entidades de personas con discapacidad f\u00edsica y org\u00e1nica CLM","publisher":{"@id":"https:\/\/clm-inclusiva.org\/#organization"},"potentialAction":[{"@type":"SearchAction","target":{"@type":"EntryPoint","urlTemplate":"https:\/\/clm-inclusiva.org\/?s={search_term_string}"},"query-input":"required name=search_term_string"}],"inLanguage":"es"},{"@type":"Organization","@id":"https:\/\/clm-inclusiva.org\/#organization","name":"Clm-Inclusiva","url":"https:\/\/clm-inclusiva.org\/","logo":{"@type":"ImageObject","inLanguage":"es","@id":"https:\/\/clm-inclusiva.org\/#\/schema\/logo\/image\/","url":"http:\/\/clm-inclusiva.org\/wp-content\/uploads\/2019\/04\/banner-e1533720812836.jpg","contentUrl":"http:\/\/clm-inclusiva.org\/wp-content\/uploads\/2019\/04\/banner-e1533720812836.jpg","width":600,"height":332,"caption":"Clm-Inclusiva"},"image":{"@id":"https:\/\/clm-inclusiva.org\/#\/schema\/logo\/image\/"},"sameAs":["https:\/\/www.facebook.com\/castillalamancha.inclusiva\/","https:\/\/twitter.com\/ClmInclusiva"]},{"@type":"Person","@id":"https:\/\/clm-inclusiva.org\/#\/schema\/person\/0cff84aaa5bb8fd3521c55d1578d902b","name":"clm-inclusiva","image":{"@type":"ImageObject","inLanguage":"es","@id":"https:\/\/clm-inclusiva.org\/#\/schema\/person\/image\/","url":"https:\/\/secure.gravatar.com\/avatar\/88948567af770dc9cd5597b329011884?s=96&d=blank&r=g","contentUrl":"https:\/\/secure.gravatar.com\/avatar\/88948567af770dc9cd5597b329011884?s=96&d=blank&r=g","caption":"clm-inclusiva"},"sameAs":["http:\/\/clm-inclusiva.org"],"url":"https:\/\/clm-inclusiva.org\/?author=1"}]}},"_links":{"self":[{"href":"https:\/\/clm-inclusiva.org\/index.php?rest_route=\/wp\/v2\/posts\/5002"}],"collection":[{"href":"https:\/\/clm-inclusiva.org\/index.php?rest_route=\/wp\/v2\/posts"}],"about":[{"href":"https:\/\/clm-inclusiva.org\/index.php?rest_route=\/wp\/v2\/types\/post"}],"author":[{"embeddable":true,"href":"https:\/\/clm-inclusiva.org\/index.php?rest_route=\/wp\/v2\/users\/1"}],"replies":[{"embeddable":true,"href":"https:\/\/clm-inclusiva.org\/index.php?rest_route=%2Fwp%2Fv2%2Fcomments&post=5002"}],"version-history":[{"count":3,"href":"https:\/\/clm-inclusiva.org\/index.php?rest_route=\/wp\/v2\/posts\/5002\/revisions"}],"predecessor-version":[{"id":5006,"href":"https:\/\/clm-inclusiva.org\/index.php?rest_route=\/wp\/v2\/posts\/5002\/revisions\/5006"}],"wp:featuredmedia":[{"embeddable":true,"href":"https:\/\/clm-inclusiva.org\/index.php?rest_route=\/wp\/v2\/media\/5003"}],"wp:attachment":[{"href":"https:\/\/clm-inclusiva.org\/index.php?rest_route=%2Fwp%2Fv2%2Fmedia&parent=5002"}],"wp:term":[{"taxonomy":"category","embeddable":true,"href":"https:\/\/clm-inclusiva.org\/index.php?rest_route=%2Fwp%2Fv2%2Fcategories&post=5002"},{"taxonomy":"post_tag","embeddable":true,"href":"https:\/\/clm-inclusiva.org\/index.php?rest_route=%2Fwp%2Fv2%2Ftags&post=5002"}],"curies":[{"name":"wp","href":"https:\/\/api.w.org\/{rel}","templated":true}]}}